{"id":216497,"date":"2022-03-08T18:20:56","date_gmt":"2022-03-08T17:20:56","guid":{"rendered":"https:\/\/www.intoscana.it\/it\/?p=216497"},"modified":"2022-03-09T09:59:38","modified_gmt":"2022-03-09T08:59:38","slug":"prato-edilizia-scolastica-giovanisi-siete-presente","status":"publish","type":"post","link":"https:\/\/www.intoscana.it\/it\/prato-edilizia-scolastica-giovanisi-siete-presente\/","title":{"rendered":"Le priorit\u00e0 di Prato? Aule e palestre. Giovanis\u00ec resta in ascolto con &#8220;Siete Presente&#8221;"},"content":{"rendered":"<p><mark>Pi\u00f9 aule, pi\u00f9 laboratori e palestre. L\u2019urgenza principale di studentesse e studenti delle superiori pratesi sono gli spazi<\/mark>. Gli interventi che in mattinata si alternano nel palazzo della provincia di Prato per la terza tappa del tour di \u201cSiete Presente\u201d girano attorno a questo tema, pi\u00f9 che ai trasporti.<\/p>\n<h3>Tutti all&#8217;ascolto<\/h3>\n<p>Nella sala consiliare ci sono una quarantina di ragazzi, tra rappresentanti di istituto, membri del Parlamento regionale degli studenti e delle Consulte provinciali. Arrivano da tutti gli istituti superiori del territorio. Ad ascoltarli, come prevede la formula del percorso di ascolto promosso da Regione e Giovanis\u00ec, ci sono <strong>Bernard Dika<\/strong>, consigliere del presidente della Regione per le politiche giovanili e anima di questo tour, il presidente della Provincia di Prato e sindaco di Poggio a Caiano <strong>Francesco Puggelli<\/strong>, tecnici e funzionari di Provincia e Regione che si occupano di trasporti e edilizia scolastica.<\/p>\n<p>C\u2019\u00e8 anche l\u2019assessore <strong>Stefano Ciuoffo<\/strong> che poi passa il testimone a <strong>Cristina Manetti<\/strong>, portavoce del presidente della giunta regionale. In chiusura, collegato per un saluto finale, il presidente della Regione <strong>Eugenio Giani<\/strong>, che rivolge alle ragazze un augurio per l\u20198 marzo e ricorda come l\u2019attuale amministrazione punti a far s\u00ec che<em> <mark>\u201cla Toscana abbia tra i propri tratti fondamentali l\u2019amore per i giovani e politiche specifiche che li facciano sentire il presente, non solo il futuro della nostra comunit\u00e0. Noi con Giovanis\u00ec lo stiamo facendo\u201d<\/mark>.<\/em><\/p>\n<h3>La situazione di Prato<\/h3>\n<p>Il contesto pratese ha le sue particolarit\u00e0: se il patrimonio edilizio \u00e8 un po\u2019 datato, in questi anni la popolazione studentesca \u00e8 cresciuta grazie alle specificit\u00e0 dell\u2019offerta formativa messa in campo (un esempio su tutti l\u2019indirizzo biomedico del \u201cLivi\u201d o del \u201cCicognini\u201d).<\/p>\n<p><iframe loading=\"lazy\" title=\"YouTube video player\" src=\"https:\/\/www.youtube.com\/embed\/9_hNj0A9Ohc\" width=\"800\" height=\"447\" frameborder=\"0\" allowfullscreen=\"allowfullscreen\"><span style=\"display: inline-block; width: 0px; overflow: hidden; line-height: 0;\" data-mce-type=\"bookmark\" class=\"mce_SELRES_start\">\ufeff<\/span><\/iframe><\/p>\n<p>Il presidente della Provincia <strong>Puggelli<\/strong> non si sottrae alle sollecitazioni dei ragazzi. Puggelli sottolinea che sul fronte dell\u2019edilizia scolastica <em>\u201cla Provincia di Prato ha fatto e sta facendo passi in avanti enormi\u201d.<\/em> Ricorda inoltre il lavoro in corso per non perdere l\u2019occasione del Pnrr: <em>\u201cNuovi cantieri che porteranno a oltre 11milioni di euro di investimenti per la costruzione di una nuova scuola sul polo via Galcianese, per la demolizione e ricostruzione della succursale del \u2018Copernico\u2019 e l\u2019adeguamento sismico del \u2018Dagomari\u2019\u201d.<\/em> Anzi, dice Puggelli, <em>\u201cin queste settimane abbiamo aperto un bando per la ricerca di immobili in locazione per fare aule, proprio con la finalit\u00e0 di far fronte a quelle classi che dovranno essere spostate per far spazio a quei lavori\u201d.<\/em><\/p>\n<h3>Superare i problemi<\/h3>\n<p><mark>In apertura l\u2019assessore Ciuoffo aveva richiamato l\u2019impegno della Regione nella fase pi\u00f9 acuta del Covid sulla connettivit\u00e0 delle scuole per assicurare a tutti la didattica a distanza<\/mark>. Poco dopo <strong>Cristina Manetti<\/strong> si soffermer\u00e0 su \u201cumanit\u00e0 e maturit\u00e0\u201d di ragazze e ragazzi che <em>\u201cnell\u2019esposizione delle questioni hanno mostrato di tenere non solo ai propri problemi ma anche alle difficolt\u00e0 dei propri insegnanti\u201d.<\/em><\/p>\n<p>A tirare le fila della giornata \u00e8 <strong>Bernard Dika<\/strong>. <em>\u201cInsieme alla Provincia<\/em> &#8211; dice &#8211; <mark><em>la Regione \u00e8 in campo per assicurare pi\u00f9 risorse possibili nell\u2019edilizia. In questi anni abbiamo sempre visto inaugurare scuole medie, elementari, asili, ma poche scuole superiori. Le risorse ora ci sono e possiamo dare nuove opportunit\u00e0 alle nuove generazioni e superare i problemi una volta per tutte<\/mark>\u201d.<\/em><\/p>\n<p>Il tour di \u201cSiete presente\u201d \u00e8 promosso dalla presidenza della <strong>Regione Toscana<\/strong> e <a href=\"https:\/\/giovanisi.it\/\" target=\"_blank\" rel=\"noopener\">Giovanis\u00ec<\/a>, finanziato dalla Presidenza del consiglio dei ministri \u2013 Dipartimento delle politiche giovanili e realizzato in collaborazione con Upi Toscana e Fondazione Sistema Toscana.<\/p>\n","protected":false},"excerpt":{"rendered":"<p>Scuole, laboratori, aule. Sono stati questi i temi sollevati dagli studenti pratesi durante il terzo appuntamento del percorso di partecipazione promosso da Regione Toscana e Giovanis\u00ec<\/p>\n","protected":false},"author":525,"featured_media":216501,"comment_status":"open","ping_status":"open","sticky":false,"template":"","format":"standard","meta":{"_acf_changed":false,"footnotes":""},"categories":[494],"tags":[5146,158,244,212,6271],"class_list":["post-216497","post","type-post","status-publish","format-standard","has-post-thumbnail","hentry","category-attualita","tag-bernard-dika","tag-eugenio-giani","tag-giovanisi","tag-scuola","tag-siete-presente"],"acf":[],"yoast_head":"<!-- This site is optimized with the Yoast SEO Premium plugin v24.2 (Yoast SEO v25.6) - https:\/\/yoast.com\/wordpress\/plugins\/seo\/ -->\n<title>Le priorit\u00e0 di Prato? Aule e palestre. Giovanis\u00ec resta in ascolto con &quot;Siete Presente&quot; - intoscana<\/title>\n<meta name=\"description\" content=\"Scuole, laboratori, aule. Sono i temi cari agli studenti pratesi. Il percorso di partecipazione di Regione Toscana e Giovanis\u00ec d\u00e0 loro la voce\" \/>\n<meta name=\"robots\" content=\"index, follow, max-snippet:-1, max-image-preview:large, max-video-preview:-1\" \/>\n<link rel=\"canonical\" href=\"https:\/\/www.intoscana.it\/it\/prato-edilizia-scolastica-giovanisi-siete-presente\/\" \/>\n<meta property=\"og:locale\" content=\"it_IT\" \/>\n<meta property=\"og:type\" content=\"article\" \/>\n<meta property=\"og:title\" content=\"Le priorit\u00e0 di Prato? Aule e palestre. Giovanis\u00ec resta in ascolto con &quot;Siete Presente&quot;\" \/>\n<meta property=\"og:description\" content=\"Scuole, laboratori, aule. Sono i temi cari agli studenti pratesi. Il percorso di partecipazione di Regione Toscana e Giovanis\u00ec d\u00e0 loro la voce\" \/>\n<meta property=\"og:url\" content=\"https:\/\/www.intoscana.it\/it\/prato-edilizia-scolastica-giovanisi-siete-presente\/\" \/>\n<meta property=\"og:site_name\" content=\"intoscana\" \/>\n<meta property=\"article:publisher\" content=\"https:\/\/www.facebook.com\/intoscana.it\" \/>\n<meta property=\"article:published_time\" content=\"2022-03-08T17:20:56+00:00\" \/>\n<meta property=\"article:modified_time\" content=\"2022-03-09T08:59:38+00:00\" \/>\n<meta property=\"og:image\" content=\"https:\/\/www.intoscana.it\/wp-content\/uploads\/Siete-Presente-Giovanisi\u0300-a-Prato.png\" \/>\n\t<meta property=\"og:image:width\" content=\"800\" \/>\n\t<meta property=\"og:image:height\" content=\"534\" \/>\n\t<meta property=\"og:image:type\" content=\"image\/png\" \/>\n<meta name=\"author\" content=\"Redazione\" \/>\n<meta name=\"twitter:card\" content=\"summary_large_image\" \/>\n<meta name=\"twitter:creator\" content=\"@intoscana\" \/>\n<meta name=\"twitter:site\" content=\"@intoscana\" \/>\n<meta name=\"twitter:label1\" content=\"Written by\" \/>\n\t<meta name=\"twitter:data1\" content=\"Redazione\" \/>\n\t<meta name=\"twitter:label2\" content=\"Est. reading time\" \/>\n\t<meta name=\"twitter:data2\" content=\"3 minuti\" \/>\n<script type=\"application\/ld+json\" class=\"yoast-schema-graph\">{\"@context\":\"https:\/\/schema.org\",\"@graph\":[{\"@type\":\"WebPage\",\"@id\":\"https:\/\/www.intoscana.it\/it\/prato-edilizia-scolastica-giovanisi-siete-presente\/\",\"url\":\"https:\/\/www.intoscana.it\/it\/prato-edilizia-scolastica-giovanisi-siete-presente\/\",\"name\":\"Le priorit\u00e0 di Prato? Aule e palestre. Giovanis\u00ec resta in ascolto con \\\"Siete Presente\\\" - intoscana\",\"isPartOf\":{\"@id\":\"https:\/\/www.intoscana.it\/it\/#website\"},\"primaryImageOfPage\":{\"@id\":\"https:\/\/www.intoscana.it\/it\/prato-edilizia-scolastica-giovanisi-siete-presente\/#primaryimage\"},\"image\":{\"@id\":\"https:\/\/www.intoscana.it\/it\/prato-edilizia-scolastica-giovanisi-siete-presente\/#primaryimage\"},\"thumbnailUrl\":\"https:\/\/www.intoscana.it\/wp-content\/uploads\/Siete-Presente-Giovanisi\u0300-a-Prato.png\",\"datePublished\":\"2022-03-08T17:20:56+00:00\",\"dateModified\":\"2022-03-09T08:59:38+00:00\",\"author\":{\"@id\":\"https:\/\/www.intoscana.it\/it\/#\/schema\/person\/9223810753230f20bd670fdd322661f8\"},\"description\":\"Scuole, laboratori, aule. Sono i temi cari agli studenti pratesi. Il percorso di partecipazione di Regione Toscana e Giovanis\u00ec d\u00e0 loro la voce\",\"breadcrumb\":{\"@id\":\"https:\/\/www.intoscana.it\/it\/prato-edilizia-scolastica-giovanisi-siete-presente\/#breadcrumb\"},\"inLanguage\":\"it-IT\",\"potentialAction\":[{\"@type\":\"ReadAction\",\"target\":[\"https:\/\/www.intoscana.it\/it\/prato-edilizia-scolastica-giovanisi-siete-presente\/\"]}]},{\"@type\":\"ImageObject\",\"inLanguage\":\"it-IT\",\"@id\":\"https:\/\/www.intoscana.it\/it\/prato-edilizia-scolastica-giovanisi-siete-presente\/#primaryimage\",\"url\":\"https:\/\/www.intoscana.it\/wp-content\/uploads\/Siete-Presente-Giovanisi\u0300-a-Prato.png\",\"contentUrl\":\"https:\/\/www.intoscana.it\/wp-content\/uploads\/Siete-Presente-Giovanisi\u0300-a-Prato.png\",\"width\":800,\"height\":534},{\"@type\":\"BreadcrumbList\",\"@id\":\"https:\/\/www.intoscana.it\/it\/prato-edilizia-scolastica-giovanisi-siete-presente\/#breadcrumb\",\"itemListElement\":[{\"@type\":\"ListItem\",\"position\":1,\"name\":\"Home\",\"item\":\"https:\/\/www.intoscana.it\/it\/\"},{\"@type\":\"ListItem\",\"position\":2,\"name\":\"Le priorit\u00e0 di Prato? Aule e palestre. Giovanis\u00ec resta in ascolto con &#8220;Siete Presente&#8221;\"}]},{\"@type\":\"WebSite\",\"@id\":\"https:\/\/www.intoscana.it\/it\/#website\",\"url\":\"https:\/\/www.intoscana.it\/it\/\",\"name\":\"intoscana\",\"description\":\"\",\"potentialAction\":[{\"@type\":\"SearchAction\",\"target\":{\"@type\":\"EntryPoint\",\"urlTemplate\":\"https:\/\/www.intoscana.it\/it\/?s={search_term_string}\"},\"query-input\":{\"@type\":\"PropertyValueSpecification\",\"valueRequired\":true,\"valueName\":\"search_term_string\"}}],\"inLanguage\":\"it-IT\"},{\"@type\":\"Person\",\"@id\":\"https:\/\/www.intoscana.it\/it\/#\/schema\/person\/9223810753230f20bd670fdd322661f8\",\"name\":\"Redazione\",\"url\":\"https:\/\/www.intoscana.it\/it\/author\/redazione\/\"}]}<\/script>\n<!-- \/ Yoast SEO Premium plugin. -->","yoast_head_json":{"title":"Le priorit\u00e0 di Prato? Aule e palestre. Giovanis\u00ec resta in ascolto con \"Siete Presente\" - intoscana","description":"Scuole, laboratori, aule. Sono i temi cari agli studenti pratesi. Il percorso di partecipazione di Regione Toscana e Giovanis\u00ec d\u00e0 loro la voce","robots":{"index":"index","follow":"follow","max-snippet":"max-snippet:-1","max-image-preview":"max-image-preview:large","max-video-preview":"max-video-preview:-1"},"canonical":"https:\/\/www.intoscana.it\/it\/prato-edilizia-scolastica-giovanisi-siete-presente\/","og_locale":"it_IT","og_type":"article","og_title":"Le priorit\u00e0 di Prato? Aule e palestre. Giovanis\u00ec resta in ascolto con \"Siete Presente\"","og_description":"Scuole, laboratori, aule. Sono i temi cari agli studenti pratesi. Il percorso di partecipazione di Regione Toscana e Giovanis\u00ec d\u00e0 loro la voce","og_url":"https:\/\/www.intoscana.it\/it\/prato-edilizia-scolastica-giovanisi-siete-presente\/","og_site_name":"intoscana","article_publisher":"https:\/\/www.facebook.com\/intoscana.it","article_published_time":"2022-03-08T17:20:56+00:00","article_modified_time":"2022-03-09T08:59:38+00:00","og_image":[{"width":800,"height":534,"url":"https:\/\/www.intoscana.it\/wp-content\/uploads\/Siete-Presente-Giovanisi\u0300-a-Prato.png","type":"image\/png"}],"author":"Redazione","twitter_card":"summary_large_image","twitter_creator":"@intoscana","twitter_site":"@intoscana","twitter_misc":{"Written by":"Redazione","Est. reading time":"3 minuti"},"schema":{"@context":"https:\/\/schema.org","@graph":[{"@type":"WebPage","@id":"https:\/\/www.intoscana.it\/it\/prato-edilizia-scolastica-giovanisi-siete-presente\/","url":"https:\/\/www.intoscana.it\/it\/prato-edilizia-scolastica-giovanisi-siete-presente\/","name":"Le priorit\u00e0 di Prato? Aule e palestre. Giovanis\u00ec resta in ascolto con \"Siete Presente\" - intoscana","isPartOf":{"@id":"https:\/\/www.intoscana.it\/it\/#website"},"primaryImageOfPage":{"@id":"https:\/\/www.intoscana.it\/it\/prato-edilizia-scolastica-giovanisi-siete-presente\/#primaryimage"},"image":{"@id":"https:\/\/www.intoscana.it\/it\/prato-edilizia-scolastica-giovanisi-siete-presente\/#primaryimage"},"thumbnailUrl":"https:\/\/www.intoscana.it\/wp-content\/uploads\/Siete-Presente-Giovanisi\u0300-a-Prato.png","datePublished":"2022-03-08T17:20:56+00:00","dateModified":"2022-03-09T08:59:38+00:00","author":{"@id":"https:\/\/www.intoscana.it\/it\/#\/schema\/person\/9223810753230f20bd670fdd322661f8"},"description":"Scuole, laboratori, aule. Sono i temi cari agli studenti pratesi. Il percorso di partecipazione di Regione Toscana e Giovanis\u00ec d\u00e0 loro la voce","breadcrumb":{"@id":"https:\/\/www.intoscana.it\/it\/prato-edilizia-scolastica-giovanisi-siete-presente\/#breadcrumb"},"inLanguage":"it-IT","potentialAction":[{"@type":"ReadAction","target":["https:\/\/www.intoscana.it\/it\/prato-edilizia-scolastica-giovanisi-siete-presente\/"]}]},{"@type":"ImageObject","inLanguage":"it-IT","@id":"https:\/\/www.intoscana.it\/it\/prato-edilizia-scolastica-giovanisi-siete-presente\/#primaryimage","url":"https:\/\/www.intoscana.it\/wp-content\/uploads\/Siete-Presente-Giovanisi\u0300-a-Prato.png","contentUrl":"https:\/\/www.intoscana.it\/wp-content\/uploads\/Siete-Presente-Giovanisi\u0300-a-Prato.png","width":800,"height":534},{"@type":"BreadcrumbList","@id":"https:\/\/www.intoscana.it\/it\/prato-edilizia-scolastica-giovanisi-siete-presente\/#breadcrumb","itemListElement":[{"@type":"ListItem","position":1,"name":"Home","item":"https:\/\/www.intoscana.it\/it\/"},{"@type":"ListItem","position":2,"name":"Le priorit\u00e0 di Prato? Aule e palestre. Giovanis\u00ec resta in ascolto con &#8220;Siete Presente&#8221;"}]},{"@type":"WebSite","@id":"https:\/\/www.intoscana.it\/it\/#website","url":"https:\/\/www.intoscana.it\/it\/","name":"intoscana","description":"","potentialAction":[{"@type":"SearchAction","target":{"@type":"EntryPoint","urlTemplate":"https:\/\/www.intoscana.it\/it\/?s={search_term_string}"},"query-input":{"@type":"PropertyValueSpecification","valueRequired":true,"valueName":"search_term_string"}}],"inLanguage":"it-IT"},{"@type":"Person","@id":"https:\/\/www.intoscana.it\/it\/#\/schema\/person\/9223810753230f20bd670fdd322661f8","name":"Redazione","url":"https:\/\/www.intoscana.it\/it\/author\/redazione\/"}]}},"_links":{"self":[{"href":"https:\/\/www.intoscana.it\/it\/wp-json\/wp\/v2\/posts\/216497","targetHints":{"allow":["GET"]}}],"collection":[{"href":"https:\/\/www.intoscana.it\/it\/wp-json\/wp\/v2\/posts"}],"about":[{"href":"https:\/\/www.intoscana.it\/it\/wp-json\/wp\/v2\/types\/post"}],"author":[{"embeddable":true,"href":"https:\/\/www.intoscana.it\/it\/wp-json\/wp\/v2\/users\/525"}],"replies":[{"embeddable":true,"href":"https:\/\/www.intoscana.it\/it\/wp-json\/wp\/v2\/comments?post=216497"}],"version-history":[{"count":0,"href":"https:\/\/www.intoscana.it\/it\/wp-json\/wp\/v2\/posts\/216497\/revisions"}],"wp:featuredmedia":[{"embeddable":true,"href":"https:\/\/www.intoscana.it\/it\/wp-json\/wp\/v2\/media\/216501"}],"wp:attachment":[{"href":"https:\/\/www.intoscana.it\/it\/wp-json\/wp\/v2\/media?parent=216497"}],"wp:term":[{"taxonomy":"category","embeddable":true,"href":"https:\/\/www.intoscana.it\/it\/wp-json\/wp\/v2\/categories?post=216497"},{"taxonomy":"post_tag","embeddable":true,"href":"https:\/\/www.intoscana.it\/it\/wp-json\/wp\/v2\/tags?post=216497"}],"curies":[{"name":"wp","href":"https:\/\/api.w.org\/{rel}","templated":true}]}}