{"id":216701,"date":"2022-03-09T17:05:49","date_gmt":"2022-03-09T16:05:49","guid":{"rendered":"https:\/\/www.intoscana.it\/it\/?p=216701"},"modified":"2022-03-11T10:29:08","modified_gmt":"2022-03-11T09:29:08","slug":"millumino-di-meno-iniziative-toscana","status":"publish","type":"post","link":"https:\/\/www.intoscana.it\/it\/millumino-di-meno-iniziative-toscana\/","title":{"rendered":"Pi\u00f9 biciclette e alberi, torna &#8220;M&#8217;illumino di meno&#8221;: le iniziative in Toscana"},"content":{"rendered":"<p>La Toscana risponde come sempre compatta alla chiamata di<strong><a href=\"https:\/\/www.raiplaysound.it\/articoli\/2021\/11\/Millumino-di-Meno-a40952e7-b8ec-44f3-967e-6d3c776df5e2.html\" target=\"_blank\" rel=\"noopener\"> &#8220;M&#8217;illumino di meno&#8221;<\/a><\/strong>, la campagna di sensibilizzazione ambientale di Caterpillar, storico programma di Rai Radio2. La data scelta quest&#8217;anno \u00e8 <strong>venerd\u00ec 11 marzo<\/strong>, la diciottesima edizione, quella che gli organizzatori definiscono della &#8220;maturit\u00e0&#8221;, perch\u00e9 &#8220;\u00e8 matura ormai la consapevolezza scientifica che il pianeta vive una drammatica urgenza&#8221;.<\/p>\n<p>Un simbolico silenzio energetico, un&#8217;iniziativa per il pianeta o come quest&#8217;anno una campagna che mette al centro la <strong>bicicletta<\/strong> e le <strong>piante<\/strong>, protagoniste di una nuova cultura ambientale. <mark>L&#8217;invito di quest&#8217;anno \u00e8 &#8220;pedalare, rinverdire, migliorare e a spegnere le luci come gesto di pace&#8221;.<\/mark><\/p>\n<p>L&#8217;obiettivo del G20 \u00e8 di piantare 1000 miliardi di alberi entro il 2030 e, seguendo questa onda, \u00a0M&#8217;illumino di Meno vuole creare un bosco diffuso grazie alla collaborazione con l\u2019Arma dei Carabinieri attraverso il progetto <strong>Un albero per il futuro<\/strong>\u00a0che prevede di piantare\u00a050.000 alberi in 10 anni. L&#8217;invito \u00e8 quindi a scuole, Comune e associazioni di <a href=\"https:\/\/unalberoperilfuturo.rgpbio.it\/\" target=\"_blank\" rel=\"noopener\">adottare una pianta<\/a>.<\/p>\n<p>Non a caso i due testimonial di eccezione di questa edizione sono il neurobiologo vegetale <strong>Stefano Mancuso <\/strong>e l\u2019ultraciclista <strong>Paola Gianotti<\/strong>, che percorrer\u00e0 le grandi ciclovie europee portando alcune piante da lasciare in luoghi simbolici come la sede del Parlamento Europeo, per intitolare all\u2019ex Presidente <strong>David Sassoli<\/strong> una talea dell\u2019Albero di Falcone.<\/p>\n<h3><em>Le iniziative in Toscana<\/em><\/h3>\n<p>In regione, come da abitudine, tutti parteciperanno con momenti di approfondimenti o gesti simbolici: spegnere le luci di edifici e monumenti, utilizzare candele o preferire la bicicletta e altri mezzi non inquinanti per pedalate collettive. Segnalamiamo di seguito alcune iniziative:<\/p>\n<p>Il <strong>Comune di Firenze<\/strong> ha stilato <a href=\"https:\/\/ambiente.comune.fi.it\/dalle-redazioni\/millumino-di-meno-xviii-edizione-11-marzo-2022\" target=\"_blank\" rel=\"noopener\">un pacchetto di 16 regole<\/a> da seguire per risparmiare energia e denaro riducendo i consumi domestici e non domestici.<\/p>\n<p>La <strong>Galleria dell&#8217;Accademia di Firenze<\/strong> aderisce abbassando le luci nella Sala del Colosso, appena riaperta al pubblico a seguito dei grandi lavori di ristrutturazione, manutenzione, riallestimento, climatizzazione e la realizzazione di un nuovo impianto di illuminazione.<\/p>\n<p>Il <strong>Comune di Scandicci <\/strong>aderisce spegnendo per venerd\u00ec 11 marzo le fontane cittadine. Per l\u2019occasione, inoltre l\u2019Amministrazione Comunale invita i cittadini a muoversi con mezzi a basso impatto ambientale. Inoltre, le luci dei monumenti e dell\u2019arredo cittadino saranno accese soltanto dalle 20 alle 24.<\/p>\n<p>Il <strong>Comune di Fiesole<\/strong> invita invece famiglie e ristoratori ad usare la sera di venerd\u00ec candele, ma soprattutto pedalare: chi arriver\u00e0 la mattina in piazza Mino da piazza Edison ricever\u00e0 un attestato con la scritta : &#8220;Complimenti hai percorso la salita del mondiale&#8221;.<\/p>\n<p>L&#8217;<strong>Universit\u00e0 di Siena<\/strong> organizzer\u00e0 invece un convegno \u201cUniSostenibile. Buone pratiche di sostenibilit\u00e0 in Ateneo\u201d<strong>,<\/strong> proprio\u00a0 dedicato alla giornata del risparmio energetico e degli stili di vita sostenibili con il rettore Francesco Frati.<\/p>\n<p>Biciclettata all&#8217;<strong>Universit\u00e0 di Pisa, <\/strong>al Centro di Ricerche Agro-Ambientali \u201cEnrico Avanzi\u201d , venerd\u00ec 11 marzo alle 11. I partecipanti saranno guidati alla scoperta delle attivit\u00e0 del Centro e durante la pedalata di circa 10 km sar\u00e0 inoltre possibile assistere alla piantumazione di alcuni alberi. La passeggiata \u00e8 gratuita e aperta a tutti, ma per ragioni organizzative \u00e8 necessaria la\u00a0<a href=\"https:\/\/docs.google.com\/forms\/d\/1FGHVX5x_yM96sANxVkvdW6Gg3qmwUfqOKp4o-gscZZQ\/viewform?edit_requested=true\">registrazione<\/a> e sono ammessi al massimo trenta partecipanti. Il ritrovo \u00e8 alle 11 presso il Centro in Via Vecchia\u00a0di\u00a0Marina 6 a San Piero a Grado, luogo raggiungibile da Pisa attraverso la pista ciclabile.<\/p>\n<p>Sempre a Pisa, la <strong>sezione CAI<\/strong> organizza un itinerario urbano in bicicletta al Parco di Cisanello. Durante l\u2019evento interverr\u00e0 Marco Dinetti, direttore della rivista \u201cEcologia Urbana\u201d.<\/p>\n<p>Il <strong>Parco delle Foreste casentinesi<\/strong> parteciper\u00e0 con l&#8217;iniziativa simbolica &#8220;Non svegliamo l&#8217;ascensore!&#8221; e chieder\u00e0 ai suoi \u00a0dipendenti di utilizzarlo solo in caso di vera necessit\u00e0. Chi sale trover\u00e0 nella cabina un messaggio che chieder\u00e0 se \u00e8 davvero necessario disturbare il suo riposo consumando energia.\u00a0 L&#8217;Italia ha il 20% degli ascensori di tutta Europa ed il consumo energetico di tali apparecchi \u00e8 elevatissimo. Secondo i dati rilevati da Enea i consumi elettrici totali degli ascensori in Italia sarebbero intorno ai 2 TWh, poco meno dell\u20191% del fabbisogno annuo, ma pari al consumo di quasi 700mila abitazioni.<\/p>\n<p><strong>Le imprenditrici di Aidda<\/strong>, l&#8217;Associazione Imprenditrici e Donne Dirigenti d&#8217;Azienda, aderiranno all&#8217;iniziativa con un&#8217;azione simbolica: pedalando, rinverdendo spazi cittadini, migliorando l&#8217;efficienza energetica con riciclo, il riuso o mezzi elettrici, spegnendo le luci. Ma non solo, l&#8217;associazione infatti si impegna a mettere a disposizione delle socie incontri ed approfondimenti sul tema della migliore strategia energetica in azienda che passa anche dall\u2019efficientamento energetico, con\u00a0 vantaggi\u00a0ambientali\u00a0ma anche\u00a0economici: \u00e8 stato stimato infatti che un&#8217;accurata diagnosi energetica delle imprese e un intelligente piano\u00a0di\u00a0risparmio\/efficienza pu\u00f2 tagliare la\u00a0bolletta\u00a0del 15% o 25%, a seconda dei settori.<\/p>\n","protected":false},"excerpt":{"rendered":"<p>Venerd\u00ec 11 marzo si terr\u00e0 l&#8217;attesa campagna di RaiRadio2, quest&#8217;anno il tema \u00e8 &#8220;pedalare, rinverdire, migliorare e a spegnere le luci come gesto di pace&#8221;<\/p>\n","protected":false},"author":545,"featured_media":216728,"comment_status":"open","ping_status":"open","sticky":false,"template":"","format":"standard","meta":{"_acf_changed":false,"footnotes":""},"categories":[19],"tags":[4627,5818,371],"class_list":["post-216701","post","type-post","status-publish","format-standard","has-post-thumbnail","hentry","category-ambiente","tag-energia-sostenibile","tag-risparmio-energetico","tag-sostenibilita"],"acf":[],"yoast_head":"<!-- This site is optimized with the Yoast SEO Premium plugin v24.2 (Yoast SEO v25.6) - https:\/\/yoast.com\/wordpress\/plugins\/seo\/ -->\n<title>Pi\u00f9 biciclette e alberi, torna &quot;M&#039;illumino di meno&quot;: le iniziative in Toscana - intoscana<\/title>\n<meta name=\"description\" content=\"Venerd\u00ec 11 marzo si terr\u00e0 l&#039;attesa iniziativa di RaiRadio2, quest&#039;anno il tema \u00e8 &quot;pedalare, rinverdire, migliorare e a spegnere le luci come gesto di pace&quot;\" \/>\n<meta name=\"robots\" content=\"index, follow, max-snippet:-1, max-image-preview:large, max-video-preview:-1\" \/>\n<link rel=\"canonical\" href=\"https:\/\/www.intoscana.it\/it\/millumino-di-meno-iniziative-toscana\/\" \/>\n<meta property=\"og:locale\" content=\"it_IT\" \/>\n<meta property=\"og:type\" content=\"article\" \/>\n<meta property=\"og:title\" content=\"Pi\u00f9 biciclette e alberi, torna &quot;M&#039;illumino di meno&quot;: le iniziative in Toscana\" \/>\n<meta property=\"og:description\" content=\"Venerd\u00ec 11 marzo si terr\u00e0 l&#039;attesa iniziativa di RaiRadio2, quest&#039;anno il tema \u00e8 &quot;pedalare, rinverdire, migliorare e a spegnere le luci come gesto di pace&quot;\" \/>\n<meta property=\"og:url\" content=\"https:\/\/www.intoscana.it\/it\/millumino-di-meno-iniziative-toscana\/\" \/>\n<meta property=\"og:site_name\" content=\"intoscana\" \/>\n<meta property=\"article:publisher\" content=\"https:\/\/www.facebook.com\/intoscana.it\" \/>\n<meta property=\"article:published_time\" content=\"2022-03-09T16:05:49+00:00\" \/>\n<meta property=\"article:modified_time\" content=\"2022-03-11T09:29:08+00:00\" \/>\n<meta property=\"og:image\" content=\"https:\/\/www.intoscana.it\/wp-content\/uploads\/1642797401521_milluminodimeno2022-169-fra.jpg\" \/>\n\t<meta property=\"og:image:width\" content=\"1152\" \/>\n\t<meta property=\"og:image:height\" content=\"648\" \/>\n\t<meta property=\"og:image:type\" content=\"image\/jpeg\" \/>\n<meta name=\"author\" content=\"Clara D&#039;Acunto\" \/>\n<meta name=\"twitter:card\" content=\"summary_large_image\" \/>\n<meta name=\"twitter:creator\" content=\"@intoscana\" \/>\n<meta name=\"twitter:site\" content=\"@intoscana\" \/>\n<meta name=\"twitter:label1\" content=\"Written by\" \/>\n\t<meta name=\"twitter:data1\" content=\"Clara D&#039;Acunto\" \/>\n\t<meta name=\"twitter:label2\" content=\"Est. reading time\" \/>\n\t<meta name=\"twitter:data2\" content=\"4 minuti\" \/>\n<script type=\"application\/ld+json\" class=\"yoast-schema-graph\">{\"@context\":\"https:\/\/schema.org\",\"@graph\":[{\"@type\":\"WebPage\",\"@id\":\"https:\/\/www.intoscana.it\/it\/millumino-di-meno-iniziative-toscana\/\",\"url\":\"https:\/\/www.intoscana.it\/it\/millumino-di-meno-iniziative-toscana\/\",\"name\":\"Pi\u00f9 biciclette e alberi, torna \\\"M'illumino di meno\\\": le iniziative in Toscana - intoscana\",\"isPartOf\":{\"@id\":\"https:\/\/www.intoscana.it\/it\/#website\"},\"primaryImageOfPage\":{\"@id\":\"https:\/\/www.intoscana.it\/it\/millumino-di-meno-iniziative-toscana\/#primaryimage\"},\"image\":{\"@id\":\"https:\/\/www.intoscana.it\/it\/millumino-di-meno-iniziative-toscana\/#primaryimage\"},\"thumbnailUrl\":\"https:\/\/www.intoscana.it\/wp-content\/uploads\/1642797401521_milluminodimeno2022-169-fra.jpg\",\"datePublished\":\"2022-03-09T16:05:49+00:00\",\"dateModified\":\"2022-03-11T09:29:08+00:00\",\"author\":{\"@id\":\"https:\/\/www.intoscana.it\/it\/#\/schema\/person\/137419af9ef5d385bde52864a841e6ce\"},\"description\":\"Venerd\u00ec 11 marzo si terr\u00e0 l'attesa iniziativa di RaiRadio2, quest'anno il tema \u00e8 \\\"pedalare, rinverdire, migliorare e a spegnere le luci come gesto di pace\\\"\",\"breadcrumb\":{\"@id\":\"https:\/\/www.intoscana.it\/it\/millumino-di-meno-iniziative-toscana\/#breadcrumb\"},\"inLanguage\":\"it-IT\",\"potentialAction\":[{\"@type\":\"ReadAction\",\"target\":[\"https:\/\/www.intoscana.it\/it\/millumino-di-meno-iniziative-toscana\/\"]}]},{\"@type\":\"ImageObject\",\"inLanguage\":\"it-IT\",\"@id\":\"https:\/\/www.intoscana.it\/it\/millumino-di-meno-iniziative-toscana\/#primaryimage\",\"url\":\"https:\/\/www.intoscana.it\/wp-content\/uploads\/1642797401521_milluminodimeno2022-169-fra.jpg\",\"contentUrl\":\"https:\/\/www.intoscana.it\/wp-content\/uploads\/1642797401521_milluminodimeno2022-169-fra.jpg\",\"width\":1152,\"height\":648},{\"@type\":\"BreadcrumbList\",\"@id\":\"https:\/\/www.intoscana.it\/it\/millumino-di-meno-iniziative-toscana\/#breadcrumb\",\"itemListElement\":[{\"@type\":\"ListItem\",\"position\":1,\"name\":\"Home\",\"item\":\"https:\/\/www.intoscana.it\/it\/\"},{\"@type\":\"ListItem\",\"position\":2,\"name\":\"Pi\u00f9 biciclette e alberi, torna &#8220;M&#8217;illumino di meno&#8221;: le iniziative in Toscana\"}]},{\"@type\":\"WebSite\",\"@id\":\"https:\/\/www.intoscana.it\/it\/#website\",\"url\":\"https:\/\/www.intoscana.it\/it\/\",\"name\":\"intoscana\",\"description\":\"\",\"potentialAction\":[{\"@type\":\"SearchAction\",\"target\":{\"@type\":\"EntryPoint\",\"urlTemplate\":\"https:\/\/www.intoscana.it\/it\/?s={search_term_string}\"},\"query-input\":{\"@type\":\"PropertyValueSpecification\",\"valueRequired\":true,\"valueName\":\"search_term_string\"}}],\"inLanguage\":\"it-IT\"},{\"@type\":\"Person\",\"@id\":\"https:\/\/www.intoscana.it\/it\/#\/schema\/person\/137419af9ef5d385bde52864a841e6ce\",\"name\":\"Clara D'Acunto\",\"url\":\"https:\/\/www.intoscana.it\/it\/author\/clara-d_acunto\/\"}]}<\/script>\n<!-- \/ Yoast SEO Premium plugin. -->","yoast_head_json":{"title":"Pi\u00f9 biciclette e alberi, torna \"M'illumino di meno\": le iniziative in Toscana - intoscana","description":"Venerd\u00ec 11 marzo si terr\u00e0 l'attesa iniziativa di RaiRadio2, quest'anno il tema \u00e8 \"pedalare, rinverdire, migliorare e a spegnere le luci come gesto di pace\"","robots":{"index":"index","follow":"follow","max-snippet":"max-snippet:-1","max-image-preview":"max-image-preview:large","max-video-preview":"max-video-preview:-1"},"canonical":"https:\/\/www.intoscana.it\/it\/millumino-di-meno-iniziative-toscana\/","og_locale":"it_IT","og_type":"article","og_title":"Pi\u00f9 biciclette e alberi, torna \"M'illumino di meno\": le iniziative in Toscana","og_description":"Venerd\u00ec 11 marzo si terr\u00e0 l'attesa iniziativa di RaiRadio2, quest'anno il tema \u00e8 \"pedalare, rinverdire, migliorare e a spegnere le luci come gesto di pace\"","og_url":"https:\/\/www.intoscana.it\/it\/millumino-di-meno-iniziative-toscana\/","og_site_name":"intoscana","article_publisher":"https:\/\/www.facebook.com\/intoscana.it","article_published_time":"2022-03-09T16:05:49+00:00","article_modified_time":"2022-03-11T09:29:08+00:00","og_image":[{"width":1152,"height":648,"url":"https:\/\/www.intoscana.it\/wp-content\/uploads\/1642797401521_milluminodimeno2022-169-fra.jpg","type":"image\/jpeg"}],"author":"Clara D'Acunto","twitter_card":"summary_large_image","twitter_creator":"@intoscana","twitter_site":"@intoscana","twitter_misc":{"Written by":"Clara D'Acunto","Est. reading time":"4 minuti"},"schema":{"@context":"https:\/\/schema.org","@graph":[{"@type":"WebPage","@id":"https:\/\/www.intoscana.it\/it\/millumino-di-meno-iniziative-toscana\/","url":"https:\/\/www.intoscana.it\/it\/millumino-di-meno-iniziative-toscana\/","name":"Pi\u00f9 biciclette e alberi, torna \"M'illumino di meno\": le iniziative in Toscana - intoscana","isPartOf":{"@id":"https:\/\/www.intoscana.it\/it\/#website"},"primaryImageOfPage":{"@id":"https:\/\/www.intoscana.it\/it\/millumino-di-meno-iniziative-toscana\/#primaryimage"},"image":{"@id":"https:\/\/www.intoscana.it\/it\/millumino-di-meno-iniziative-toscana\/#primaryimage"},"thumbnailUrl":"https:\/\/www.intoscana.it\/wp-content\/uploads\/1642797401521_milluminodimeno2022-169-fra.jpg","datePublished":"2022-03-09T16:05:49+00:00","dateModified":"2022-03-11T09:29:08+00:00","author":{"@id":"https:\/\/www.intoscana.it\/it\/#\/schema\/person\/137419af9ef5d385bde52864a841e6ce"},"description":"Venerd\u00ec 11 marzo si terr\u00e0 l'attesa iniziativa di RaiRadio2, quest'anno il tema \u00e8 \"pedalare, rinverdire, migliorare e a spegnere le luci come gesto di pace\"","breadcrumb":{"@id":"https:\/\/www.intoscana.it\/it\/millumino-di-meno-iniziative-toscana\/#breadcrumb"},"inLanguage":"it-IT","potentialAction":[{"@type":"ReadAction","target":["https:\/\/www.intoscana.it\/it\/millumino-di-meno-iniziative-toscana\/"]}]},{"@type":"ImageObject","inLanguage":"it-IT","@id":"https:\/\/www.intoscana.it\/it\/millumino-di-meno-iniziative-toscana\/#primaryimage","url":"https:\/\/www.intoscana.it\/wp-content\/uploads\/1642797401521_milluminodimeno2022-169-fra.jpg","contentUrl":"https:\/\/www.intoscana.it\/wp-content\/uploads\/1642797401521_milluminodimeno2022-169-fra.jpg","width":1152,"height":648},{"@type":"BreadcrumbList","@id":"https:\/\/www.intoscana.it\/it\/millumino-di-meno-iniziative-toscana\/#breadcrumb","itemListElement":[{"@type":"ListItem","position":1,"name":"Home","item":"https:\/\/www.intoscana.it\/it\/"},{"@type":"ListItem","position":2,"name":"Pi\u00f9 biciclette e alberi, torna &#8220;M&#8217;illumino di meno&#8221;: le iniziative in Toscana"}]},{"@type":"WebSite","@id":"https:\/\/www.intoscana.it\/it\/#website","url":"https:\/\/www.intoscana.it\/it\/","name":"intoscana","description":"","potentialAction":[{"@type":"SearchAction","target":{"@type":"EntryPoint","urlTemplate":"https:\/\/www.intoscana.it\/it\/?s={search_term_string}"},"query-input":{"@type":"PropertyValueSpecification","valueRequired":true,"valueName":"search_term_string"}}],"inLanguage":"it-IT"},{"@type":"Person","@id":"https:\/\/www.intoscana.it\/it\/#\/schema\/person\/137419af9ef5d385bde52864a841e6ce","name":"Clara D'Acunto","url":"https:\/\/www.intoscana.it\/it\/author\/clara-d_acunto\/"}]}},"_links":{"self":[{"href":"https:\/\/www.intoscana.it\/it\/wp-json\/wp\/v2\/posts\/216701","targetHints":{"allow":["GET"]}}],"collection":[{"href":"https:\/\/www.intoscana.it\/it\/wp-json\/wp\/v2\/posts"}],"about":[{"href":"https:\/\/www.intoscana.it\/it\/wp-json\/wp\/v2\/types\/post"}],"author":[{"embeddable":true,"href":"https:\/\/www.intoscana.it\/it\/wp-json\/wp\/v2\/users\/545"}],"replies":[{"embeddable":true,"href":"https:\/\/www.intoscana.it\/it\/wp-json\/wp\/v2\/comments?post=216701"}],"version-history":[{"count":0,"href":"https:\/\/www.intoscana.it\/it\/wp-json\/wp\/v2\/posts\/216701\/revisions"}],"wp:featuredmedia":[{"embeddable":true,"href":"https:\/\/www.intoscana.it\/it\/wp-json\/wp\/v2\/media\/216728"}],"wp:attachment":[{"href":"https:\/\/www.intoscana.it\/it\/wp-json\/wp\/v2\/media?parent=216701"}],"wp:term":[{"taxonomy":"category","embeddable":true,"href":"https:\/\/www.intoscana.it\/it\/wp-json\/wp\/v2\/categories?post=216701"},{"taxonomy":"post_tag","embeddable":true,"href":"https:\/\/www.intoscana.it\/it\/wp-json\/wp\/v2\/tags?post=216701"}],"curies":[{"name":"wp","href":"https:\/\/api.w.org\/{rel}","templated":true}]}}