{"id":217038,"date":"2022-03-10T18:51:27","date_gmt":"2022-03-10T17:51:27","guid":{"rendered":"https:\/\/www.intoscana.it\/it\/?p=217038"},"modified":"2022-03-11T15:40:26","modified_gmt":"2022-03-11T14:40:26","slug":"ucraina-minori-orfani-accoglienza-toscana","status":"publish","type":"post","link":"https:\/\/www.intoscana.it\/it\/ucraina-minori-orfani-accoglienza-toscana\/","title":{"rendered":"Ucraina, la Toscana pronta ad accogliere 21 orfani in fuga dalla guerra"},"content":{"rendered":"<p><mark>La Toscana \u00e8 pronta ad accogliere minori orfani in arrivo dall\u2019Ucraina<\/mark>. Gi\u00e0 nei prossimi giorni \u00e8 previsto l\u2019arrivo di <strong>21 piccoli<\/strong> di et\u00e0 compresa <strong>fra i 3 e i 17 anni<\/strong>.\u00a0A spiegare i dettagli dell\u2019operazione il presidente <strong>Eugenio Giani<\/strong>\u00a0al termine del consueto t<strong>avolo sull&#8217;emergenza<\/strong> da lui presieduto in qualit\u00e0 di commissario.<\/p>\n<p>\u201c<em>Abbiamo potuto salutare le prime persone venute dall\u2019Ucraina come profughi ed essendosi esaurito il sistema dei Cas, sono entrati in funzione, come presumevamo, gli alberghi d\u2019accoglienza, in questo caso l\u2019hotel Franchi a Novoli, che ha ospitato circa una decina di profughi. Saremo vigili al massimo<\/em> \u2013 ha detto <strong>Giani<\/strong>&#8211; <em>e pronti per non fare mancare risposte, a Firenze come in altre localit\u00e0 della Toscana<\/em>\u201d. Il presidente ha spiegato poi <strong>la richiesta di disponibilit\u00e0<\/strong>\u00a0circa l\u2019accoglienza dei <strong>bambini orfani<\/strong>.<\/p>\n<figure id=\"post-160218 media-160218\" class=\"align-none\"><img decoding=\"async\" src=\"https:\/\/www.intoscana.it\/wp-content\/uploads\/Istituto_degli_Innocenti_Silfi_12.jpg\" alt=\"\" \/><\/figure>\n<div class=\"titleimg\">Istituto degli Innocenti &#8211; \u00a9 Nicola Neri<\/div>\n<p><strong>Il presidente della Regione<\/strong> ha osservato che &#8220;<em>le disposizioni in vigore precedentemente alla vicenda ucraina portavano a far s\u00ec che la nostra possibilit\u00e0 di accoglienza potesse rivolgersi ai bambini sopra i 14 anni, dovendo seguire altre procedure per i minori non accompagnati sotto i 14 anni<\/em>&#8220;. Per unificare le due procedure, Giani ha <strong>firmato un&#8217;ordinanza<\/strong> &#8220;<em>come commissario per l&#8217;accoglienza e l&#8217;emergenza umanitaria. Quindi attraverso la firma di questa ordinanza, quando arriveranno anche i bambini sotto i 14 anni, potranno essere tutti insieme: eviteremo quindi la divisione dei fratelli<\/em>&#8220;.<\/p>\n<p>\u201c<em>Ne accoglieremo 21<\/em> \u2013 ha proseguito Giani ringraziando la presidente Maria Grazia Giuffrida &#8211; <em>Il punto di riferimento e orientamento principale<\/em> s<em>ar\u00e0 l&#8217;Istituto degli Innocenti che garantir\u00e0 una prima accoglienza temporanea e straordinaria<\/em>&#8220;.<\/p>\n<p><strong>Il sindaco Dario Nardella<\/strong> ha ribadito il ruolo di Firenze, ancora una volta schierata in prima linea nell&#8217;<strong>accoglienza dei profughi<\/strong>. &#8220;<em>Accoglieremo i minori ucraini orfani, ai quali la guerra ha portato via i genitori, come se fossero nostri figli. Faremo la nostra parte, garantendo loro accoglienza e integrazione per fare in modo che possano essere seguiti per superare il dramma che hanno vissuto e costruire un futuro sereno\u00a0<\/em>ha detto.<\/p>\n<p>&#8220;<em>Nell&#8217;accoglienza<\/em> &#8211; ha aggiunto &#8211; <em>la collaborazione tra istituzioni, associazioni e terzo settore \u00e8 fondamentale perch\u00e9 \u00e8 solo lavorando tutti insieme in sinergia, ognuno per le proprie competenze, che potremo aiutare i minori a superare questo momento difficile e contribuire a costruire il loro futuro<\/em>&#8220;.<\/p>\n<p>Come dichiarato dall&#8217;assessore al welfare di Palazzo Vecchio <strong>Sara Funaro<\/strong> &#8220;<em>\u00e8 un dovere etico e morale accogliere i minori che arrivano sul nostro territorio, un dovere che diventa ancora pi\u00f9 forte quando ci troviamo di fronte a degli orfani che hanno subito un doppio trauma: quello dell&#8217;abbandono e quello della guerra. Come Amministrazione comunale siamo al lavoro per garantire loro accoglienza e integrazione attraverso percorsi di presa in carico e inserimento scolastico<\/em>&#8220;.<\/p>\n<p>I primi passi, dopo l&#8217;arrivo dei minori orfani a Firenze, sar\u00e0 <strong>una visita domiciliare<\/strong> per valutare la loro situazione formale, attraverso l&#8217;analisi della documentazione, della presenza di tutori, e sociale attraverso colloqui e azioni di sostegno psicologico. Sar\u00e0 poi fatta<strong> una relazione al tribunale dei minori<\/strong> per decidere al meglio nell&#8217;interesse dei minori.<\/p>\n","protected":false},"excerpt":{"rendered":"<p>Emergenza senza fine per l&#8217;arrivo dei profughi: Regione, Comune e Istituto degli Innocenti in prima linea per fronteggiare la situazione<\/p>\n","protected":false},"author":554,"featured_media":215169,"comment_status":"open","ping_status":"open","sticky":false,"template":"","format":"standard","meta":{"_acf_changed":false,"footnotes":""},"categories":[494],"tags":[157,6143,158,6427,4523,6285],"class_list":["post-217038","post","type-post","status-publish","format-standard","has-post-thumbnail","hentry","category-attualita","tag-dario-nardella","tag-emergenza-profughi","tag-eugenio-giani","tag-guerra-ucraina","tag-istituto-degli-innocenti","tag-minori"],"acf":[],"yoast_head":"<!-- This site is optimized with the Yoast SEO Premium plugin v24.2 (Yoast SEO v25.6) - https:\/\/yoast.com\/wordpress\/plugins\/seo\/ -->\n<title>Ucraina, la Toscana pronta ad accogliere 21 orfani in fuga dalla guerra - intoscana<\/title>\n<meta name=\"description\" content=\"Emergenza senza fine per l&#039;arrivo dei profughi: Regione, Comune e Istituto degli Innocenti in prima linea per fronteggiare la situazione\" \/>\n<meta name=\"robots\" content=\"index, follow, max-snippet:-1, max-image-preview:large, max-video-preview:-1\" \/>\n<link rel=\"canonical\" href=\"https:\/\/www.intoscana.it\/it\/ucraina-minori-orfani-accoglienza-toscana\/\" \/>\n<meta property=\"og:locale\" content=\"it_IT\" \/>\n<meta property=\"og:type\" content=\"article\" \/>\n<meta property=\"og:title\" content=\"Ucraina, la Toscana pronta ad accogliere 21 orfani in fuga dalla guerra\" \/>\n<meta property=\"og:description\" content=\"Emergenza senza fine per l&#039;arrivo dei profughi: Regione, Comune e Istituto degli Innocenti in prima linea per fronteggiare la situazione\" \/>\n<meta property=\"og:url\" content=\"https:\/\/www.intoscana.it\/it\/ucraina-minori-orfani-accoglienza-toscana\/\" \/>\n<meta property=\"og:site_name\" content=\"intoscana\" \/>\n<meta property=\"article:publisher\" content=\"https:\/\/www.facebook.com\/intoscana.it\" \/>\n<meta property=\"article:published_time\" content=\"2022-03-10T17:51:27+00:00\" \/>\n<meta property=\"article:modified_time\" content=\"2022-03-11T14:40:26+00:00\" \/>\n<meta property=\"og:image\" content=\"https:\/\/www.intoscana.it\/wp-content\/uploads\/shutterstock_1355525054-1-scaled.jpg\" \/>\n\t<meta property=\"og:image:width\" content=\"2048\" \/>\n\t<meta property=\"og:image:height\" content=\"1362\" \/>\n\t<meta property=\"og:image:type\" content=\"image\/jpeg\" \/>\n<meta name=\"author\" content=\"Raffaella Galamini\" \/>\n<meta name=\"twitter:card\" content=\"summary_large_image\" \/>\n<meta name=\"twitter:creator\" content=\"@orio\" \/>\n<meta name=\"twitter:site\" content=\"@intoscana\" \/>\n<meta name=\"twitter:label1\" content=\"Written by\" \/>\n\t<meta name=\"twitter:data1\" content=\"Raffaella Galamini\" \/>\n\t<meta name=\"twitter:label2\" content=\"Est. reading time\" \/>\n\t<meta name=\"twitter:data2\" content=\"2 minuti\" \/>\n<script type=\"application\/ld+json\" class=\"yoast-schema-graph\">{\"@context\":\"https:\/\/schema.org\",\"@graph\":[{\"@type\":\"WebPage\",\"@id\":\"https:\/\/www.intoscana.it\/it\/ucraina-minori-orfani-accoglienza-toscana\/\",\"url\":\"https:\/\/www.intoscana.it\/it\/ucraina-minori-orfani-accoglienza-toscana\/\",\"name\":\"Ucraina, la Toscana pronta ad accogliere 21 orfani in fuga dalla guerra - intoscana\",\"isPartOf\":{\"@id\":\"https:\/\/www.intoscana.it\/it\/#website\"},\"primaryImageOfPage\":{\"@id\":\"https:\/\/www.intoscana.it\/it\/ucraina-minori-orfani-accoglienza-toscana\/#primaryimage\"},\"image\":{\"@id\":\"https:\/\/www.intoscana.it\/it\/ucraina-minori-orfani-accoglienza-toscana\/#primaryimage\"},\"thumbnailUrl\":\"https:\/\/www.intoscana.it\/wp-content\/uploads\/shutterstock_1355525054-1-scaled.jpg\",\"datePublished\":\"2022-03-10T17:51:27+00:00\",\"dateModified\":\"2022-03-11T14:40:26+00:00\",\"author\":{\"@id\":\"https:\/\/www.intoscana.it\/it\/#\/schema\/person\/9eb9daa846a49fe51af39a73d9d1986b\"},\"description\":\"Emergenza senza fine per l'arrivo dei profughi: Regione, Comune e Istituto degli Innocenti in prima linea per fronteggiare la situazione\",\"breadcrumb\":{\"@id\":\"https:\/\/www.intoscana.it\/it\/ucraina-minori-orfani-accoglienza-toscana\/#breadcrumb\"},\"inLanguage\":\"it-IT\",\"potentialAction\":[{\"@type\":\"ReadAction\",\"target\":[\"https:\/\/www.intoscana.it\/it\/ucraina-minori-orfani-accoglienza-toscana\/\"]}]},{\"@type\":\"ImageObject\",\"inLanguage\":\"it-IT\",\"@id\":\"https:\/\/www.intoscana.it\/it\/ucraina-minori-orfani-accoglienza-toscana\/#primaryimage\",\"url\":\"https:\/\/www.intoscana.it\/wp-content\/uploads\/shutterstock_1355525054-1-scaled.jpg\",\"contentUrl\":\"https:\/\/www.intoscana.it\/wp-content\/uploads\/shutterstock_1355525054-1-scaled.jpg\",\"width\":2048,\"height\":1362,\"caption\":\"\u00a9 Ruslan Shugushev\/Shutterstock\"},{\"@type\":\"BreadcrumbList\",\"@id\":\"https:\/\/www.intoscana.it\/it\/ucraina-minori-orfani-accoglienza-toscana\/#breadcrumb\",\"itemListElement\":[{\"@type\":\"ListItem\",\"position\":1,\"name\":\"Home\",\"item\":\"https:\/\/www.intoscana.it\/it\/\"},{\"@type\":\"ListItem\",\"position\":2,\"name\":\"Ucraina, la Toscana pronta ad accogliere 21 orfani in fuga dalla guerra\"}]},{\"@type\":\"WebSite\",\"@id\":\"https:\/\/www.intoscana.it\/it\/#website\",\"url\":\"https:\/\/www.intoscana.it\/it\/\",\"name\":\"intoscana\",\"description\":\"\",\"potentialAction\":[{\"@type\":\"SearchAction\",\"target\":{\"@type\":\"EntryPoint\",\"urlTemplate\":\"https:\/\/www.intoscana.it\/it\/?s={search_term_string}\"},\"query-input\":{\"@type\":\"PropertyValueSpecification\",\"valueRequired\":true,\"valueName\":\"search_term_string\"}}],\"inLanguage\":\"it-IT\"},{\"@type\":\"Person\",\"@id\":\"https:\/\/www.intoscana.it\/it\/#\/schema\/person\/9eb9daa846a49fe51af39a73d9d1986b\",\"name\":\"Raffaella Galamini\",\"sameAs\":[\"https:\/\/x.com\/orio\"],\"url\":\"https:\/\/www.intoscana.it\/it\/author\/r-galamini\/\"}]}<\/script>\n<!-- \/ Yoast SEO Premium plugin. -->","yoast_head_json":{"title":"Ucraina, la Toscana pronta ad accogliere 21 orfani in fuga dalla guerra - intoscana","description":"Emergenza senza fine per l'arrivo dei profughi: Regione, Comune e Istituto degli Innocenti in prima linea per fronteggiare la situazione","robots":{"index":"index","follow":"follow","max-snippet":"max-snippet:-1","max-image-preview":"max-image-preview:large","max-video-preview":"max-video-preview:-1"},"canonical":"https:\/\/www.intoscana.it\/it\/ucraina-minori-orfani-accoglienza-toscana\/","og_locale":"it_IT","og_type":"article","og_title":"Ucraina, la Toscana pronta ad accogliere 21 orfani in fuga dalla guerra","og_description":"Emergenza senza fine per l'arrivo dei profughi: Regione, Comune e Istituto degli Innocenti in prima linea per fronteggiare la situazione","og_url":"https:\/\/www.intoscana.it\/it\/ucraina-minori-orfani-accoglienza-toscana\/","og_site_name":"intoscana","article_publisher":"https:\/\/www.facebook.com\/intoscana.it","article_published_time":"2022-03-10T17:51:27+00:00","article_modified_time":"2022-03-11T14:40:26+00:00","og_image":[{"width":2048,"height":1362,"url":"https:\/\/www.intoscana.it\/wp-content\/uploads\/shutterstock_1355525054-1-scaled.jpg","type":"image\/jpeg"}],"author":"Raffaella Galamini","twitter_card":"summary_large_image","twitter_creator":"@orio","twitter_site":"@intoscana","twitter_misc":{"Written by":"Raffaella Galamini","Est. reading time":"2 minuti"},"schema":{"@context":"https:\/\/schema.org","@graph":[{"@type":"WebPage","@id":"https:\/\/www.intoscana.it\/it\/ucraina-minori-orfani-accoglienza-toscana\/","url":"https:\/\/www.intoscana.it\/it\/ucraina-minori-orfani-accoglienza-toscana\/","name":"Ucraina, la Toscana pronta ad accogliere 21 orfani in fuga dalla guerra - intoscana","isPartOf":{"@id":"https:\/\/www.intoscana.it\/it\/#website"},"primaryImageOfPage":{"@id":"https:\/\/www.intoscana.it\/it\/ucraina-minori-orfani-accoglienza-toscana\/#primaryimage"},"image":{"@id":"https:\/\/www.intoscana.it\/it\/ucraina-minori-orfani-accoglienza-toscana\/#primaryimage"},"thumbnailUrl":"https:\/\/www.intoscana.it\/wp-content\/uploads\/shutterstock_1355525054-1-scaled.jpg","datePublished":"2022-03-10T17:51:27+00:00","dateModified":"2022-03-11T14:40:26+00:00","author":{"@id":"https:\/\/www.intoscana.it\/it\/#\/schema\/person\/9eb9daa846a49fe51af39a73d9d1986b"},"description":"Emergenza senza fine per l'arrivo dei profughi: Regione, Comune e Istituto degli Innocenti in prima linea per fronteggiare la situazione","breadcrumb":{"@id":"https:\/\/www.intoscana.it\/it\/ucraina-minori-orfani-accoglienza-toscana\/#breadcrumb"},"inLanguage":"it-IT","potentialAction":[{"@type":"ReadAction","target":["https:\/\/www.intoscana.it\/it\/ucraina-minori-orfani-accoglienza-toscana\/"]}]},{"@type":"ImageObject","inLanguage":"it-IT","@id":"https:\/\/www.intoscana.it\/it\/ucraina-minori-orfani-accoglienza-toscana\/#primaryimage","url":"https:\/\/www.intoscana.it\/wp-content\/uploads\/shutterstock_1355525054-1-scaled.jpg","contentUrl":"https:\/\/www.intoscana.it\/wp-content\/uploads\/shutterstock_1355525054-1-scaled.jpg","width":2048,"height":1362,"caption":"\u00a9 Ruslan Shugushev\/Shutterstock"},{"@type":"BreadcrumbList","@id":"https:\/\/www.intoscana.it\/it\/ucraina-minori-orfani-accoglienza-toscana\/#breadcrumb","itemListElement":[{"@type":"ListItem","position":1,"name":"Home","item":"https:\/\/www.intoscana.it\/it\/"},{"@type":"ListItem","position":2,"name":"Ucraina, la Toscana pronta ad accogliere 21 orfani in fuga dalla guerra"}]},{"@type":"WebSite","@id":"https:\/\/www.intoscana.it\/it\/#website","url":"https:\/\/www.intoscana.it\/it\/","name":"intoscana","description":"","potentialAction":[{"@type":"SearchAction","target":{"@type":"EntryPoint","urlTemplate":"https:\/\/www.intoscana.it\/it\/?s={search_term_string}"},"query-input":{"@type":"PropertyValueSpecification","valueRequired":true,"valueName":"search_term_string"}}],"inLanguage":"it-IT"},{"@type":"Person","@id":"https:\/\/www.intoscana.it\/it\/#\/schema\/person\/9eb9daa846a49fe51af39a73d9d1986b","name":"Raffaella Galamini","sameAs":["https:\/\/x.com\/orio"],"url":"https:\/\/www.intoscana.it\/it\/author\/r-galamini\/"}]}},"_links":{"self":[{"href":"https:\/\/www.intoscana.it\/it\/wp-json\/wp\/v2\/posts\/217038","targetHints":{"allow":["GET"]}}],"collection":[{"href":"https:\/\/www.intoscana.it\/it\/wp-json\/wp\/v2\/posts"}],"about":[{"href":"https:\/\/www.intoscana.it\/it\/wp-json\/wp\/v2\/types\/post"}],"author":[{"embeddable":true,"href":"https:\/\/www.intoscana.it\/it\/wp-json\/wp\/v2\/users\/554"}],"replies":[{"embeddable":true,"href":"https:\/\/www.intoscana.it\/it\/wp-json\/wp\/v2\/comments?post=217038"}],"version-history":[{"count":0,"href":"https:\/\/www.intoscana.it\/it\/wp-json\/wp\/v2\/posts\/217038\/revisions"}],"wp:featuredmedia":[{"embeddable":true,"href":"https:\/\/www.intoscana.it\/it\/wp-json\/wp\/v2\/media\/215169"}],"wp:attachment":[{"href":"https:\/\/www.intoscana.it\/it\/wp-json\/wp\/v2\/media?parent=217038"}],"wp:term":[{"taxonomy":"category","embeddable":true,"href":"https:\/\/www.intoscana.it\/it\/wp-json\/wp\/v2\/categories?post=217038"},{"taxonomy":"post_tag","embeddable":true,"href":"https:\/\/www.intoscana.it\/it\/wp-json\/wp\/v2\/tags?post=217038"}],"curies":[{"name":"wp","href":"https:\/\/api.w.org\/{rel}","templated":true}]}}