{"id":217172,"date":"2022-03-11T15:40:47","date_gmt":"2022-03-11T14:40:47","guid":{"rendered":"https:\/\/www.intoscana.it\/it\/?p=217172"},"modified":"2022-03-11T17:13:51","modified_gmt":"2022-03-11T16:13:51","slug":"ucraina-2500-profughi-toscana","status":"publish","type":"post","link":"https:\/\/www.intoscana.it\/it\/ucraina-2500-profughi-toscana\/","title":{"rendered":"Ucraina, gi\u00e0 2500 i profughi accolti in Toscana da istituzioni e privati"},"content":{"rendered":"<p><strong>Sono 2500<\/strong>, in gran parte <mark>accolti da famiglie in Toscana, i profughi ucraini in fuga dalla guerra<\/mark>. Ad oggi la maggior parte ha trovato rifugio nelle province di <strong>Massa Carrara e Livorno<\/strong>. Nella serata di venerd\u00ec 11 \u00e8 atteso <a href=\"https:\/\/www.intoscana.it\/it\/articolo\/ucraina-minori-orfani-accoglienza-toscana\/\" target=\"_blank\" rel=\"noopener\"><strong>l&#8217;arrivo di 21 minori<\/strong> <\/a>tra i 3 e i 14 anni che saranno accolti in prima battuta <strong>dall&#8217;Istituto degli Innocenti<\/strong> per poi essere smistati tra strutture pubbliche e famiglie.<\/p>\n<p>Per fornire informazioni e indirizzarli la Regione ha istituito <strong>due front office<\/strong> alla Mercafir di Firenze e al palazzetto dello sport a Livorno. <strong>Due le linee telefoniche<\/strong> dedicate. A fare il punto e ad annunciare <strong>provvedimenti e interventi<\/strong> messi in campo dalla Regione per l&#8217;accoglienza sul territorio il governatore\u00a0<strong>Eugenio Giani <\/strong>che in questa fase ricopre anche il ruolo di <strong>commissario per l&#8217;emergenza.<\/strong><\/p>\n<p><a href=\"https:\/\/www.intoscana.it\/it\/articolo\/profughi-ucraini-vademecum-prefettura\/\" target=\"_blank\" rel=\"noopener\">Qui tutte le informazioni del vademecum su alloggi, tamponi e scuola per i profughi<\/a><\/p>\n<h3>Gi\u00e0 2500 i profughi in Toscana<\/h3>\n<p>&#8220;<em>Ormai sono pi\u00f9 di 2500 i profughi ucraini che sono in Toscana. Questa mattina (venerd\u00ec 11 ndr) abbiamo fatto questo calcolo perch\u00e9 incomincia ad attivarsi il censimento che facciamo grazie alle prefetture e poi noi raccogliamo i dati a livello regionale con il dipartimento della Protezione civile nella riunione che facciamo ogni mattina alle 9&#8243; <\/em>ha spiegato\u00a0il commissario.<\/p>\n<h3>L&#8217;accoglienza in cas, alberghi e famiglie<\/h3>\n<p>Giani ha rimarcato ancora una volta<strong> la rete di solidariet\u00e0<\/strong> che si \u00e8 dispiegata in Toscana per aiutare <strong>donne e bambini<\/strong> che stanno trovando in questi giorni <strong>un asilo in tante famiglie<\/strong>.<\/p>\n<p>Giani ha sottolineato il ruolo che stanno svolgendo <strong>gli alberghi di prima accoglienza<\/strong> individuati dalla Regione. &#8220;<em>Stanotte all&#8217;hotel Franchi a cui sono stati destinati persone che non avevano punti di riferimento hanno dormito in 26, e va considerato che altri poi sono stati mandati direttamente ai Cas dalle rispettive prefetture<\/em>&#8221; ha spiegato.<\/p>\n<h3>Vaccinazioni e assistenza sanitaria<\/h3>\n<p>Sotto il profilo sanitario Giani ha riepilogato che &#8220;<em>per i primi che sono arrivati si conferma il fatto che in Ucraina c&#8217;\u00e8 il 32% di vaccinati, percentuale molto bassa, e che sono vaccinati con lo Sputnik che \u00e8 il vaccino meno efficace. Sappiamo che loro sono poco vaccinati e con un vaccino poco adeguato quindi<\/em> &#8211; ha concluso &#8211; <em>\u00e8 molto importante la vaccinazione quando arrivano in Italia<\/em>&#8220;.<\/p>\n<h3>Le linee guida in un memorandum<\/h3>\n<p><strong>In Toscana<\/strong> &#8220;<em>abbiamo varato un memorandum, che abbiamo diffuso attraverso i nostri siti e che poi si trover\u00e0 in tutti gli uffici di relazione con il pubblico, nei Comuni e nelle prefetture, per fornire le linee guida<\/em>&#8221; <strong>per i profughi ucraini<\/strong>. Per chi arriva anche presso residenze private \u00e8 necessario &#8220;<em>entro 48 ore di registrarsi in questura<\/em>&#8220;.<\/p>\n<h3>Due linee telefoniche per i profughi<\/h3>\n<p>Giani ha poi ricordato <strong>le due linee telefoniche<\/strong> dedicate. &#8220;<em>Per avere informazioni ci sono due numeri<\/em> &#8211; ha aggiunto -: <em>quello dell&#8217;emergenza sanitaria, ovvero quello per avere informazioni sanitarie, vaccinazioni o tamponi, che \u00e8 il numero verde 800556060, e poi il numero che viene calibrato provincia per provincia dalle prefetture, per avere invece le informazioni pi\u00f9 generiche<\/em>&#8220;.<\/p>\n<figure id=\"post-217189 media-217189\" class=\"align-none\"><img decoding=\"async\" src=\"https:\/\/www.intoscana.it\/wp-content\/uploads\/PRT_6280-scaled.jpg\" alt=\"\" \/><\/figure>\n<div class=\"titleimg\">Il punto sull\u2019accoglienza dei profughi ucraini in Toscana con il Presidente Eugenio Giani \u2013 \u00a9 foto Paolo Lo Debole<\/div>\n<h3>I due front office a Firenze e Livorno<\/h3>\n<p><strong>La Regione sta predisponendo<\/strong> &#8220;d<em>ue punti di accoglienza grandi, che saranno per il centro della Toscana alla Mercafir, all&#8217;uscita dell&#8217;autostrada di Firenze, attivo dalle 8 alle 20 fin da domani. E quello a Livorno al Modigliani forum, per il quale ci vorr\u00e0 qualche giorno per attivarlo, e per questo ringrazio la disponibilit\u00e0 del Comune di Livorno e del sindaco Salvetti<\/em>&#8220;.<\/p>\n<h3>L&#8217;inserimento lavorativo dei profughi<\/h3>\n<p>Nell&#8217;ottica di <strong>una gestione coordinata degli interventi<\/strong>\u00a0Giani ha affrontato anche il tema <strong>inserimento lavorativo<\/strong> dei profughi provenienti dall&#8217;Ucraina in Toscana. &#8220;<em>Ci organizzeremo con Arti, l&#8217;agenzia regionale che raccoglie e organizza i centri dell&#8217;impiego<\/em>\u00a0&#8211; ha sottolineato Giani &#8211; I<em>nvito gli imprenditori se hanno disponibilit\u00e0 di posti di lavoro a fare riferimento ai nostri centri per l&#8217;impiego e saranno loro a disciplinare l&#8217;afflusso di profughi che possano anche lavorare&#8221;<\/em>.<\/p>\n<h3>La scuola per i profughi minorenni<\/h3>\n<p>Infine, tra gli aspetti affrontati, anche <strong>l&#8217;inserimento scolastico<\/strong>. &#8220;<em>Analogo discorso<\/em> &#8211; ha concluso Giani &#8211; <em>per la scuola: tramite i comuni di riferimento c&#8217;\u00e8 la possibilit\u00e0 di portare i bambini a scuola. Ma ci sono famiglie ucraine a cui ho detto che c&#8217;\u00e8 questa possibilit\u00e0 che mi hanno detto che i loro figli di 7-8 anni seguono la Dad che arriva dall&#8217;Ucraina<\/em>&#8220;.<\/p>\n","protected":false},"excerpt":{"rendered":"<p>Il punto con il presidente Giani: due i front office istituiti a Firenze e Livorno, due linee telefoniche dedicate, l&#8217;importanza delle vaccinazioni e il coordinamento degli interventi<\/p>\n","protected":false},"author":554,"featured_media":215901,"comment_status":"open","ping_status":"open","sticky":false,"template":"","format":"standard","meta":{"_acf_changed":false,"footnotes":""},"categories":[494],"tags":[6143,158,6427,6440,3471],"class_list":["post-217172","post","type-post","status-publish","format-standard","has-post-thumbnail","hentry","category-attualita","tag-emergenza-profughi","tag-eugenio-giani","tag-guerra-ucraina","tag-profughi","tag-protezione-civile"],"acf":[],"yoast_head":"<!-- This site is optimized with the Yoast SEO Premium plugin v24.2 (Yoast SEO v25.6) - https:\/\/yoast.com\/wordpress\/plugins\/seo\/ -->\n<title>Ucraina, gi\u00e0 2500 i profughi accolti in Toscana - intoscana.it<\/title>\n<meta name=\"description\" content=\"Il punto con il presidente Giani: due i front office istituiti a Firenze e Livorno, due linee telefoniche, l&#039;importanza delle vaccinazioni\" \/>\n<meta name=\"robots\" content=\"index, follow, max-snippet:-1, max-image-preview:large, max-video-preview:-1\" \/>\n<link rel=\"canonical\" href=\"https:\/\/www.intoscana.it\/it\/ucraina-2500-profughi-toscana\/\" \/>\n<meta property=\"og:locale\" content=\"it_IT\" \/>\n<meta property=\"og:type\" content=\"article\" \/>\n<meta property=\"og:title\" content=\"Ucraina, gi\u00e0 2500 i profughi accolti in Toscana da istituzioni e privati\" \/>\n<meta property=\"og:description\" content=\"Il punto con il presidente Giani: due i front office istituiti a Firenze e Livorno, due linee telefoniche, l&#039;importanza delle vaccinazioni\" \/>\n<meta property=\"og:url\" content=\"https:\/\/www.intoscana.it\/it\/ucraina-2500-profughi-toscana\/\" \/>\n<meta property=\"og:site_name\" content=\"intoscana\" \/>\n<meta property=\"article:publisher\" content=\"https:\/\/www.facebook.com\/intoscana.it\" \/>\n<meta property=\"article:published_time\" content=\"2022-03-11T14:40:47+00:00\" \/>\n<meta property=\"article:modified_time\" content=\"2022-03-11T16:13:51+00:00\" \/>\n<meta property=\"og:image\" content=\"https:\/\/www.intoscana.it\/wp-content\/uploads\/Profughi-dallUcraina-scaled-e1647012935664.jpg\" \/>\n\t<meta property=\"og:image:width\" content=\"2048\" \/>\n\t<meta property=\"og:image:height\" content=\"721\" \/>\n\t<meta property=\"og:image:type\" content=\"image\/jpeg\" \/>\n<meta name=\"author\" content=\"Raffaella Galamini\" \/>\n<meta name=\"twitter:card\" content=\"summary_large_image\" \/>\n<meta name=\"twitter:creator\" content=\"@orio\" \/>\n<meta name=\"twitter:site\" content=\"@intoscana\" \/>\n<meta name=\"twitter:label1\" content=\"Written by\" \/>\n\t<meta name=\"twitter:data1\" content=\"Raffaella Galamini\" \/>\n\t<meta name=\"twitter:label2\" content=\"Est. reading time\" \/>\n\t<meta name=\"twitter:data2\" content=\"4 minuti\" \/>\n<script type=\"application\/ld+json\" class=\"yoast-schema-graph\">{\"@context\":\"https:\/\/schema.org\",\"@graph\":[{\"@type\":\"WebPage\",\"@id\":\"https:\/\/www.intoscana.it\/it\/ucraina-2500-profughi-toscana\/\",\"url\":\"https:\/\/www.intoscana.it\/it\/ucraina-2500-profughi-toscana\/\",\"name\":\"Ucraina, gi\u00e0 2500 i profughi accolti in Toscana - intoscana.it\",\"isPartOf\":{\"@id\":\"https:\/\/www.intoscana.it\/it\/#website\"},\"primaryImageOfPage\":{\"@id\":\"https:\/\/www.intoscana.it\/it\/ucraina-2500-profughi-toscana\/#primaryimage\"},\"image\":{\"@id\":\"https:\/\/www.intoscana.it\/it\/ucraina-2500-profughi-toscana\/#primaryimage\"},\"thumbnailUrl\":\"https:\/\/www.intoscana.it\/wp-content\/uploads\/Profughi-dallUcraina-scaled-e1647012935664.jpg\",\"datePublished\":\"2022-03-11T14:40:47+00:00\",\"dateModified\":\"2022-03-11T16:13:51+00:00\",\"author\":{\"@id\":\"https:\/\/www.intoscana.it\/it\/#\/schema\/person\/9eb9daa846a49fe51af39a73d9d1986b\"},\"description\":\"Il punto con il presidente Giani: due i front office istituiti a Firenze e Livorno, due linee telefoniche, l'importanza delle vaccinazioni\",\"breadcrumb\":{\"@id\":\"https:\/\/www.intoscana.it\/it\/ucraina-2500-profughi-toscana\/#breadcrumb\"},\"inLanguage\":\"it-IT\",\"potentialAction\":[{\"@type\":\"ReadAction\",\"target\":[\"https:\/\/www.intoscana.it\/it\/ucraina-2500-profughi-toscana\/\"]}]},{\"@type\":\"ImageObject\",\"inLanguage\":\"it-IT\",\"@id\":\"https:\/\/www.intoscana.it\/it\/ucraina-2500-profughi-toscana\/#primaryimage\",\"url\":\"https:\/\/www.intoscana.it\/wp-content\/uploads\/Profughi-dallUcraina-scaled-e1647012935664.jpg\",\"contentUrl\":\"https:\/\/www.intoscana.it\/wp-content\/uploads\/Profughi-dallUcraina-scaled-e1647012935664.jpg\",\"width\":2048,\"height\":721},{\"@type\":\"BreadcrumbList\",\"@id\":\"https:\/\/www.intoscana.it\/it\/ucraina-2500-profughi-toscana\/#breadcrumb\",\"itemListElement\":[{\"@type\":\"ListItem\",\"position\":1,\"name\":\"Home\",\"item\":\"https:\/\/www.intoscana.it\/it\/\"},{\"@type\":\"ListItem\",\"position\":2,\"name\":\"Ucraina, gi\u00e0 2500 i profughi accolti in Toscana da istituzioni e privati\"}]},{\"@type\":\"WebSite\",\"@id\":\"https:\/\/www.intoscana.it\/it\/#website\",\"url\":\"https:\/\/www.intoscana.it\/it\/\",\"name\":\"intoscana\",\"description\":\"\",\"potentialAction\":[{\"@type\":\"SearchAction\",\"target\":{\"@type\":\"EntryPoint\",\"urlTemplate\":\"https:\/\/www.intoscana.it\/it\/?s={search_term_string}\"},\"query-input\":{\"@type\":\"PropertyValueSpecification\",\"valueRequired\":true,\"valueName\":\"search_term_string\"}}],\"inLanguage\":\"it-IT\"},{\"@type\":\"Person\",\"@id\":\"https:\/\/www.intoscana.it\/it\/#\/schema\/person\/9eb9daa846a49fe51af39a73d9d1986b\",\"name\":\"Raffaella Galamini\",\"sameAs\":[\"https:\/\/x.com\/orio\"],\"url\":\"https:\/\/www.intoscana.it\/it\/author\/r-galamini\/\"}]}<\/script>\n<!-- \/ Yoast SEO Premium plugin. -->","yoast_head_json":{"title":"Ucraina, gi\u00e0 2500 i profughi accolti in Toscana - intoscana.it","description":"Il punto con il presidente Giani: due i front office istituiti a Firenze e Livorno, due linee telefoniche, l'importanza delle vaccinazioni","robots":{"index":"index","follow":"follow","max-snippet":"max-snippet:-1","max-image-preview":"max-image-preview:large","max-video-preview":"max-video-preview:-1"},"canonical":"https:\/\/www.intoscana.it\/it\/ucraina-2500-profughi-toscana\/","og_locale":"it_IT","og_type":"article","og_title":"Ucraina, gi\u00e0 2500 i profughi accolti in Toscana da istituzioni e privati","og_description":"Il punto con il presidente Giani: due i front office istituiti a Firenze e Livorno, due linee telefoniche, l'importanza delle vaccinazioni","og_url":"https:\/\/www.intoscana.it\/it\/ucraina-2500-profughi-toscana\/","og_site_name":"intoscana","article_publisher":"https:\/\/www.facebook.com\/intoscana.it","article_published_time":"2022-03-11T14:40:47+00:00","article_modified_time":"2022-03-11T16:13:51+00:00","og_image":[{"width":2048,"height":721,"url":"https:\/\/www.intoscana.it\/wp-content\/uploads\/Profughi-dallUcraina-scaled-e1647012935664.jpg","type":"image\/jpeg"}],"author":"Raffaella Galamini","twitter_card":"summary_large_image","twitter_creator":"@orio","twitter_site":"@intoscana","twitter_misc":{"Written by":"Raffaella Galamini","Est. reading time":"4 minuti"},"schema":{"@context":"https:\/\/schema.org","@graph":[{"@type":"WebPage","@id":"https:\/\/www.intoscana.it\/it\/ucraina-2500-profughi-toscana\/","url":"https:\/\/www.intoscana.it\/it\/ucraina-2500-profughi-toscana\/","name":"Ucraina, gi\u00e0 2500 i profughi accolti in Toscana - intoscana.it","isPartOf":{"@id":"https:\/\/www.intoscana.it\/it\/#website"},"primaryImageOfPage":{"@id":"https:\/\/www.intoscana.it\/it\/ucraina-2500-profughi-toscana\/#primaryimage"},"image":{"@id":"https:\/\/www.intoscana.it\/it\/ucraina-2500-profughi-toscana\/#primaryimage"},"thumbnailUrl":"https:\/\/www.intoscana.it\/wp-content\/uploads\/Profughi-dallUcraina-scaled-e1647012935664.jpg","datePublished":"2022-03-11T14:40:47+00:00","dateModified":"2022-03-11T16:13:51+00:00","author":{"@id":"https:\/\/www.intoscana.it\/it\/#\/schema\/person\/9eb9daa846a49fe51af39a73d9d1986b"},"description":"Il punto con il presidente Giani: due i front office istituiti a Firenze e Livorno, due linee telefoniche, l'importanza delle vaccinazioni","breadcrumb":{"@id":"https:\/\/www.intoscana.it\/it\/ucraina-2500-profughi-toscana\/#breadcrumb"},"inLanguage":"it-IT","potentialAction":[{"@type":"ReadAction","target":["https:\/\/www.intoscana.it\/it\/ucraina-2500-profughi-toscana\/"]}]},{"@type":"ImageObject","inLanguage":"it-IT","@id":"https:\/\/www.intoscana.it\/it\/ucraina-2500-profughi-toscana\/#primaryimage","url":"https:\/\/www.intoscana.it\/wp-content\/uploads\/Profughi-dallUcraina-scaled-e1647012935664.jpg","contentUrl":"https:\/\/www.intoscana.it\/wp-content\/uploads\/Profughi-dallUcraina-scaled-e1647012935664.jpg","width":2048,"height":721},{"@type":"BreadcrumbList","@id":"https:\/\/www.intoscana.it\/it\/ucraina-2500-profughi-toscana\/#breadcrumb","itemListElement":[{"@type":"ListItem","position":1,"name":"Home","item":"https:\/\/www.intoscana.it\/it\/"},{"@type":"ListItem","position":2,"name":"Ucraina, gi\u00e0 2500 i profughi accolti in Toscana da istituzioni e privati"}]},{"@type":"WebSite","@id":"https:\/\/www.intoscana.it\/it\/#website","url":"https:\/\/www.intoscana.it\/it\/","name":"intoscana","description":"","potentialAction":[{"@type":"SearchAction","target":{"@type":"EntryPoint","urlTemplate":"https:\/\/www.intoscana.it\/it\/?s={search_term_string}"},"query-input":{"@type":"PropertyValueSpecification","valueRequired":true,"valueName":"search_term_string"}}],"inLanguage":"it-IT"},{"@type":"Person","@id":"https:\/\/www.intoscana.it\/it\/#\/schema\/person\/9eb9daa846a49fe51af39a73d9d1986b","name":"Raffaella Galamini","sameAs":["https:\/\/x.com\/orio"],"url":"https:\/\/www.intoscana.it\/it\/author\/r-galamini\/"}]}},"_links":{"self":[{"href":"https:\/\/www.intoscana.it\/it\/wp-json\/wp\/v2\/posts\/217172","targetHints":{"allow":["GET"]}}],"collection":[{"href":"https:\/\/www.intoscana.it\/it\/wp-json\/wp\/v2\/posts"}],"about":[{"href":"https:\/\/www.intoscana.it\/it\/wp-json\/wp\/v2\/types\/post"}],"author":[{"embeddable":true,"href":"https:\/\/www.intoscana.it\/it\/wp-json\/wp\/v2\/users\/554"}],"replies":[{"embeddable":true,"href":"https:\/\/www.intoscana.it\/it\/wp-json\/wp\/v2\/comments?post=217172"}],"version-history":[{"count":0,"href":"https:\/\/www.intoscana.it\/it\/wp-json\/wp\/v2\/posts\/217172\/revisions"}],"wp:featuredmedia":[{"embeddable":true,"href":"https:\/\/www.intoscana.it\/it\/wp-json\/wp\/v2\/media\/215901"}],"wp:attachment":[{"href":"https:\/\/www.intoscana.it\/it\/wp-json\/wp\/v2\/media?parent=217172"}],"wp:term":[{"taxonomy":"category","embeddable":true,"href":"https:\/\/www.intoscana.it\/it\/wp-json\/wp\/v2\/categories?post=217172"},{"taxonomy":"post_tag","embeddable":true,"href":"https:\/\/www.intoscana.it\/it\/wp-json\/wp\/v2\/tags?post=217172"}],"curies":[{"name":"wp","href":"https:\/\/api.w.org\/{rel}","templated":true}]}}