{"id":217329,"date":"2022-03-12T16:28:24","date_gmt":"2022-03-12T15:28:24","guid":{"rendered":"https:\/\/www.intoscana.it\/it\/?p=217329"},"modified":"2022-03-12T18:49:38","modified_gmt":"2022-03-12T17:49:38","slug":"ventimila-firenze-pace-ucraina-zelensky","status":"publish","type":"post","link":"https:\/\/www.intoscana.it\/it\/ventimila-firenze-pace-ucraina-zelensky\/","title":{"rendered":"In ventimila a Firenze per la pace in Ucraina,  Zelensky: &#8220;Guerra contro i valori che ci uniscono&#8221;"},"content":{"rendered":"<p>Diciassette rintocchi di campana, uno per ogni giorno di guerra,\u00a0 in una piazza Santa Croce stracolma come non accadeva da anni ormai, ventimila persone almeno. E&#8217; la grande manifestazione che da <strong>Firenze<\/strong> unisce tutta l\u2019Europa e altre 100 sue citt\u00e0 in un grande no alla guerra. <strong>\u201cCities stand with Ukraine\u201d<\/strong>, \u00e8 il titolo dell&#8217;evento lanciata dal<a href=\"https:\/\/www.intoscana.it\/it\/articolo\/ucraina-il-sindaco-di-firenze-dario-nardella-lancia-una-manifestazione-europea\/\"><strong>\u00a0<\/strong><strong>sindaco Dario Nardella<\/strong><\/a>\u00a0che ha invitato nel capoluogo toscano\u00a0<strong>tutte le citt\u00e0 dell&#8217;<\/strong><strong>Eurocities.<\/strong><\/p>\n<h3><em>L&#8217;intervento in diretta di Zelensky<\/em><\/h3>\n<p>Dal sagrato della basilica si alternano interventi, presentati dalla conduttrice televisiva e scrittrice\u00a0<strong>Camila Raznovich, <\/strong>ma l&#8217;attesa \u00e8 tutta per il presidente dell&#8217;Ucraina <strong>Volodymyr Zelensky<\/strong> collegato dalla capitale sotto attacco. Dal maxi schermo di 6 metri, accanto alla statua di Dante Alighieri, compare con gli occhi stanchi e la voce ferma, la maglia verde da combattente. <em>&#8220;Saluto tutti gli amici di Ucraina, d&#8217;Europa, tutti amici della libert\u00e0, so che oggi siete oltre 100mila in diverse piazze di diverse citt\u00e0,\u00a0 noi ucraini siamo grati&#8221;<\/em>.<\/p>\n<p>E ricorda un numero, che racchiude la tragedia di questa guerra: <mark>&#8220;<em>Chiediamo di ricordare il numero 79, i 79 bambini uccisi dalla guerra, 79 famiglie distrutte. Dobbiamo fare in modo che questo numero non aumenti e che nessuno lo dimentichi&#8221;. &#8220;Servono sanzioni perch\u00e9 ogni soldato russo capisca il prezzo di ogni sparo contro i civili&#8221;.<\/mark><\/em><\/p>\n<p><em>&#8220;Questa guerra non \u00e8 stata iniziata da noi, questa \u00e8 l&#8217;invasione cinica e crudele da parte della Russia, \u00e8 la guerra contro il popolo ucraino&#8221;<\/em>, ha detto il presidente. <em>&#8220;Le forze armate russe hanno circondato le citt\u00e0 ucraine e le vogliono distruggere. Bombardano 24 ore su 24, bombardano le cliniche, le chiese, le piazze, che sono come le vostre&#8221;. &#8220;Questa guerra non \u00e8 solo contro gli ucraini ma contro i valori che ci uniscono, contro il nostro modo di vivere&#8221;. &#8220;Dite ai vostri politici di chiudere i cieli dell&#8217;Ucraina&#8221;, &#8220;dai razzi, dagli aerei russi, dai missili&#8221;<\/em>.<\/p>\n<p>Applausi, tanti, come la commozione e l&#8217;angoscia per una escalation di violenza e il groviglio di tragici eventi che hanno come caro prezzo solo vite umane. <mark> &#8220;<em>Le persone in fuga, ma anche le persone che restano, le stimiamo a pi\u00f9 di 12 milioni che hanno i bisogni pi\u00f9 elementari di assistenza umanitaria in Ucraina. Hanno bisogno di tutto. Di generi di prima necessit\u00e0, di coperte per ripararsi dal freddo, di cibo, di medicine e lo stesso i rifugiati che si trovano nei paesi vicini. Ci sar\u00e0 poi bisogno di molta accoglienza soprattutto se la crisi durer\u00e0 parecchio tempo, come temiamo&#8221;<\/em>,<\/mark> ha detto <strong>Filippo Grandi<\/strong>, Alto Commissario delle Nazioni Unite per i rifugiati, nel videomessaggio trasmesso alla manifestazione.<\/p>\n<h3><em>La manifestazione, tra musica, videomessaggi e il ricordo di David Sassoli<\/em><\/h3>\n<p>Poco dopo le 15, a dare il via alla manifestazione \u00e8 stata la musica. L\u2019orchestra del <strong>Maggio Musicale Fiorentino<\/strong>, diretta dal\u00a0<strong>maestro Daniele Gatti<\/strong>, dal cenacolo di Santa Croce<strong>\u00a0<\/strong>ha suonato<strong> \u2018Ave Verum Corpus\u2019 di Mozart. <\/strong><\/p>\n<p>Poi gli interventi. Del sindaco di Firenze Dario Nardella:<em> &#8220;Siamo qui per chiedere al governo russo, con tutto il fiato che abbiamo in corpo: fermatevi, fermatevi per favore, prima che le macerie possano seppellire ogni iniziativa diplomatica, fermatevi e ascoltate la voce che viene dalle piazze europee, perch\u00e9 vogliamo la pace&#8221;<\/em>. E i tanti contributi video, tra gli altri, della presidente del Parlamento europeo <strong>Roberta Metsola<\/strong>,\u00a0 del sindaco di Atene K\u1e53stas Bakogi\u00e1nn\u012bs, di Varsavia Rafa\u0142 Trzaskowski e di Marsiglia Beno\u00eet Payan, ma soprattutto quelli di Kiev e di Leopoli.\u00a0 <em>&#8220;Che meraviglia vedere tutti voi uniti con l&#8217;Ucraina, la vostra solidariet\u00e0 \u00e8 importantissima, voglio ringraziare tutto voi italiani per il sostegno enorme al mio paese, grazie a Nardella per questa manifestazione in tante citta&#8217; europee. L&#8217;Ucraina sta difendendo anche l&#8217;Europa e l&#8217;intero mondo democratico, difendiamo i nostri e vostri valori, forza Ucraina, forza Italia&#8221;, <\/em>\u00a0ha detto l&#8217;ambasciatore ucraino <strong>Yaroslav Melnyck<\/strong> presente alla manifestazione.<\/p>\n<p><em>&#8220;Grande Firenze, grande Toscana, grande Italia. Sono felice di vedere questa piazza nuovamente irradiare a tutta l&#8217;Europa la sua vocazione alla pace e l&#8217;auspicio che si arrivi presto ad una tregua&#8221;<\/em>, \u00a0ha detto il presidente della Regione <strong>Eugenio Giani<\/strong>.\u00a0 <em>&#8220;Mi auguro che la tregua ci sia e che anche a partire da una manifestazione come quella di oggi si possa avviare una trattativa che contribuisca a creare davvero le condizioni per fare tacere i fucili, spegnere la voce della guerra e far parlare quella della pace&#8221;.<\/em><\/p>\n<p>Poco dopo le 16.30, la manifestazione si \u00e8 conclusa sulle note di Imagine di John Lennon, cantata in coro da una piazza sempre pi\u00f9 unita.<\/p>\n<h3><em>I manifestanti cantano l&#8217;inno ucraino<\/em><\/h3>\n<p><iframe loading=\"lazy\" title=\"YouTube video player\" src=\"https:\/\/www.youtube.com\/embed\/wkb6Uim3w98\" width=\"800\" height=\"400\" frameborder=\"0\" allowfullscreen=\"allowfullscreen\"><span data-mce-type=\"bookmark\" style=\"display: inline-block; width: 0px; overflow: hidden; line-height: 0;\" class=\"mce_SELRES_start\">\ufeff<\/span><\/iframe><\/p>\n<h3><em>La piazza ricorda David Sassoli<\/em><\/h3>\n<h3><iframe loading=\"lazy\" title=\"YouTube video player\" src=\"https:\/\/www.youtube.com\/embed\/BmnpernRCCg\" width=\"800\" height=\"400\" frameborder=\"0\" allowfullscreen=\"allowfullscreen\"><span data-mce-type=\"bookmark\" style=\"display: inline-block; width: 0px; overflow: hidden; line-height: 0;\" class=\"mce_SELRES_start\">\ufeff<\/span><\/iframe><\/h3>\n<h3><em>Il messaggio del Sindaco di Kiev<\/em><\/h3>\n<p><iframe loading=\"lazy\" title=\"YouTube video player\" src=\"https:\/\/www.youtube.com\/embed\/mfd_BFqDMQo\" width=\"800\" height=\"400\" frameborder=\"0\" allowfullscreen=\"allowfullscreen\"><span data-mce-type=\"bookmark\" style=\"display: inline-block; width: 0px; overflow: hidden; line-height: 0;\" class=\"mce_SELRES_start\">\ufeff<\/span><\/iframe><\/p>\n<h3><em>Il messaggio del sindaco di Leopoli<\/em><\/h3>\n<p><iframe loading=\"lazy\" title=\"YouTube video player\" src=\"https:\/\/www.youtube.com\/embed\/Q18MqbPxB54\" width=\"800\" height=\"400\" frameborder=\"0\" allowfullscreen=\"allowfullscreen\"><span data-mce-type=\"bookmark\" style=\"display: inline-block; width: 0px; overflow: hidden; line-height: 0;\" class=\"mce_SELRES_start\">\ufeff<\/span><\/iframe><\/p>\n<h3><em>Il messaggio dell&#8217;ex calciatore Shevchenko<\/em><\/h3>\n<p><iframe loading=\"lazy\" title=\"YouTube video player\" src=\"https:\/\/www.youtube.com\/embed\/LcAcWKMlP44\" width=\"800\" height=\"400\" frameborder=\"0\" allowfullscreen=\"allowfullscreen\"><span data-mce-type=\"bookmark\" style=\"display: inline-block; width: 0px; overflow: hidden; line-height: 0;\" class=\"mce_SELRES_start\">\ufeff<\/span><\/iframe><\/p>\n<h3><em>Rivedi la manifestazione<\/em><\/h3>\n<p><iframe loading=\"lazy\" title=\"YouTube video player\" src=\"https:\/\/www.youtube.com\/embed\/Pgee1RJLTbo\" width=\"800\" height=\"400\" frameborder=\"0\" allowfullscreen=\"allowfullscreen\"><span data-mce-type=\"bookmark\" style=\"display: inline-block; width: 0px; overflow: hidden; line-height: 0;\" class=\"mce_SELRES_start\">\ufeff<\/span><\/iframe><\/p>\n","protected":false},"excerpt":{"rendered":"<p>Piazza Santa Croce stracolma e colorata dalle bandiere gialle e blu. Il presidente ucraino in collegamento: &#8220;Ricordiamo i 79 bambini uccisi, facciamo in modo che non aumentino&#8221;. Omaggio a David Sassoli<\/p>\n","protected":false},"author":545,"featured_media":217388,"comment_status":"open","ping_status":"open","sticky":false,"template":"","format":"standard","meta":{"_acf_changed":false,"footnotes":""},"categories":[494],"tags":[202,6427],"class_list":["post-217329","post","type-post","status-publish","format-standard","has-post-thumbnail","hentry","category-attualita","tag-firenze","tag-guerra-ucraina"],"acf":[],"yoast_head":"<!-- This site is optimized with the Yoast SEO Premium plugin v24.2 (Yoast SEO v25.6) - https:\/\/yoast.com\/wordpress\/plugins\/seo\/ -->\n<title>Ventimila a Firenze per la pace, Zelensky: &quot;Guerra contro valori che ci uniscono&quot;<\/title>\n<meta name=\"description\" content=\"Piazza Santa Croce stracolma e colorata dalle bandiere gialle e blu. Il presidente ucraino in collegamento: &quot;Ricordiamo i 79 bambini uccisi&quot;\" \/>\n<meta name=\"robots\" content=\"index, follow, max-snippet:-1, max-image-preview:large, max-video-preview:-1\" \/>\n<link rel=\"canonical\" href=\"https:\/\/www.intoscana.it\/it\/ventimila-firenze-pace-ucraina-zelensky\/\" \/>\n<meta property=\"og:locale\" content=\"it_IT\" \/>\n<meta property=\"og:type\" content=\"article\" \/>\n<meta property=\"og:title\" content=\"In ventimila a Firenze per la pace in Ucraina, Zelensky: &quot;Guerra contro i valori che ci uniscono&quot;\" \/>\n<meta property=\"og:description\" content=\"Piazza Santa Croce stracolma e colorata dalle bandiere gialle e blu. Il presidente ucraino in collegamento: &quot;Ricordiamo i 79 bambini uccisi&quot;\" \/>\n<meta property=\"og:url\" content=\"https:\/\/www.intoscana.it\/it\/ventimila-firenze-pace-ucraina-zelensky\/\" \/>\n<meta property=\"og:site_name\" content=\"intoscana\" \/>\n<meta property=\"article:publisher\" content=\"https:\/\/www.facebook.com\/intoscana.it\" \/>\n<meta property=\"article:published_time\" content=\"2022-03-12T15:28:24+00:00\" \/>\n<meta property=\"article:modified_time\" content=\"2022-03-12T17:49:38+00:00\" \/>\n<meta property=\"og:image\" content=\"https:\/\/www.intoscana.it\/wp-content\/uploads\/PRT_7267-scaled-e1647106436487.jpg\" \/>\n\t<meta property=\"og:image:width\" content=\"2048\" \/>\n\t<meta property=\"og:image:height\" content=\"848\" \/>\n\t<meta property=\"og:image:type\" content=\"image\/jpeg\" \/>\n<meta name=\"author\" content=\"Clara D&#039;Acunto\" \/>\n<meta name=\"twitter:card\" content=\"summary_large_image\" \/>\n<meta name=\"twitter:creator\" content=\"@intoscana\" \/>\n<meta name=\"twitter:site\" content=\"@intoscana\" \/>\n<meta name=\"twitter:label1\" content=\"Written by\" \/>\n\t<meta name=\"twitter:data1\" content=\"Clara D&#039;Acunto\" \/>\n\t<meta name=\"twitter:label2\" content=\"Est. reading time\" \/>\n\t<meta name=\"twitter:data2\" content=\"4 minuti\" \/>\n<script type=\"application\/ld+json\" class=\"yoast-schema-graph\">{\"@context\":\"https:\/\/schema.org\",\"@graph\":[{\"@type\":\"WebPage\",\"@id\":\"https:\/\/www.intoscana.it\/it\/ventimila-firenze-pace-ucraina-zelensky\/\",\"url\":\"https:\/\/www.intoscana.it\/it\/ventimila-firenze-pace-ucraina-zelensky\/\",\"name\":\"Ventimila a Firenze per la pace, Zelensky: \\\"Guerra contro valori che ci uniscono\\\"\",\"isPartOf\":{\"@id\":\"https:\/\/www.intoscana.it\/it\/#website\"},\"primaryImageOfPage\":{\"@id\":\"https:\/\/www.intoscana.it\/it\/ventimila-firenze-pace-ucraina-zelensky\/#primaryimage\"},\"image\":{\"@id\":\"https:\/\/www.intoscana.it\/it\/ventimila-firenze-pace-ucraina-zelensky\/#primaryimage\"},\"thumbnailUrl\":\"https:\/\/www.intoscana.it\/wp-content\/uploads\/PRT_7267-scaled-e1647106436487.jpg\",\"datePublished\":\"2022-03-12T15:28:24+00:00\",\"dateModified\":\"2022-03-12T17:49:38+00:00\",\"author\":{\"@id\":\"https:\/\/www.intoscana.it\/it\/#\/schema\/person\/137419af9ef5d385bde52864a841e6ce\"},\"description\":\"Piazza Santa Croce stracolma e colorata dalle bandiere gialle e blu. Il presidente ucraino in collegamento: \\\"Ricordiamo i 79 bambini uccisi\\\"\",\"breadcrumb\":{\"@id\":\"https:\/\/www.intoscana.it\/it\/ventimila-firenze-pace-ucraina-zelensky\/#breadcrumb\"},\"inLanguage\":\"it-IT\",\"potentialAction\":[{\"@type\":\"ReadAction\",\"target\":[\"https:\/\/www.intoscana.it\/it\/ventimila-firenze-pace-ucraina-zelensky\/\"]}]},{\"@type\":\"ImageObject\",\"inLanguage\":\"it-IT\",\"@id\":\"https:\/\/www.intoscana.it\/it\/ventimila-firenze-pace-ucraina-zelensky\/#primaryimage\",\"url\":\"https:\/\/www.intoscana.it\/wp-content\/uploads\/PRT_7267-scaled-e1647106436487.jpg\",\"contentUrl\":\"https:\/\/www.intoscana.it\/wp-content\/uploads\/PRT_7267-scaled-e1647106436487.jpg\",\"width\":2048,\"height\":848},{\"@type\":\"BreadcrumbList\",\"@id\":\"https:\/\/www.intoscana.it\/it\/ventimila-firenze-pace-ucraina-zelensky\/#breadcrumb\",\"itemListElement\":[{\"@type\":\"ListItem\",\"position\":1,\"name\":\"Home\",\"item\":\"https:\/\/www.intoscana.it\/it\/\"},{\"@type\":\"ListItem\",\"position\":2,\"name\":\"In ventimila a Firenze per la pace in Ucraina, Zelensky: &#8220;Guerra contro i valori che ci uniscono&#8221;\"}]},{\"@type\":\"WebSite\",\"@id\":\"https:\/\/www.intoscana.it\/it\/#website\",\"url\":\"https:\/\/www.intoscana.it\/it\/\",\"name\":\"intoscana\",\"description\":\"\",\"potentialAction\":[{\"@type\":\"SearchAction\",\"target\":{\"@type\":\"EntryPoint\",\"urlTemplate\":\"https:\/\/www.intoscana.it\/it\/?s={search_term_string}\"},\"query-input\":{\"@type\":\"PropertyValueSpecification\",\"valueRequired\":true,\"valueName\":\"search_term_string\"}}],\"inLanguage\":\"it-IT\"},{\"@type\":\"Person\",\"@id\":\"https:\/\/www.intoscana.it\/it\/#\/schema\/person\/137419af9ef5d385bde52864a841e6ce\",\"name\":\"Clara D'Acunto\",\"url\":\"https:\/\/www.intoscana.it\/it\/author\/clara-d_acunto\/\"}]}<\/script>\n<!-- \/ Yoast SEO Premium plugin. -->","yoast_head_json":{"title":"Ventimila a Firenze per la pace, Zelensky: \"Guerra contro valori che ci uniscono\"","description":"Piazza Santa Croce stracolma e colorata dalle bandiere gialle e blu. Il presidente ucraino in collegamento: \"Ricordiamo i 79 bambini uccisi\"","robots":{"index":"index","follow":"follow","max-snippet":"max-snippet:-1","max-image-preview":"max-image-preview:large","max-video-preview":"max-video-preview:-1"},"canonical":"https:\/\/www.intoscana.it\/it\/ventimila-firenze-pace-ucraina-zelensky\/","og_locale":"it_IT","og_type":"article","og_title":"In ventimila a Firenze per la pace in Ucraina, Zelensky: \"Guerra contro i valori che ci uniscono\"","og_description":"Piazza Santa Croce stracolma e colorata dalle bandiere gialle e blu. Il presidente ucraino in collegamento: \"Ricordiamo i 79 bambini uccisi\"","og_url":"https:\/\/www.intoscana.it\/it\/ventimila-firenze-pace-ucraina-zelensky\/","og_site_name":"intoscana","article_publisher":"https:\/\/www.facebook.com\/intoscana.it","article_published_time":"2022-03-12T15:28:24+00:00","article_modified_time":"2022-03-12T17:49:38+00:00","og_image":[{"width":2048,"height":848,"url":"https:\/\/www.intoscana.it\/wp-content\/uploads\/PRT_7267-scaled-e1647106436487.jpg","type":"image\/jpeg"}],"author":"Clara D'Acunto","twitter_card":"summary_large_image","twitter_creator":"@intoscana","twitter_site":"@intoscana","twitter_misc":{"Written by":"Clara D'Acunto","Est. reading time":"4 minuti"},"schema":{"@context":"https:\/\/schema.org","@graph":[{"@type":"WebPage","@id":"https:\/\/www.intoscana.it\/it\/ventimila-firenze-pace-ucraina-zelensky\/","url":"https:\/\/www.intoscana.it\/it\/ventimila-firenze-pace-ucraina-zelensky\/","name":"Ventimila a Firenze per la pace, Zelensky: \"Guerra contro valori che ci uniscono\"","isPartOf":{"@id":"https:\/\/www.intoscana.it\/it\/#website"},"primaryImageOfPage":{"@id":"https:\/\/www.intoscana.it\/it\/ventimila-firenze-pace-ucraina-zelensky\/#primaryimage"},"image":{"@id":"https:\/\/www.intoscana.it\/it\/ventimila-firenze-pace-ucraina-zelensky\/#primaryimage"},"thumbnailUrl":"https:\/\/www.intoscana.it\/wp-content\/uploads\/PRT_7267-scaled-e1647106436487.jpg","datePublished":"2022-03-12T15:28:24+00:00","dateModified":"2022-03-12T17:49:38+00:00","author":{"@id":"https:\/\/www.intoscana.it\/it\/#\/schema\/person\/137419af9ef5d385bde52864a841e6ce"},"description":"Piazza Santa Croce stracolma e colorata dalle bandiere gialle e blu. Il presidente ucraino in collegamento: \"Ricordiamo i 79 bambini uccisi\"","breadcrumb":{"@id":"https:\/\/www.intoscana.it\/it\/ventimila-firenze-pace-ucraina-zelensky\/#breadcrumb"},"inLanguage":"it-IT","potentialAction":[{"@type":"ReadAction","target":["https:\/\/www.intoscana.it\/it\/ventimila-firenze-pace-ucraina-zelensky\/"]}]},{"@type":"ImageObject","inLanguage":"it-IT","@id":"https:\/\/www.intoscana.it\/it\/ventimila-firenze-pace-ucraina-zelensky\/#primaryimage","url":"https:\/\/www.intoscana.it\/wp-content\/uploads\/PRT_7267-scaled-e1647106436487.jpg","contentUrl":"https:\/\/www.intoscana.it\/wp-content\/uploads\/PRT_7267-scaled-e1647106436487.jpg","width":2048,"height":848},{"@type":"BreadcrumbList","@id":"https:\/\/www.intoscana.it\/it\/ventimila-firenze-pace-ucraina-zelensky\/#breadcrumb","itemListElement":[{"@type":"ListItem","position":1,"name":"Home","item":"https:\/\/www.intoscana.it\/it\/"},{"@type":"ListItem","position":2,"name":"In ventimila a Firenze per la pace in Ucraina, Zelensky: &#8220;Guerra contro i valori che ci uniscono&#8221;"}]},{"@type":"WebSite","@id":"https:\/\/www.intoscana.it\/it\/#website","url":"https:\/\/www.intoscana.it\/it\/","name":"intoscana","description":"","potentialAction":[{"@type":"SearchAction","target":{"@type":"EntryPoint","urlTemplate":"https:\/\/www.intoscana.it\/it\/?s={search_term_string}"},"query-input":{"@type":"PropertyValueSpecification","valueRequired":true,"valueName":"search_term_string"}}],"inLanguage":"it-IT"},{"@type":"Person","@id":"https:\/\/www.intoscana.it\/it\/#\/schema\/person\/137419af9ef5d385bde52864a841e6ce","name":"Clara D'Acunto","url":"https:\/\/www.intoscana.it\/it\/author\/clara-d_acunto\/"}]}},"_links":{"self":[{"href":"https:\/\/www.intoscana.it\/it\/wp-json\/wp\/v2\/posts\/217329","targetHints":{"allow":["GET"]}}],"collection":[{"href":"https:\/\/www.intoscana.it\/it\/wp-json\/wp\/v2\/posts"}],"about":[{"href":"https:\/\/www.intoscana.it\/it\/wp-json\/wp\/v2\/types\/post"}],"author":[{"embeddable":true,"href":"https:\/\/www.intoscana.it\/it\/wp-json\/wp\/v2\/users\/545"}],"replies":[{"embeddable":true,"href":"https:\/\/www.intoscana.it\/it\/wp-json\/wp\/v2\/comments?post=217329"}],"version-history":[{"count":0,"href":"https:\/\/www.intoscana.it\/it\/wp-json\/wp\/v2\/posts\/217329\/revisions"}],"wp:featuredmedia":[{"embeddable":true,"href":"https:\/\/www.intoscana.it\/it\/wp-json\/wp\/v2\/media\/217388"}],"wp:attachment":[{"href":"https:\/\/www.intoscana.it\/it\/wp-json\/wp\/v2\/media?parent=217329"}],"wp:term":[{"taxonomy":"category","embeddable":true,"href":"https:\/\/www.intoscana.it\/it\/wp-json\/wp\/v2\/categories?post=217329"},{"taxonomy":"post_tag","embeddable":true,"href":"https:\/\/www.intoscana.it\/it\/wp-json\/wp\/v2\/tags?post=217329"}],"curies":[{"name":"wp","href":"https:\/\/api.w.org\/{rel}","templated":true}]}}