{"id":217562,"date":"2022-03-15T09:21:55","date_gmt":"2022-03-15T08:21:55","guid":{"rendered":"https:\/\/www.intoscana.it\/it\/?p=217562"},"modified":"2022-03-15T12:43:08","modified_gmt":"2022-03-15T11:43:08","slug":"camaiore-colazione-contadino-esperienza-viaggio","status":"publish","type":"post","link":"https:\/\/www.intoscana.it\/it\/camaiore-colazione-contadino-esperienza-viaggio\/","title":{"rendered":"A Camaiore la colazione del contadino (da gustare nel podere)"},"content":{"rendered":"<p>Ci sono luoghi dove le distanze sembrano azzerarsi. Tutto diventa accessibile, vicino, a portata di mano. Ci sono luoghi dove le relazioni dirette sono ancora un valore portante di cui \u00e8 difficile fare a meno. Me lo ricorda in una mattina di marzo un ex commercialista, oggi contadino a tempo pieno. <a href=\"https:\/\/www.facebook.com\/watch\/?v=452227882892300\" target=\"_blank\" rel=\"noopener\"><strong>Alvaro Pardini<\/strong> <\/a>\u00e8 un piccolo produttore di<strong> Capezzano Pianore<\/strong>, una frazione di <strong>Camaiore,<\/strong> naturale passaggio tra il mare e le Apuane. Nel mezzo, in quella piana che conduce al borgo, si alternano case e poderi dove si coltivano frutta e verdura.<\/p>\n<p>Pardini \u00e8 da sempre un convinto sostenitore che i piccoli produttori come lui possano essere un punto di forza per Camaiore e la Versilia.\u00a0 Da qui la nascita dell&#8217;Agenda della qualit\u00e0 del cibo e poi ancora il distretto locale per mettere insieme una rete di agricoltori, ristoratori, balneari, albergatori: offerta e domanda che si incontrano. L&#8217;obiettivo? Portare sulle tavole dei viaggiatori il cibo locale.<\/p>\n<h3><strong>La colazione del contadino di Camaiore<\/strong><\/h3>\n<p>Pardini ci crede: gi\u00e0 nel post pandemia aveva lanciato con la sua azienda un percorso di degustazione legato al fico della Via Francigena (<a href=\"https:\/\/www.intoscana.it\/it\/podcast\/alvaro-pardini-il-fico-della-via-francigena-dolce-premio-per-i-viandanti\/\" target=\"_blank\" rel=\"noopener\"><strong>il podcast<\/strong><\/a>). Oggi punta ancora una volta a portare gli ospiti in azienda con<strong> &#8220;la colazione del contadino&#8221;.\u00a0<\/strong><\/p>\n<p><em>&#8220;Quest&#8217;anno vorrei far assistere cittadini o viaggiatori alla raccolta della produzione sui miei campi. Vedere come si raccoglie il prodotto, come si lavora e trasporta. E poi dare delle piccole idee su come consumarlo. Cos\u00ec ho pensato alla colazione del contadino, da far degustare ai nostri ospiti&#8221;.<\/em><\/p>\n<p>Un&#8217;idea che nasce ripensando alle vecchie usanze quando i contadini, durante la<strong> trebbiatura del grano <\/strong>e\u00a0nelle brevi soste dal lavoro, facevano nutrienti colazioni partendo dalle materie prime pi\u00f9 semplici ma assolutamente gustose. <em>&#8220;Il piatto della colazione altro non era che pane fatto in casa, pomodori e cipolla, il tutto condito con l&#8217;aceto buono, quello con la madre&#8221;<\/em>.<\/p>\n<p><span class=\"citazione\"> La colazione del contadino? Insalata appena raccolta e pomodori, il tutto accompagnato da una schiacciata locale con fico e lardo di Camaiore\u00a0 <\/span><\/p>\n<p>E oggi? <strong>Pardini<\/strong> per gli ospiti che verranno in estate ha gi\u00e0 la sua ricetta per la<strong> colazione del contadino di Camaiore<\/strong>. <em>&#8220;Un&#8217;insalata con pomodori appena raccolti. Il tutto accompagnato, in versione dolce-salata da una schiacciata locale accompagnata dal fico e lardo di Camaiore. E per finire un sorbetto, sempre a base dei fichi che produco&#8221;.<\/em><\/p>\n<p><em>&#8220;A dire il vero<\/em> &#8211; continua poi &#8211; <em>non \u00e8 meglio un bel piatto di pane, olio, un pizzico di sale e una strusciata di pomodoro rispetto ad una brioches? Una colazione perfetta per tutti&#8221;.<\/em><\/p>\n<figure id=\"post-217657 media-217657\" class=\"align-none\"><img decoding=\"async\" src=\"https:\/\/www.intoscana.it\/wp-content\/uploads\/colazione-del-contadino.jpg\" alt=\"\" \/><\/figure>\n<div class=\"titleimg\">La colazione del contadino &#8211; \u00a9 Azienda Agricola Caravello<\/div>\n<div><\/div>\n<h3><strong>Il patto tra contadini, ristoratori, balneari e operatori del turismo<\/strong><\/h3>\n<p>Ed \u00e8 discutendo di cibo, di turismo e di agricoltura che non si pu\u00f2 fare a meno di un &#8220;patto&#8221; tra produttori, ristoratori, operatori del settore turistico. Perch\u00e8 quando si parla del racconto di una terra, del viaggiare autentico, non si pu\u00f2 fare a meno del fattore enogastronomico. L&#8217;esperienza di viaggio passa anche dalla cultura gastronomica locale. Un concetto di cui lo stesso Pardini \u00e8 voce, anima e cuore.<\/p>\n<p><em>&#8220;ll patto deve essere con tutta la filiera del cibo, da chi lo produce a chi lo trasforma, fino a chi lo trasporta. Sarebbe interessante &#8211; attraverso internet-\u00a0 mettere direttamente online la produzione giornaliera degli agricoltori del distretto e da l\u00ec\u00a0 attivare gli ordini da parte di ristoranti, stabilimenti balneari oppure hotel&#8221;.<\/em><\/p>\n<p><span class=\"citazione\"> Bisognerebbe rivalutare il territorio, considerarlo un bene sociale <\/span><\/p>\n<p>Un progetto che parte dal noi e che non riguarda solo il turismo ma va oltre. <em>&#8220;Si tratta di condividere idee e progetti. Devono entrare in ballo i produttori, gli utilizzatori ma sopratutto l&#8217;ente locale che dovrebbe provare anche a invogliare molti giovani a dedicarsi all&#8217;agricoltura, alla terra, soprattuto quella abbandonata. Bisognerebbe rivalutare il territorio, considerarlo un bene sociale, perch\u00e9 il territorio \u00e8 di tutti e bisognerebbe poterlo rivivere e riconquistare, curandolo&#8221;.<\/em><\/p>\n<figure id=\"post-217652 media-217652\" class=\"align-none\"><img decoding=\"async\" src=\"https:\/\/www.intoscana.it\/wp-content\/uploads\/azienda-caravello-camaiore.jpg\" alt=\"\" \/><\/figure>\n<div class=\"titleimg\">Capezzano Pianore, l&#8217;azienda agricola di Alvaro Pardini &#8211; \u00a9 Azienda Agricola Caravello<\/div>\n<div><\/div>\n<h3><strong>Camaiore, i contadini ci mettono la faccia<\/strong><\/h3>\n<p><span class=\"citazione\"> Sostenibilit\u00e0 significa prima di tutto responsabilit\u00e0 del produttore <\/span><\/p>\n<p>La cura della terra, un concetto caro al contadino Pardini. Ne parliamo davanti ai suoi campi, ai suoi fichi secolari.<em> &#8220;A Camaiore noi abbiamo un&#8217;agricoltura sostenibile&#8221;, <\/em>mi dice orgoglioso. Poi va avanti. <em>&#8220;Sa cosa vuol dire? Significa soprattutto responsabilit\u00e0 del produttore. Ogni giorno noi piccoli agricoltori ci mettiamo la faccia: chi viene a comprare direttamente in azienda vede la mia faccia, chi acquista al mercato ortofrutticolo legge il mio nome e cognome sulle cassette di frutta e verdura. Anche questa \u00e8 una garanzia per il prodotto che semino, accudisco, raccolgo, confeziono, distribuisco, vendo. Sono sempre io, in tutta la filiera&#8221;.<\/em><\/p>\n<p>Si tratta di reputazione. Si tratta di credere in ci\u00f2 che si fa e di dimostrarlo. Pardini mi parla di progetti e sorride. <em>&#8220;Il contadino ha uno spazio buono per sognare&#8221;,<\/em> mi confessa. E poi torna a parlare dei suoi campi, della sua Versilia, di Camaiore. Di quella terra &#8220;vicina&#8221;, dove tutto sembra ancora umano e possibile.<\/p>\n","protected":false},"excerpt":{"rendered":"<p>Il produttore di Capezzano Pianore lancia una nuova esperienza per i viaggiatori, da vivere direttamente sul &#8220;campo&#8221;: assistere alla raccolta e poi gustare i prodotti, in azienda. E poi lancia un monito: &#8220;Bisognerebbe considerare il territorio un bene sociale, perch\u00e9 il territorio \u00e8 di tutti e bisognerebbe poterlo rivivere e riconquistare, curandolo&#8221;<\/p>\n","protected":false},"author":513,"featured_media":217653,"comment_status":"open","ping_status":"open","sticky":false,"template":"","format":"standard","meta":{"_acf_changed":false,"footnotes":""},"categories":[8],"tags":[363,5580,4729,143,3709,173],"class_list":["post-217562","post","type-post","status-publish","format-standard","has-post-thumbnail","hentry","category-enogastronomia","tag-agricoltura","tag-camaiore","tag-storie-di-moderni-contadini","tag-turismo","tag-versilia","tag-via-francigena"],"acf":[],"yoast_head":"<!-- This site is optimized with the Yoast SEO Premium plugin v24.2 (Yoast SEO v25.6) - https:\/\/yoast.com\/wordpress\/plugins\/seo\/ -->\n<title>A Camaiore la colazione del contadino (da gustare nel podere) - intoscana<\/title>\n<meta name=\"description\" content=\"Alvaro Pardini, contadino di Camaiore, racconta del patto tra agricoltori e ristoratori, oltre alle nuove idee per l&#039;esperienza di viaggio.\" \/>\n<meta name=\"robots\" content=\"index, follow, max-snippet:-1, max-image-preview:large, max-video-preview:-1\" \/>\n<link rel=\"canonical\" href=\"https:\/\/www.intoscana.it\/it\/camaiore-colazione-contadino-esperienza-viaggio\/\" \/>\n<meta property=\"og:locale\" content=\"it_IT\" \/>\n<meta property=\"og:type\" content=\"article\" \/>\n<meta property=\"og:title\" content=\"A Camaiore la colazione del contadino (da gustare nel podere)\" \/>\n<meta property=\"og:description\" content=\"Alvaro Pardini, contadino di Camaiore, racconta del patto tra agricoltori e ristoratori, oltre alle nuove idee per l&#039;esperienza di viaggio.\" \/>\n<meta property=\"og:url\" content=\"https:\/\/www.intoscana.it\/it\/camaiore-colazione-contadino-esperienza-viaggio\/\" \/>\n<meta property=\"og:site_name\" content=\"intoscana\" \/>\n<meta property=\"article:publisher\" content=\"https:\/\/www.facebook.com\/intoscana.it\" \/>\n<meta property=\"article:published_time\" content=\"2022-03-15T08:21:55+00:00\" \/>\n<meta property=\"article:modified_time\" content=\"2022-03-15T11:43:08+00:00\" \/>\n<meta property=\"og:image\" content=\"https:\/\/www.intoscana.it\/wp-content\/uploads\/alvaro-pardini-e1647344584384.jpg\" \/>\n\t<meta property=\"og:image:width\" content=\"667\" \/>\n\t<meta property=\"og:image:height\" content=\"730\" \/>\n\t<meta property=\"og:image:type\" content=\"image\/jpeg\" \/>\n<meta name=\"author\" content=\"Simona Bellocci\" \/>\n<meta name=\"twitter:card\" content=\"summary_large_image\" \/>\n<meta name=\"twitter:creator\" content=\"@intoscana\" \/>\n<meta name=\"twitter:site\" content=\"@intoscana\" \/>\n<meta name=\"twitter:label1\" content=\"Written by\" \/>\n\t<meta name=\"twitter:data1\" content=\"Simona Bellocci\" \/>\n\t<meta name=\"twitter:label2\" content=\"Est. reading time\" \/>\n\t<meta name=\"twitter:data2\" content=\"4 minuti\" \/>\n<script type=\"application\/ld+json\" class=\"yoast-schema-graph\">{\"@context\":\"https:\/\/schema.org\",\"@graph\":[{\"@type\":\"WebPage\",\"@id\":\"https:\/\/www.intoscana.it\/it\/camaiore-colazione-contadino-esperienza-viaggio\/\",\"url\":\"https:\/\/www.intoscana.it\/it\/camaiore-colazione-contadino-esperienza-viaggio\/\",\"name\":\"A Camaiore la colazione del contadino (da gustare nel podere) - intoscana\",\"isPartOf\":{\"@id\":\"https:\/\/www.intoscana.it\/it\/#website\"},\"primaryImageOfPage\":{\"@id\":\"https:\/\/www.intoscana.it\/it\/camaiore-colazione-contadino-esperienza-viaggio\/#primaryimage\"},\"image\":{\"@id\":\"https:\/\/www.intoscana.it\/it\/camaiore-colazione-contadino-esperienza-viaggio\/#primaryimage\"},\"thumbnailUrl\":\"https:\/\/www.intoscana.it\/wp-content\/uploads\/alvaro-pardini-e1647344584384.jpg\",\"datePublished\":\"2022-03-15T08:21:55+00:00\",\"dateModified\":\"2022-03-15T11:43:08+00:00\",\"author\":{\"@id\":\"https:\/\/www.intoscana.it\/it\/#\/schema\/person\/43a95334a6f068317e0b7acba24f9e87\"},\"description\":\"Alvaro Pardini, contadino di Camaiore, racconta del patto tra agricoltori e ristoratori, oltre alle nuove idee per l'esperienza di viaggio.\",\"breadcrumb\":{\"@id\":\"https:\/\/www.intoscana.it\/it\/camaiore-colazione-contadino-esperienza-viaggio\/#breadcrumb\"},\"inLanguage\":\"it-IT\",\"potentialAction\":[{\"@type\":\"ReadAction\",\"target\":[\"https:\/\/www.intoscana.it\/it\/camaiore-colazione-contadino-esperienza-viaggio\/\"]}]},{\"@type\":\"ImageObject\",\"inLanguage\":\"it-IT\",\"@id\":\"https:\/\/www.intoscana.it\/it\/camaiore-colazione-contadino-esperienza-viaggio\/#primaryimage\",\"url\":\"https:\/\/www.intoscana.it\/wp-content\/uploads\/alvaro-pardini-e1647344584384.jpg\",\"contentUrl\":\"https:\/\/www.intoscana.it\/wp-content\/uploads\/alvaro-pardini-e1647344584384.jpg\",\"width\":667,\"height\":730},{\"@type\":\"BreadcrumbList\",\"@id\":\"https:\/\/www.intoscana.it\/it\/camaiore-colazione-contadino-esperienza-viaggio\/#breadcrumb\",\"itemListElement\":[{\"@type\":\"ListItem\",\"position\":1,\"name\":\"Home\",\"item\":\"https:\/\/www.intoscana.it\/it\/\"},{\"@type\":\"ListItem\",\"position\":2,\"name\":\"A Camaiore la colazione del contadino (da gustare nel podere)\"}]},{\"@type\":\"WebSite\",\"@id\":\"https:\/\/www.intoscana.it\/it\/#website\",\"url\":\"https:\/\/www.intoscana.it\/it\/\",\"name\":\"intoscana\",\"description\":\"\",\"potentialAction\":[{\"@type\":\"SearchAction\",\"target\":{\"@type\":\"EntryPoint\",\"urlTemplate\":\"https:\/\/www.intoscana.it\/it\/?s={search_term_string}\"},\"query-input\":{\"@type\":\"PropertyValueSpecification\",\"valueRequired\":true,\"valueName\":\"search_term_string\"}}],\"inLanguage\":\"it-IT\"},{\"@type\":\"Person\",\"@id\":\"https:\/\/www.intoscana.it\/it\/#\/schema\/person\/43a95334a6f068317e0b7acba24f9e87\",\"name\":\"Simona Bellocci\",\"url\":\"https:\/\/www.intoscana.it\/it\/author\/simona-bellocci\/\"}]}<\/script>\n<!-- \/ Yoast SEO Premium plugin. -->","yoast_head_json":{"title":"A Camaiore la colazione del contadino (da gustare nel podere) - intoscana","description":"Alvaro Pardini, contadino di Camaiore, racconta del patto tra agricoltori e ristoratori, oltre alle nuove idee per l'esperienza di viaggio.","robots":{"index":"index","follow":"follow","max-snippet":"max-snippet:-1","max-image-preview":"max-image-preview:large","max-video-preview":"max-video-preview:-1"},"canonical":"https:\/\/www.intoscana.it\/it\/camaiore-colazione-contadino-esperienza-viaggio\/","og_locale":"it_IT","og_type":"article","og_title":"A Camaiore la colazione del contadino (da gustare nel podere)","og_description":"Alvaro Pardini, contadino di Camaiore, racconta del patto tra agricoltori e ristoratori, oltre alle nuove idee per l'esperienza di viaggio.","og_url":"https:\/\/www.intoscana.it\/it\/camaiore-colazione-contadino-esperienza-viaggio\/","og_site_name":"intoscana","article_publisher":"https:\/\/www.facebook.com\/intoscana.it","article_published_time":"2022-03-15T08:21:55+00:00","article_modified_time":"2022-03-15T11:43:08+00:00","og_image":[{"width":667,"height":730,"url":"https:\/\/www.intoscana.it\/wp-content\/uploads\/alvaro-pardini-e1647344584384.jpg","type":"image\/jpeg"}],"author":"Simona Bellocci","twitter_card":"summary_large_image","twitter_creator":"@intoscana","twitter_site":"@intoscana","twitter_misc":{"Written by":"Simona Bellocci","Est. reading time":"4 minuti"},"schema":{"@context":"https:\/\/schema.org","@graph":[{"@type":"WebPage","@id":"https:\/\/www.intoscana.it\/it\/camaiore-colazione-contadino-esperienza-viaggio\/","url":"https:\/\/www.intoscana.it\/it\/camaiore-colazione-contadino-esperienza-viaggio\/","name":"A Camaiore la colazione del contadino (da gustare nel podere) - intoscana","isPartOf":{"@id":"https:\/\/www.intoscana.it\/it\/#website"},"primaryImageOfPage":{"@id":"https:\/\/www.intoscana.it\/it\/camaiore-colazione-contadino-esperienza-viaggio\/#primaryimage"},"image":{"@id":"https:\/\/www.intoscana.it\/it\/camaiore-colazione-contadino-esperienza-viaggio\/#primaryimage"},"thumbnailUrl":"https:\/\/www.intoscana.it\/wp-content\/uploads\/alvaro-pardini-e1647344584384.jpg","datePublished":"2022-03-15T08:21:55+00:00","dateModified":"2022-03-15T11:43:08+00:00","author":{"@id":"https:\/\/www.intoscana.it\/it\/#\/schema\/person\/43a95334a6f068317e0b7acba24f9e87"},"description":"Alvaro Pardini, contadino di Camaiore, racconta del patto tra agricoltori e ristoratori, oltre alle nuove idee per l'esperienza di viaggio.","breadcrumb":{"@id":"https:\/\/www.intoscana.it\/it\/camaiore-colazione-contadino-esperienza-viaggio\/#breadcrumb"},"inLanguage":"it-IT","potentialAction":[{"@type":"ReadAction","target":["https:\/\/www.intoscana.it\/it\/camaiore-colazione-contadino-esperienza-viaggio\/"]}]},{"@type":"ImageObject","inLanguage":"it-IT","@id":"https:\/\/www.intoscana.it\/it\/camaiore-colazione-contadino-esperienza-viaggio\/#primaryimage","url":"https:\/\/www.intoscana.it\/wp-content\/uploads\/alvaro-pardini-e1647344584384.jpg","contentUrl":"https:\/\/www.intoscana.it\/wp-content\/uploads\/alvaro-pardini-e1647344584384.jpg","width":667,"height":730},{"@type":"BreadcrumbList","@id":"https:\/\/www.intoscana.it\/it\/camaiore-colazione-contadino-esperienza-viaggio\/#breadcrumb","itemListElement":[{"@type":"ListItem","position":1,"name":"Home","item":"https:\/\/www.intoscana.it\/it\/"},{"@type":"ListItem","position":2,"name":"A Camaiore la colazione del contadino (da gustare nel podere)"}]},{"@type":"WebSite","@id":"https:\/\/www.intoscana.it\/it\/#website","url":"https:\/\/www.intoscana.it\/it\/","name":"intoscana","description":"","potentialAction":[{"@type":"SearchAction","target":{"@type":"EntryPoint","urlTemplate":"https:\/\/www.intoscana.it\/it\/?s={search_term_string}"},"query-input":{"@type":"PropertyValueSpecification","valueRequired":true,"valueName":"search_term_string"}}],"inLanguage":"it-IT"},{"@type":"Person","@id":"https:\/\/www.intoscana.it\/it\/#\/schema\/person\/43a95334a6f068317e0b7acba24f9e87","name":"Simona Bellocci","url":"https:\/\/www.intoscana.it\/it\/author\/simona-bellocci\/"}]}},"_links":{"self":[{"href":"https:\/\/www.intoscana.it\/it\/wp-json\/wp\/v2\/posts\/217562","targetHints":{"allow":["GET"]}}],"collection":[{"href":"https:\/\/www.intoscana.it\/it\/wp-json\/wp\/v2\/posts"}],"about":[{"href":"https:\/\/www.intoscana.it\/it\/wp-json\/wp\/v2\/types\/post"}],"author":[{"embeddable":true,"href":"https:\/\/www.intoscana.it\/it\/wp-json\/wp\/v2\/users\/513"}],"replies":[{"embeddable":true,"href":"https:\/\/www.intoscana.it\/it\/wp-json\/wp\/v2\/comments?post=217562"}],"version-history":[{"count":0,"href":"https:\/\/www.intoscana.it\/it\/wp-json\/wp\/v2\/posts\/217562\/revisions"}],"wp:featuredmedia":[{"embeddable":true,"href":"https:\/\/www.intoscana.it\/it\/wp-json\/wp\/v2\/media\/217653"}],"wp:attachment":[{"href":"https:\/\/www.intoscana.it\/it\/wp-json\/wp\/v2\/media?parent=217562"}],"wp:term":[{"taxonomy":"category","embeddable":true,"href":"https:\/\/www.intoscana.it\/it\/wp-json\/wp\/v2\/categories?post=217562"},{"taxonomy":"post_tag","embeddable":true,"href":"https:\/\/www.intoscana.it\/it\/wp-json\/wp\/v2\/tags?post=217562"}],"curies":[{"name":"wp","href":"https:\/\/api.w.org\/{rel}","templated":true}]}}