{"id":217816,"date":"2022-03-15T12:54:47","date_gmt":"2022-03-15T11:54:47","guid":{"rendered":"https:\/\/www.intoscana.it\/it\/?p=217816"},"modified":"2022-03-15T12:54:47","modified_gmt":"2022-03-15T11:54:47","slug":"o-flos-colende-a-firenze-meditazioni-quaresimali-accompagnate-dalla-musica-sacra","status":"publish","type":"post","link":"https:\/\/www.intoscana.it\/it\/o-flos-colende-a-firenze-meditazioni-quaresimali-accompagnate-dalla-musica-sacra\/","title":{"rendered":"&#8220;O Flos Colende&#8221;: a Firenze meditazioni quaresimali accompagnate dalla musica sacra"},"content":{"rendered":"<p>Torna anche quest\u2019anno nella <strong>Cattedrale di Firenze<\/strong> il ciclo di <strong>meditazioni quaresimali<\/strong> con musica condotte dal <strong>cardinale Giuseppe Betori<\/strong> con la direzione artistica del <strong>maestro Gabriele Giacomelli.<\/strong><\/p>\n<p>Alla lettura del Vangelo e all\u2019esegesi del cardinale si accompagna la <strong>musica legata alla storia della Cattedrale fiorentina<\/strong> ed eseguita da quattro valenti complessi musicali.<\/p>\n<p><em>\u201cO flos colende mantiene la specificit\u00e0 che la contraddistingue da tutte le altre rassegne &#8211;<\/em><strong> afferma il maestroGabriele Giacomelli<\/strong><em> &#8211; ossia la valorizzazione del patrimonio musicale legato alla storia della Cattedrale, in parte conservato nell\u2019Archivio dell\u2019Opera del Duomo. Quest\u2019anno proponiamo, ad esempio, una Passione di fine Cinquecento ancora inedita, presente in un manoscritto dell\u2019Archivio: \u00e8 musica severa e cupa, che ben si addice a questo momento di grande sofferenza per tutti, ma che contiene anche un messaggio di cristiana speranza\u201d.<\/em><\/p>\n<h3>La Passione secondo San Luca eseguita per la prima volta<\/h3>\n<p>Verr\u00e0 proposta per la prima volta in tempi moderni la <em><strong>Passione secondo San Luca<\/strong><\/em> (Passio Domini nostri Jesu Christi secundum Lucam) <strong>di Anonimo della fine del XVI secolo<\/strong> trascritta per l\u2019occasione da Gabriele Giacomelli, che l\u2019ha rintracciata in un manoscritto dell\u2019<strong>Archivio dell\u2019Opera di Santa Maria del Fiore.<\/strong><\/p>\n<p>Si tratta di un interessante lavoro che<strong> fu eseguito in Cattedrale varie volte tra XVI e XVII secolo<\/strong> nella <strong>Settimana Santa<\/strong> e che viene in questa occasione suddiviso in quattro parti, una per ciascuna delle quattro serate.<\/p>\n<p><strong>\u00c8 musica per sole voci<\/strong> di registro medio-grave, dal carattere severo e diretto, adatto per evocare la tragicit\u00e0 della Passione di Cristo con una immediatezza comprensibile a tutti.<\/p>\n<h3>Gli altri concerti in programma<\/h3>\n<p>Oltre a questa Passione anonima saranno eseguiti in ciascuno dei quattro appuntamenti <strong>due Responsori della Settimana Santa di Marco da Gagliano,<\/strong> che fu maestro di cappella di Santa Maria del Fiore dal 1608 al 1643.<\/p>\n<p>Da Gagliano era <strong>il compositore pi\u00f9 conosciuto nella Firenze del primo Seicento,<\/strong> tanto che gli furono commissionate oltre a innumerevoli composizioni sacre anche opere (La Dafne) e balletti per la corte medicea.<\/p>\n<p>I suoi <strong>Responsori, pubblicati nel 1630<\/strong>, erano cos\u00ec tanto stimati che rimasero nel repertorio della Cattedrale fino all\u2019Ottocento. Si tratta, in effetti, di <strong>piccoli capolavori di solida polifonia<\/strong> secentesca, concepiti per sole voci di registro medio-grave, le pi\u00f9 idonee a intonare il forte pathos espresso nei testi.<\/p>\n<p>L\u2019esecuzione della Passione e dei Responsori \u00e8 affidata al <strong>Coro Harmonia Cantata <\/strong>diretto da Raffaele Puccianti (17 marzo), al <strong>Tuscae Voces Ensemble <\/strong>diretto da Elia Orlando (24 marzo), all\u2019<strong>Ensemble Vocale del Conservatorio \u00abL. Cherubini\u00bb<\/strong> di Firenze diretto da Concetta Anastasi (31 marzo) e alla <strong>Cappella Musicale della Cattedrale di S. Maria del Fiore<\/strong> diretta da Michele Manganelli (7 aprile).<\/p>\n<p>Per chi non potr\u00e0 partecipare alle meditazioni sar\u00e0 possibile vederle sul <strong>canale YouTube di Toscana Oggi<\/strong> dal giorno successivo:<br \/>\n<a href=\"https:\/\/www.youtube.com\/channel\/UCsTHkb-Kgwn-iZ_ir1PyOzQ\" target=\"_blank\" rel=\"noopener\"><strong>https:\/\/www.youtube.com\/channel\/UCsTHkb-Kgwn-iZ_ir1PyOzQ<\/strong><\/a><\/p>\n","protected":false},"excerpt":{"rendered":"<p>Quest&#8217;anno sar\u00e0 eseguita per la prima volta la Passione di Cristo secondo San Luca, appuntamenti: gioved\u00ec 17, 24, 31 marzo, gioved\u00ec 7 aprile 2022, ore 19, Cattedrale di Santa Maria del Fiore. Le meditazione saranno visibili anche sul canale Youtube di Toscana Oggi<\/p>\n","protected":false},"author":525,"featured_media":217802,"comment_status":"open","ping_status":"open","sticky":false,"template":"","format":"standard","meta":{"_acf_changed":false,"footnotes":""},"categories":[14],"tags":[216,277],"class_list":["post-217816","post","type-post","status-publish","format-standard","has-post-thumbnail","hentry","category-musica","tag-concerti","tag-musica-classica"],"acf":[],"yoast_head":"<!-- This site is optimized with the Yoast SEO Premium plugin v24.2 (Yoast SEO v25.6) - https:\/\/yoast.com\/wordpress\/plugins\/seo\/ -->\n<title>&quot;O Flos Colende&quot;: a Firenze meditazioni quaresimali accompagnate dalla musica sacra - intoscana<\/title>\n<meta name=\"description\" content=\"Il tema di quest&#039;anno sar\u00e0 la Passione di Cristo secondo San Luca, appuntamenti: gioved\u00ec 17, 24, 31 marzo, gioved\u00ec 7 aprile 2022\" \/>\n<meta name=\"robots\" content=\"index, follow, max-snippet:-1, max-image-preview:large, max-video-preview:-1\" \/>\n<link rel=\"canonical\" href=\"https:\/\/www.intoscana.it\/it\/o-flos-colende-a-firenze-meditazioni-quaresimali-accompagnate-dalla-musica-sacra\/\" \/>\n<meta property=\"og:locale\" content=\"it_IT\" \/>\n<meta property=\"og:type\" content=\"article\" \/>\n<meta property=\"og:title\" content=\"&quot;O Flos Colende&quot;: a Firenze meditazioni quaresimali accompagnate dalla musica sacra\" \/>\n<meta property=\"og:description\" content=\"Il tema di quest&#039;anno sar\u00e0 la Passione di Cristo secondo San Luca, appuntamenti: gioved\u00ec 17, 24, 31 marzo, gioved\u00ec 7 aprile 2022\" \/>\n<meta property=\"og:url\" content=\"https:\/\/www.intoscana.it\/it\/o-flos-colende-a-firenze-meditazioni-quaresimali-accompagnate-dalla-musica-sacra\/\" \/>\n<meta property=\"og:site_name\" content=\"intoscana\" \/>\n<meta property=\"article:publisher\" content=\"https:\/\/www.facebook.com\/intoscana.it\" \/>\n<meta property=\"article:published_time\" content=\"2022-03-15T11:54:47+00:00\" \/>\n<meta property=\"og:image\" content=\"https:\/\/www.intoscana.it\/wp-content\/uploads\/HarmoniaCantata-scaled.jpg\" \/>\n\t<meta property=\"og:image:width\" content=\"2048\" \/>\n\t<meta property=\"og:image:height\" content=\"2048\" \/>\n\t<meta property=\"og:image:type\" content=\"image\/jpeg\" \/>\n<meta name=\"author\" content=\"Redazione\" \/>\n<meta name=\"twitter:card\" content=\"summary_large_image\" \/>\n<meta name=\"twitter:creator\" content=\"@intoscana\" \/>\n<meta name=\"twitter:site\" content=\"@intoscana\" \/>\n<meta name=\"twitter:label1\" content=\"Written by\" \/>\n\t<meta name=\"twitter:data1\" content=\"Redazione\" \/>\n\t<meta name=\"twitter:label2\" content=\"Est. reading time\" \/>\n\t<meta name=\"twitter:data2\" content=\"2 minuti\" \/>\n<script type=\"application\/ld+json\" class=\"yoast-schema-graph\">{\"@context\":\"https:\/\/schema.org\",\"@graph\":[{\"@type\":\"WebPage\",\"@id\":\"https:\/\/www.intoscana.it\/it\/o-flos-colende-a-firenze-meditazioni-quaresimali-accompagnate-dalla-musica-sacra\/\",\"url\":\"https:\/\/www.intoscana.it\/it\/o-flos-colende-a-firenze-meditazioni-quaresimali-accompagnate-dalla-musica-sacra\/\",\"name\":\"\\\"O Flos Colende\\\": a Firenze meditazioni quaresimali accompagnate dalla musica sacra - intoscana\",\"isPartOf\":{\"@id\":\"https:\/\/www.intoscana.it\/it\/#website\"},\"primaryImageOfPage\":{\"@id\":\"https:\/\/www.intoscana.it\/it\/o-flos-colende-a-firenze-meditazioni-quaresimali-accompagnate-dalla-musica-sacra\/#primaryimage\"},\"image\":{\"@id\":\"https:\/\/www.intoscana.it\/it\/o-flos-colende-a-firenze-meditazioni-quaresimali-accompagnate-dalla-musica-sacra\/#primaryimage\"},\"thumbnailUrl\":\"https:\/\/www.intoscana.it\/wp-content\/uploads\/HarmoniaCantata-scaled.jpg\",\"datePublished\":\"2022-03-15T11:54:47+00:00\",\"author\":{\"@id\":\"https:\/\/www.intoscana.it\/it\/#\/schema\/person\/9223810753230f20bd670fdd322661f8\"},\"description\":\"Il tema di quest'anno sar\u00e0 la Passione di Cristo secondo San Luca, appuntamenti: gioved\u00ec 17, 24, 31 marzo, gioved\u00ec 7 aprile 2022\",\"breadcrumb\":{\"@id\":\"https:\/\/www.intoscana.it\/it\/o-flos-colende-a-firenze-meditazioni-quaresimali-accompagnate-dalla-musica-sacra\/#breadcrumb\"},\"inLanguage\":\"it-IT\",\"potentialAction\":[{\"@type\":\"ReadAction\",\"target\":[\"https:\/\/www.intoscana.it\/it\/o-flos-colende-a-firenze-meditazioni-quaresimali-accompagnate-dalla-musica-sacra\/\"]}]},{\"@type\":\"ImageObject\",\"inLanguage\":\"it-IT\",\"@id\":\"https:\/\/www.intoscana.it\/it\/o-flos-colende-a-firenze-meditazioni-quaresimali-accompagnate-dalla-musica-sacra\/#primaryimage\",\"url\":\"https:\/\/www.intoscana.it\/wp-content\/uploads\/HarmoniaCantata-scaled.jpg\",\"contentUrl\":\"https:\/\/www.intoscana.it\/wp-content\/uploads\/HarmoniaCantata-scaled.jpg\",\"width\":2048,\"height\":2048},{\"@type\":\"BreadcrumbList\",\"@id\":\"https:\/\/www.intoscana.it\/it\/o-flos-colende-a-firenze-meditazioni-quaresimali-accompagnate-dalla-musica-sacra\/#breadcrumb\",\"itemListElement\":[{\"@type\":\"ListItem\",\"position\":1,\"name\":\"Home\",\"item\":\"https:\/\/www.intoscana.it\/it\/\"},{\"@type\":\"ListItem\",\"position\":2,\"name\":\"&#8220;O Flos Colende&#8221;: a Firenze meditazioni quaresimali accompagnate dalla musica sacra\"}]},{\"@type\":\"WebSite\",\"@id\":\"https:\/\/www.intoscana.it\/it\/#website\",\"url\":\"https:\/\/www.intoscana.it\/it\/\",\"name\":\"intoscana\",\"description\":\"\",\"potentialAction\":[{\"@type\":\"SearchAction\",\"target\":{\"@type\":\"EntryPoint\",\"urlTemplate\":\"https:\/\/www.intoscana.it\/it\/?s={search_term_string}\"},\"query-input\":{\"@type\":\"PropertyValueSpecification\",\"valueRequired\":true,\"valueName\":\"search_term_string\"}}],\"inLanguage\":\"it-IT\"},{\"@type\":\"Person\",\"@id\":\"https:\/\/www.intoscana.it\/it\/#\/schema\/person\/9223810753230f20bd670fdd322661f8\",\"name\":\"Redazione\",\"url\":\"https:\/\/www.intoscana.it\/it\/author\/redazione\/\"}]}<\/script>\n<!-- \/ Yoast SEO Premium plugin. -->","yoast_head_json":{"title":"\"O Flos Colende\": a Firenze meditazioni quaresimali accompagnate dalla musica sacra - intoscana","description":"Il tema di quest'anno sar\u00e0 la Passione di Cristo secondo San Luca, appuntamenti: gioved\u00ec 17, 24, 31 marzo, gioved\u00ec 7 aprile 2022","robots":{"index":"index","follow":"follow","max-snippet":"max-snippet:-1","max-image-preview":"max-image-preview:large","max-video-preview":"max-video-preview:-1"},"canonical":"https:\/\/www.intoscana.it\/it\/o-flos-colende-a-firenze-meditazioni-quaresimali-accompagnate-dalla-musica-sacra\/","og_locale":"it_IT","og_type":"article","og_title":"\"O Flos Colende\": a Firenze meditazioni quaresimali accompagnate dalla musica sacra","og_description":"Il tema di quest'anno sar\u00e0 la Passione di Cristo secondo San Luca, appuntamenti: gioved\u00ec 17, 24, 31 marzo, gioved\u00ec 7 aprile 2022","og_url":"https:\/\/www.intoscana.it\/it\/o-flos-colende-a-firenze-meditazioni-quaresimali-accompagnate-dalla-musica-sacra\/","og_site_name":"intoscana","article_publisher":"https:\/\/www.facebook.com\/intoscana.it","article_published_time":"2022-03-15T11:54:47+00:00","og_image":[{"width":2048,"height":2048,"url":"https:\/\/www.intoscana.it\/wp-content\/uploads\/HarmoniaCantata-scaled.jpg","type":"image\/jpeg"}],"author":"Redazione","twitter_card":"summary_large_image","twitter_creator":"@intoscana","twitter_site":"@intoscana","twitter_misc":{"Written by":"Redazione","Est. reading time":"2 minuti"},"schema":{"@context":"https:\/\/schema.org","@graph":[{"@type":"WebPage","@id":"https:\/\/www.intoscana.it\/it\/o-flos-colende-a-firenze-meditazioni-quaresimali-accompagnate-dalla-musica-sacra\/","url":"https:\/\/www.intoscana.it\/it\/o-flos-colende-a-firenze-meditazioni-quaresimali-accompagnate-dalla-musica-sacra\/","name":"\"O Flos Colende\": a Firenze meditazioni quaresimali accompagnate dalla musica sacra - intoscana","isPartOf":{"@id":"https:\/\/www.intoscana.it\/it\/#website"},"primaryImageOfPage":{"@id":"https:\/\/www.intoscana.it\/it\/o-flos-colende-a-firenze-meditazioni-quaresimali-accompagnate-dalla-musica-sacra\/#primaryimage"},"image":{"@id":"https:\/\/www.intoscana.it\/it\/o-flos-colende-a-firenze-meditazioni-quaresimali-accompagnate-dalla-musica-sacra\/#primaryimage"},"thumbnailUrl":"https:\/\/www.intoscana.it\/wp-content\/uploads\/HarmoniaCantata-scaled.jpg","datePublished":"2022-03-15T11:54:47+00:00","author":{"@id":"https:\/\/www.intoscana.it\/it\/#\/schema\/person\/9223810753230f20bd670fdd322661f8"},"description":"Il tema di quest'anno sar\u00e0 la Passione di Cristo secondo San Luca, appuntamenti: gioved\u00ec 17, 24, 31 marzo, gioved\u00ec 7 aprile 2022","breadcrumb":{"@id":"https:\/\/www.intoscana.it\/it\/o-flos-colende-a-firenze-meditazioni-quaresimali-accompagnate-dalla-musica-sacra\/#breadcrumb"},"inLanguage":"it-IT","potentialAction":[{"@type":"ReadAction","target":["https:\/\/www.intoscana.it\/it\/o-flos-colende-a-firenze-meditazioni-quaresimali-accompagnate-dalla-musica-sacra\/"]}]},{"@type":"ImageObject","inLanguage":"it-IT","@id":"https:\/\/www.intoscana.it\/it\/o-flos-colende-a-firenze-meditazioni-quaresimali-accompagnate-dalla-musica-sacra\/#primaryimage","url":"https:\/\/www.intoscana.it\/wp-content\/uploads\/HarmoniaCantata-scaled.jpg","contentUrl":"https:\/\/www.intoscana.it\/wp-content\/uploads\/HarmoniaCantata-scaled.jpg","width":2048,"height":2048},{"@type":"BreadcrumbList","@id":"https:\/\/www.intoscana.it\/it\/o-flos-colende-a-firenze-meditazioni-quaresimali-accompagnate-dalla-musica-sacra\/#breadcrumb","itemListElement":[{"@type":"ListItem","position":1,"name":"Home","item":"https:\/\/www.intoscana.it\/it\/"},{"@type":"ListItem","position":2,"name":"&#8220;O Flos Colende&#8221;: a Firenze meditazioni quaresimali accompagnate dalla musica sacra"}]},{"@type":"WebSite","@id":"https:\/\/www.intoscana.it\/it\/#website","url":"https:\/\/www.intoscana.it\/it\/","name":"intoscana","description":"","potentialAction":[{"@type":"SearchAction","target":{"@type":"EntryPoint","urlTemplate":"https:\/\/www.intoscana.it\/it\/?s={search_term_string}"},"query-input":{"@type":"PropertyValueSpecification","valueRequired":true,"valueName":"search_term_string"}}],"inLanguage":"it-IT"},{"@type":"Person","@id":"https:\/\/www.intoscana.it\/it\/#\/schema\/person\/9223810753230f20bd670fdd322661f8","name":"Redazione","url":"https:\/\/www.intoscana.it\/it\/author\/redazione\/"}]}},"_links":{"self":[{"href":"https:\/\/www.intoscana.it\/it\/wp-json\/wp\/v2\/posts\/217816","targetHints":{"allow":["GET"]}}],"collection":[{"href":"https:\/\/www.intoscana.it\/it\/wp-json\/wp\/v2\/posts"}],"about":[{"href":"https:\/\/www.intoscana.it\/it\/wp-json\/wp\/v2\/types\/post"}],"author":[{"embeddable":true,"href":"https:\/\/www.intoscana.it\/it\/wp-json\/wp\/v2\/users\/525"}],"replies":[{"embeddable":true,"href":"https:\/\/www.intoscana.it\/it\/wp-json\/wp\/v2\/comments?post=217816"}],"version-history":[{"count":0,"href":"https:\/\/www.intoscana.it\/it\/wp-json\/wp\/v2\/posts\/217816\/revisions"}],"wp:featuredmedia":[{"embeddable":true,"href":"https:\/\/www.intoscana.it\/it\/wp-json\/wp\/v2\/media\/217802"}],"wp:attachment":[{"href":"https:\/\/www.intoscana.it\/it\/wp-json\/wp\/v2\/media?parent=217816"}],"wp:term":[{"taxonomy":"category","embeddable":true,"href":"https:\/\/www.intoscana.it\/it\/wp-json\/wp\/v2\/categories?post=217816"},{"taxonomy":"post_tag","embeddable":true,"href":"https:\/\/www.intoscana.it\/it\/wp-json\/wp\/v2\/tags?post=217816"}],"curies":[{"name":"wp","href":"https:\/\/api.w.org\/{rel}","templated":true}]}}