{"id":217942,"date":"2022-03-15T18:45:15","date_gmt":"2022-03-15T17:45:15","guid":{"rendered":"https:\/\/www.intoscana.it\/it\/?p=217942"},"modified":"2022-03-17T11:14:55","modified_gmt":"2022-03-17T10:14:55","slug":"bambini-orfani-kiev-istituto-innocenti","status":"publish","type":"post","link":"https:\/\/www.intoscana.it\/it\/bambini-orfani-kiev-istituto-innocenti\/","title":{"rendered":"Il viaggio dei 21 piccoli orfani di Kiev: 26 ore sul bus per arrivare all&#8217;Istituto degli Innocenti di Firenze"},"content":{"rendered":"<p>Un viaggio di 26 ore su un bus che dall&#8217;istituto vicino <strong>Kiev<\/strong> minacciato dalle bombe \u00e8 terminato a <strong>Firenze<\/strong> venerd\u00ec 11 marzo, di sera. Sono scesi stremati e spauriri, ma vivi. <mark>I 21 bambini provenienti da un orfanotrofio ucraino hanno trovato cos\u00ec la loro salvezza. Con loro \u00e8 arrivata anche la mascotte, il gatto Buja.<\/mark> Accompagnati dai due tutori legali, insieme a volontari e mediatori culturali, il loro viaggio organizzato da Save the Children e dal Consiglio italiano per i rifugiati (Cir) si \u00e8 concluso all&#8217;<strong>Istituto degli Innocenti<\/strong> che in 48 ore ha trovato arredi e personale per gestire l&#8217;accoglienza e far trovare un ambiente confortevole, quanto pi\u00f9 lontano possibile da ci\u00f2 che hanno lasciato in Ucraina.<\/p>\n<p>Il pi\u00f9 grande ha 17 anni, il pi\u00f9 piccolo appena tre. Solo quattro hanno pi\u00f9 di 14 anni. Nessuno parla italiano e sono molto uniti tra loro. Hanno voglia di giocare come tutti i bambini, i pi\u00f9 grandi hanno tanto invece da dimenticare e da affrontare. Per loro, questo \u00e8 certo, si apre una nuova vita. <mark>La macchina dell&#8217;accoglienza toscana ha risposto: la Regione Toscana, la Protezione civile, il Comune di Firenze, poi la Prefettura e il Tribunale dei minori. Una rete di protezione e vigilanza per dare ai bambini orfani una situazione quanto pi\u00f9 tranquilla possibile.<\/mark> <em>&#8220;L&#8217;istituto degli Innocenti era il luogo ideale per accorglierli<\/em> &#8211; ha detto il presidente <strong>Eugenio Giani<\/strong> &#8211; <em>Torna alla finalit\u00e0 per cui \u00e8 nato 600 anni fa&#8221;<\/em>, accogliere gli orfani appunto.<\/p>\n<p>La loro casa per adesso \u00e8 l\u00ec, nello storico istituto di solidariet\u00e0 fiorentino. Per loro ci sono tante stanze colorate, peluche, giochi e poi spazi comuni e camerette per dormire uno accanto all&#8217;altro, come sono abituati. L&#8217;acquisto degli arredi e le spese del personale sono state coperte dalla <strong>Fondazione Cassa di Risparmio di Firenze<\/strong> con un contruibuto di 150mila euro. <em>&#8220;Adesso devono imparare a conoscere la lingua, devono ambientarsi. Hanno bisogno che si plachi il rumore e ritrovino il silenzio. Perch\u00e9 da questo silenzio che pu\u00f2 ripartire la loro nuova vita&#8221;<\/em>, \u00e8 l&#8217;appello e soprattutto l&#8217;augurio che la presidente dell&#8217;Istituto degli Innocenti, <strong>Maria Grazia Giuffrida<\/strong>,\u00a0 fa a tutti.<\/p>\n<h3><em>La nuova casa dei bambini<\/em><\/h3>\n<p><iframe loading=\"lazy\" title=\"YouTube video player\" src=\"https:\/\/www.youtube.com\/embed\/ElDk5XnH2s8\" width=\"800\" height=\"400\" frameborder=\"0\" allowfullscreen=\"allowfullscreen\"><span data-mce-type=\"bookmark\" style=\"display: inline-block; width: 0px; overflow: hidden; line-height: 0;\" class=\"mce_SELRES_start\">\ufeff<\/span><\/iframe><\/p>\n<h3><em>L&#8217;accoglienza in Toscana<\/em><\/h3>\n<p>Ad oggi sono 2.500 i profughi ucraini tracciati, per la maggior parte donne e bambini, accolti in Toscana. L&#8217;80% \u00e8 ospitato da amici e parenti, il resto ha trovato casa nella rete di accoglienza della Regione Toscana: 300 persone sono nei Centri di accoglienza straordinaria e 150 negli alberghi di prima accoglienza. <mark>Ma i numeri sono in crescita: nel fine settimana si sono presentate al centro di prima accoglienza allestito alla Mercafir di Firenze, 46 persone mentre la mattina di marted\u00ec 15 marzo <em>&#8220;c&#8217;era la fila&#8221;<\/em>, come raccontano l&#8217;assessora alla Protezione civile <strong>Monia Monni<\/strong> e il presidente <strong>Eugenio Giani<\/strong>.<\/mark><\/p>\n<p>I flussi sono destinati ad aumentare quindi, fa sapere Giani, che stima almeno tremila presenza reali sul territorio <em>&#8220;perch\u00e9 molti devono ancora registrarsi&#8221;<\/em>. Tanti soprattutto i bambini. Sono previsti altri arrivi e la Regione sta predisponendo le strutture \u201cperch\u00e9 \u00a0non soltanto Firenze possa svolgere la funzione di accoglienza dei minori. Si sta pensando di interessare alcune localit\u00e0 costiere\u201d. Alla Mercafir intanto sono stati allestiti dei tavoli con carta e colori e i disegni dei bambini restituivano la cruda realt\u00e0 che sono stati costretti a subire: c&#8217;erano soprattutto file di macchine in coda e carrarmati su quei fogli.<\/p>\n<blockquote class=\"instagram-media\" style=\"background: #FFF; border: 0; border-radius: 3px; box-shadow: 0 0 1px 0 rgba(0,0,0,0.5),0 1px 10px 0 rgba(0,0,0,0.15); margin: 1px; max-width: 540px; min-width: 326px; padding: 0; width: calc(100% - 2px);\" data-instgrm-captioned=\"\" data-instgrm-permalink=\"https:\/\/www.instagram.com\/p\/CbISvUUsIF3\/?utm_source=ig_embed&amp;utm_campaign=loading\" data-instgrm-version=\"14\">\n<div style=\"padding: 16px;\">\n<p>&nbsp;<\/p>\n<div style=\"display: flex; flex-direction: row; align-items: center;\">\n<div style=\"background-color: #f4f4f4; border-radius: 50%; flex-grow: 0; height: 40px; margin-right: 14px; width: 40px;\"><\/div>\n<div style=\"display: flex; flex-direction: column; flex-grow: 1; justify-content: center;\">\n<div style=\"background-color: #f4f4f4; border-radius: 4px; flex-grow: 0; height: 14px; margin-bottom: 6px; width: 100px;\"><\/div>\n<div style=\"background-color: #f4f4f4; border-radius: 4px; flex-grow: 0; height: 14px; width: 60px;\"><\/div>\n<\/div>\n<\/div>\n<div style=\"padding: 19% 0;\"><\/div>\n<div style=\"display: block; height: 50px; margin: 0 auto 12px; width: 50px;\"><\/div>\n<div style=\"padding-top: 8px;\">\n<div style=\"color: #3897f0; font-family: Arial,sans-serif; font-size: 14px; font-style: normal; font-weight: 550; line-height: 18px;\">Visualizza questo post su Instagram<\/div>\n<\/div>\n<div style=\"padding: 12.5% 0;\"><\/div>\n<div style=\"display: flex; flex-direction: row; margin-bottom: 14px; align-items: center;\">\n<div>\n<div style=\"background-color: #f4f4f4; border-radius: 50%; height: 12.5px; width: 12.5px; transform: translateX(0px) translateY(7px);\"><\/div>\n<div style=\"background-color: #f4f4f4; height: 12.5px; transform: rotate(-45deg) translateX(3px) translateY(1px); width: 12.5px; flex-grow: 0; margin-right: 14px; margin-left: 2px;\"><\/div>\n<div style=\"background-color: #f4f4f4; border-radius: 50%; height: 12.5px; width: 12.5px; transform: translateX(9px) translateY(-18px);\"><\/div>\n<\/div>\n<div style=\"margin-left: 8px;\">\n<div style=\"background-color: #f4f4f4; border-radius: 50%; flex-grow: 0; height: 20px; width: 20px;\"><\/div>\n<div style=\"width: 0; height: 0; border-top: 2px solid transparent; border-left: 6px solid #f4f4f4; border-bottom: 2px solid transparent; transform: translateX(16px) translateY(-4px) rotate(30deg);\"><\/div>\n<\/div>\n<div style=\"margin-left: auto;\">\n<div style=\"width: 0px; border-top: 8px solid #F4F4F4; border-right: 8px solid transparent; transform: translateY(16px);\"><\/div>\n<div style=\"background-color: #f4f4f4; flex-grow: 0; height: 12px; width: 16px; transform: translateY(-4px);\"><\/div>\n<div style=\"width: 0; height: 0; border-top: 8px solid #F4F4F4; border-left: 8px solid transparent; transform: translateY(-4px) translateX(8px);\"><\/div>\n<\/div>\n<\/div>\n<div style=\"display: flex; flex-direction: column; flex-grow: 1; justify-content: center; margin-bottom: 24px;\">\n<div style=\"background-color: #f4f4f4; border-radius: 4px; flex-grow: 0; height: 14px; margin-bottom: 6px; width: 224px;\"><\/div>\n<div style=\"background-color: #f4f4f4; border-radius: 4px; flex-grow: 0; height: 14px; width: 144px;\"><\/div>\n<\/div>\n<p>&nbsp;<\/p>\n<p style=\"color: #c9c8cd; font-family: Arial,sans-serif; font-size: 14px; line-height: 17px; margin-bottom: 0; margin-top: 8px; overflow: hidden; padding: 8px 0 7px; text-align: center; text-overflow: ellipsis; white-space: nowrap;\"><a style=\"color: #c9c8cd; font-family: Arial,sans-serif; font-size: 14px; font-style: normal; font-weight: normal; line-height: 17px; text-decoration: none;\" href=\"https:\/\/www.instagram.com\/p\/CbISvUUsIF3\/?utm_source=ig_embed&amp;utm_campaign=loading\" target=\"_blank\" rel=\"noopener\">Un post condiviso da Eugenio Giani (@eugenio_giani)<\/a><\/p>\n<\/div>\n<\/blockquote>\n<p><script async src=\"\/\/www.instagram.com\/embed.js\"><\/script><\/p>\n<p>Molti bambini e ragazzi, fa sapere ancora\u00a0 il presidente <em>&#8220;hanno chiesto di non essere inseriti nelle nostre scuole perch\u00e9, se verranno dotati di un tablet e della connessione che hanno richiesto, contano di collegarsi per la Dad, la didattica a distanza, con i loro insegnanti rimasti in Ucraina&#8221;.<\/em><\/p>\n<p>Dopo il centro di Firenze, si aprir\u00e0 anche &#8220;<em>al palasport di Livorno. \u00c8 un primo punto di accoglienza dove facciamo intanto dei tamponi che consentono, a chi decide di trovare di una sistemazione in autonomia, di farlo in sicurezza&#8221;<\/em>, spiega ancora l&#8217;assessora Monni.<\/p>\n","protected":false},"excerpt":{"rendered":"<p>Il pi\u00f9 piccolo ha tre anni, il pi\u00f9 grande 17. Con loro anche un gatto. Il presidente Giani: &#8220;Luogo ideale per accoglierli&#8221;. Si rafforza la macchina dell&#8217;accoglienza in Regione, fila di profughi alla Mercafir<\/p>\n","protected":false},"author":545,"featured_media":217990,"comment_status":"open","ping_status":"open","sticky":false,"template":"","format":"standard","meta":{"_acf_changed":false,"footnotes":""},"categories":[494],"tags":[158,6427],"class_list":["post-217942","post","type-post","status-publish","format-standard","has-post-thumbnail","hentry","category-attualita","tag-eugenio-giani","tag-guerra-ucraina"],"acf":[],"yoast_head":"<!-- This site is optimized with the Yoast SEO Premium plugin v24.2 (Yoast SEO v25.6) - https:\/\/yoast.com\/wordpress\/plugins\/seo\/ -->\n<title>Il viaggio dei 21 piccoli orfani di Kiev per arrivare all&#039;Istituto degli Innocenti<\/title>\n<meta name=\"description\" content=\"Il pi\u00f9 piccolo ha tre anni, il pi\u00f9 grande 17. Con loro anche un gatto. Il presidente Giani: &quot;Luogo ideale per accoglierli&quot;\" \/>\n<meta name=\"robots\" content=\"index, follow, max-snippet:-1, max-image-preview:large, max-video-preview:-1\" \/>\n<link rel=\"canonical\" href=\"https:\/\/www.intoscana.it\/it\/bambini-orfani-kiev-istituto-innocenti\/\" \/>\n<meta property=\"og:locale\" content=\"it_IT\" \/>\n<meta property=\"og:type\" content=\"article\" \/>\n<meta property=\"og:title\" content=\"Il viaggio dei 21 piccoli orfani di Kiev: 26 ore sul bus per arrivare all&#039;Istituto degli Innocenti di Firenze\" \/>\n<meta property=\"og:description\" content=\"Il pi\u00f9 piccolo ha tre anni, il pi\u00f9 grande 17. Con loro anche un gatto. Il presidente Giani: &quot;Luogo ideale per accoglierli&quot;\" \/>\n<meta property=\"og:url\" content=\"https:\/\/www.intoscana.it\/it\/bambini-orfani-kiev-istituto-innocenti\/\" \/>\n<meta property=\"og:site_name\" content=\"intoscana\" \/>\n<meta property=\"article:publisher\" content=\"https:\/\/www.facebook.com\/intoscana.it\" \/>\n<meta property=\"article:published_time\" content=\"2022-03-15T17:45:15+00:00\" \/>\n<meta property=\"article:modified_time\" content=\"2022-03-17T10:14:55+00:00\" \/>\n<meta property=\"og:image\" content=\"https:\/\/www.intoscana.it\/wp-content\/uploads\/IMG_1471-1.jpg\" \/>\n\t<meta property=\"og:image:width\" content=\"884\" \/>\n\t<meta property=\"og:image:height\" content=\"527\" \/>\n\t<meta property=\"og:image:type\" content=\"image\/jpeg\" \/>\n<meta name=\"author\" content=\"Clara D&#039;Acunto\" \/>\n<meta name=\"twitter:card\" content=\"summary_large_image\" \/>\n<meta name=\"twitter:creator\" content=\"@intoscana\" \/>\n<meta name=\"twitter:site\" content=\"@intoscana\" \/>\n<meta name=\"twitter:label1\" content=\"Written by\" \/>\n\t<meta name=\"twitter:data1\" content=\"Clara D&#039;Acunto\" \/>\n\t<meta name=\"twitter:label2\" content=\"Est. reading time\" \/>\n\t<meta name=\"twitter:data2\" content=\"3 minuti\" \/>\n<script type=\"application\/ld+json\" class=\"yoast-schema-graph\">{\"@context\":\"https:\/\/schema.org\",\"@graph\":[{\"@type\":\"WebPage\",\"@id\":\"https:\/\/www.intoscana.it\/it\/bambini-orfani-kiev-istituto-innocenti\/\",\"url\":\"https:\/\/www.intoscana.it\/it\/bambini-orfani-kiev-istituto-innocenti\/\",\"name\":\"Il viaggio dei 21 piccoli orfani di Kiev per arrivare all'Istituto degli Innocenti\",\"isPartOf\":{\"@id\":\"https:\/\/www.intoscana.it\/it\/#website\"},\"primaryImageOfPage\":{\"@id\":\"https:\/\/www.intoscana.it\/it\/bambini-orfani-kiev-istituto-innocenti\/#primaryimage\"},\"image\":{\"@id\":\"https:\/\/www.intoscana.it\/it\/bambini-orfani-kiev-istituto-innocenti\/#primaryimage\"},\"thumbnailUrl\":\"https:\/\/www.intoscana.it\/wp-content\/uploads\/IMG_1471-1.jpg\",\"datePublished\":\"2022-03-15T17:45:15+00:00\",\"dateModified\":\"2022-03-17T10:14:55+00:00\",\"author\":{\"@id\":\"https:\/\/www.intoscana.it\/it\/#\/schema\/person\/137419af9ef5d385bde52864a841e6ce\"},\"description\":\"Il pi\u00f9 piccolo ha tre anni, il pi\u00f9 grande 17. Con loro anche un gatto. Il presidente Giani: \\\"Luogo ideale per accoglierli\\\"\",\"breadcrumb\":{\"@id\":\"https:\/\/www.intoscana.it\/it\/bambini-orfani-kiev-istituto-innocenti\/#breadcrumb\"},\"inLanguage\":\"it-IT\",\"potentialAction\":[{\"@type\":\"ReadAction\",\"target\":[\"https:\/\/www.intoscana.it\/it\/bambini-orfani-kiev-istituto-innocenti\/\"]}]},{\"@type\":\"ImageObject\",\"inLanguage\":\"it-IT\",\"@id\":\"https:\/\/www.intoscana.it\/it\/bambini-orfani-kiev-istituto-innocenti\/#primaryimage\",\"url\":\"https:\/\/www.intoscana.it\/wp-content\/uploads\/IMG_1471-1.jpg\",\"contentUrl\":\"https:\/\/www.intoscana.it\/wp-content\/uploads\/IMG_1471-1.jpg\",\"width\":884,\"height\":527},{\"@type\":\"BreadcrumbList\",\"@id\":\"https:\/\/www.intoscana.it\/it\/bambini-orfani-kiev-istituto-innocenti\/#breadcrumb\",\"itemListElement\":[{\"@type\":\"ListItem\",\"position\":1,\"name\":\"Home\",\"item\":\"https:\/\/www.intoscana.it\/it\/\"},{\"@type\":\"ListItem\",\"position\":2,\"name\":\"Il viaggio dei 21 piccoli orfani di Kiev: 26 ore sul bus per arrivare all&#8217;Istituto degli Innocenti di Firenze\"}]},{\"@type\":\"WebSite\",\"@id\":\"https:\/\/www.intoscana.it\/it\/#website\",\"url\":\"https:\/\/www.intoscana.it\/it\/\",\"name\":\"intoscana\",\"description\":\"\",\"potentialAction\":[{\"@type\":\"SearchAction\",\"target\":{\"@type\":\"EntryPoint\",\"urlTemplate\":\"https:\/\/www.intoscana.it\/it\/?s={search_term_string}\"},\"query-input\":{\"@type\":\"PropertyValueSpecification\",\"valueRequired\":true,\"valueName\":\"search_term_string\"}}],\"inLanguage\":\"it-IT\"},{\"@type\":\"Person\",\"@id\":\"https:\/\/www.intoscana.it\/it\/#\/schema\/person\/137419af9ef5d385bde52864a841e6ce\",\"name\":\"Clara D'Acunto\",\"url\":\"https:\/\/www.intoscana.it\/it\/author\/clara-d_acunto\/\"}]}<\/script>\n<!-- \/ Yoast SEO Premium plugin. -->","yoast_head_json":{"title":"Il viaggio dei 21 piccoli orfani di Kiev per arrivare all'Istituto degli Innocenti","description":"Il pi\u00f9 piccolo ha tre anni, il pi\u00f9 grande 17. Con loro anche un gatto. Il presidente Giani: \"Luogo ideale per accoglierli\"","robots":{"index":"index","follow":"follow","max-snippet":"max-snippet:-1","max-image-preview":"max-image-preview:large","max-video-preview":"max-video-preview:-1"},"canonical":"https:\/\/www.intoscana.it\/it\/bambini-orfani-kiev-istituto-innocenti\/","og_locale":"it_IT","og_type":"article","og_title":"Il viaggio dei 21 piccoli orfani di Kiev: 26 ore sul bus per arrivare all'Istituto degli Innocenti di Firenze","og_description":"Il pi\u00f9 piccolo ha tre anni, il pi\u00f9 grande 17. Con loro anche un gatto. Il presidente Giani: \"Luogo ideale per accoglierli\"","og_url":"https:\/\/www.intoscana.it\/it\/bambini-orfani-kiev-istituto-innocenti\/","og_site_name":"intoscana","article_publisher":"https:\/\/www.facebook.com\/intoscana.it","article_published_time":"2022-03-15T17:45:15+00:00","article_modified_time":"2022-03-17T10:14:55+00:00","og_image":[{"width":884,"height":527,"url":"https:\/\/www.intoscana.it\/wp-content\/uploads\/IMG_1471-1.jpg","type":"image\/jpeg"}],"author":"Clara D'Acunto","twitter_card":"summary_large_image","twitter_creator":"@intoscana","twitter_site":"@intoscana","twitter_misc":{"Written by":"Clara D'Acunto","Est. reading time":"3 minuti"},"schema":{"@context":"https:\/\/schema.org","@graph":[{"@type":"WebPage","@id":"https:\/\/www.intoscana.it\/it\/bambini-orfani-kiev-istituto-innocenti\/","url":"https:\/\/www.intoscana.it\/it\/bambini-orfani-kiev-istituto-innocenti\/","name":"Il viaggio dei 21 piccoli orfani di Kiev per arrivare all'Istituto degli Innocenti","isPartOf":{"@id":"https:\/\/www.intoscana.it\/it\/#website"},"primaryImageOfPage":{"@id":"https:\/\/www.intoscana.it\/it\/bambini-orfani-kiev-istituto-innocenti\/#primaryimage"},"image":{"@id":"https:\/\/www.intoscana.it\/it\/bambini-orfani-kiev-istituto-innocenti\/#primaryimage"},"thumbnailUrl":"https:\/\/www.intoscana.it\/wp-content\/uploads\/IMG_1471-1.jpg","datePublished":"2022-03-15T17:45:15+00:00","dateModified":"2022-03-17T10:14:55+00:00","author":{"@id":"https:\/\/www.intoscana.it\/it\/#\/schema\/person\/137419af9ef5d385bde52864a841e6ce"},"description":"Il pi\u00f9 piccolo ha tre anni, il pi\u00f9 grande 17. Con loro anche un gatto. Il presidente Giani: \"Luogo ideale per accoglierli\"","breadcrumb":{"@id":"https:\/\/www.intoscana.it\/it\/bambini-orfani-kiev-istituto-innocenti\/#breadcrumb"},"inLanguage":"it-IT","potentialAction":[{"@type":"ReadAction","target":["https:\/\/www.intoscana.it\/it\/bambini-orfani-kiev-istituto-innocenti\/"]}]},{"@type":"ImageObject","inLanguage":"it-IT","@id":"https:\/\/www.intoscana.it\/it\/bambini-orfani-kiev-istituto-innocenti\/#primaryimage","url":"https:\/\/www.intoscana.it\/wp-content\/uploads\/IMG_1471-1.jpg","contentUrl":"https:\/\/www.intoscana.it\/wp-content\/uploads\/IMG_1471-1.jpg","width":884,"height":527},{"@type":"BreadcrumbList","@id":"https:\/\/www.intoscana.it\/it\/bambini-orfani-kiev-istituto-innocenti\/#breadcrumb","itemListElement":[{"@type":"ListItem","position":1,"name":"Home","item":"https:\/\/www.intoscana.it\/it\/"},{"@type":"ListItem","position":2,"name":"Il viaggio dei 21 piccoli orfani di Kiev: 26 ore sul bus per arrivare all&#8217;Istituto degli Innocenti di Firenze"}]},{"@type":"WebSite","@id":"https:\/\/www.intoscana.it\/it\/#website","url":"https:\/\/www.intoscana.it\/it\/","name":"intoscana","description":"","potentialAction":[{"@type":"SearchAction","target":{"@type":"EntryPoint","urlTemplate":"https:\/\/www.intoscana.it\/it\/?s={search_term_string}"},"query-input":{"@type":"PropertyValueSpecification","valueRequired":true,"valueName":"search_term_string"}}],"inLanguage":"it-IT"},{"@type":"Person","@id":"https:\/\/www.intoscana.it\/it\/#\/schema\/person\/137419af9ef5d385bde52864a841e6ce","name":"Clara D'Acunto","url":"https:\/\/www.intoscana.it\/it\/author\/clara-d_acunto\/"}]}},"_links":{"self":[{"href":"https:\/\/www.intoscana.it\/it\/wp-json\/wp\/v2\/posts\/217942","targetHints":{"allow":["GET"]}}],"collection":[{"href":"https:\/\/www.intoscana.it\/it\/wp-json\/wp\/v2\/posts"}],"about":[{"href":"https:\/\/www.intoscana.it\/it\/wp-json\/wp\/v2\/types\/post"}],"author":[{"embeddable":true,"href":"https:\/\/www.intoscana.it\/it\/wp-json\/wp\/v2\/users\/545"}],"replies":[{"embeddable":true,"href":"https:\/\/www.intoscana.it\/it\/wp-json\/wp\/v2\/comments?post=217942"}],"version-history":[{"count":0,"href":"https:\/\/www.intoscana.it\/it\/wp-json\/wp\/v2\/posts\/217942\/revisions"}],"wp:featuredmedia":[{"embeddable":true,"href":"https:\/\/www.intoscana.it\/it\/wp-json\/wp\/v2\/media\/217990"}],"wp:attachment":[{"href":"https:\/\/www.intoscana.it\/it\/wp-json\/wp\/v2\/media?parent=217942"}],"wp:term":[{"taxonomy":"category","embeddable":true,"href":"https:\/\/www.intoscana.it\/it\/wp-json\/wp\/v2\/categories?post=217942"},{"taxonomy":"post_tag","embeddable":true,"href":"https:\/\/www.intoscana.it\/it\/wp-json\/wp\/v2\/tags?post=217942"}],"curies":[{"name":"wp","href":"https:\/\/api.w.org\/{rel}","templated":true}]}}