{"id":218055,"date":"2022-03-16T10:36:31","date_gmt":"2022-03-16T09:36:31","guid":{"rendered":"https:\/\/www.intoscana.it\/it\/?p=218055"},"modified":"2022-03-16T10:37:11","modified_gmt":"2022-03-16T09:37:11","slug":"panchina-lilla-disturbi-alimentari","status":"publish","type":"post","link":"https:\/\/www.intoscana.it\/it\/panchina-lilla-disturbi-alimentari\/","title":{"rendered":"Una panchina lilla contro i disturbi alimentari: &#8220;Con la pandemia aumentati del 30%&#8221;"},"content":{"rendered":"<p><mark>Una panchina lilla nel mezzo del parco di San Rossore, a pochi passi dagli uffici del Consiglio regionale recentemente inaugurati <\/mark>. \u00c8 stata scoperta ieri, <strong>giornata nazionale del fiocchetto lilla<\/strong>, dedicata ai disturbi dell\u2019alimentazione (DA), sancita dalla Presidenza del Consiglio e celebrata ogni 15 marzo in tutta Italia.<\/p>\n<p>Il fiocchetto lilla dal 2012 anno \u00e8 un grido delicato con il quale cercare di <strong>aumentare la consapevolezza<\/strong> su anoressia, bulimia e sugli altri disturbi della nutrizione e dell\u2019alimentazione, disturbi che devono essere intercettati e curati in tempo.<\/p>\n<h3>Disturbi alimentari e pandemia<\/h3>\n<p>Dai quanto riportato dall\u2019associazione \u201cLa vita oltre lo specchio\u201d, realt\u00e0 impegnata nella sensibilizzazione e nella prevenzione, con l&#8217;arrivo della pandemia i casi di disturbi alimentari sono <strong>aumentati del 30%.<\/strong> Gli ultimi studi ci dicono che le richieste di presa in carico sono<strong> raddoppiate negli ultimi 19 mes<\/strong>i, con un abbassamento dell&#8217;et\u00e0 media dei pazienti a 12 anni. A causa dell\u2019isolamento sociale imposto dalle misure anti-Covid, anoressia e bulimia sono diventate condizioni patologiche sempre pi\u00f9 diffuse nei giovani <strong>tra i 15 e i 25 anni.<\/strong><\/p>\n<h3>La panchina al Parco di San Rossore<\/h3>\n<p>\u201c<em>Insieme alla <a href=\"https:\/\/www.intoscana.it\/it\/articolo\/toscana-contro-omofobia-citta-spuntano-panchine-arcobaleno\/\">panchina rossa<\/a> contro la violenza di genere e la panchina arcobaleno per l\u2019inclusivit\u00e0 e la pace, \u00e8 un segnale chiaro che in questo Parco i diritti devono essere salvaguardati e difesi contro ogni abuso e la persona va messa al centro<\/em>\u201d, cos\u00ec il presidente del Parco <strong>Lorenzo Bani<\/strong>. Insieme a Bani, anche il presidente del Consiglio della Regione Toscana, <strong>Antonio Mazzeo<\/strong>: \u201c<em>Questa panchina oggi \u00e8 un segno di speranza e sensibilizzazione. Speranza per tante ragazze e tanti ragazzi e tante famiglie. Sensibilizzazione perch\u00e9 tutti si interroghino sul perch\u00e9 di questo colore e non restino indifferenti. Ma \u00e8 anche una provocazione. Alla societ\u00e0 che si deve interrogare di pi\u00f9 sui modelli che propone. Alla politica che deve farsi carico di situazioni che faticano ad ottenere le luci della ribalta. Alle istituzioni, che tra i tanti ristori messi in campo in questi mesi per le categorie danneggiate dal Covid deve prendere coscienza che per le giovani e i giovani le misure necessarie di distanziamento sociale tante sofferenze hanno purtroppo causato. \u00c9 l\u2019ora, ed \u00e8 questa, di un impegno straordinario<\/em>\u201d.<\/p>\n<h3>La sede del Consiglio si tinge di lilla<\/h3>\n<p>\u201c<em>Anche la sede del Consiglio regionale viene illuminata di lilla, un piccolo e simbolico contributo che abbiamo voluto dare a nostra volta per dimostrare l\u2019attenzione a questo tema fondamentale da parte di tutta l\u2019istituzione che rappresento. Ho avuto il piacere fin dall\u2019inizio di seguire l\u2019esperienza pisana in questo ambito, che grazie all\u2019Associazione \u2018La vita oltre lo specchio\u2019 e al \u2018Centro Arianna\u2019 rappresenta un punto di riferimento per tante famiglie e tanti giovani del nostro territorio e che a ragione pu\u00f2 essere definita un\u2019eccellenza nel contesto regionale e anche nazionale<\/em>\u201d, ha concluso il presidente Mazzeo.<\/p>\n<figure id=\"post-218057 media-218057\" class=\"align-left\"><img decoding=\"async\" src=\"https:\/\/www.intoscana.it\/wp-content\/uploads\/palazzo-illuminato-viola.jpeg\" alt=\"\" \/><\/figure>\n<div class=\"titleimg\"><\/div>\n","protected":false},"excerpt":{"rendered":"<p>Ieri l&#8217;inaugurazione nel parco, a pochi passi dalla sede del Consiglio regionale. Mazzeo: &#8220;Questa panchina lilla vuole essere anche una provocazione per la societ\u00e0 che deve interrogarsi di pi\u00f9 sui modelli che propone ma anche per la politica che deve farsi carico di situazioni che faticano ad ottenere le luci della ribalta&#8221;<\/p>\n","protected":false},"author":525,"featured_media":218062,"comment_status":"open","ping_status":"open","sticky":false,"template":"","format":"standard","meta":{"_acf_changed":false,"footnotes":""},"categories":[494],"tags":[4760,411,4749,272],"class_list":["post-218055","post","type-post","status-publish","format-standard","has-post-thumbnail","hentry","category-attualita","tag-antonio-mazzeo","tag-donne","tag-parco-di-san-rossore","tag-salute-e-benessere"],"acf":[],"yoast_head":"<!-- This site is optimized with the Yoast SEO Premium plugin v24.2 (Yoast SEO v25.6) - https:\/\/yoast.com\/wordpress\/plugins\/seo\/ -->\n<title>Disturbi alimentari: con la pandemia casi aumentati del 30%<\/title>\n<meta name=\"description\" content=\"Una panchina lilla nel parco di San Rossore per sensibilizzare sui distubi alimentari. Mazzeo: &quot;Interroghiamoci sui modelli che la societ\u00e0 propone&quot;\" \/>\n<meta name=\"robots\" content=\"index, follow, max-snippet:-1, max-image-preview:large, max-video-preview:-1\" \/>\n<link rel=\"canonical\" href=\"https:\/\/www.intoscana.it\/it\/panchina-lilla-disturbi-alimentari\/\" \/>\n<meta property=\"og:locale\" content=\"it_IT\" \/>\n<meta property=\"og:type\" content=\"article\" \/>\n<meta property=\"og:title\" content=\"Una panchina lilla contro i disturbi alimentari: &quot;Con la pandemia aumentati del 30%&quot;\" \/>\n<meta property=\"og:description\" content=\"Una panchina lilla nel parco di San Rossore per sensibilizzare sui distubi alimentari. Mazzeo: &quot;Interroghiamoci sui modelli che la societ\u00e0 propone&quot;\" \/>\n<meta property=\"og:url\" content=\"https:\/\/www.intoscana.it\/it\/panchina-lilla-disturbi-alimentari\/\" \/>\n<meta property=\"og:site_name\" content=\"intoscana\" \/>\n<meta property=\"article:publisher\" content=\"https:\/\/www.facebook.com\/intoscana.it\" \/>\n<meta property=\"article:published_time\" content=\"2022-03-16T09:36:31+00:00\" \/>\n<meta property=\"article:modified_time\" content=\"2022-03-16T09:37:11+00:00\" \/>\n<meta property=\"og:image\" content=\"https:\/\/www.intoscana.it\/wp-content\/uploads\/panchina-viola-San-Rossore_3.jpeg\" \/>\n\t<meta property=\"og:image:width\" content=\"2048\" \/>\n\t<meta property=\"og:image:height\" content=\"1536\" \/>\n\t<meta property=\"og:image:type\" content=\"image\/jpeg\" \/>\n<meta name=\"author\" content=\"Redazione\" \/>\n<meta name=\"twitter:card\" content=\"summary_large_image\" \/>\n<meta name=\"twitter:creator\" content=\"@intoscana\" \/>\n<meta name=\"twitter:site\" content=\"@intoscana\" \/>\n<meta name=\"twitter:label1\" content=\"Written by\" \/>\n\t<meta name=\"twitter:data1\" content=\"Redazione\" \/>\n\t<meta name=\"twitter:label2\" content=\"Est. reading time\" \/>\n\t<meta name=\"twitter:data2\" content=\"2 minuti\" \/>\n<script type=\"application\/ld+json\" class=\"yoast-schema-graph\">{\"@context\":\"https:\/\/schema.org\",\"@graph\":[{\"@type\":\"WebPage\",\"@id\":\"https:\/\/www.intoscana.it\/it\/panchina-lilla-disturbi-alimentari\/\",\"url\":\"https:\/\/www.intoscana.it\/it\/panchina-lilla-disturbi-alimentari\/\",\"name\":\"Disturbi alimentari: con la pandemia casi aumentati del 30%\",\"isPartOf\":{\"@id\":\"https:\/\/www.intoscana.it\/it\/#website\"},\"primaryImageOfPage\":{\"@id\":\"https:\/\/www.intoscana.it\/it\/panchina-lilla-disturbi-alimentari\/#primaryimage\"},\"image\":{\"@id\":\"https:\/\/www.intoscana.it\/it\/panchina-lilla-disturbi-alimentari\/#primaryimage\"},\"thumbnailUrl\":\"https:\/\/www.intoscana.it\/wp-content\/uploads\/panchina-viola-San-Rossore_3.jpeg\",\"datePublished\":\"2022-03-16T09:36:31+00:00\",\"dateModified\":\"2022-03-16T09:37:11+00:00\",\"author\":{\"@id\":\"https:\/\/www.intoscana.it\/it\/#\/schema\/person\/9223810753230f20bd670fdd322661f8\"},\"description\":\"Una panchina lilla nel parco di San Rossore per sensibilizzare sui distubi alimentari. Mazzeo: \\\"Interroghiamoci sui modelli che la societ\u00e0 propone\\\"\",\"breadcrumb\":{\"@id\":\"https:\/\/www.intoscana.it\/it\/panchina-lilla-disturbi-alimentari\/#breadcrumb\"},\"inLanguage\":\"it-IT\",\"potentialAction\":[{\"@type\":\"ReadAction\",\"target\":[\"https:\/\/www.intoscana.it\/it\/panchina-lilla-disturbi-alimentari\/\"]}]},{\"@type\":\"ImageObject\",\"inLanguage\":\"it-IT\",\"@id\":\"https:\/\/www.intoscana.it\/it\/panchina-lilla-disturbi-alimentari\/#primaryimage\",\"url\":\"https:\/\/www.intoscana.it\/wp-content\/uploads\/panchina-viola-San-Rossore_3.jpeg\",\"contentUrl\":\"https:\/\/www.intoscana.it\/wp-content\/uploads\/panchina-viola-San-Rossore_3.jpeg\",\"width\":2048,\"height\":1536,\"caption\":\"panchina viola San Rossore_3\"},{\"@type\":\"BreadcrumbList\",\"@id\":\"https:\/\/www.intoscana.it\/it\/panchina-lilla-disturbi-alimentari\/#breadcrumb\",\"itemListElement\":[{\"@type\":\"ListItem\",\"position\":1,\"name\":\"Home\",\"item\":\"https:\/\/www.intoscana.it\/it\/\"},{\"@type\":\"ListItem\",\"position\":2,\"name\":\"Una panchina lilla contro i disturbi alimentari: &#8220;Con la pandemia aumentati del 30%&#8221;\"}]},{\"@type\":\"WebSite\",\"@id\":\"https:\/\/www.intoscana.it\/it\/#website\",\"url\":\"https:\/\/www.intoscana.it\/it\/\",\"name\":\"intoscana\",\"description\":\"\",\"potentialAction\":[{\"@type\":\"SearchAction\",\"target\":{\"@type\":\"EntryPoint\",\"urlTemplate\":\"https:\/\/www.intoscana.it\/it\/?s={search_term_string}\"},\"query-input\":{\"@type\":\"PropertyValueSpecification\",\"valueRequired\":true,\"valueName\":\"search_term_string\"}}],\"inLanguage\":\"it-IT\"},{\"@type\":\"Person\",\"@id\":\"https:\/\/www.intoscana.it\/it\/#\/schema\/person\/9223810753230f20bd670fdd322661f8\",\"name\":\"Redazione\",\"url\":\"https:\/\/www.intoscana.it\/it\/author\/redazione\/\"}]}<\/script>\n<!-- \/ Yoast SEO Premium plugin. -->","yoast_head_json":{"title":"Disturbi alimentari: con la pandemia casi aumentati del 30%","description":"Una panchina lilla nel parco di San Rossore per sensibilizzare sui distubi alimentari. Mazzeo: \"Interroghiamoci sui modelli che la societ\u00e0 propone\"","robots":{"index":"index","follow":"follow","max-snippet":"max-snippet:-1","max-image-preview":"max-image-preview:large","max-video-preview":"max-video-preview:-1"},"canonical":"https:\/\/www.intoscana.it\/it\/panchina-lilla-disturbi-alimentari\/","og_locale":"it_IT","og_type":"article","og_title":"Una panchina lilla contro i disturbi alimentari: \"Con la pandemia aumentati del 30%\"","og_description":"Una panchina lilla nel parco di San Rossore per sensibilizzare sui distubi alimentari. Mazzeo: \"Interroghiamoci sui modelli che la societ\u00e0 propone\"","og_url":"https:\/\/www.intoscana.it\/it\/panchina-lilla-disturbi-alimentari\/","og_site_name":"intoscana","article_publisher":"https:\/\/www.facebook.com\/intoscana.it","article_published_time":"2022-03-16T09:36:31+00:00","article_modified_time":"2022-03-16T09:37:11+00:00","og_image":[{"width":2048,"height":1536,"url":"https:\/\/www.intoscana.it\/wp-content\/uploads\/panchina-viola-San-Rossore_3.jpeg","type":"image\/jpeg"}],"author":"Redazione","twitter_card":"summary_large_image","twitter_creator":"@intoscana","twitter_site":"@intoscana","twitter_misc":{"Written by":"Redazione","Est. reading time":"2 minuti"},"schema":{"@context":"https:\/\/schema.org","@graph":[{"@type":"WebPage","@id":"https:\/\/www.intoscana.it\/it\/panchina-lilla-disturbi-alimentari\/","url":"https:\/\/www.intoscana.it\/it\/panchina-lilla-disturbi-alimentari\/","name":"Disturbi alimentari: con la pandemia casi aumentati del 30%","isPartOf":{"@id":"https:\/\/www.intoscana.it\/it\/#website"},"primaryImageOfPage":{"@id":"https:\/\/www.intoscana.it\/it\/panchina-lilla-disturbi-alimentari\/#primaryimage"},"image":{"@id":"https:\/\/www.intoscana.it\/it\/panchina-lilla-disturbi-alimentari\/#primaryimage"},"thumbnailUrl":"https:\/\/www.intoscana.it\/wp-content\/uploads\/panchina-viola-San-Rossore_3.jpeg","datePublished":"2022-03-16T09:36:31+00:00","dateModified":"2022-03-16T09:37:11+00:00","author":{"@id":"https:\/\/www.intoscana.it\/it\/#\/schema\/person\/9223810753230f20bd670fdd322661f8"},"description":"Una panchina lilla nel parco di San Rossore per sensibilizzare sui distubi alimentari. Mazzeo: \"Interroghiamoci sui modelli che la societ\u00e0 propone\"","breadcrumb":{"@id":"https:\/\/www.intoscana.it\/it\/panchina-lilla-disturbi-alimentari\/#breadcrumb"},"inLanguage":"it-IT","potentialAction":[{"@type":"ReadAction","target":["https:\/\/www.intoscana.it\/it\/panchina-lilla-disturbi-alimentari\/"]}]},{"@type":"ImageObject","inLanguage":"it-IT","@id":"https:\/\/www.intoscana.it\/it\/panchina-lilla-disturbi-alimentari\/#primaryimage","url":"https:\/\/www.intoscana.it\/wp-content\/uploads\/panchina-viola-San-Rossore_3.jpeg","contentUrl":"https:\/\/www.intoscana.it\/wp-content\/uploads\/panchina-viola-San-Rossore_3.jpeg","width":2048,"height":1536,"caption":"panchina viola San Rossore_3"},{"@type":"BreadcrumbList","@id":"https:\/\/www.intoscana.it\/it\/panchina-lilla-disturbi-alimentari\/#breadcrumb","itemListElement":[{"@type":"ListItem","position":1,"name":"Home","item":"https:\/\/www.intoscana.it\/it\/"},{"@type":"ListItem","position":2,"name":"Una panchina lilla contro i disturbi alimentari: &#8220;Con la pandemia aumentati del 30%&#8221;"}]},{"@type":"WebSite","@id":"https:\/\/www.intoscana.it\/it\/#website","url":"https:\/\/www.intoscana.it\/it\/","name":"intoscana","description":"","potentialAction":[{"@type":"SearchAction","target":{"@type":"EntryPoint","urlTemplate":"https:\/\/www.intoscana.it\/it\/?s={search_term_string}"},"query-input":{"@type":"PropertyValueSpecification","valueRequired":true,"valueName":"search_term_string"}}],"inLanguage":"it-IT"},{"@type":"Person","@id":"https:\/\/www.intoscana.it\/it\/#\/schema\/person\/9223810753230f20bd670fdd322661f8","name":"Redazione","url":"https:\/\/www.intoscana.it\/it\/author\/redazione\/"}]}},"_links":{"self":[{"href":"https:\/\/www.intoscana.it\/it\/wp-json\/wp\/v2\/posts\/218055","targetHints":{"allow":["GET"]}}],"collection":[{"href":"https:\/\/www.intoscana.it\/it\/wp-json\/wp\/v2\/posts"}],"about":[{"href":"https:\/\/www.intoscana.it\/it\/wp-json\/wp\/v2\/types\/post"}],"author":[{"embeddable":true,"href":"https:\/\/www.intoscana.it\/it\/wp-json\/wp\/v2\/users\/525"}],"replies":[{"embeddable":true,"href":"https:\/\/www.intoscana.it\/it\/wp-json\/wp\/v2\/comments?post=218055"}],"version-history":[{"count":0,"href":"https:\/\/www.intoscana.it\/it\/wp-json\/wp\/v2\/posts\/218055\/revisions"}],"wp:featuredmedia":[{"embeddable":true,"href":"https:\/\/www.intoscana.it\/it\/wp-json\/wp\/v2\/media\/218062"}],"wp:attachment":[{"href":"https:\/\/www.intoscana.it\/it\/wp-json\/wp\/v2\/media?parent=218055"}],"wp:term":[{"taxonomy":"category","embeddable":true,"href":"https:\/\/www.intoscana.it\/it\/wp-json\/wp\/v2\/categories?post=218055"},{"taxonomy":"post_tag","embeddable":true,"href":"https:\/\/www.intoscana.it\/it\/wp-json\/wp\/v2\/tags?post=218055"}],"curies":[{"name":"wp","href":"https:\/\/api.w.org\/{rel}","templated":true}]}}