{"id":218152,"date":"2022-03-16T12:12:25","date_gmt":"2022-03-16T11:12:25","guid":{"rendered":"https:\/\/www.intoscana.it\/it\/?p=218152"},"modified":"2022-03-17T12:07:02","modified_gmt":"2022-03-17T11:07:02","slug":"covid-19-in-toscana-5-203-nuovi-casi-eta-media-39-anni-10-i-decessi","status":"publish","type":"post","link":"https:\/\/www.intoscana.it\/it\/covid-19-in-toscana-5-203-nuovi-casi-eta-media-39-anni-10-i-decessi\/","title":{"rendered":"Covid-19: in Toscana 5.203 nuovi casi, et\u00e0 media 39 anni, 10 i decessi"},"content":{"rendered":"<p>In Toscana sono<strong> 910.187 i casi di positivit\u00e0 al Coronavirus, 5.203 in pi\u00f9 rispetto a ieri<\/strong> (1.407 confermati con tampone molecolare e 3.796 da test rapido antigenico). I nuovi casi sono lo 0,6% in pi\u00f9 rispetto al totale del giorno precedente. I guariti crescono dello 0,3% e raggiungono quota 866.257 (95,2% dei casi totali). Oggi sono stati eseguiti <strong>7.861 tamponi molecolari e 23.132 tamponi antigenici rapidi<\/strong>, di questi il 16,8% \u00e8 risultato positivo.<\/p>\n<p>Sono invece <strong>8.755 i soggetti testati oggi<\/strong> (con tampone antigenico e\/o molecolare, escludendo i tamponi di controllo), di cui il 59,4% \u00e8 risultato positivo. Gli attualmente positivi sono oggi 34.652, +7,6% rispetto a ieri.<strong> I ricoverati sono 699<\/strong> (9 in pi\u00f9 rispetto a ieri), di cui <strong>31 in terapia intensiva<\/strong> (4 in meno). Oggi si registrano <strong>10 nuovi decessi:<\/strong> 6 uomini e 4 donne con un&#8217;et\u00e0 media di 82,3 anni.<\/p>\n<p>L&#8217;et\u00e0 media dei 5.203 nuovi positivi odierni \u00e8 di<strong> 39 anni circa<\/strong> (22% ha meno di 20 anni, 24% tra 20 e 39 anni, 31% tra 40 e 59 anni, 16% tra 60 e 79 anni, 7% ha 80 anni o pi\u00f9).<\/p>\n<h3>I casi di positivit\u00e0 sul territorio<\/h3>\n<p>Di seguito i casi di positivit\u00e0 sul territorio con la variazione rispetto a ieri (1.407 confermati con tampone molecolare e 3.796 da test rapido antigenico). Sono 261.605 i casi complessivi ad oggi a Firenze (1.078 in pi\u00f9 rispetto a ieri), 66.756 a Prato (208 in pi\u00f9), 74.923 a Pistoia (282 in pi\u00f9), 42.424 a Massa (283 in pi\u00f9), 93.449 a Lucca (723 in pi\u00f9), 103.889 a Pisa (557 in pi\u00f9), 77.842 a Livorno (491 in pi\u00f9), 82.968 ad Arezzo (566 in pi\u00f9), 60.460 a Siena (569 in pi\u00f9), 45.316 a Grosseto (446 in pi\u00f9). Sono 555 i casi positivi notificati in Toscana, ma residenti in altre regioni.<\/p>\n<p>Sono 1.619 i casi riscontrati oggi nell&#8217;Asl Centro, 2.003 nella Nord Ovest, 1.581 nella Sud est.<\/p>\n<p>La Toscana si trova al 7\u00b0 posto in Italia come numerosit\u00e0 di casi (comprensivi di residenti e non residenti), con circa 24.647 casi per 100.000 abitanti (media italiana circa 22.772 x100.000, dato di ieri). Le province di notifica con il tasso pi\u00f9 alto sono Firenze con 26.202 casi x100.000 abitanti, Pistoia con 25.814, Prato con 25.165, la pi\u00f9 bassa Grosseto con 20.802.<\/p>\n<p>Complessivamente, <strong>33.953 persone sono in isolamento a casa<\/strong>, poich\u00e9 presentano sintomi lievi che non richiedono cure ospedaliere, o risultano prive di sintomi (2.425 in pi\u00f9 rispetto a ieri, pi\u00f9 7,7%).\u00a0<strong>Sono 5.611<\/strong> (105 in pi\u00f9 rispetto a ieri, pi\u00f9 1,9%) <strong>le persone, anch&#8217;esse isolate,<\/strong> in sorveglianza attiva perch\u00e9 hanno avuto contatti con persone contagiate (ASL Centro 786, Nord Ovest 2.112, Sud Est 2.713).<\/p>\n<p><strong>Le persone ricoverate<\/strong> nei posti letto dedicati ai pazienti COVID oggi sono complessivamente <strong>699<\/strong> (9 in pi\u00f9 rispetto a ieri, pi\u00f9 1,3%), 31 in terapia intensiva (4 in meno rispetto a ieri, meno 11,4%).<\/p>\n<p><strong>Le persone complessivamente guarite sono 866.257<\/strong> (2.759 in pi\u00f9 rispetto a ieri, pi\u00f9 0,3%): 0 persone clinicamente guarite (stabili rispetto a ieri), divenute cio\u00e8 asintomatiche dopo aver presentato manifestazioni cliniche associate all&#8217;infezione e 866.257 (2.759 in pi\u00f9 rispetto a ieri, pi\u00f9 0,3%) dichiarate guarite a tutti gli effetti, le cosiddette guarigioni virali, con tampone negativo.<\/p>\n<h3>I decessi<\/h3>\n<p>Oggi si registrano <strong>10 nuovi decessi: 6 uomini e 4 donne con un&#8217;et\u00e0 media di 82,3 anni.<\/strong><\/p>\n<p>Relativamente alla provincia di residenza, le persone decedute sono: 1 a Firenze, 1 a Prato, 2 a Pistoia, 3 a Pisa, 1 a Livorno, 2 fuori Toscana.<\/p>\n<p><strong>Sono 9.278 i deceduti dall&#8217;inizio dell&#8217;epidemia<\/strong> cosi ripartiti: 2.935 a Firenze, 785 a Prato, 838 a Pistoia, 615 a Massa Carrara, 867 a Lucca, 991 a Pisa, 679 a Livorno, 627 ad Arezzo, 479 a Siena, 341 a Grosseto, 121 persone sono decedute sul suolo toscano ma erano residenti fuori regione.<\/p>\n<p>Il tasso grezzo di mortalit\u00e0 toscano (numero di deceduti\/popolazione residente) per Covid-19 \u00e8 di 251,2 x100.000 residenti contro il 265,3 x100.000 della media italiana (10\u00b0 regione). Per quanto riguarda le province, il tasso di mortalit\u00e0 pi\u00f9 alto si riscontra a Massa Carrara (324,0 x100.000), Prato (295,9 x100.000) e Firenze (294,0 x100.000), il pi\u00f9 basso a Grosseto (156,5 x100.000).<\/p>\n","protected":false},"excerpt":{"rendered":"<p>Questi i dati &#8211; accertati alle ore 12 di oggi sulla base delle richieste della Protezione Civile Nazionale &#8211; relativi all&#8217;andamento dell&#8217;epidemia in regione<\/p>\n","protected":false},"author":525,"featured_media":211858,"comment_status":"open","ping_status":"open","sticky":false,"template":"","format":"standard","meta":{"_acf_changed":false,"footnotes":""},"categories":[494],"tags":[418],"class_list":["post-218152","post","type-post","status-publish","format-standard","has-post-thumbnail","hentry","category-attualita","tag-covid-19"],"acf":[],"yoast_head":"<!-- This site is optimized with the Yoast SEO Premium plugin v24.2 (Yoast SEO v25.6) - https:\/\/yoast.com\/wordpress\/plugins\/seo\/ -->\n<title>Covid-19: in Toscana 5.203 nuovi casi, et\u00e0 media 39 anni, 10 i decessi - intoscana<\/title>\n<meta name=\"description\" content=\"Questi i dati - accertati alle ore 12 di oggi sulla base delle richieste della Protezione Civile Nazionale - relativi all&#039;andamento dell&#039;epidemia\" \/>\n<meta name=\"robots\" content=\"index, follow, max-snippet:-1, max-image-preview:large, max-video-preview:-1\" \/>\n<link rel=\"canonical\" href=\"https:\/\/www.intoscana.it\/it\/covid-19-in-toscana-5-203-nuovi-casi-eta-media-39-anni-10-i-decessi\/\" \/>\n<meta property=\"og:locale\" content=\"it_IT\" \/>\n<meta property=\"og:type\" content=\"article\" \/>\n<meta property=\"og:title\" content=\"Covid-19: in Toscana 5.203 nuovi casi, et\u00e0 media 39 anni, 10 i decessi\" \/>\n<meta property=\"og:description\" content=\"Questi i dati - accertati alle ore 12 di oggi sulla base delle richieste della Protezione Civile Nazionale - relativi all&#039;andamento dell&#039;epidemia\" \/>\n<meta property=\"og:url\" content=\"https:\/\/www.intoscana.it\/it\/covid-19-in-toscana-5-203-nuovi-casi-eta-media-39-anni-10-i-decessi\/\" \/>\n<meta property=\"og:site_name\" content=\"intoscana\" \/>\n<meta property=\"article:publisher\" content=\"https:\/\/www.facebook.com\/intoscana.it\" \/>\n<meta property=\"article:published_time\" content=\"2022-03-16T11:12:25+00:00\" \/>\n<meta property=\"article:modified_time\" content=\"2022-03-17T11:07:02+00:00\" \/>\n<meta property=\"og:image\" content=\"https:\/\/www.intoscana.it\/wp-content\/uploads\/Ragazza-si-toglie-mascherina-Pille-R.-Priske-Unsplash.jpg\" \/>\n\t<meta property=\"og:image:width\" content=\"1920\" \/>\n\t<meta property=\"og:image:height\" content=\"1280\" \/>\n\t<meta property=\"og:image:type\" content=\"image\/jpeg\" \/>\n<meta name=\"author\" content=\"Redazione\" \/>\n<meta name=\"twitter:card\" content=\"summary_large_image\" \/>\n<meta name=\"twitter:creator\" content=\"@intoscana\" \/>\n<meta name=\"twitter:site\" content=\"@intoscana\" \/>\n<meta name=\"twitter:label1\" content=\"Written by\" \/>\n\t<meta name=\"twitter:data1\" content=\"Redazione\" \/>\n\t<meta name=\"twitter:label2\" content=\"Est. reading time\" \/>\n\t<meta name=\"twitter:data2\" content=\"3 minuti\" \/>\n<script type=\"application\/ld+json\" class=\"yoast-schema-graph\">{\"@context\":\"https:\/\/schema.org\",\"@graph\":[{\"@type\":\"WebPage\",\"@id\":\"https:\/\/www.intoscana.it\/it\/covid-19-in-toscana-5-203-nuovi-casi-eta-media-39-anni-10-i-decessi\/\",\"url\":\"https:\/\/www.intoscana.it\/it\/covid-19-in-toscana-5-203-nuovi-casi-eta-media-39-anni-10-i-decessi\/\",\"name\":\"Covid-19: in Toscana 5.203 nuovi casi, et\u00e0 media 39 anni, 10 i decessi - intoscana\",\"isPartOf\":{\"@id\":\"https:\/\/www.intoscana.it\/it\/#website\"},\"primaryImageOfPage\":{\"@id\":\"https:\/\/www.intoscana.it\/it\/covid-19-in-toscana-5-203-nuovi-casi-eta-media-39-anni-10-i-decessi\/#primaryimage\"},\"image\":{\"@id\":\"https:\/\/www.intoscana.it\/it\/covid-19-in-toscana-5-203-nuovi-casi-eta-media-39-anni-10-i-decessi\/#primaryimage\"},\"thumbnailUrl\":\"https:\/\/www.intoscana.it\/wp-content\/uploads\/Ragazza-si-toglie-mascherina-Pille-R.-Priske-Unsplash.jpg\",\"datePublished\":\"2022-03-16T11:12:25+00:00\",\"dateModified\":\"2022-03-17T11:07:02+00:00\",\"author\":{\"@id\":\"https:\/\/www.intoscana.it\/it\/#\/schema\/person\/9223810753230f20bd670fdd322661f8\"},\"description\":\"Questi i dati - accertati alle ore 12 di oggi sulla base delle richieste della Protezione Civile Nazionale - relativi all'andamento dell'epidemia\",\"breadcrumb\":{\"@id\":\"https:\/\/www.intoscana.it\/it\/covid-19-in-toscana-5-203-nuovi-casi-eta-media-39-anni-10-i-decessi\/#breadcrumb\"},\"inLanguage\":\"it-IT\",\"potentialAction\":[{\"@type\":\"ReadAction\",\"target\":[\"https:\/\/www.intoscana.it\/it\/covid-19-in-toscana-5-203-nuovi-casi-eta-media-39-anni-10-i-decessi\/\"]}]},{\"@type\":\"ImageObject\",\"inLanguage\":\"it-IT\",\"@id\":\"https:\/\/www.intoscana.it\/it\/covid-19-in-toscana-5-203-nuovi-casi-eta-media-39-anni-10-i-decessi\/#primaryimage\",\"url\":\"https:\/\/www.intoscana.it\/wp-content\/uploads\/Ragazza-si-toglie-mascherina-Pille-R.-Priske-Unsplash.jpg\",\"contentUrl\":\"https:\/\/www.intoscana.it\/wp-content\/uploads\/Ragazza-si-toglie-mascherina-Pille-R.-Priske-Unsplash.jpg\",\"width\":1920,\"height\":1280},{\"@type\":\"BreadcrumbList\",\"@id\":\"https:\/\/www.intoscana.it\/it\/covid-19-in-toscana-5-203-nuovi-casi-eta-media-39-anni-10-i-decessi\/#breadcrumb\",\"itemListElement\":[{\"@type\":\"ListItem\",\"position\":1,\"name\":\"Home\",\"item\":\"https:\/\/www.intoscana.it\/it\/\"},{\"@type\":\"ListItem\",\"position\":2,\"name\":\"Covid-19: in Toscana 5.203 nuovi casi, et\u00e0 media 39 anni, 10 i decessi\"}]},{\"@type\":\"WebSite\",\"@id\":\"https:\/\/www.intoscana.it\/it\/#website\",\"url\":\"https:\/\/www.intoscana.it\/it\/\",\"name\":\"intoscana\",\"description\":\"\",\"potentialAction\":[{\"@type\":\"SearchAction\",\"target\":{\"@type\":\"EntryPoint\",\"urlTemplate\":\"https:\/\/www.intoscana.it\/it\/?s={search_term_string}\"},\"query-input\":{\"@type\":\"PropertyValueSpecification\",\"valueRequired\":true,\"valueName\":\"search_term_string\"}}],\"inLanguage\":\"it-IT\"},{\"@type\":\"Person\",\"@id\":\"https:\/\/www.intoscana.it\/it\/#\/schema\/person\/9223810753230f20bd670fdd322661f8\",\"name\":\"Redazione\",\"url\":\"https:\/\/www.intoscana.it\/it\/author\/redazione\/\"}]}<\/script>\n<!-- \/ Yoast SEO Premium plugin. -->","yoast_head_json":{"title":"Covid-19: in Toscana 5.203 nuovi casi, et\u00e0 media 39 anni, 10 i decessi - intoscana","description":"Questi i dati - accertati alle ore 12 di oggi sulla base delle richieste della Protezione Civile Nazionale - relativi all'andamento dell'epidemia","robots":{"index":"index","follow":"follow","max-snippet":"max-snippet:-1","max-image-preview":"max-image-preview:large","max-video-preview":"max-video-preview:-1"},"canonical":"https:\/\/www.intoscana.it\/it\/covid-19-in-toscana-5-203-nuovi-casi-eta-media-39-anni-10-i-decessi\/","og_locale":"it_IT","og_type":"article","og_title":"Covid-19: in Toscana 5.203 nuovi casi, et\u00e0 media 39 anni, 10 i decessi","og_description":"Questi i dati - accertati alle ore 12 di oggi sulla base delle richieste della Protezione Civile Nazionale - relativi all'andamento dell'epidemia","og_url":"https:\/\/www.intoscana.it\/it\/covid-19-in-toscana-5-203-nuovi-casi-eta-media-39-anni-10-i-decessi\/","og_site_name":"intoscana","article_publisher":"https:\/\/www.facebook.com\/intoscana.it","article_published_time":"2022-03-16T11:12:25+00:00","article_modified_time":"2022-03-17T11:07:02+00:00","og_image":[{"width":1920,"height":1280,"url":"https:\/\/www.intoscana.it\/wp-content\/uploads\/Ragazza-si-toglie-mascherina-Pille-R.-Priske-Unsplash.jpg","type":"image\/jpeg"}],"author":"Redazione","twitter_card":"summary_large_image","twitter_creator":"@intoscana","twitter_site":"@intoscana","twitter_misc":{"Written by":"Redazione","Est. reading time":"3 minuti"},"schema":{"@context":"https:\/\/schema.org","@graph":[{"@type":"WebPage","@id":"https:\/\/www.intoscana.it\/it\/covid-19-in-toscana-5-203-nuovi-casi-eta-media-39-anni-10-i-decessi\/","url":"https:\/\/www.intoscana.it\/it\/covid-19-in-toscana-5-203-nuovi-casi-eta-media-39-anni-10-i-decessi\/","name":"Covid-19: in Toscana 5.203 nuovi casi, et\u00e0 media 39 anni, 10 i decessi - intoscana","isPartOf":{"@id":"https:\/\/www.intoscana.it\/it\/#website"},"primaryImageOfPage":{"@id":"https:\/\/www.intoscana.it\/it\/covid-19-in-toscana-5-203-nuovi-casi-eta-media-39-anni-10-i-decessi\/#primaryimage"},"image":{"@id":"https:\/\/www.intoscana.it\/it\/covid-19-in-toscana-5-203-nuovi-casi-eta-media-39-anni-10-i-decessi\/#primaryimage"},"thumbnailUrl":"https:\/\/www.intoscana.it\/wp-content\/uploads\/Ragazza-si-toglie-mascherina-Pille-R.-Priske-Unsplash.jpg","datePublished":"2022-03-16T11:12:25+00:00","dateModified":"2022-03-17T11:07:02+00:00","author":{"@id":"https:\/\/www.intoscana.it\/it\/#\/schema\/person\/9223810753230f20bd670fdd322661f8"},"description":"Questi i dati - accertati alle ore 12 di oggi sulla base delle richieste della Protezione Civile Nazionale - relativi all'andamento dell'epidemia","breadcrumb":{"@id":"https:\/\/www.intoscana.it\/it\/covid-19-in-toscana-5-203-nuovi-casi-eta-media-39-anni-10-i-decessi\/#breadcrumb"},"inLanguage":"it-IT","potentialAction":[{"@type":"ReadAction","target":["https:\/\/www.intoscana.it\/it\/covid-19-in-toscana-5-203-nuovi-casi-eta-media-39-anni-10-i-decessi\/"]}]},{"@type":"ImageObject","inLanguage":"it-IT","@id":"https:\/\/www.intoscana.it\/it\/covid-19-in-toscana-5-203-nuovi-casi-eta-media-39-anni-10-i-decessi\/#primaryimage","url":"https:\/\/www.intoscana.it\/wp-content\/uploads\/Ragazza-si-toglie-mascherina-Pille-R.-Priske-Unsplash.jpg","contentUrl":"https:\/\/www.intoscana.it\/wp-content\/uploads\/Ragazza-si-toglie-mascherina-Pille-R.-Priske-Unsplash.jpg","width":1920,"height":1280},{"@type":"BreadcrumbList","@id":"https:\/\/www.intoscana.it\/it\/covid-19-in-toscana-5-203-nuovi-casi-eta-media-39-anni-10-i-decessi\/#breadcrumb","itemListElement":[{"@type":"ListItem","position":1,"name":"Home","item":"https:\/\/www.intoscana.it\/it\/"},{"@type":"ListItem","position":2,"name":"Covid-19: in Toscana 5.203 nuovi casi, et\u00e0 media 39 anni, 10 i decessi"}]},{"@type":"WebSite","@id":"https:\/\/www.intoscana.it\/it\/#website","url":"https:\/\/www.intoscana.it\/it\/","name":"intoscana","description":"","potentialAction":[{"@type":"SearchAction","target":{"@type":"EntryPoint","urlTemplate":"https:\/\/www.intoscana.it\/it\/?s={search_term_string}"},"query-input":{"@type":"PropertyValueSpecification","valueRequired":true,"valueName":"search_term_string"}}],"inLanguage":"it-IT"},{"@type":"Person","@id":"https:\/\/www.intoscana.it\/it\/#\/schema\/person\/9223810753230f20bd670fdd322661f8","name":"Redazione","url":"https:\/\/www.intoscana.it\/it\/author\/redazione\/"}]}},"_links":{"self":[{"href":"https:\/\/www.intoscana.it\/it\/wp-json\/wp\/v2\/posts\/218152","targetHints":{"allow":["GET"]}}],"collection":[{"href":"https:\/\/www.intoscana.it\/it\/wp-json\/wp\/v2\/posts"}],"about":[{"href":"https:\/\/www.intoscana.it\/it\/wp-json\/wp\/v2\/types\/post"}],"author":[{"embeddable":true,"href":"https:\/\/www.intoscana.it\/it\/wp-json\/wp\/v2\/users\/525"}],"replies":[{"embeddable":true,"href":"https:\/\/www.intoscana.it\/it\/wp-json\/wp\/v2\/comments?post=218152"}],"version-history":[{"count":0,"href":"https:\/\/www.intoscana.it\/it\/wp-json\/wp\/v2\/posts\/218152\/revisions"}],"wp:featuredmedia":[{"embeddable":true,"href":"https:\/\/www.intoscana.it\/it\/wp-json\/wp\/v2\/media\/211858"}],"wp:attachment":[{"href":"https:\/\/www.intoscana.it\/it\/wp-json\/wp\/v2\/media?parent=218152"}],"wp:term":[{"taxonomy":"category","embeddable":true,"href":"https:\/\/www.intoscana.it\/it\/wp-json\/wp\/v2\/categories?post=218152"},{"taxonomy":"post_tag","embeddable":true,"href":"https:\/\/www.intoscana.it\/it\/wp-json\/wp\/v2\/tags?post=218152"}],"curies":[{"name":"wp","href":"https:\/\/api.w.org\/{rel}","templated":true}]}}