{"id":218583,"date":"2022-03-18T11:26:07","date_gmt":"2022-03-18T10:26:07","guid":{"rendered":"https:\/\/www.intoscana.it\/it\/?p=218583"},"modified":"2022-03-19T09:25:23","modified_gmt":"2022-03-19T08:25:23","slug":"giornata-vittime-covid-19-firenze","status":"publish","type":"post","link":"https:\/\/www.intoscana.it\/it\/giornata-vittime-covid-19-firenze\/","title":{"rendered":"Vittime del Covid-19, i nomi degli oltre mille morti fiorentini sulle foglie d&#8217;ulivo"},"content":{"rendered":"<p>I nomi delle <strong>vittime del Covid-19<\/strong> sulle foglie d&#8217;ulivo. Un gesto simbolico per ricordare il tributo di oltre mille vite pagato dalla citt\u00e0 di Firenze in questi due anni di pandemia. Gli alberi di ulivo con il loro carico di ricordi sono stati disposti sull&#8217;<strong>arengario di Palazzo Vecchio<\/strong>.<\/p>\n<h3>Il ricordo delle vittime del Covid-19<\/h3>\n<p>\u00c8 stata questa l&#8217;iniziativa del sindaco di Firenze <strong>Dario Nardella<\/strong> in occasione delle <mark>Giornata in memoria delle vittime del Coronavirus<\/mark>, <strong>1.130 nel capoluogo toscano<\/strong> come ha specificato il primo cittadino.<\/p>\n<p>Tanti gli assessori comunali presenti alla cerimonia sull&#8217;arengario di Palazzo Vecchio che vuole ricordare chi \u00e8 morto; tra i presenti Benedetta Albanese, Sara Funaro, Alessandro Martini oltre al presidente del Consiglio comunale Luca Milani e i direttore degli ospedali cittadini. <strong>Ogni albero ha pi\u00f9 targhette<\/strong>, con il nome delle persone scomparse.<\/p>\n<p>Le piante sono state allestite a cura di <strong>Coldiretti Toscana<\/strong> in collaborazione con <strong>Romiti Marco<\/strong> di Romiti Vivai. La cerimonia ha visto la partecipazione di <strong>Andrea Bernardini<\/strong>, trombettista della &#8216;Silent king big band&#8217; dell&#8217;orchestra &#8216;<em>ReMuTo<\/em>&#8216; coordinata dal professor <strong>Luca Marino<\/strong>.<\/p>\n<figure id=\"post-218593 media-218593\" class=\"align-none\"><img decoding=\"async\" src=\"https:\/\/www.intoscana.it\/wp-content\/uploads\/Alberi-di-ulivo-per-le-vittime-del-Covid-19.jpeg\" alt=\"\" \/><\/figure>\n<div class=\"titleimg\">Gli alberi di ulivo per ricordare le vittime del Covid-19 sull\u2019arengario di Palazzo Vecchio<\/div>\n<p>&#8220;<em>Il segno che il Covid ha lasciato nel nostro Paese \u00e8 indelebile<\/em> &#8211; ha detto <strong>Nardella<\/strong> -. <em>Ricordiamo coloro che sono morti: donne, anziani, talvolta anche bambini. Lo facciamo con una consapevolezza maggiore perch\u00e9 a due anni di distanza siamo pi\u00f9 forti, pi\u00f9 coesi, abbiamo anche pi\u00f9 speranza. Abbiamo imparato molto da questa terribile pandemia, il ringraziamento che faccio \u00e8 al personale sanitario che non si \u00e8 mai risparmiato, anche in queste settimane in cui il Covid \u00e8 ancora in corso. Siamo orgogliosi di loro<\/em>&#8220;.<\/p>\n","protected":false},"excerpt":{"rendered":"<p>L&#8217;arengario di Palazzo Vecchio si \u00e8 trasformato in un uliveto in occasione della giornata nazionale per ricordare i morti<\/p>\n","protected":false},"author":525,"featured_media":218592,"comment_status":"open","ping_status":"open","sticky":false,"template":"","format":"standard","meta":{"_acf_changed":false,"footnotes":""},"categories":[494],"tags":[418],"class_list":["post-218583","post","type-post","status-publish","format-standard","has-post-thumbnail","hentry","category-attualita","tag-covid-19"],"acf":[],"yoast_head":"<!-- This site is optimized with the Yoast SEO Premium plugin v24.2 (Yoast SEO v25.6) - https:\/\/yoast.com\/wordpress\/plugins\/seo\/ -->\n<title>Vittime del Covid-19, i nomi degli oltre mille morti su foglie d&#039;ulivo - intoscana<\/title>\n<meta name=\"description\" content=\"L&#039;arengario di Palazzo Vecchio si \u00e8 trasformato in un uliveto in occasione della giornata nazionale per ricordare i morti\" \/>\n<meta name=\"robots\" content=\"index, follow, max-snippet:-1, max-image-preview:large, max-video-preview:-1\" \/>\n<link rel=\"canonical\" href=\"https:\/\/www.intoscana.it\/it\/giornata-vittime-covid-19-firenze\/\" \/>\n<meta property=\"og:locale\" content=\"it_IT\" \/>\n<meta property=\"og:type\" content=\"article\" \/>\n<meta property=\"og:title\" content=\"Vittime del Covid-19, i nomi degli oltre mille morti fiorentini sulle foglie d&#039;ulivo\" \/>\n<meta property=\"og:description\" content=\"L&#039;arengario di Palazzo Vecchio si \u00e8 trasformato in un uliveto in occasione della giornata nazionale per ricordare i morti\" \/>\n<meta property=\"og:url\" content=\"https:\/\/www.intoscana.it\/it\/giornata-vittime-covid-19-firenze\/\" \/>\n<meta property=\"og:site_name\" content=\"intoscana\" \/>\n<meta property=\"article:publisher\" content=\"https:\/\/www.facebook.com\/intoscana.it\" \/>\n<meta property=\"article:published_time\" content=\"2022-03-18T10:26:07+00:00\" \/>\n<meta property=\"article:modified_time\" content=\"2022-03-19T08:25:23+00:00\" \/>\n<meta property=\"og:image\" content=\"https:\/\/www.intoscana.it\/wp-content\/uploads\/Alberi-di-ulivo-per-le-vittime-del-coronavirus.jpeg\" \/>\n\t<meta property=\"og:image:width\" content=\"1280\" \/>\n\t<meta property=\"og:image:height\" content=\"853\" \/>\n\t<meta property=\"og:image:type\" content=\"image\/jpeg\" \/>\n<meta name=\"author\" content=\"Redazione\" \/>\n<meta name=\"twitter:card\" content=\"summary_large_image\" \/>\n<meta name=\"twitter:creator\" content=\"@intoscana\" \/>\n<meta name=\"twitter:site\" content=\"@intoscana\" \/>\n<meta name=\"twitter:label1\" content=\"Written by\" \/>\n\t<meta name=\"twitter:data1\" content=\"Redazione\" \/>\n\t<meta name=\"twitter:label2\" content=\"Est. reading time\" \/>\n\t<meta name=\"twitter:data2\" content=\"1 minuto\" \/>\n<script type=\"application\/ld+json\" class=\"yoast-schema-graph\">{\"@context\":\"https:\/\/schema.org\",\"@graph\":[{\"@type\":\"WebPage\",\"@id\":\"https:\/\/www.intoscana.it\/it\/giornata-vittime-covid-19-firenze\/\",\"url\":\"https:\/\/www.intoscana.it\/it\/giornata-vittime-covid-19-firenze\/\",\"name\":\"Vittime del Covid-19, i nomi degli oltre mille morti su foglie d'ulivo - intoscana\",\"isPartOf\":{\"@id\":\"https:\/\/www.intoscana.it\/it\/#website\"},\"primaryImageOfPage\":{\"@id\":\"https:\/\/www.intoscana.it\/it\/giornata-vittime-covid-19-firenze\/#primaryimage\"},\"image\":{\"@id\":\"https:\/\/www.intoscana.it\/it\/giornata-vittime-covid-19-firenze\/#primaryimage\"},\"thumbnailUrl\":\"https:\/\/www.intoscana.it\/wp-content\/uploads\/Alberi-di-ulivo-per-le-vittime-del-coronavirus.jpeg\",\"datePublished\":\"2022-03-18T10:26:07+00:00\",\"dateModified\":\"2022-03-19T08:25:23+00:00\",\"author\":{\"@id\":\"https:\/\/www.intoscana.it\/it\/#\/schema\/person\/9223810753230f20bd670fdd322661f8\"},\"description\":\"L'arengario di Palazzo Vecchio si \u00e8 trasformato in un uliveto in occasione della giornata nazionale per ricordare i morti\",\"breadcrumb\":{\"@id\":\"https:\/\/www.intoscana.it\/it\/giornata-vittime-covid-19-firenze\/#breadcrumb\"},\"inLanguage\":\"it-IT\",\"potentialAction\":[{\"@type\":\"ReadAction\",\"target\":[\"https:\/\/www.intoscana.it\/it\/giornata-vittime-covid-19-firenze\/\"]}]},{\"@type\":\"ImageObject\",\"inLanguage\":\"it-IT\",\"@id\":\"https:\/\/www.intoscana.it\/it\/giornata-vittime-covid-19-firenze\/#primaryimage\",\"url\":\"https:\/\/www.intoscana.it\/wp-content\/uploads\/Alberi-di-ulivo-per-le-vittime-del-coronavirus.jpeg\",\"contentUrl\":\"https:\/\/www.intoscana.it\/wp-content\/uploads\/Alberi-di-ulivo-per-le-vittime-del-coronavirus.jpeg\",\"width\":1280,\"height\":853,\"caption\":\"Gli alberi di ulivo per ricordare le vittime del Covid-19 sull'arengario di Palazzo Vecchio\"},{\"@type\":\"BreadcrumbList\",\"@id\":\"https:\/\/www.intoscana.it\/it\/giornata-vittime-covid-19-firenze\/#breadcrumb\",\"itemListElement\":[{\"@type\":\"ListItem\",\"position\":1,\"name\":\"Home\",\"item\":\"https:\/\/www.intoscana.it\/it\/\"},{\"@type\":\"ListItem\",\"position\":2,\"name\":\"Vittime del Covid-19, i nomi degli oltre mille morti fiorentini sulle foglie d&#8217;ulivo\"}]},{\"@type\":\"WebSite\",\"@id\":\"https:\/\/www.intoscana.it\/it\/#website\",\"url\":\"https:\/\/www.intoscana.it\/it\/\",\"name\":\"intoscana\",\"description\":\"\",\"potentialAction\":[{\"@type\":\"SearchAction\",\"target\":{\"@type\":\"EntryPoint\",\"urlTemplate\":\"https:\/\/www.intoscana.it\/it\/?s={search_term_string}\"},\"query-input\":{\"@type\":\"PropertyValueSpecification\",\"valueRequired\":true,\"valueName\":\"search_term_string\"}}],\"inLanguage\":\"it-IT\"},{\"@type\":\"Person\",\"@id\":\"https:\/\/www.intoscana.it\/it\/#\/schema\/person\/9223810753230f20bd670fdd322661f8\",\"name\":\"Redazione\",\"url\":\"https:\/\/www.intoscana.it\/it\/author\/redazione\/\"}]}<\/script>\n<!-- \/ Yoast SEO Premium plugin. -->","yoast_head_json":{"title":"Vittime del Covid-19, i nomi degli oltre mille morti su foglie d'ulivo - intoscana","description":"L'arengario di Palazzo Vecchio si \u00e8 trasformato in un uliveto in occasione della giornata nazionale per ricordare i morti","robots":{"index":"index","follow":"follow","max-snippet":"max-snippet:-1","max-image-preview":"max-image-preview:large","max-video-preview":"max-video-preview:-1"},"canonical":"https:\/\/www.intoscana.it\/it\/giornata-vittime-covid-19-firenze\/","og_locale":"it_IT","og_type":"article","og_title":"Vittime del Covid-19, i nomi degli oltre mille morti fiorentini sulle foglie d'ulivo","og_description":"L'arengario di Palazzo Vecchio si \u00e8 trasformato in un uliveto in occasione della giornata nazionale per ricordare i morti","og_url":"https:\/\/www.intoscana.it\/it\/giornata-vittime-covid-19-firenze\/","og_site_name":"intoscana","article_publisher":"https:\/\/www.facebook.com\/intoscana.it","article_published_time":"2022-03-18T10:26:07+00:00","article_modified_time":"2022-03-19T08:25:23+00:00","og_image":[{"width":1280,"height":853,"url":"https:\/\/www.intoscana.it\/wp-content\/uploads\/Alberi-di-ulivo-per-le-vittime-del-coronavirus.jpeg","type":"image\/jpeg"}],"author":"Redazione","twitter_card":"summary_large_image","twitter_creator":"@intoscana","twitter_site":"@intoscana","twitter_misc":{"Written by":"Redazione","Est. reading time":"1 minuto"},"schema":{"@context":"https:\/\/schema.org","@graph":[{"@type":"WebPage","@id":"https:\/\/www.intoscana.it\/it\/giornata-vittime-covid-19-firenze\/","url":"https:\/\/www.intoscana.it\/it\/giornata-vittime-covid-19-firenze\/","name":"Vittime del Covid-19, i nomi degli oltre mille morti su foglie d'ulivo - intoscana","isPartOf":{"@id":"https:\/\/www.intoscana.it\/it\/#website"},"primaryImageOfPage":{"@id":"https:\/\/www.intoscana.it\/it\/giornata-vittime-covid-19-firenze\/#primaryimage"},"image":{"@id":"https:\/\/www.intoscana.it\/it\/giornata-vittime-covid-19-firenze\/#primaryimage"},"thumbnailUrl":"https:\/\/www.intoscana.it\/wp-content\/uploads\/Alberi-di-ulivo-per-le-vittime-del-coronavirus.jpeg","datePublished":"2022-03-18T10:26:07+00:00","dateModified":"2022-03-19T08:25:23+00:00","author":{"@id":"https:\/\/www.intoscana.it\/it\/#\/schema\/person\/9223810753230f20bd670fdd322661f8"},"description":"L'arengario di Palazzo Vecchio si \u00e8 trasformato in un uliveto in occasione della giornata nazionale per ricordare i morti","breadcrumb":{"@id":"https:\/\/www.intoscana.it\/it\/giornata-vittime-covid-19-firenze\/#breadcrumb"},"inLanguage":"it-IT","potentialAction":[{"@type":"ReadAction","target":["https:\/\/www.intoscana.it\/it\/giornata-vittime-covid-19-firenze\/"]}]},{"@type":"ImageObject","inLanguage":"it-IT","@id":"https:\/\/www.intoscana.it\/it\/giornata-vittime-covid-19-firenze\/#primaryimage","url":"https:\/\/www.intoscana.it\/wp-content\/uploads\/Alberi-di-ulivo-per-le-vittime-del-coronavirus.jpeg","contentUrl":"https:\/\/www.intoscana.it\/wp-content\/uploads\/Alberi-di-ulivo-per-le-vittime-del-coronavirus.jpeg","width":1280,"height":853,"caption":"Gli alberi di ulivo per ricordare le vittime del Covid-19 sull'arengario di Palazzo Vecchio"},{"@type":"BreadcrumbList","@id":"https:\/\/www.intoscana.it\/it\/giornata-vittime-covid-19-firenze\/#breadcrumb","itemListElement":[{"@type":"ListItem","position":1,"name":"Home","item":"https:\/\/www.intoscana.it\/it\/"},{"@type":"ListItem","position":2,"name":"Vittime del Covid-19, i nomi degli oltre mille morti fiorentini sulle foglie d&#8217;ulivo"}]},{"@type":"WebSite","@id":"https:\/\/www.intoscana.it\/it\/#website","url":"https:\/\/www.intoscana.it\/it\/","name":"intoscana","description":"","potentialAction":[{"@type":"SearchAction","target":{"@type":"EntryPoint","urlTemplate":"https:\/\/www.intoscana.it\/it\/?s={search_term_string}"},"query-input":{"@type":"PropertyValueSpecification","valueRequired":true,"valueName":"search_term_string"}}],"inLanguage":"it-IT"},{"@type":"Person","@id":"https:\/\/www.intoscana.it\/it\/#\/schema\/person\/9223810753230f20bd670fdd322661f8","name":"Redazione","url":"https:\/\/www.intoscana.it\/it\/author\/redazione\/"}]}},"_links":{"self":[{"href":"https:\/\/www.intoscana.it\/it\/wp-json\/wp\/v2\/posts\/218583","targetHints":{"allow":["GET"]}}],"collection":[{"href":"https:\/\/www.intoscana.it\/it\/wp-json\/wp\/v2\/posts"}],"about":[{"href":"https:\/\/www.intoscana.it\/it\/wp-json\/wp\/v2\/types\/post"}],"author":[{"embeddable":true,"href":"https:\/\/www.intoscana.it\/it\/wp-json\/wp\/v2\/users\/525"}],"replies":[{"embeddable":true,"href":"https:\/\/www.intoscana.it\/it\/wp-json\/wp\/v2\/comments?post=218583"}],"version-history":[{"count":0,"href":"https:\/\/www.intoscana.it\/it\/wp-json\/wp\/v2\/posts\/218583\/revisions"}],"wp:featuredmedia":[{"embeddable":true,"href":"https:\/\/www.intoscana.it\/it\/wp-json\/wp\/v2\/media\/218592"}],"wp:attachment":[{"href":"https:\/\/www.intoscana.it\/it\/wp-json\/wp\/v2\/media?parent=218583"}],"wp:term":[{"taxonomy":"category","embeddable":true,"href":"https:\/\/www.intoscana.it\/it\/wp-json\/wp\/v2\/categories?post=218583"},{"taxonomy":"post_tag","embeddable":true,"href":"https:\/\/www.intoscana.it\/it\/wp-json\/wp\/v2\/tags?post=218583"}],"curies":[{"name":"wp","href":"https:\/\/api.w.org\/{rel}","templated":true}]}}