{"id":218711,"date":"2022-03-18T18:29:28","date_gmt":"2022-03-18T17:29:28","guid":{"rendered":"https:\/\/www.intoscana.it\/it\/?p=218711"},"modified":"2022-03-18T18:29:28","modified_gmt":"2022-03-18T17:29:28","slug":"siete-presente-a-livorno-trasporti-e-spazi-scolastici-al-primo-posto","status":"publish","type":"post","link":"https:\/\/www.intoscana.it\/it\/siete-presente-a-livorno-trasporti-e-spazi-scolastici-al-primo-posto\/","title":{"rendered":"Siete presente a Livorno, trasporti e spazi scolastici al primo posto"},"content":{"rendered":"<p><strong>Siete presente<\/strong> fa tappa <strong>a Livorno<\/strong> e gli studenti non hanno dubbio sulle priorit\u00e0 da mettere nell&#8217;agenda di Giovanis\u00ec: <mark>una corsa in pi\u00f9 di treni per raggiungere agevolmente l&#8217;area Sud della provincia e migliori trasporti su gomma sia a livello urbano che extraurbano<\/mark>. A questo aggiungono <strong>pi\u00f9 spazi, aule e palestre<\/strong>, per sopperire alle crescenti necessit\u00e0 della popolazione scolastica.<\/p>\n<p>La quarta tappa di Siete Presente, <strong>il tour organizzato da Giovanis\u00ec<\/strong>, al Museo di Storia naturale del Mediterraneo di Livorno. Sono intervenuti <strong>una quarantina di studenti<\/strong> e studentesse in rappresentanza di <strong>tredici istituti superiori<\/strong> del territorio, del Parlamento regionale degli studenti e delle <strong>Consulte provinciali<\/strong>.<\/p>\n<p>Ad ascoltarli, secondo quanto prevede la formula del percorso promosso dalla <strong>Regione Toscana e da Giovanis\u00ec<\/strong>, sono stati il consigliere della Presidenza regionale per le Politiche giovanili, <strong>Bernard Dika,<\/strong> nonch\u00e9 il vicepresidente della Provincia e presidente del Consiglio comunale di Livorno, <strong>Pietro Caruso<\/strong>, che ha la delega alle Politiche scolastiche. <strong>Dall\u2019Elba<\/strong> vi sono stati dei <strong>collegamenti in videoconferenza<\/strong> con studenti che per problematiche legate al Covid non sono potuti intervenire in presenza.<\/p>\n<figure id=\"post-218718 media-218718\" class=\"align-none\"><img decoding=\"async\" src=\"https:\/\/www.intoscana.it\/wp-content\/uploads\/276175606_278359761141527_7948818124478807306_n.jpg\" alt=\"\" \/><\/figure>\n<div class=\"titleimg\">Siete Presente fa tappa a Livorno<\/div>\n<p>\u201c<em>Tra i giovani, oggi, c\u2019\u00e8 una grande voglia di partecipazione. Noi lo vediamo quotidianamente attraverso questa iniziativa di Giovanis\u00ec e della Regione. Ci sono una maturit\u00e0 e una preparazione che sorprendono positivamente<\/em>\u201d, ha affermato <strong>Dika<\/strong>. \u201c<em>Siamo di fronte a una generazione che chiede spazi e strumenti di intervento. Noi come Giovanis\u00ec li forniamo perch\u00e9 vogliamo ridurre sempre pi\u00f9 la distanza tra giovani ed Istituzioni in quanto il futuro migliore lo si costruisce insieme e non contro una o l\u2019altra generazione<\/em>\u201d ha aggiunto.<\/p>\n<p>Con un territorio provinciale allungato sulla costa e comprensivo di diverse isole tra cui l\u2019Elba, la questione dei trasporti ha tenuto banco. Dalla Consulta provinciale \u00e8 arrivata la proposta di inserire <strong>una corsa di treni<\/strong> dopo l\u2019una del pomeriggio per il Sud del territorio in modo da <strong>attuare il Memorario<\/strong> anche nell\u2019area livornese. La questione sar\u00e0 posta <strong>all\u2019attenzione di Trenitalia Toscana<\/strong>.<\/p>\n<p>Sul fronte del <strong>trasporto pubblico urbano ed extraurbano<\/strong> sar\u00e0 chiesto <strong>un incontro con Autolinee Toscane<\/strong> per migliorare il servizio. &#8220;<em>Il tutto<\/em> \u2013 \u00e8 stato detto \u2013 <em>dovr\u00e0 essere coordinato con il trasporto marittimo, per il quale vi \u00e8 un contratto con la compagnia Toremar, dato che la specificit\u00e0 territoriale impone una gestione integrata dei servizi&#8221;<\/em>.<\/p>\n<p>Per le aule e gli spazi \u00e8 stata chiesta attenzione sull\u2019edilizia scolastica e sulla necessit\u00e0 di nuovi ambienti. Sul tavolo c\u2019\u00e8 l\u2019utilizzo, a favore degli istituti cittadini, del <strong>complesso della Gherardesca<\/strong> a Livorno, di propriet\u00e0 della Provincia ma attualmente in gran parte usato dalla Regione. &#8220;<em>E\u2019 emersa anche la richiesta di aumentare la diffusione del calore in alcune scuole dato che<\/em> \u2013 secondo quanto emerso \u2013 <em>vi sarebbero classi in cui, anche a causa delle misure anti Covid, la temperatura non supererebbe gli otto o nove gradi&#8221;<\/em>.<\/p>\n<h3>L&#8217;impegno per spazi scolastici e trasporti<\/h3>\n<p>A tirare le somme della giornata \u00e8 stato <strong>Bernard Dika<\/strong>: \u201c<em>Insieme alla Provincia, la Regione da tempo cerca di assicurare le risorse possibili all\u2019edilizia scolastica e quindi agli spazi. Adesso, per\u00f2, le risorse sono aumentate. Nell\u2019ambito della programmazione triennale, dunque, si possono superare i problemi con maggiore efficacia, anche per quanto riguarda le scuole superiori e non solo le medie, le elementari, gli asili<\/em>\u201d.<\/p>\n<p>Dika ha precisato sulla <strong>questione dei trasporti<\/strong>: \u201c<em>Porremo quanto emerso sia a Trenitalia che ad Autolinee Toscane per le rispettive competenze. Le richieste sembrano pi\u00f9 che ragionevoli. Fa veramente piacere ascoltare idee e proposte cos\u00ec puntuali e pertinenti da ragazze e ragazzi giovani ma gi\u00e0 ben preparati<\/em>\u201d.<\/p>\n<h3><em>La parola agli studenti<\/em><\/h3>\n<p><iframe loading=\"lazy\" title=\"YouTube video player\" src=\"https:\/\/www.youtube.com\/embed\/N3b13KjlSQE\" width=\"800\" height=\"400\" frameborder=\"0\" allowfullscreen=\"allowfullscreen\"><span data-mce-type=\"bookmark\" style=\"display: inline-block; width: 0px; overflow: hidden; line-height: 0;\" class=\"mce_SELRES_start\">\ufeff<\/span><\/iframe><br \/>\n<iframe loading=\"lazy\" title=\"YouTube video player\" src=\"https:\/\/www.youtube.com\/embed\/rTC0CisJ3KI\" width=\"800\" height=\"400\" frameborder=\"0\" allowfullscreen=\"allowfullscreen\"><\/iframe><br \/>\n<iframe loading=\"lazy\" title=\"YouTube video player\" src=\"https:\/\/www.youtube.com\/embed\/0dL2aQhIiSs\" width=\"800\" height=\"400\" frameborder=\"0\" allowfullscreen=\"allowfullscreen\"><\/iframe><br \/>\n<iframe loading=\"lazy\" title=\"YouTube video player\" src=\"https:\/\/www.youtube.com\/embed\/LyCGjyFIsZU\" width=\"800\" height=\"400\" frameborder=\"0\" allowfullscreen=\"allowfullscreen\"><\/iframe><\/p>\n","protected":false},"excerpt":{"rendered":"<p>La quarta tappa del tour organizzato da Giovanis\u00ec al Museo di Storia naturale del Mediterraneo: l&#8217;incontro di Bernard Dika con gli studenti<\/p>\n","protected":false},"author":525,"featured_media":218714,"comment_status":"open","ping_status":"open","sticky":false,"template":"","format":"standard","meta":{"_acf_changed":false,"footnotes":""},"categories":[494],"tags":[273,6271],"class_list":["post-218711","post","type-post","status-publish","format-standard","has-post-thumbnail","hentry","category-attualita","tag-livorno","tag-siete-presente"],"acf":[],"yoast_head":"<!-- This site is optimized with the Yoast SEO Premium plugin v24.2 (Yoast SEO v25.6) - https:\/\/yoast.com\/wordpress\/plugins\/seo\/ -->\n<title>Siete presente a Livorno, trasporti e spazi scolastici al primo posto - intoscana<\/title>\n<meta name=\"description\" content=\"La quarta tappa del tour organizzato da Giovanis\u00ec al Museo di Storia naturale del Mediterraneo: l&#039;incontro di Bernard Dika con gli studenti\" \/>\n<meta name=\"robots\" content=\"index, follow, max-snippet:-1, max-image-preview:large, max-video-preview:-1\" \/>\n<link rel=\"canonical\" href=\"https:\/\/www.intoscana.it\/it\/siete-presente-a-livorno-trasporti-e-spazi-scolastici-al-primo-posto\/\" \/>\n<meta property=\"og:locale\" content=\"it_IT\" \/>\n<meta property=\"og:type\" content=\"article\" \/>\n<meta property=\"og:title\" content=\"Siete presente a Livorno, trasporti e spazi scolastici al primo posto\" \/>\n<meta property=\"og:description\" content=\"La quarta tappa del tour organizzato da Giovanis\u00ec al Museo di Storia naturale del Mediterraneo: l&#039;incontro di Bernard Dika con gli studenti\" \/>\n<meta property=\"og:url\" content=\"https:\/\/www.intoscana.it\/it\/siete-presente-a-livorno-trasporti-e-spazi-scolastici-al-primo-posto\/\" \/>\n<meta property=\"og:site_name\" content=\"intoscana\" \/>\n<meta property=\"article:publisher\" content=\"https:\/\/www.facebook.com\/intoscana.it\" \/>\n<meta property=\"article:published_time\" content=\"2022-03-18T17:29:28+00:00\" \/>\n<meta property=\"og:image\" content=\"https:\/\/www.intoscana.it\/wp-content\/uploads\/276084601_278356631141840_7366910130464618102_n.jpg\" \/>\n\t<meta property=\"og:image:width\" content=\"1619\" \/>\n\t<meta property=\"og:image:height\" content=\"1080\" \/>\n\t<meta property=\"og:image:type\" content=\"image\/jpeg\" \/>\n<meta name=\"author\" content=\"Redazione\" \/>\n<meta name=\"twitter:card\" content=\"summary_large_image\" \/>\n<meta name=\"twitter:creator\" content=\"@intoscana\" \/>\n<meta name=\"twitter:site\" content=\"@intoscana\" \/>\n<meta name=\"twitter:label1\" content=\"Written by\" \/>\n\t<meta name=\"twitter:data1\" content=\"Redazione\" \/>\n\t<meta name=\"twitter:label2\" content=\"Est. reading time\" \/>\n\t<meta name=\"twitter:data2\" content=\"3 minuti\" \/>\n<script type=\"application\/ld+json\" class=\"yoast-schema-graph\">{\"@context\":\"https:\/\/schema.org\",\"@graph\":[{\"@type\":\"WebPage\",\"@id\":\"https:\/\/www.intoscana.it\/it\/siete-presente-a-livorno-trasporti-e-spazi-scolastici-al-primo-posto\/\",\"url\":\"https:\/\/www.intoscana.it\/it\/siete-presente-a-livorno-trasporti-e-spazi-scolastici-al-primo-posto\/\",\"name\":\"Siete presente a Livorno, trasporti e spazi scolastici al primo posto - intoscana\",\"isPartOf\":{\"@id\":\"https:\/\/www.intoscana.it\/it\/#website\"},\"primaryImageOfPage\":{\"@id\":\"https:\/\/www.intoscana.it\/it\/siete-presente-a-livorno-trasporti-e-spazi-scolastici-al-primo-posto\/#primaryimage\"},\"image\":{\"@id\":\"https:\/\/www.intoscana.it\/it\/siete-presente-a-livorno-trasporti-e-spazi-scolastici-al-primo-posto\/#primaryimage\"},\"thumbnailUrl\":\"https:\/\/www.intoscana.it\/wp-content\/uploads\/276084601_278356631141840_7366910130464618102_n.jpg\",\"datePublished\":\"2022-03-18T17:29:28+00:00\",\"author\":{\"@id\":\"https:\/\/www.intoscana.it\/it\/#\/schema\/person\/9223810753230f20bd670fdd322661f8\"},\"description\":\"La quarta tappa del tour organizzato da Giovanis\u00ec al Museo di Storia naturale del Mediterraneo: l'incontro di Bernard Dika con gli studenti\",\"breadcrumb\":{\"@id\":\"https:\/\/www.intoscana.it\/it\/siete-presente-a-livorno-trasporti-e-spazi-scolastici-al-primo-posto\/#breadcrumb\"},\"inLanguage\":\"it-IT\",\"potentialAction\":[{\"@type\":\"ReadAction\",\"target\":[\"https:\/\/www.intoscana.it\/it\/siete-presente-a-livorno-trasporti-e-spazi-scolastici-al-primo-posto\/\"]}]},{\"@type\":\"ImageObject\",\"inLanguage\":\"it-IT\",\"@id\":\"https:\/\/www.intoscana.it\/it\/siete-presente-a-livorno-trasporti-e-spazi-scolastici-al-primo-posto\/#primaryimage\",\"url\":\"https:\/\/www.intoscana.it\/wp-content\/uploads\/276084601_278356631141840_7366910130464618102_n.jpg\",\"contentUrl\":\"https:\/\/www.intoscana.it\/wp-content\/uploads\/276084601_278356631141840_7366910130464618102_n.jpg\",\"width\":1619,\"height\":1080,\"caption\":\"Siete Presente fa tappa a Livorno\"},{\"@type\":\"BreadcrumbList\",\"@id\":\"https:\/\/www.intoscana.it\/it\/siete-presente-a-livorno-trasporti-e-spazi-scolastici-al-primo-posto\/#breadcrumb\",\"itemListElement\":[{\"@type\":\"ListItem\",\"position\":1,\"name\":\"Home\",\"item\":\"https:\/\/www.intoscana.it\/it\/\"},{\"@type\":\"ListItem\",\"position\":2,\"name\":\"Siete presente a Livorno, trasporti e spazi scolastici al primo posto\"}]},{\"@type\":\"WebSite\",\"@id\":\"https:\/\/www.intoscana.it\/it\/#website\",\"url\":\"https:\/\/www.intoscana.it\/it\/\",\"name\":\"intoscana\",\"description\":\"\",\"potentialAction\":[{\"@type\":\"SearchAction\",\"target\":{\"@type\":\"EntryPoint\",\"urlTemplate\":\"https:\/\/www.intoscana.it\/it\/?s={search_term_string}\"},\"query-input\":{\"@type\":\"PropertyValueSpecification\",\"valueRequired\":true,\"valueName\":\"search_term_string\"}}],\"inLanguage\":\"it-IT\"},{\"@type\":\"Person\",\"@id\":\"https:\/\/www.intoscana.it\/it\/#\/schema\/person\/9223810753230f20bd670fdd322661f8\",\"name\":\"Redazione\",\"url\":\"https:\/\/www.intoscana.it\/it\/author\/redazione\/\"}]}<\/script>\n<!-- \/ Yoast SEO Premium plugin. -->","yoast_head_json":{"title":"Siete presente a Livorno, trasporti e spazi scolastici al primo posto - intoscana","description":"La quarta tappa del tour organizzato da Giovanis\u00ec al Museo di Storia naturale del Mediterraneo: l'incontro di Bernard Dika con gli studenti","robots":{"index":"index","follow":"follow","max-snippet":"max-snippet:-1","max-image-preview":"max-image-preview:large","max-video-preview":"max-video-preview:-1"},"canonical":"https:\/\/www.intoscana.it\/it\/siete-presente-a-livorno-trasporti-e-spazi-scolastici-al-primo-posto\/","og_locale":"it_IT","og_type":"article","og_title":"Siete presente a Livorno, trasporti e spazi scolastici al primo posto","og_description":"La quarta tappa del tour organizzato da Giovanis\u00ec al Museo di Storia naturale del Mediterraneo: l'incontro di Bernard Dika con gli studenti","og_url":"https:\/\/www.intoscana.it\/it\/siete-presente-a-livorno-trasporti-e-spazi-scolastici-al-primo-posto\/","og_site_name":"intoscana","article_publisher":"https:\/\/www.facebook.com\/intoscana.it","article_published_time":"2022-03-18T17:29:28+00:00","og_image":[{"width":1619,"height":1080,"url":"https:\/\/www.intoscana.it\/wp-content\/uploads\/276084601_278356631141840_7366910130464618102_n.jpg","type":"image\/jpeg"}],"author":"Redazione","twitter_card":"summary_large_image","twitter_creator":"@intoscana","twitter_site":"@intoscana","twitter_misc":{"Written by":"Redazione","Est. reading time":"3 minuti"},"schema":{"@context":"https:\/\/schema.org","@graph":[{"@type":"WebPage","@id":"https:\/\/www.intoscana.it\/it\/siete-presente-a-livorno-trasporti-e-spazi-scolastici-al-primo-posto\/","url":"https:\/\/www.intoscana.it\/it\/siete-presente-a-livorno-trasporti-e-spazi-scolastici-al-primo-posto\/","name":"Siete presente a Livorno, trasporti e spazi scolastici al primo posto - intoscana","isPartOf":{"@id":"https:\/\/www.intoscana.it\/it\/#website"},"primaryImageOfPage":{"@id":"https:\/\/www.intoscana.it\/it\/siete-presente-a-livorno-trasporti-e-spazi-scolastici-al-primo-posto\/#primaryimage"},"image":{"@id":"https:\/\/www.intoscana.it\/it\/siete-presente-a-livorno-trasporti-e-spazi-scolastici-al-primo-posto\/#primaryimage"},"thumbnailUrl":"https:\/\/www.intoscana.it\/wp-content\/uploads\/276084601_278356631141840_7366910130464618102_n.jpg","datePublished":"2022-03-18T17:29:28+00:00","author":{"@id":"https:\/\/www.intoscana.it\/it\/#\/schema\/person\/9223810753230f20bd670fdd322661f8"},"description":"La quarta tappa del tour organizzato da Giovanis\u00ec al Museo di Storia naturale del Mediterraneo: l'incontro di Bernard Dika con gli studenti","breadcrumb":{"@id":"https:\/\/www.intoscana.it\/it\/siete-presente-a-livorno-trasporti-e-spazi-scolastici-al-primo-posto\/#breadcrumb"},"inLanguage":"it-IT","potentialAction":[{"@type":"ReadAction","target":["https:\/\/www.intoscana.it\/it\/siete-presente-a-livorno-trasporti-e-spazi-scolastici-al-primo-posto\/"]}]},{"@type":"ImageObject","inLanguage":"it-IT","@id":"https:\/\/www.intoscana.it\/it\/siete-presente-a-livorno-trasporti-e-spazi-scolastici-al-primo-posto\/#primaryimage","url":"https:\/\/www.intoscana.it\/wp-content\/uploads\/276084601_278356631141840_7366910130464618102_n.jpg","contentUrl":"https:\/\/www.intoscana.it\/wp-content\/uploads\/276084601_278356631141840_7366910130464618102_n.jpg","width":1619,"height":1080,"caption":"Siete Presente fa tappa a Livorno"},{"@type":"BreadcrumbList","@id":"https:\/\/www.intoscana.it\/it\/siete-presente-a-livorno-trasporti-e-spazi-scolastici-al-primo-posto\/#breadcrumb","itemListElement":[{"@type":"ListItem","position":1,"name":"Home","item":"https:\/\/www.intoscana.it\/it\/"},{"@type":"ListItem","position":2,"name":"Siete presente a Livorno, trasporti e spazi scolastici al primo posto"}]},{"@type":"WebSite","@id":"https:\/\/www.intoscana.it\/it\/#website","url":"https:\/\/www.intoscana.it\/it\/","name":"intoscana","description":"","potentialAction":[{"@type":"SearchAction","target":{"@type":"EntryPoint","urlTemplate":"https:\/\/www.intoscana.it\/it\/?s={search_term_string}"},"query-input":{"@type":"PropertyValueSpecification","valueRequired":true,"valueName":"search_term_string"}}],"inLanguage":"it-IT"},{"@type":"Person","@id":"https:\/\/www.intoscana.it\/it\/#\/schema\/person\/9223810753230f20bd670fdd322661f8","name":"Redazione","url":"https:\/\/www.intoscana.it\/it\/author\/redazione\/"}]}},"_links":{"self":[{"href":"https:\/\/www.intoscana.it\/it\/wp-json\/wp\/v2\/posts\/218711","targetHints":{"allow":["GET"]}}],"collection":[{"href":"https:\/\/www.intoscana.it\/it\/wp-json\/wp\/v2\/posts"}],"about":[{"href":"https:\/\/www.intoscana.it\/it\/wp-json\/wp\/v2\/types\/post"}],"author":[{"embeddable":true,"href":"https:\/\/www.intoscana.it\/it\/wp-json\/wp\/v2\/users\/525"}],"replies":[{"embeddable":true,"href":"https:\/\/www.intoscana.it\/it\/wp-json\/wp\/v2\/comments?post=218711"}],"version-history":[{"count":0,"href":"https:\/\/www.intoscana.it\/it\/wp-json\/wp\/v2\/posts\/218711\/revisions"}],"wp:featuredmedia":[{"embeddable":true,"href":"https:\/\/www.intoscana.it\/it\/wp-json\/wp\/v2\/media\/218714"}],"wp:attachment":[{"href":"https:\/\/www.intoscana.it\/it\/wp-json\/wp\/v2\/media?parent=218711"}],"wp:term":[{"taxonomy":"category","embeddable":true,"href":"https:\/\/www.intoscana.it\/it\/wp-json\/wp\/v2\/categories?post=218711"},{"taxonomy":"post_tag","embeddable":true,"href":"https:\/\/www.intoscana.it\/it\/wp-json\/wp\/v2\/tags?post=218711"}],"curies":[{"name":"wp","href":"https:\/\/api.w.org\/{rel}","templated":true}]}}