{"id":218943,"date":"2022-03-21T10:44:30","date_gmt":"2022-03-21T09:44:30","guid":{"rendered":"https:\/\/www.intoscana.it\/it\/?p=218943"},"modified":"2022-03-21T15:29:15","modified_gmt":"2022-03-21T14:29:15","slug":"casa-domotica-parco-inclusivo-toscana-accessibile","status":"publish","type":"post","link":"https:\/\/www.intoscana.it\/it\/casa-domotica-parco-inclusivo-toscana-accessibile\/","title":{"rendered":"Dalla casa domotica al parco inclusivo, Toscana sempre pi\u00f9 accessibile"},"content":{"rendered":"<p>Un prezioso supporto per realizzare un prototipo di <mark>&#8220;Smart Home&#8221;, una casa domotica in cui una persona disabile possa muoversi in autonomia<\/mark>. Oppure un lavoro di ricerca e di indirizzo per gli enti locali che vogliano realizzare <strong>parchi inclusivi<\/strong> affinch\u00e9 anche i bambini e le bambine con disabilit\u00e0 possano usufruirne insieme ai coetanei. Sono solo alcune tra le attivit\u00e0 che verranno sviluppate nel corso del 2022 dal Cra, il <a href=\"http:\/\/www.toscana-accessibile.it\/cra-centro-regionale-accessibilita\" target=\"_blank\" rel=\"noopener\">Centro regionale per l\u2019accessibilit\u00e0<\/a>. La giunta regionale ha infatti approvato il nuovo programma del centro finanziandolo con <strong>150 mila euro<\/strong>.<\/p>\n<h3>Cos&#8217;\u00e8 il Centro per l&#8217;accessibilit\u00e0<\/h3>\n<p>Istituito nel 2008, <mark>il Centro supporta le strutture regionali nel coordinamento e nell&#8217;attuazione delle politiche regionali in tema di disabilit\u00e0, fornisce informazioni, valutazioni e consulenze a enti locali, operatori pubblici e ai cittadini<\/mark> sulle problematiche connesse al superamento delle barriere architettoniche, in particolare in ambito domestico, ai temi dell\u2019accessibilit\u00e0, del supporto all\u2019autonomia.<\/p>\n<p>Inoltre, promuove iniziative sul territorio regionale, anche formative, per la diffusione della cultura dell&#8217;accessibilit\u00e0 e dell&#8217;inclusione delle persone con disabilit\u00e0. Il personale del CRA collabora con Regione Toscana per la gestione e l\u2019aggiornamento di <a href=\"http:\/\/www.toscana-accessibile.it\/home\" target=\"_blank\" rel=\"noopener\">\u201cToscana Accessibile\u201d<\/a>, il portale regionale dedicato ai temi della disabilit\u00e0 e dell\u2019accessibilit\u00e0.<\/p>\n<h3>Toscana inclusiva<\/h3>\n<p><em>&#8220;In una societ\u00e0 veramente inclusiva, <mark>le persone con disabilit\u00e0 devono potersi muovere il pi\u00f9 possibile liberamente e in autonomia per accedere ai servizi, al sapere, al patrimonio artistico e culturale, all\u2019ambiente e ai beni comuni<\/mark>&#8220;<\/em> commenta l\u2019assessore regionale alle politiche sociali, <strong>Serena Spinelli<\/strong>.<\/p>\n<p><em><p><span class=\"citazione\">&#8220;C&#8217;\u00e8 la volont\u00e0 di cercare soluzioni innovative&#8221;<\/span><\/p><\/em><\/p>\n<p><em>&#8220;Il Cra \u00e8 un prezioso supporto a questo grande obiettivo perch\u00e9 \u00e8 costantemente proiettato verso progetti innovativi e perch\u00e9, con la sua attivit\u00e0 e i professionisti dedicati, \u00e8 al fianco di tutte le realt\u00e0 impegnate ad abbattere le barriere&#8221;<\/em> prosegue Spinelli.<em> &#8220;Barriere non solo architettoniche, ma anche culturali, sensoriali e cognitive. Nel programma di attivit\u00e0 relativo a quest\u2019anno che abbiamo appena varato, figurano una quindicina di progetti, in continuit\u00e0 con gli anni passati e anche nuovi, che testimoniano un impegno a vasto raggio e la volont\u00e0 di cercare soluzioni innovative&#8221;.<\/em><\/p>\n<h3>Le novit\u00e0<\/h3>\n<p>Tra i nuovi progetti su cui nel 2022 lavorer\u00e0 il centro, segnaliamo &#8220;Smart Home&#8221;: il progetto che intende realizzare un <mark>appartamento finalizzato alla sperimentazione delle autonomie, dove poter trascorrere un periodo della vita utilizzando e testando dispositivi e accorgimenti idonei ad annullare, in parte o totalmente, le limitazioni che le persone con disabilit\u00e0 usualmente incontrano<\/mark> negli appartamenti pensati secondo le logiche progettuali comuni. Il Centro Regionale per l\u2019Accessibilit\u00e0 \u00e8 impegnato in questo progetto nel fornire prestazioni di consulenza e di informazione tecnica.<\/p>\n<p>Sempre nell\u2019ambito delle nuove attivit\u00e0 2022 il Cra offrir\u00e0 supporto alle progettazioni degli enti locali che intendano creare parchi inclusivi per <mark>consentire ai bambini con disabilit\u00e0 di esercitare il loro diritto al gioco<\/mark>. L\u2019intento non \u00e8 quello di superare la diversit\u00e0, ma di rispettarla, creando luoghi che riducano le limitazioni alla partecipazione correlate alla disabilit\u00e0, favorendo la condivisione delle attivit\u00e0 di gioco e l\u2019interazione tra le diverse abilit\u00e0 e capacit\u00e0 di ciascuno.<\/p>\n<h3>Consulenza e Pnrr<\/h3>\n<p>Da quest\u2019anno, inoltre, il Cra potr\u00e0 fornire la propria attivit\u00e0 di consulenza anche per le specifiche progettualit\u00e0 attivate nell\u2019ambito della Missione 5 (inclusione e coesione) del Pnrr. E ancora nell\u2019ambito dei progetti del nuovo programma il Centro lavorer\u00e0 con <mark>l&#8217;obiettivo di rendere le persone sorde e con ipoacusia autonome nell&#8217;accesso ai servizi pubblici, attraverso l&#8217;utilizzo di specifiche tecnologie di interpretariato a distanza<\/mark>. Il Cra avr\u00e0 il coordinamento tecnico e funzionale degli interventi finalizzati alla realizzazione delle azioni progettuali.<\/p>\n","protected":false},"excerpt":{"rendered":"<p>Il Centro regionale per l\u2019accessibilit\u00e0 ha approvato il programma 2022. Tra i progetti c&#8217;\u00e8 la &#8220;Smart Home&#8221;, che favorir\u00e0 percorsi di vita autonoma per le persone con disabilit\u00e0<\/p>\n","protected":false},"author":525,"featured_media":218952,"comment_status":"open","ping_status":"open","sticky":false,"template":"","format":"standard","meta":{"_acf_changed":false,"footnotes":""},"categories":[494],"tags":[5698,350,406,4822,5298],"class_list":["post-218943","post","type-post","status-publish","format-standard","has-post-thumbnail","hentry","category-attualita","tag-accessibilita","tag-bambini","tag-disabilita","tag-serena-spinelli","tag-sociale"],"acf":[],"yoast_head":"<!-- This site is optimized with the Yoast SEO Premium plugin v24.2 (Yoast SEO v25.6) - https:\/\/yoast.com\/wordpress\/plugins\/seo\/ -->\n<title>Dalla casa domotica al parco inclusivo, Toscana sempre pi\u00f9 accessibile - intoscana<\/title>\n<meta name=\"description\" content=\"Tra i progetti del Centro regionale per l\u2019accessibilit\u00e0 c&#039;\u00e8 &quot;Smart Home&quot;, per favorire percorsi di vita autonoma a persone con disabilit\u00e0.\" \/>\n<meta name=\"robots\" content=\"index, follow, max-snippet:-1, max-image-preview:large, max-video-preview:-1\" \/>\n<link rel=\"canonical\" href=\"https:\/\/www.intoscana.it\/it\/casa-domotica-parco-inclusivo-toscana-accessibile\/\" \/>\n<meta property=\"og:locale\" content=\"it_IT\" \/>\n<meta property=\"og:type\" content=\"article\" \/>\n<meta property=\"og:title\" content=\"Dalla casa domotica al parco inclusivo, Toscana sempre pi\u00f9 accessibile\" \/>\n<meta property=\"og:description\" content=\"Tra i progetti del Centro regionale per l\u2019accessibilit\u00e0 c&#039;\u00e8 &quot;Smart Home&quot;, per favorire percorsi di vita autonoma a persone con disabilit\u00e0.\" \/>\n<meta property=\"og:url\" content=\"https:\/\/www.intoscana.it\/it\/casa-domotica-parco-inclusivo-toscana-accessibile\/\" \/>\n<meta property=\"og:site_name\" content=\"intoscana\" \/>\n<meta property=\"article:publisher\" content=\"https:\/\/www.facebook.com\/intoscana.it\" \/>\n<meta property=\"article:published_time\" content=\"2022-03-21T09:44:30+00:00\" \/>\n<meta property=\"article:modified_time\" content=\"2022-03-21T14:29:15+00:00\" \/>\n<meta property=\"og:image\" content=\"https:\/\/www.intoscana.it\/wp-content\/uploads\/Disabilita\u0300-Nathan-Anderson-Unsplash-1.jpg\" \/>\n\t<meta property=\"og:image:width\" content=\"1920\" \/>\n\t<meta property=\"og:image:height\" content=\"1282\" \/>\n\t<meta property=\"og:image:type\" content=\"image\/jpeg\" \/>\n<meta name=\"author\" content=\"Redazione\" \/>\n<meta name=\"twitter:card\" content=\"summary_large_image\" \/>\n<meta name=\"twitter:creator\" content=\"@intoscana\" \/>\n<meta name=\"twitter:site\" content=\"@intoscana\" \/>\n<meta name=\"twitter:label1\" content=\"Written by\" \/>\n\t<meta name=\"twitter:data1\" content=\"Redazione\" \/>\n\t<meta name=\"twitter:label2\" content=\"Est. reading time\" \/>\n\t<meta name=\"twitter:data2\" content=\"3 minuti\" \/>\n<script type=\"application\/ld+json\" class=\"yoast-schema-graph\">{\"@context\":\"https:\/\/schema.org\",\"@graph\":[{\"@type\":\"WebPage\",\"@id\":\"https:\/\/www.intoscana.it\/it\/casa-domotica-parco-inclusivo-toscana-accessibile\/\",\"url\":\"https:\/\/www.intoscana.it\/it\/casa-domotica-parco-inclusivo-toscana-accessibile\/\",\"name\":\"Dalla casa domotica al parco inclusivo, Toscana sempre pi\u00f9 accessibile - intoscana\",\"isPartOf\":{\"@id\":\"https:\/\/www.intoscana.it\/it\/#website\"},\"primaryImageOfPage\":{\"@id\":\"https:\/\/www.intoscana.it\/it\/casa-domotica-parco-inclusivo-toscana-accessibile\/#primaryimage\"},\"image\":{\"@id\":\"https:\/\/www.intoscana.it\/it\/casa-domotica-parco-inclusivo-toscana-accessibile\/#primaryimage\"},\"thumbnailUrl\":\"https:\/\/www.intoscana.it\/wp-content\/uploads\/Disabilita\u0300-Nathan-Anderson-Unsplash-1.jpg\",\"datePublished\":\"2022-03-21T09:44:30+00:00\",\"dateModified\":\"2022-03-21T14:29:15+00:00\",\"author\":{\"@id\":\"https:\/\/www.intoscana.it\/it\/#\/schema\/person\/9223810753230f20bd670fdd322661f8\"},\"description\":\"Tra i progetti del Centro regionale per l\u2019accessibilit\u00e0 c'\u00e8 \\\"Smart Home\\\", per favorire percorsi di vita autonoma a persone con disabilit\u00e0.\",\"breadcrumb\":{\"@id\":\"https:\/\/www.intoscana.it\/it\/casa-domotica-parco-inclusivo-toscana-accessibile\/#breadcrumb\"},\"inLanguage\":\"it-IT\",\"potentialAction\":[{\"@type\":\"ReadAction\",\"target\":[\"https:\/\/www.intoscana.it\/it\/casa-domotica-parco-inclusivo-toscana-accessibile\/\"]}]},{\"@type\":\"ImageObject\",\"inLanguage\":\"it-IT\",\"@id\":\"https:\/\/www.intoscana.it\/it\/casa-domotica-parco-inclusivo-toscana-accessibile\/#primaryimage\",\"url\":\"https:\/\/www.intoscana.it\/wp-content\/uploads\/Disabilita\u0300-Nathan-Anderson-Unsplash-1.jpg\",\"contentUrl\":\"https:\/\/www.intoscana.it\/wp-content\/uploads\/Disabilita\u0300-Nathan-Anderson-Unsplash-1.jpg\",\"width\":1920,\"height\":1282},{\"@type\":\"BreadcrumbList\",\"@id\":\"https:\/\/www.intoscana.it\/it\/casa-domotica-parco-inclusivo-toscana-accessibile\/#breadcrumb\",\"itemListElement\":[{\"@type\":\"ListItem\",\"position\":1,\"name\":\"Home\",\"item\":\"https:\/\/www.intoscana.it\/it\/\"},{\"@type\":\"ListItem\",\"position\":2,\"name\":\"Dalla casa domotica al parco inclusivo, Toscana sempre pi\u00f9 accessibile\"}]},{\"@type\":\"WebSite\",\"@id\":\"https:\/\/www.intoscana.it\/it\/#website\",\"url\":\"https:\/\/www.intoscana.it\/it\/\",\"name\":\"intoscana\",\"description\":\"\",\"potentialAction\":[{\"@type\":\"SearchAction\",\"target\":{\"@type\":\"EntryPoint\",\"urlTemplate\":\"https:\/\/www.intoscana.it\/it\/?s={search_term_string}\"},\"query-input\":{\"@type\":\"PropertyValueSpecification\",\"valueRequired\":true,\"valueName\":\"search_term_string\"}}],\"inLanguage\":\"it-IT\"},{\"@type\":\"Person\",\"@id\":\"https:\/\/www.intoscana.it\/it\/#\/schema\/person\/9223810753230f20bd670fdd322661f8\",\"name\":\"Redazione\",\"url\":\"https:\/\/www.intoscana.it\/it\/author\/redazione\/\"}]}<\/script>\n<!-- \/ Yoast SEO Premium plugin. -->","yoast_head_json":{"title":"Dalla casa domotica al parco inclusivo, Toscana sempre pi\u00f9 accessibile - intoscana","description":"Tra i progetti del Centro regionale per l\u2019accessibilit\u00e0 c'\u00e8 \"Smart Home\", per favorire percorsi di vita autonoma a persone con disabilit\u00e0.","robots":{"index":"index","follow":"follow","max-snippet":"max-snippet:-1","max-image-preview":"max-image-preview:large","max-video-preview":"max-video-preview:-1"},"canonical":"https:\/\/www.intoscana.it\/it\/casa-domotica-parco-inclusivo-toscana-accessibile\/","og_locale":"it_IT","og_type":"article","og_title":"Dalla casa domotica al parco inclusivo, Toscana sempre pi\u00f9 accessibile","og_description":"Tra i progetti del Centro regionale per l\u2019accessibilit\u00e0 c'\u00e8 \"Smart Home\", per favorire percorsi di vita autonoma a persone con disabilit\u00e0.","og_url":"https:\/\/www.intoscana.it\/it\/casa-domotica-parco-inclusivo-toscana-accessibile\/","og_site_name":"intoscana","article_publisher":"https:\/\/www.facebook.com\/intoscana.it","article_published_time":"2022-03-21T09:44:30+00:00","article_modified_time":"2022-03-21T14:29:15+00:00","og_image":[{"width":1920,"height":1282,"url":"https:\/\/www.intoscana.it\/wp-content\/uploads\/Disabilita\u0300-Nathan-Anderson-Unsplash-1.jpg","type":"image\/jpeg"}],"author":"Redazione","twitter_card":"summary_large_image","twitter_creator":"@intoscana","twitter_site":"@intoscana","twitter_misc":{"Written by":"Redazione","Est. reading time":"3 minuti"},"schema":{"@context":"https:\/\/schema.org","@graph":[{"@type":"WebPage","@id":"https:\/\/www.intoscana.it\/it\/casa-domotica-parco-inclusivo-toscana-accessibile\/","url":"https:\/\/www.intoscana.it\/it\/casa-domotica-parco-inclusivo-toscana-accessibile\/","name":"Dalla casa domotica al parco inclusivo, Toscana sempre pi\u00f9 accessibile - intoscana","isPartOf":{"@id":"https:\/\/www.intoscana.it\/it\/#website"},"primaryImageOfPage":{"@id":"https:\/\/www.intoscana.it\/it\/casa-domotica-parco-inclusivo-toscana-accessibile\/#primaryimage"},"image":{"@id":"https:\/\/www.intoscana.it\/it\/casa-domotica-parco-inclusivo-toscana-accessibile\/#primaryimage"},"thumbnailUrl":"https:\/\/www.intoscana.it\/wp-content\/uploads\/Disabilita\u0300-Nathan-Anderson-Unsplash-1.jpg","datePublished":"2022-03-21T09:44:30+00:00","dateModified":"2022-03-21T14:29:15+00:00","author":{"@id":"https:\/\/www.intoscana.it\/it\/#\/schema\/person\/9223810753230f20bd670fdd322661f8"},"description":"Tra i progetti del Centro regionale per l\u2019accessibilit\u00e0 c'\u00e8 \"Smart Home\", per favorire percorsi di vita autonoma a persone con disabilit\u00e0.","breadcrumb":{"@id":"https:\/\/www.intoscana.it\/it\/casa-domotica-parco-inclusivo-toscana-accessibile\/#breadcrumb"},"inLanguage":"it-IT","potentialAction":[{"@type":"ReadAction","target":["https:\/\/www.intoscana.it\/it\/casa-domotica-parco-inclusivo-toscana-accessibile\/"]}]},{"@type":"ImageObject","inLanguage":"it-IT","@id":"https:\/\/www.intoscana.it\/it\/casa-domotica-parco-inclusivo-toscana-accessibile\/#primaryimage","url":"https:\/\/www.intoscana.it\/wp-content\/uploads\/Disabilita\u0300-Nathan-Anderson-Unsplash-1.jpg","contentUrl":"https:\/\/www.intoscana.it\/wp-content\/uploads\/Disabilita\u0300-Nathan-Anderson-Unsplash-1.jpg","width":1920,"height":1282},{"@type":"BreadcrumbList","@id":"https:\/\/www.intoscana.it\/it\/casa-domotica-parco-inclusivo-toscana-accessibile\/#breadcrumb","itemListElement":[{"@type":"ListItem","position":1,"name":"Home","item":"https:\/\/www.intoscana.it\/it\/"},{"@type":"ListItem","position":2,"name":"Dalla casa domotica al parco inclusivo, Toscana sempre pi\u00f9 accessibile"}]},{"@type":"WebSite","@id":"https:\/\/www.intoscana.it\/it\/#website","url":"https:\/\/www.intoscana.it\/it\/","name":"intoscana","description":"","potentialAction":[{"@type":"SearchAction","target":{"@type":"EntryPoint","urlTemplate":"https:\/\/www.intoscana.it\/it\/?s={search_term_string}"},"query-input":{"@type":"PropertyValueSpecification","valueRequired":true,"valueName":"search_term_string"}}],"inLanguage":"it-IT"},{"@type":"Person","@id":"https:\/\/www.intoscana.it\/it\/#\/schema\/person\/9223810753230f20bd670fdd322661f8","name":"Redazione","url":"https:\/\/www.intoscana.it\/it\/author\/redazione\/"}]}},"_links":{"self":[{"href":"https:\/\/www.intoscana.it\/it\/wp-json\/wp\/v2\/posts\/218943","targetHints":{"allow":["GET"]}}],"collection":[{"href":"https:\/\/www.intoscana.it\/it\/wp-json\/wp\/v2\/posts"}],"about":[{"href":"https:\/\/www.intoscana.it\/it\/wp-json\/wp\/v2\/types\/post"}],"author":[{"embeddable":true,"href":"https:\/\/www.intoscana.it\/it\/wp-json\/wp\/v2\/users\/525"}],"replies":[{"embeddable":true,"href":"https:\/\/www.intoscana.it\/it\/wp-json\/wp\/v2\/comments?post=218943"}],"version-history":[{"count":0,"href":"https:\/\/www.intoscana.it\/it\/wp-json\/wp\/v2\/posts\/218943\/revisions"}],"wp:featuredmedia":[{"embeddable":true,"href":"https:\/\/www.intoscana.it\/it\/wp-json\/wp\/v2\/media\/218952"}],"wp:attachment":[{"href":"https:\/\/www.intoscana.it\/it\/wp-json\/wp\/v2\/media?parent=218943"}],"wp:term":[{"taxonomy":"category","embeddable":true,"href":"https:\/\/www.intoscana.it\/it\/wp-json\/wp\/v2\/categories?post=218943"},{"taxonomy":"post_tag","embeddable":true,"href":"https:\/\/www.intoscana.it\/it\/wp-json\/wp\/v2\/tags?post=218943"}],"curies":[{"name":"wp","href":"https:\/\/api.w.org\/{rel}","templated":true}]}}