{"id":219242,"date":"2022-03-22T14:06:33","date_gmt":"2022-03-22T13:06:33","guid":{"rendered":"https:\/\/www.intoscana.it\/it\/?p=219242"},"modified":"2022-03-22T14:06:33","modified_gmt":"2022-03-22T13:06:33","slug":"covid-19-in-toscana-6-778-nuovi-casi-eta-media-39-anni-i-decessi-sono-20","status":"publish","type":"post","link":"https:\/\/www.intoscana.it\/it\/covid-19-in-toscana-6-778-nuovi-casi-eta-media-39-anni-i-decessi-sono-20\/","title":{"rendered":"Covid-19: in Toscana 6.778 nuovi casi, et\u00e0 media 39 anni. I decessi sono 20"},"content":{"rendered":"<p>In Toscana sono <strong>940.354 i casi di positivit\u00e0<\/strong> al Coronavirus<strong>, 6.778 in pi\u00f9 rispetto a ieri<\/strong> (1.344 confermati con tampone molecolare e 5.434 da test rapido antigenico). I nuovi casi sono lo 0,7% in pi\u00f9 rispetto al totale del giorno precedente.<\/p>\n<p><strong>I guariti<\/strong> crescono dello 0,6% e <strong>raggiungono quota 886.414<\/strong> (94,3% dei casi totali). Oggi sono stati eseguiti <strong>8.140 tamponi molecolari e 34.380 tamponi antigenici rapidi<\/strong>, di questi il 15,9% \u00e8 risultato positivo.<\/p>\n<p>Sono invece 10.106 i soggetti testati oggi (con tampone antigenico e\/o molecolare, escludendo i tamponi di controllo), di cui il 67,1% \u00e8 risultato positivo. Gli attualmente positivi sono oggi 44.575, +3,5% rispetto a ieri. I ricoverati sono 790 (21 in pi\u00f9 rispetto a ieri), di cui 33 in terapia intensiva (stabili). Oggi si registrano 20 nuovi decessi: 10 uomini e 10 donne con un&#8217;et\u00e0 media di 81,3 anni.<\/p>\n<p><strong>L&#8217;et\u00e0 media dei 6.778 nuovi positivi odierni \u00e8 di 39 anni circa<\/strong> (21% ha meno di 20 anni, 21% tra 20 e 39 anni, 35% tra 40 e 59 anni, 18% tra 60 e 79 anni, 5% ha 80 anni o pi\u00f9).<\/p>\n<h3>I casi di positivit\u00e0 del territorio<\/h3>\n<p>Di seguito i casi di positivit\u00e0 sul territorio con la variazione rispetto a ieri (1.344 confermati con tampone molecolare e 5.434 da test rapido antigenico). Sono 267.734 i casi complessivi ad oggi a Firenze (1.349 in pi\u00f9 rispetto a ieri), 67.904 a Prato (244 in pi\u00f9), 76.812 a Pistoia (403 in pi\u00f9), 44.212 a Massa (470 in pi\u00f9), 97.690 a Lucca (947 in pi\u00f9), 107.136 a Pisa (777 in pi\u00f9), 80.929 a Livorno (624 in pi\u00f9), 86.040 ad Arezzo (733 in pi\u00f9), 63.532 a Siena (709 in pi\u00f9), 47.810 a Grosseto (522 in pi\u00f9). Sono 555 i casi positivi notificati in Toscana, ma residenti in altre regioni.<\/p>\n<p>Sono 2.085 i casi riscontrati oggi nell&#8217;Asl Centro, 2.729 nella Nord Ovest, 1.964 nella Sud est.<\/p>\n<p><strong>La Toscana si trova al 7\u00b0 posto in Italia come numerosit\u00e0 di casi<\/strong> (comprensivi di residenti e non residenti), con circa 25.464 casi per 100.000 abitanti (media italiana circa 23.457 x100.000, dato di ieri). Le province di notifica con il tasso pi\u00f9 alto sono Firenze con 26.815 casi x100.000 abitanti, Pistoia con 26.465, Pisa con 25.632, la pi\u00f9 bassa Grosseto con 21.947.<\/p>\n<p>Complessivamente, <strong>43.785 persone sono in isolamento a casa, poich\u00e9 presentano sintomi lievi<\/strong> che non richiedono cure ospedaliere, o risultano prive di sintomi (1.493 in pi\u00f9 rispetto a ieri, pi\u00f9 3,5%).<\/p>\n<p><strong>Sono 5.556<\/strong> (86 in meno rispetto a ieri, meno 1,5%)<strong> le persone, anch&#8217;esse isolate, in sorveglianza attiva<\/strong> perch\u00e9 hanno avuto contatti con persone contagiate (ASL Centro 847, Nord Ovest 2.192, Sud Est 2.517).<\/p>\n<p><strong>Le persone ricoverate nei posti letto dedicati ai pazienti COVID oggi sono complessivamente 790<\/strong> (21 in pi\u00f9 rispetto a ieri, pi\u00f9 2,7%), 33 in terapia intensiva (stabili rispetto a ieri).<br \/>\nLe persone complessivamente guarite sono 886.414 (5.244 in pi\u00f9 rispetto a ieri, pi\u00f9 0,6%): 0 persone clinicamente guarite (stabili rispetto a ieri), divenute cio\u00e8 asintomatiche dopo aver presentato manifestazioni cliniche associate all&#8217;infezione e 886.414 (5.244 in pi\u00f9 rispetto a ieri, pi\u00f9 0,6%) dichiarate guarite a tutti gli effetti, le cosiddette guarigioni virali, con tampone negativo.<\/p>\n<h3>I decessi<\/h3>\n<p>Oggi si registrano <strong>20 nuovi decessi<\/strong>: 10 uomini e 10 donne con un&#8217;et\u00e0 media di 81,3 anni.<\/p>\n<p>Relativamente alla provincia di residenza, le persone decedute sono: 7 a Firenze, 2 a Prato, 3 a Pistoia, 1 a Lucca, 1 a Pisa, 2 a Livorno, 3 a Siena, 1 a Grosseto.<\/p>\n<p><strong>Sono 9.365 i deceduti dall&#8217;inizio dell&#8217;epidemia<\/strong> cosi ripartiti: 2.963 a Firenze, 790 a Prato, 850 a Pistoia, 620 a Massa Carrara, 870 a Lucca, 1.002 a Pisa, 686 a Livorno, 631 ad Arezzo, 486 a Siena, 345 a Grosseto, 122 persone sono decedute sul suolo toscano ma erano residenti fuori regione.<\/p>\n<p>Il tasso grezzo di mortalit\u00e0 toscano (numero di deceduti\/popolazione residente) per Covid-19 \u00e8 di 253,6 x100.000 residenti contro il 266,6 x100.000 della media italiana (10\u00b0 regione). Per quanto riguarda le province, il tasso di mortalit\u00e0 pi\u00f9 alto si riscontra a Massa Carrara (326,6 x100.000), Prato (297,8 x100.000) e Firenze (296,8 x100.000), il pi\u00f9 basso a Grosseto (158,4 x100.000).<\/p>\n","protected":false},"excerpt":{"rendered":"<p>I ricoverati sono 790 (21 in pi\u00f9 rispetto a ieri), di cui 33 in terapia intensiva (stabili)<\/p>\n","protected":false},"author":525,"featured_media":177493,"comment_status":"open","ping_status":"open","sticky":false,"template":"","format":"standard","meta":{"_acf_changed":false,"footnotes":""},"categories":[494],"tags":[4868,418],"class_list":["post-219242","post","type-post","status-publish","format-standard","has-post-thumbnail","hentry","category-attualita","tag-bollettino-covid-toscana","tag-covid-19"],"acf":[],"yoast_head":"<!-- This site is optimized with the Yoast SEO Premium plugin v24.2 (Yoast SEO v25.6) - https:\/\/yoast.com\/wordpress\/plugins\/seo\/ -->\n<title>Covid-19: in Toscana 6.778 nuovi casi, et\u00e0 media 39 anni. I decessi sono 20 - intoscana<\/title>\n<meta name=\"description\" content=\"I ricoverati sono 790 (21 in pi\u00f9 rispetto a ieri), di cui 33 in terapia intensiva (stabili)\" \/>\n<meta name=\"robots\" content=\"index, follow, max-snippet:-1, max-image-preview:large, max-video-preview:-1\" \/>\n<link rel=\"canonical\" href=\"https:\/\/www.intoscana.it\/it\/covid-19-in-toscana-6-778-nuovi-casi-eta-media-39-anni-i-decessi-sono-20\/\" \/>\n<meta property=\"og:locale\" content=\"it_IT\" \/>\n<meta property=\"og:type\" content=\"article\" \/>\n<meta property=\"og:title\" content=\"Covid-19: in Toscana 6.778 nuovi casi, et\u00e0 media 39 anni. I decessi sono 20\" \/>\n<meta property=\"og:description\" content=\"I ricoverati sono 790 (21 in pi\u00f9 rispetto a ieri), di cui 33 in terapia intensiva (stabili)\" \/>\n<meta property=\"og:url\" content=\"https:\/\/www.intoscana.it\/it\/covid-19-in-toscana-6-778-nuovi-casi-eta-media-39-anni-i-decessi-sono-20\/\" \/>\n<meta property=\"og:site_name\" content=\"intoscana\" \/>\n<meta property=\"article:publisher\" content=\"https:\/\/www.facebook.com\/intoscana.it\" \/>\n<meta property=\"article:published_time\" content=\"2022-03-22T13:06:33+00:00\" \/>\n<meta property=\"og:image\" content=\"https:\/\/www.intoscana.it\/wp-content\/uploads\/Coppia-con-mascherina-1-scaled.jpg\" \/>\n\t<meta property=\"og:image:width\" content=\"2048\" \/>\n\t<meta property=\"og:image:height\" content=\"1365\" \/>\n\t<meta property=\"og:image:type\" content=\"image\/jpeg\" \/>\n<meta name=\"author\" content=\"Redazione\" \/>\n<meta name=\"twitter:card\" content=\"summary_large_image\" \/>\n<meta name=\"twitter:creator\" content=\"@intoscana\" \/>\n<meta name=\"twitter:site\" content=\"@intoscana\" \/>\n<meta name=\"twitter:label1\" content=\"Written by\" \/>\n\t<meta name=\"twitter:data1\" content=\"Redazione\" \/>\n\t<meta name=\"twitter:label2\" content=\"Est. reading time\" \/>\n\t<meta name=\"twitter:data2\" content=\"3 minuti\" \/>\n<script type=\"application\/ld+json\" class=\"yoast-schema-graph\">{\"@context\":\"https:\/\/schema.org\",\"@graph\":[{\"@type\":\"WebPage\",\"@id\":\"https:\/\/www.intoscana.it\/it\/covid-19-in-toscana-6-778-nuovi-casi-eta-media-39-anni-i-decessi-sono-20\/\",\"url\":\"https:\/\/www.intoscana.it\/it\/covid-19-in-toscana-6-778-nuovi-casi-eta-media-39-anni-i-decessi-sono-20\/\",\"name\":\"Covid-19: in Toscana 6.778 nuovi casi, et\u00e0 media 39 anni. I decessi sono 20 - intoscana\",\"isPartOf\":{\"@id\":\"https:\/\/www.intoscana.it\/it\/#website\"},\"primaryImageOfPage\":{\"@id\":\"https:\/\/www.intoscana.it\/it\/covid-19-in-toscana-6-778-nuovi-casi-eta-media-39-anni-i-decessi-sono-20\/#primaryimage\"},\"image\":{\"@id\":\"https:\/\/www.intoscana.it\/it\/covid-19-in-toscana-6-778-nuovi-casi-eta-media-39-anni-i-decessi-sono-20\/#primaryimage\"},\"thumbnailUrl\":\"https:\/\/www.intoscana.it\/wp-content\/uploads\/Coppia-con-mascherina-1-scaled.jpg\",\"datePublished\":\"2022-03-22T13:06:33+00:00\",\"author\":{\"@id\":\"https:\/\/www.intoscana.it\/it\/#\/schema\/person\/9223810753230f20bd670fdd322661f8\"},\"description\":\"I ricoverati sono 790 (21 in pi\u00f9 rispetto a ieri), di cui 33 in terapia intensiva (stabili)\",\"breadcrumb\":{\"@id\":\"https:\/\/www.intoscana.it\/it\/covid-19-in-toscana-6-778-nuovi-casi-eta-media-39-anni-i-decessi-sono-20\/#breadcrumb\"},\"inLanguage\":\"it-IT\",\"potentialAction\":[{\"@type\":\"ReadAction\",\"target\":[\"https:\/\/www.intoscana.it\/it\/covid-19-in-toscana-6-778-nuovi-casi-eta-media-39-anni-i-decessi-sono-20\/\"]}]},{\"@type\":\"ImageObject\",\"inLanguage\":\"it-IT\",\"@id\":\"https:\/\/www.intoscana.it\/it\/covid-19-in-toscana-6-778-nuovi-casi-eta-media-39-anni-i-decessi-sono-20\/#primaryimage\",\"url\":\"https:\/\/www.intoscana.it\/wp-content\/uploads\/Coppia-con-mascherina-1-scaled.jpg\",\"contentUrl\":\"https:\/\/www.intoscana.it\/wp-content\/uploads\/Coppia-con-mascherina-1-scaled.jpg\",\"width\":2048,\"height\":1365},{\"@type\":\"BreadcrumbList\",\"@id\":\"https:\/\/www.intoscana.it\/it\/covid-19-in-toscana-6-778-nuovi-casi-eta-media-39-anni-i-decessi-sono-20\/#breadcrumb\",\"itemListElement\":[{\"@type\":\"ListItem\",\"position\":1,\"name\":\"Home\",\"item\":\"https:\/\/www.intoscana.it\/it\/\"},{\"@type\":\"ListItem\",\"position\":2,\"name\":\"Covid-19: in Toscana 6.778 nuovi casi, et\u00e0 media 39 anni. I decessi sono 20\"}]},{\"@type\":\"WebSite\",\"@id\":\"https:\/\/www.intoscana.it\/it\/#website\",\"url\":\"https:\/\/www.intoscana.it\/it\/\",\"name\":\"intoscana\",\"description\":\"\",\"potentialAction\":[{\"@type\":\"SearchAction\",\"target\":{\"@type\":\"EntryPoint\",\"urlTemplate\":\"https:\/\/www.intoscana.it\/it\/?s={search_term_string}\"},\"query-input\":{\"@type\":\"PropertyValueSpecification\",\"valueRequired\":true,\"valueName\":\"search_term_string\"}}],\"inLanguage\":\"it-IT\"},{\"@type\":\"Person\",\"@id\":\"https:\/\/www.intoscana.it\/it\/#\/schema\/person\/9223810753230f20bd670fdd322661f8\",\"name\":\"Redazione\",\"url\":\"https:\/\/www.intoscana.it\/it\/author\/redazione\/\"}]}<\/script>\n<!-- \/ Yoast SEO Premium plugin. -->","yoast_head_json":{"title":"Covid-19: in Toscana 6.778 nuovi casi, et\u00e0 media 39 anni. I decessi sono 20 - intoscana","description":"I ricoverati sono 790 (21 in pi\u00f9 rispetto a ieri), di cui 33 in terapia intensiva (stabili)","robots":{"index":"index","follow":"follow","max-snippet":"max-snippet:-1","max-image-preview":"max-image-preview:large","max-video-preview":"max-video-preview:-1"},"canonical":"https:\/\/www.intoscana.it\/it\/covid-19-in-toscana-6-778-nuovi-casi-eta-media-39-anni-i-decessi-sono-20\/","og_locale":"it_IT","og_type":"article","og_title":"Covid-19: in Toscana 6.778 nuovi casi, et\u00e0 media 39 anni. I decessi sono 20","og_description":"I ricoverati sono 790 (21 in pi\u00f9 rispetto a ieri), di cui 33 in terapia intensiva (stabili)","og_url":"https:\/\/www.intoscana.it\/it\/covid-19-in-toscana-6-778-nuovi-casi-eta-media-39-anni-i-decessi-sono-20\/","og_site_name":"intoscana","article_publisher":"https:\/\/www.facebook.com\/intoscana.it","article_published_time":"2022-03-22T13:06:33+00:00","og_image":[{"width":2048,"height":1365,"url":"https:\/\/www.intoscana.it\/wp-content\/uploads\/Coppia-con-mascherina-1-scaled.jpg","type":"image\/jpeg"}],"author":"Redazione","twitter_card":"summary_large_image","twitter_creator":"@intoscana","twitter_site":"@intoscana","twitter_misc":{"Written by":"Redazione","Est. reading time":"3 minuti"},"schema":{"@context":"https:\/\/schema.org","@graph":[{"@type":"WebPage","@id":"https:\/\/www.intoscana.it\/it\/covid-19-in-toscana-6-778-nuovi-casi-eta-media-39-anni-i-decessi-sono-20\/","url":"https:\/\/www.intoscana.it\/it\/covid-19-in-toscana-6-778-nuovi-casi-eta-media-39-anni-i-decessi-sono-20\/","name":"Covid-19: in Toscana 6.778 nuovi casi, et\u00e0 media 39 anni. I decessi sono 20 - intoscana","isPartOf":{"@id":"https:\/\/www.intoscana.it\/it\/#website"},"primaryImageOfPage":{"@id":"https:\/\/www.intoscana.it\/it\/covid-19-in-toscana-6-778-nuovi-casi-eta-media-39-anni-i-decessi-sono-20\/#primaryimage"},"image":{"@id":"https:\/\/www.intoscana.it\/it\/covid-19-in-toscana-6-778-nuovi-casi-eta-media-39-anni-i-decessi-sono-20\/#primaryimage"},"thumbnailUrl":"https:\/\/www.intoscana.it\/wp-content\/uploads\/Coppia-con-mascherina-1-scaled.jpg","datePublished":"2022-03-22T13:06:33+00:00","author":{"@id":"https:\/\/www.intoscana.it\/it\/#\/schema\/person\/9223810753230f20bd670fdd322661f8"},"description":"I ricoverati sono 790 (21 in pi\u00f9 rispetto a ieri), di cui 33 in terapia intensiva (stabili)","breadcrumb":{"@id":"https:\/\/www.intoscana.it\/it\/covid-19-in-toscana-6-778-nuovi-casi-eta-media-39-anni-i-decessi-sono-20\/#breadcrumb"},"inLanguage":"it-IT","potentialAction":[{"@type":"ReadAction","target":["https:\/\/www.intoscana.it\/it\/covid-19-in-toscana-6-778-nuovi-casi-eta-media-39-anni-i-decessi-sono-20\/"]}]},{"@type":"ImageObject","inLanguage":"it-IT","@id":"https:\/\/www.intoscana.it\/it\/covid-19-in-toscana-6-778-nuovi-casi-eta-media-39-anni-i-decessi-sono-20\/#primaryimage","url":"https:\/\/www.intoscana.it\/wp-content\/uploads\/Coppia-con-mascherina-1-scaled.jpg","contentUrl":"https:\/\/www.intoscana.it\/wp-content\/uploads\/Coppia-con-mascherina-1-scaled.jpg","width":2048,"height":1365},{"@type":"BreadcrumbList","@id":"https:\/\/www.intoscana.it\/it\/covid-19-in-toscana-6-778-nuovi-casi-eta-media-39-anni-i-decessi-sono-20\/#breadcrumb","itemListElement":[{"@type":"ListItem","position":1,"name":"Home","item":"https:\/\/www.intoscana.it\/it\/"},{"@type":"ListItem","position":2,"name":"Covid-19: in Toscana 6.778 nuovi casi, et\u00e0 media 39 anni. I decessi sono 20"}]},{"@type":"WebSite","@id":"https:\/\/www.intoscana.it\/it\/#website","url":"https:\/\/www.intoscana.it\/it\/","name":"intoscana","description":"","potentialAction":[{"@type":"SearchAction","target":{"@type":"EntryPoint","urlTemplate":"https:\/\/www.intoscana.it\/it\/?s={search_term_string}"},"query-input":{"@type":"PropertyValueSpecification","valueRequired":true,"valueName":"search_term_string"}}],"inLanguage":"it-IT"},{"@type":"Person","@id":"https:\/\/www.intoscana.it\/it\/#\/schema\/person\/9223810753230f20bd670fdd322661f8","name":"Redazione","url":"https:\/\/www.intoscana.it\/it\/author\/redazione\/"}]}},"_links":{"self":[{"href":"https:\/\/www.intoscana.it\/it\/wp-json\/wp\/v2\/posts\/219242","targetHints":{"allow":["GET"]}}],"collection":[{"href":"https:\/\/www.intoscana.it\/it\/wp-json\/wp\/v2\/posts"}],"about":[{"href":"https:\/\/www.intoscana.it\/it\/wp-json\/wp\/v2\/types\/post"}],"author":[{"embeddable":true,"href":"https:\/\/www.intoscana.it\/it\/wp-json\/wp\/v2\/users\/525"}],"replies":[{"embeddable":true,"href":"https:\/\/www.intoscana.it\/it\/wp-json\/wp\/v2\/comments?post=219242"}],"version-history":[{"count":0,"href":"https:\/\/www.intoscana.it\/it\/wp-json\/wp\/v2\/posts\/219242\/revisions"}],"wp:featuredmedia":[{"embeddable":true,"href":"https:\/\/www.intoscana.it\/it\/wp-json\/wp\/v2\/media\/177493"}],"wp:attachment":[{"href":"https:\/\/www.intoscana.it\/it\/wp-json\/wp\/v2\/media?parent=219242"}],"wp:term":[{"taxonomy":"category","embeddable":true,"href":"https:\/\/www.intoscana.it\/it\/wp-json\/wp\/v2\/categories?post=219242"},{"taxonomy":"post_tag","embeddable":true,"href":"https:\/\/www.intoscana.it\/it\/wp-json\/wp\/v2\/tags?post=219242"}],"curies":[{"name":"wp","href":"https:\/\/api.w.org\/{rel}","templated":true}]}}