{"id":219739,"date":"2022-03-24T14:06:32","date_gmt":"2022-03-24T13:06:32","guid":{"rendered":"https:\/\/www.intoscana.it\/it\/?p=219739"},"modified":"2022-03-25T13:54:31","modified_gmt":"2022-03-25T12:54:31","slug":"covid-19-in-toscana-5-446-nuovi-casi-eta-media-40-anni-i-decessi-sono-19","status":"publish","type":"post","link":"https:\/\/www.intoscana.it\/it\/covid-19-in-toscana-5-446-nuovi-casi-eta-media-40-anni-i-decessi-sono-19\/","title":{"rendered":"Covid-19: in Toscana 5.446 nuovi casi, et\u00e0 media 40 anni. I decessi sono 19"},"content":{"rendered":"<p>In Toscana sono <strong>951.080 i casi di positivit\u00e0 al Coronavirus, 5.446 in pi\u00f9 rispetto a ieri (<\/strong>1.611 confermati con tampone molecolare e 3.835 da test rapido antigenico). I nuovi casi sono lo 0,6% in pi\u00f9 rispetto al totale del giorno precedente.<\/p>\n<p>I guariti crescono dello 0,5% e raggiungono quota <strong>894.361<\/strong> (94% dei casi totali). Oggi sono stati eseguiti 8.442 tamponi molecolari e 27.332 tamponi antigenici rapidi, di questi il 15,2% \u00e8 risultato positivo.<\/p>\n<p><strong>Sono invece 8.770 i soggetti testati oggi<\/strong> (con tampone antigenico e\/o molecolare, escludendo i tamponi di controllo), di cui il 62,1% \u00e8 risultato positivo. Gli attualmente positivi sono oggi 47.314, +2% rispetto a ieri.<\/p>\n<p><strong>I ricoverati sono 807<\/strong> (17 in pi\u00f9 rispetto a ieri), <strong>di cui 32 in terapia intensiva (3 in meno)<\/strong>. Si registrano 19 nuovi decessi: 9 uomini e 10 donne con un&#8217;et\u00e0 media di 87,1 anni (6 a Firenze, 2 a Pistoia, 3 a Lucca, 1 a Pisa, 1 a Livorno, 2 a Siena, 4 a Grosseto).<\/p>\n<p><strong>L&#8217;et\u00e0 media dei 5.446 nuovi positivi odierni \u00e8 di 40 anni circ<\/strong>a (20% ha meno di 20 anni, 23% tra 20 e 39 anni, 31% tra 40 e 59 anni, 19% tra 60 e 79 anni, 7% ha 80 anni o pi\u00f9).<\/p>\n<h3>I casi di positivit\u00e0 sul territorio<\/h3>\n<p>Di seguito i casi di positivit\u00e0 sul territorio con la variazione rispetto a ieri (1.611 confermati con tampone molecolare e 3.835 da test rapido antigenico). <strong>Sono 270.056 i casi complessivi ad oggi a Firenze<\/strong> (1.219 in pi\u00f9 rispetto a ieri), 68.315 a Prato (229 in pi\u00f9), 77.441 a Pistoia (335 in pi\u00f9), 44.922 a Massa Carrara (334 in pi\u00f9), 99.109 a Lucca (705 in pi\u00f9), 108.323 a Pisa (627 in pi\u00f9), 82.031 a Livorno (569 in pi\u00f9), 87.199 ad Arezzo (572 in pi\u00f9), 64.532 a Siena (475 in pi\u00f9), 48.597 a Grosseto (381 in pi\u00f9). Sono 555 i casi positivi notificati in Toscana, ma residenti in altre regioni.<\/p>\n<p>Sono <strong>1.869 i casi riscontrati oggi nell&#8217;Asl Centro, 2.149 nella Nord Ovest, 1.428 nella Sud est.<\/strong><\/p>\n<p>La Toscana si trova <strong>al 7\u00b0 posto in Italia come numerosit\u00e0 di casi<\/strong> (comprensivi di residenti e non residenti), con circa 25.755 casi per 100.000 abitanti (media italiana circa 23.753). Le province di notifica con il tasso pi\u00f9 alto sono Firenze con 27.048 casi per 100.000 abitanti, Pistoia con 26.681, Pisa con 25.916, la pi\u00f9 bassa Grosseto con 22.308.<\/p>\n<p>Complessivamente, <strong>46.507 persone sono in isolamento a casa<\/strong>, poich\u00e9 presentano sintomi lievi che non richiedono cure ospedaliere, o risultano prive di sintomi (920 in pi\u00f9 rispetto a ieri, pi\u00f9 2%).<\/p>\n<p><strong>Sono 5.636 (52 in meno rispetto a ieri, meno 0,9%) le persone, anch&#8217;esse isolate,<\/strong> in sorveglianza attiva perch\u00e9 hanno avuto contatti con persone contagiate (ASL Centro 886, Nord Ovest 2.290, Sud Est 2.460).<\/p>\n<p><strong>Le persone ricoverate oggi sono complessivamente 807<\/strong> (17 in pi\u00f9 rispetto a ieri, pi\u00f9 2,2%), 32 in terapia intensiva (3 in meno rispetto a ieri, meno 8,6%).<\/p>\n<p>Le persone complessivamente<strong> guarite sono 894.361<\/strong> (4.490 in pi\u00f9 rispetto a ieri, pi\u00f9 0,5%): 0 persone clinicamente guarite (stabili rispetto a ieri), divenute cio\u00e8 asintomatiche dopo aver presentato manifestazioni cliniche associate all&#8217;infezione e 894.361 (4.490 in pi\u00f9 rispetto a ieri, pi\u00f9 0,5%) dichiarate guarite a tutti gli effetti, le cosiddette guarigioni virali, con tampone negativo.<\/p>\n<h3>I decessi<\/h3>\n<p>Relativamente alla provincia di residenza, <strong>le persone decedute sono: 6 a Firenze, 2 a Pistoia, 3 a Lucca, 1 a Pisa, 1 a Livorno, 2 a Siena, 4 a Grosseto.<\/strong><\/p>\n<p><strong>Sono 9.405 i deceduti dall&#8217;inizio dell&#8217;epidemia<\/strong> cosi ripartiti: 2.974 a Firenze, 790 a Prato, 853 a Pistoia, 620 a Massa Carrara, 875 a Lucca, 1.007 a Pisa, 688 a Livorno, 633 ad Arezzo, 489 a Siena, 353 a Grosseto, 123 persone sono decedute sul suolo toscano ma erano residenti fuori regione.<\/p>\n<p>Il tasso grezzo di mortalit\u00e0 toscano (numero di deceduti\/popolazione residente) per Covid-19 \u00e8 di 254,7 per 100.000 residenti contro il 267,2 per 100.000 della media italiana (10\u00b0 regione). Per quanto riguarda le province, il tasso di mortalit\u00e0 pi\u00f9 alto si riscontra a Massa Carrara (326,6 per 100.000), Firenze (297,9) e Prato (297,8), il pi\u00f9 basso a Grosseto (162,0).<\/p>\n","protected":false},"excerpt":{"rendered":"<p>I ricoverati sono 807, di cui 32 in terapia intensiva. Si registrano 19 nuovi decessi: 9 uomini e 10 donne con un&#8217;et\u00e0 media di 87,1 anni<\/p>\n","protected":false},"author":525,"featured_media":169812,"comment_status":"open","ping_status":"open","sticky":false,"template":"","format":"standard","meta":{"_acf_changed":false,"footnotes":""},"categories":[494],"tags":[4868,418],"class_list":["post-219739","post","type-post","status-publish","format-standard","has-post-thumbnail","hentry","category-attualita","tag-bollettino-covid-toscana","tag-covid-19"],"acf":[],"yoast_head":"<!-- This site is optimized with the Yoast SEO Premium plugin v24.2 (Yoast SEO v25.6) - https:\/\/yoast.com\/wordpress\/plugins\/seo\/ -->\n<title>Covid-19: in Toscana 5.446 nuovi casi, et\u00e0 media 40 anni. I decessi sono 19 - intoscana<\/title>\n<meta name=\"description\" content=\"I ricoverati sono 807, di cui 32 in terapia intensiva. Si registrano 19 nuovi decessi: 9 uomini e 10 donne con un&#039;et\u00e0 media di 87,1 anni\" \/>\n<meta name=\"robots\" content=\"index, follow, max-snippet:-1, max-image-preview:large, max-video-preview:-1\" \/>\n<link rel=\"canonical\" href=\"https:\/\/www.intoscana.it\/it\/covid-19-in-toscana-5-446-nuovi-casi-eta-media-40-anni-i-decessi-sono-19\/\" \/>\n<meta property=\"og:locale\" content=\"it_IT\" \/>\n<meta property=\"og:type\" content=\"article\" \/>\n<meta property=\"og:title\" content=\"Covid-19: in Toscana 5.446 nuovi casi, et\u00e0 media 40 anni. I decessi sono 19\" \/>\n<meta property=\"og:description\" content=\"I ricoverati sono 807, di cui 32 in terapia intensiva. Si registrano 19 nuovi decessi: 9 uomini e 10 donne con un&#039;et\u00e0 media di 87,1 anni\" \/>\n<meta property=\"og:url\" content=\"https:\/\/www.intoscana.it\/it\/covid-19-in-toscana-5-446-nuovi-casi-eta-media-40-anni-i-decessi-sono-19\/\" \/>\n<meta property=\"og:site_name\" content=\"intoscana\" \/>\n<meta property=\"article:publisher\" content=\"https:\/\/www.facebook.com\/intoscana.it\" \/>\n<meta property=\"article:published_time\" content=\"2022-03-24T13:06:32+00:00\" \/>\n<meta property=\"article:modified_time\" content=\"2022-03-25T12:54:31+00:00\" \/>\n<meta property=\"og:image\" content=\"https:\/\/www.intoscana.it\/wp-content\/uploads\/abbraccio-covid-mamma-e-figlia-mascherina-scaled.jpg\" \/>\n\t<meta property=\"og:image:width\" content=\"2048\" \/>\n\t<meta property=\"og:image:height\" content=\"1152\" \/>\n\t<meta property=\"og:image:type\" content=\"image\/jpeg\" \/>\n<meta name=\"author\" content=\"Redazione\" \/>\n<meta name=\"twitter:card\" content=\"summary_large_image\" \/>\n<meta name=\"twitter:creator\" content=\"@intoscana\" \/>\n<meta name=\"twitter:site\" content=\"@intoscana\" \/>\n<meta name=\"twitter:label1\" content=\"Written by\" \/>\n\t<meta name=\"twitter:data1\" content=\"Redazione\" \/>\n\t<meta name=\"twitter:label2\" content=\"Est. reading time\" \/>\n\t<meta name=\"twitter:data2\" content=\"3 minuti\" \/>\n<script type=\"application\/ld+json\" class=\"yoast-schema-graph\">{\"@context\":\"https:\/\/schema.org\",\"@graph\":[{\"@type\":\"WebPage\",\"@id\":\"https:\/\/www.intoscana.it\/it\/covid-19-in-toscana-5-446-nuovi-casi-eta-media-40-anni-i-decessi-sono-19\/\",\"url\":\"https:\/\/www.intoscana.it\/it\/covid-19-in-toscana-5-446-nuovi-casi-eta-media-40-anni-i-decessi-sono-19\/\",\"name\":\"Covid-19: in Toscana 5.446 nuovi casi, et\u00e0 media 40 anni. I decessi sono 19 - intoscana\",\"isPartOf\":{\"@id\":\"https:\/\/www.intoscana.it\/it\/#website\"},\"primaryImageOfPage\":{\"@id\":\"https:\/\/www.intoscana.it\/it\/covid-19-in-toscana-5-446-nuovi-casi-eta-media-40-anni-i-decessi-sono-19\/#primaryimage\"},\"image\":{\"@id\":\"https:\/\/www.intoscana.it\/it\/covid-19-in-toscana-5-446-nuovi-casi-eta-media-40-anni-i-decessi-sono-19\/#primaryimage\"},\"thumbnailUrl\":\"https:\/\/www.intoscana.it\/wp-content\/uploads\/abbraccio-covid-mamma-e-figlia-mascherina-scaled.jpg\",\"datePublished\":\"2022-03-24T13:06:32+00:00\",\"dateModified\":\"2022-03-25T12:54:31+00:00\",\"author\":{\"@id\":\"https:\/\/www.intoscana.it\/it\/#\/schema\/person\/9223810753230f20bd670fdd322661f8\"},\"description\":\"I ricoverati sono 807, di cui 32 in terapia intensiva. Si registrano 19 nuovi decessi: 9 uomini e 10 donne con un'et\u00e0 media di 87,1 anni\",\"breadcrumb\":{\"@id\":\"https:\/\/www.intoscana.it\/it\/covid-19-in-toscana-5-446-nuovi-casi-eta-media-40-anni-i-decessi-sono-19\/#breadcrumb\"},\"inLanguage\":\"it-IT\",\"potentialAction\":[{\"@type\":\"ReadAction\",\"target\":[\"https:\/\/www.intoscana.it\/it\/covid-19-in-toscana-5-446-nuovi-casi-eta-media-40-anni-i-decessi-sono-19\/\"]}]},{\"@type\":\"ImageObject\",\"inLanguage\":\"it-IT\",\"@id\":\"https:\/\/www.intoscana.it\/it\/covid-19-in-toscana-5-446-nuovi-casi-eta-media-40-anni-i-decessi-sono-19\/#primaryimage\",\"url\":\"https:\/\/www.intoscana.it\/wp-content\/uploads\/abbraccio-covid-mamma-e-figlia-mascherina-scaled.jpg\",\"contentUrl\":\"https:\/\/www.intoscana.it\/wp-content\/uploads\/abbraccio-covid-mamma-e-figlia-mascherina-scaled.jpg\",\"width\":2048,\"height\":1152},{\"@type\":\"BreadcrumbList\",\"@id\":\"https:\/\/www.intoscana.it\/it\/covid-19-in-toscana-5-446-nuovi-casi-eta-media-40-anni-i-decessi-sono-19\/#breadcrumb\",\"itemListElement\":[{\"@type\":\"ListItem\",\"position\":1,\"name\":\"Home\",\"item\":\"https:\/\/www.intoscana.it\/it\/\"},{\"@type\":\"ListItem\",\"position\":2,\"name\":\"Covid-19: in Toscana 5.446 nuovi casi, et\u00e0 media 40 anni. I decessi sono 19\"}]},{\"@type\":\"WebSite\",\"@id\":\"https:\/\/www.intoscana.it\/it\/#website\",\"url\":\"https:\/\/www.intoscana.it\/it\/\",\"name\":\"intoscana\",\"description\":\"\",\"potentialAction\":[{\"@type\":\"SearchAction\",\"target\":{\"@type\":\"EntryPoint\",\"urlTemplate\":\"https:\/\/www.intoscana.it\/it\/?s={search_term_string}\"},\"query-input\":{\"@type\":\"PropertyValueSpecification\",\"valueRequired\":true,\"valueName\":\"search_term_string\"}}],\"inLanguage\":\"it-IT\"},{\"@type\":\"Person\",\"@id\":\"https:\/\/www.intoscana.it\/it\/#\/schema\/person\/9223810753230f20bd670fdd322661f8\",\"name\":\"Redazione\",\"url\":\"https:\/\/www.intoscana.it\/it\/author\/redazione\/\"}]}<\/script>\n<!-- \/ Yoast SEO Premium plugin. -->","yoast_head_json":{"title":"Covid-19: in Toscana 5.446 nuovi casi, et\u00e0 media 40 anni. I decessi sono 19 - intoscana","description":"I ricoverati sono 807, di cui 32 in terapia intensiva. Si registrano 19 nuovi decessi: 9 uomini e 10 donne con un'et\u00e0 media di 87,1 anni","robots":{"index":"index","follow":"follow","max-snippet":"max-snippet:-1","max-image-preview":"max-image-preview:large","max-video-preview":"max-video-preview:-1"},"canonical":"https:\/\/www.intoscana.it\/it\/covid-19-in-toscana-5-446-nuovi-casi-eta-media-40-anni-i-decessi-sono-19\/","og_locale":"it_IT","og_type":"article","og_title":"Covid-19: in Toscana 5.446 nuovi casi, et\u00e0 media 40 anni. I decessi sono 19","og_description":"I ricoverati sono 807, di cui 32 in terapia intensiva. Si registrano 19 nuovi decessi: 9 uomini e 10 donne con un'et\u00e0 media di 87,1 anni","og_url":"https:\/\/www.intoscana.it\/it\/covid-19-in-toscana-5-446-nuovi-casi-eta-media-40-anni-i-decessi-sono-19\/","og_site_name":"intoscana","article_publisher":"https:\/\/www.facebook.com\/intoscana.it","article_published_time":"2022-03-24T13:06:32+00:00","article_modified_time":"2022-03-25T12:54:31+00:00","og_image":[{"width":2048,"height":1152,"url":"https:\/\/www.intoscana.it\/wp-content\/uploads\/abbraccio-covid-mamma-e-figlia-mascherina-scaled.jpg","type":"image\/jpeg"}],"author":"Redazione","twitter_card":"summary_large_image","twitter_creator":"@intoscana","twitter_site":"@intoscana","twitter_misc":{"Written by":"Redazione","Est. reading time":"3 minuti"},"schema":{"@context":"https:\/\/schema.org","@graph":[{"@type":"WebPage","@id":"https:\/\/www.intoscana.it\/it\/covid-19-in-toscana-5-446-nuovi-casi-eta-media-40-anni-i-decessi-sono-19\/","url":"https:\/\/www.intoscana.it\/it\/covid-19-in-toscana-5-446-nuovi-casi-eta-media-40-anni-i-decessi-sono-19\/","name":"Covid-19: in Toscana 5.446 nuovi casi, et\u00e0 media 40 anni. I decessi sono 19 - intoscana","isPartOf":{"@id":"https:\/\/www.intoscana.it\/it\/#website"},"primaryImageOfPage":{"@id":"https:\/\/www.intoscana.it\/it\/covid-19-in-toscana-5-446-nuovi-casi-eta-media-40-anni-i-decessi-sono-19\/#primaryimage"},"image":{"@id":"https:\/\/www.intoscana.it\/it\/covid-19-in-toscana-5-446-nuovi-casi-eta-media-40-anni-i-decessi-sono-19\/#primaryimage"},"thumbnailUrl":"https:\/\/www.intoscana.it\/wp-content\/uploads\/abbraccio-covid-mamma-e-figlia-mascherina-scaled.jpg","datePublished":"2022-03-24T13:06:32+00:00","dateModified":"2022-03-25T12:54:31+00:00","author":{"@id":"https:\/\/www.intoscana.it\/it\/#\/schema\/person\/9223810753230f20bd670fdd322661f8"},"description":"I ricoverati sono 807, di cui 32 in terapia intensiva. Si registrano 19 nuovi decessi: 9 uomini e 10 donne con un'et\u00e0 media di 87,1 anni","breadcrumb":{"@id":"https:\/\/www.intoscana.it\/it\/covid-19-in-toscana-5-446-nuovi-casi-eta-media-40-anni-i-decessi-sono-19\/#breadcrumb"},"inLanguage":"it-IT","potentialAction":[{"@type":"ReadAction","target":["https:\/\/www.intoscana.it\/it\/covid-19-in-toscana-5-446-nuovi-casi-eta-media-40-anni-i-decessi-sono-19\/"]}]},{"@type":"ImageObject","inLanguage":"it-IT","@id":"https:\/\/www.intoscana.it\/it\/covid-19-in-toscana-5-446-nuovi-casi-eta-media-40-anni-i-decessi-sono-19\/#primaryimage","url":"https:\/\/www.intoscana.it\/wp-content\/uploads\/abbraccio-covid-mamma-e-figlia-mascherina-scaled.jpg","contentUrl":"https:\/\/www.intoscana.it\/wp-content\/uploads\/abbraccio-covid-mamma-e-figlia-mascherina-scaled.jpg","width":2048,"height":1152},{"@type":"BreadcrumbList","@id":"https:\/\/www.intoscana.it\/it\/covid-19-in-toscana-5-446-nuovi-casi-eta-media-40-anni-i-decessi-sono-19\/#breadcrumb","itemListElement":[{"@type":"ListItem","position":1,"name":"Home","item":"https:\/\/www.intoscana.it\/it\/"},{"@type":"ListItem","position":2,"name":"Covid-19: in Toscana 5.446 nuovi casi, et\u00e0 media 40 anni. I decessi sono 19"}]},{"@type":"WebSite","@id":"https:\/\/www.intoscana.it\/it\/#website","url":"https:\/\/www.intoscana.it\/it\/","name":"intoscana","description":"","potentialAction":[{"@type":"SearchAction","target":{"@type":"EntryPoint","urlTemplate":"https:\/\/www.intoscana.it\/it\/?s={search_term_string}"},"query-input":{"@type":"PropertyValueSpecification","valueRequired":true,"valueName":"search_term_string"}}],"inLanguage":"it-IT"},{"@type":"Person","@id":"https:\/\/www.intoscana.it\/it\/#\/schema\/person\/9223810753230f20bd670fdd322661f8","name":"Redazione","url":"https:\/\/www.intoscana.it\/it\/author\/redazione\/"}]}},"_links":{"self":[{"href":"https:\/\/www.intoscana.it\/it\/wp-json\/wp\/v2\/posts\/219739","targetHints":{"allow":["GET"]}}],"collection":[{"href":"https:\/\/www.intoscana.it\/it\/wp-json\/wp\/v2\/posts"}],"about":[{"href":"https:\/\/www.intoscana.it\/it\/wp-json\/wp\/v2\/types\/post"}],"author":[{"embeddable":true,"href":"https:\/\/www.intoscana.it\/it\/wp-json\/wp\/v2\/users\/525"}],"replies":[{"embeddable":true,"href":"https:\/\/www.intoscana.it\/it\/wp-json\/wp\/v2\/comments?post=219739"}],"version-history":[{"count":0,"href":"https:\/\/www.intoscana.it\/it\/wp-json\/wp\/v2\/posts\/219739\/revisions"}],"wp:featuredmedia":[{"embeddable":true,"href":"https:\/\/www.intoscana.it\/it\/wp-json\/wp\/v2\/media\/169812"}],"wp:attachment":[{"href":"https:\/\/www.intoscana.it\/it\/wp-json\/wp\/v2\/media?parent=219739"}],"wp:term":[{"taxonomy":"category","embeddable":true,"href":"https:\/\/www.intoscana.it\/it\/wp-json\/wp\/v2\/categories?post=219739"},{"taxonomy":"post_tag","embeddable":true,"href":"https:\/\/www.intoscana.it\/it\/wp-json\/wp\/v2\/tags?post=219739"}],"curies":[{"name":"wp","href":"https:\/\/api.w.org\/{rel}","templated":true}]}}