{"id":219754,"date":"2022-03-25T09:59:21","date_gmt":"2022-03-25T08:59:21","guid":{"rendered":"https:\/\/www.intoscana.it\/it\/?p=219754"},"modified":"2022-03-25T11:19:50","modified_gmt":"2022-03-25T10:19:50","slug":"marta-del-grandi-concerto-firenze","status":"publish","type":"post","link":"https:\/\/www.intoscana.it\/it\/marta-del-grandi-concerto-firenze\/","title":{"rendered":"Marta Del Grandi in concerto a Firenze: musica &#8220;fossile&#8221; che attraversa i continenti"},"content":{"rendered":"<p><strong>Venerd\u00ec 25 marzo<\/strong> sar\u00e0 in concerto in <strong>Sala Vanni<\/strong> a Firenze <strong>Marta Del Grandi<\/strong>\u00a0un&#8217;artista che <strong>ha viaggiato per tre continenti dall&#8217;Asia all&#8217;America<\/strong> e che unisce influenze lontane e vicine creando\u00a0<strong>uno stile unico<\/strong>.<\/p>\n<p>Ha mosso i primi passi nella musica studiando voce jazz al <strong>Conservatorio Giuseppe Verdi di Milano<\/strong>\u00a0e poi\u00a0<strong>in Belgio a Gant<\/strong>.<\/p>\n<p>Successivamente \u00e8 partita per <strong>la Cina ed il Nepal,<\/strong> dove ha insegnato al <strong>Kathmandu Jazz Conservatory<\/strong>.<\/p>\n<p>Rientrata in Italia, attraverso la lente dei suoi viaggi e di ci\u00f2 che di nuovo aveva visto, Marta ha creato un disco che racconta <strong>storie di fossili marini sulle cima dell\u2019Himalaya<\/strong>, miti intorno ai <strong>pietre preziose e specie in via d\u2019estinzione.<\/strong><\/p>\n<p>Una delle sfide pi\u00f9 grandi \u00e8 stata<strong> auto-prodursi l\u2019album,<\/strong> grazie soprattutto agli incoraggiamenti del musicista <strong>Shahzad Ismaily<\/strong>\u00a0che ha lavorato con <strong>Laurie Anderson and Lou Reed, John Zorn, Bonnie Prince Billy<\/strong>, che ha registrato batteria e synth, oltre che mixato l\u2019album a Brooklyn.<\/p>\n<p>Lo scorso 5 novembre \u00e8 uscito il suo album di debutto \u201c<em><strong>Until We Fossilize\u201d<\/strong><\/em> per l\u2019etichetta <strong>Fire Records<em>,<\/em> <\/strong>un disco pieno di <strong>pensieri, emozioni e storie, <\/strong>una<strong> gemma auto-prodotta<\/strong>\u00a0colonna sonora di un viaggio che lascia senza fiato.<\/p>\n<h3>Ecco la nostra intervista a Marta Del Grandi<\/h3>\n<p><strong>Ciao Marta negli ultimi anni hai avuto una vita davvero cosmopolita, hai vissuto in Belgio, poi in Cina e in Nepal, poi anche a New York. In che modo tutto questo si \u00e8 riflesso nella tua musica?<\/strong><\/p>\n<p>Sono state esperienze molto diverse tra loro. Mi sono trasferita in Belgio per <strong>studiare al Conservatorio a Gant.<\/strong> Ai tempi ero iscritta al <strong>dipartimento di Jazz,<\/strong> in Belgio gli studi di Jazz si sono evoluti in modo pi\u00f9 eclettico, in Italia la scuola ha un\u2019impostazione pi\u00f9 tradizionale. <strong>E\u2019 stato interessante perch\u00e9 ho potuto sperimentare con diversi generi musicali e con l\u2019improvvisazione libera<\/strong> e incontrare musicisti che scrivevano musica in modo molto diverso, con uno stile di creazione diverso e questo mi ha aperto molto la mente.<br \/>\nE\u2019 stato l\u00ec che ho scritto i miei primi brani e <strong>ho pubblicato un disco col nome MartaRosa nel 2016<\/strong> e ho iniziato un percorso da cantautrice.<br \/>\nPoi <strong>mi sono trasferita in Cina per un\u2019esperienza di lavoro<\/strong>, lavoravo come insegnante di canto presso un istituto di jazz, \u00e8 stato abbastanza breve, molto interessante per la mia crescita personale per\u00f2 non ho scritto nuovi brani in quel periodo.<br \/>\n<strong>In Nepal ho vissuto per tre anni<\/strong> ed \u00e8 stato un paese importantissimo per me, lo \u00e8 ancora nonostante dall\u2019inizio della pandemia io viva in Italia e non sia pi\u00f9 potuta tornare l\u00ec, <strong>per me \u00e8 un luogo in cui ancora in un certo senso vivo.<\/strong><br \/>\nHo lavorato per cercare di creare delle situazioni in cui i musicisti potessero portare la loro musica originale ed esibirla davanti a un pubblico di ascoltatori attenti. <strong>Quest\u2019esperienza mi ha aiutata a creare sinergie con moltissime persone<\/strong> e a conoscere la realt\u00e0 dei musicisti locali e di quelli che viaggiavano.<\/p>\n<p><strong>Deve essere stata veramente un\u2019esperienza unica<\/strong><\/p>\n<p><strong>Per me era la normalit\u00e0<\/strong>, mio marito \u00e8 nepalese quindi abbiamo una connessione molto forte con quel paese. Per quanto inizialmente \u00e8 stata un\u2019esperienza che mi ha dato moltissima energia e ispirazione a un certo punto era la mia normalit\u00e0. Penso che abbia avuto generato in me un grande cambiamento a livello personale e artistico. Mi ha fatto crescere molto perch\u00e9 io sono una musicista che lavora molto da sola, prima ero un\u2019autrice poi ho iniziato a fare da sola anche le produzioni. <strong>La necessit\u00e0 mi ha spinto a sviluppare queste capacit\u00e0 con la consapevolezza che quella era la direzione giusta per me.<\/strong><\/p>\n<p><strong>Il tuo disco si avvale della preziosa collaborazione di un musicista straordinario Shahzad Ismaily, come vi siete conosciuti?<\/strong><\/p>\n<p>Ci siamo conosciuti tramite amici in comune. Io ho scoperto la sua carriera e le collaborazioni ai dischi e ai live. <strong>Siamo entrati in contatto perch\u00e9 stavamo lavorando a un progetto di residenza artistica in Nepal<\/strong> e volevamo invitarlo come mentore. Questo succedeva gli ultimi mesi prima della pandemia, adesso il progetto \u00e8 ancora in cantiere, in attesa che sia possibile tornare a fare viaggi internazionali molto lunghi, senza troppe preoccupazioni. Grazie a questo scambio di contatti io ho poi potuto fargli ascoltare le canzoni a cui stavo lavorando e da l\u00ec abbiamo deciso di collaborare da remoto nel secondo lockdown nell\u2019inverno 2021. Abbiamo lavorato insieme al mix e<strong> lui ha suonato le batterie e il Moog nel mio disco.<\/strong> Io sono rientrata da New York da poco,<strong> finalmente ci siamo conosciuti da vivo!<\/strong><\/p>\n<p><iframe loading=\"lazy\" title=\"YouTube video player\" src=\"https:\/\/www.youtube.com\/embed\/KJvtbdBtb80\" width=\"800\" height=\"500\" frameborder=\"0\" allowfullscreen=\"allowfullscreen\"><span data-mce-type=\"bookmark\" style=\"display: inline-block; width: 0px; overflow: hidden; line-height: 0;\" class=\"mce_SELRES_start\">\ufeff<\/span><\/iframe><\/p>\n<p><strong>Leggendo la tua biografia mi colpisce il fatto che ci sono molte donne che hanno segnato la tua esperienza musicale come Tatiana Corra, Cecilia Valagussa e Elettra Fiumi<\/strong><\/p>\n<p><strong>Tatiana Corra \u00e8 stata la mia prima insegnante di canto<\/strong> quando ero un\u2019adolescente, \u00e8 una cantante di musica lirica, Opera, \u00e8 stata molto importante per me. Gli insegnamenti di tecnica vocale che mi ha dato lei sono quelli che mi porto avanti ancora oggi e che ho insegnato ai miei allievi e trovo ancora che siano le informazioni pi\u00f9 importanti a livello tecnico che mi siano mai state date, nonostante io abbia studiato anche in istituti di importanza internazionale.<br \/>\n<strong>Cecilia Valagussa<\/strong> \u00e8 una mia carissima amica e collaboratrice, con lei abbiamo fondato nel 2016 un progetto che si chiama<em><strong> \u201cFossick Project\u201d.<\/strong><\/em> Si tratta di una collaborazione tra me come musicista e compositrice e lei come illustratrice tramite proiettore e lavagna luminosa. Creiamo delle performance di immagini e musica che possiamo definire una sorta di <strong>teatro delle ombre contemporaneo.<\/strong> Raccontiamo<strong> storie che si ispirano alle specie animali in via d\u2019estinzione<\/strong> ispirandoci sia ai luoghi che visitiamo sia a leggende e miti della tradizione classica.<br \/>\n<strong>Elettra Fiumi<\/strong> l\u2019ho conosciuta perch\u00e9 ha contattato <strong>Fossick Project<\/strong> nel 2019 in occasione di un evento che si intitolava <em><strong>\u201c9999 Revival\u201d<\/strong><\/em> che si \u00e8 tenuto a Firenze allo <strong>Space Elettronic<\/strong> una discoteca fondata dal gruppo di architettura radicale anni Settanta 9999 di cui faceva parte il padre di Elettra. In seguito ci ha coinvolte in un progetto documentario che si chiama <em><strong>\u201cRadical Landscape\u201d<\/strong><\/em> che vuole raccontare la storia del movimento. Il film non \u00e8 ancora uscito ma c\u2019\u00e8 un brano mio che \u00e8 anche la traccia di apertura del mio disco.<\/p>\n<p><strong>Ho ascoltato molto il tuo disco che devo dire rispecchia molto i miei gusti musicali, ti immagini mai chi ascolta i tuoi dischi? Per chi componi la tua musica?<\/strong><\/p>\n<p>Questa \u00e8 una domanda molto interessante, quando scrivo non ci penso molto. La mia volont\u00e0, quello che cerco quando scrivo \u00e8 di <strong>trovare una dimensione in cui sento che sto esprimendo al meglio chi sono io.<\/strong> Cerco di scrivere delle cose che mi piacerebbe ascoltare. Non ho uno stile musicale che preferisco e anche nella mi scrittura cerco di essere il pi\u00f9 possibile aperta, sono alla ricerca di suoni contemporanei. <strong>Mi piace stupire prima di tutto me stessa e poi gli altri.<\/strong><\/p>\n<figure id=\"post-219320 media-219320\" class=\"align-none\"><img decoding=\"async\" src=\"https:\/\/www.intoscana.it\/wp-content\/uploads\/marta-del-grandi.jpeg\" alt=\"\" \/><\/figure>\n<div class=\"titleimg\">Marta Del Grandi<\/div>\n","protected":false},"excerpt":{"rendered":"<p>Venerd\u00ec 25 marzo sul palco della Sala Vanni presenter\u00e0 il suo ultimo album \u201cUntil We Fossilize\u201d: colonna sonora di un viaggio dall\u2019Europa fino al Nepal<\/p>\n","protected":false},"author":518,"featured_media":219319,"comment_status":"open","ping_status":"open","sticky":false,"template":"","format":"standard","meta":{"_acf_changed":false,"footnotes":""},"categories":[14],"tags":[216,3138],"class_list":["post-219754","post","type-post","status-publish","format-standard","has-post-thumbnail","hentry","category-musica","tag-concerti","tag-interviste-agli-artisti"],"acf":[],"yoast_head":"<!-- This site is optimized with the Yoast SEO Premium plugin v24.2 (Yoast SEO v25.6) - https:\/\/yoast.com\/wordpress\/plugins\/seo\/ -->\n<title>Marta Del Grandi in concerto a Firenze: musica &quot;fossile&quot; che attraversa i continenti - intoscana<\/title>\n<meta name=\"description\" content=\"Venerd\u00ec 25 marzo sul palco della Sala Vanni presenter\u00e0 il suo ultimo album \u201cUntil We Fossilize\u201d: un viaggio dall\u2019Europa fino al Nepal\" \/>\n<meta name=\"robots\" content=\"index, follow, max-snippet:-1, max-image-preview:large, max-video-preview:-1\" \/>\n<link rel=\"canonical\" href=\"https:\/\/www.intoscana.it\/it\/marta-del-grandi-concerto-firenze\/\" \/>\n<meta property=\"og:locale\" content=\"it_IT\" \/>\n<meta property=\"og:type\" content=\"article\" \/>\n<meta property=\"og:title\" content=\"Marta Del Grandi in concerto a Firenze: musica &quot;fossile&quot; che attraversa i continenti\" \/>\n<meta property=\"og:description\" content=\"Venerd\u00ec 25 marzo sul palco della Sala Vanni presenter\u00e0 il suo ultimo album \u201cUntil We Fossilize\u201d: un viaggio dall\u2019Europa fino al Nepal\" \/>\n<meta property=\"og:url\" content=\"https:\/\/www.intoscana.it\/it\/marta-del-grandi-concerto-firenze\/\" \/>\n<meta property=\"og:site_name\" content=\"intoscana\" \/>\n<meta property=\"article:publisher\" content=\"https:\/\/www.facebook.com\/intoscana.it\" \/>\n<meta property=\"article:published_time\" content=\"2022-03-25T08:59:21+00:00\" \/>\n<meta property=\"article:modified_time\" content=\"2022-03-25T10:19:50+00:00\" \/>\n<meta property=\"og:image\" content=\"https:\/\/www.intoscana.it\/wp-content\/uploads\/Marta-Del-Grandi-2.jpg\" \/>\n\t<meta property=\"og:image:width\" content=\"1280\" \/>\n\t<meta property=\"og:image:height\" content=\"720\" \/>\n\t<meta property=\"og:image:type\" content=\"image\/jpeg\" \/>\n<meta name=\"author\" content=\"Costanza Baldini\" \/>\n<meta name=\"twitter:card\" content=\"summary_large_image\" \/>\n<meta name=\"twitter:creator\" content=\"@intoscana\" \/>\n<meta name=\"twitter:site\" content=\"@intoscana\" \/>\n<meta name=\"twitter:label1\" content=\"Written by\" \/>\n\t<meta name=\"twitter:data1\" content=\"Costanza Baldini\" \/>\n\t<meta name=\"twitter:label2\" content=\"Est. reading time\" \/>\n\t<meta name=\"twitter:data2\" content=\"6 minuti\" \/>\n<script type=\"application\/ld+json\" class=\"yoast-schema-graph\">{\"@context\":\"https:\/\/schema.org\",\"@graph\":[{\"@type\":\"WebPage\",\"@id\":\"https:\/\/www.intoscana.it\/it\/marta-del-grandi-concerto-firenze\/\",\"url\":\"https:\/\/www.intoscana.it\/it\/marta-del-grandi-concerto-firenze\/\",\"name\":\"Marta Del Grandi in concerto a Firenze: musica \\\"fossile\\\" che attraversa i continenti - intoscana\",\"isPartOf\":{\"@id\":\"https:\/\/www.intoscana.it\/it\/#website\"},\"primaryImageOfPage\":{\"@id\":\"https:\/\/www.intoscana.it\/it\/marta-del-grandi-concerto-firenze\/#primaryimage\"},\"image\":{\"@id\":\"https:\/\/www.intoscana.it\/it\/marta-del-grandi-concerto-firenze\/#primaryimage\"},\"thumbnailUrl\":\"https:\/\/www.intoscana.it\/wp-content\/uploads\/Marta-Del-Grandi-2.jpg\",\"datePublished\":\"2022-03-25T08:59:21+00:00\",\"dateModified\":\"2022-03-25T10:19:50+00:00\",\"author\":{\"@id\":\"https:\/\/www.intoscana.it\/it\/#\/schema\/person\/d469f35f09739bdf00bf5dd3f0647a82\"},\"description\":\"Venerd\u00ec 25 marzo sul palco della Sala Vanni presenter\u00e0 il suo ultimo album \u201cUntil We Fossilize\u201d: un viaggio dall\u2019Europa fino al Nepal\",\"breadcrumb\":{\"@id\":\"https:\/\/www.intoscana.it\/it\/marta-del-grandi-concerto-firenze\/#breadcrumb\"},\"inLanguage\":\"it-IT\",\"potentialAction\":[{\"@type\":\"ReadAction\",\"target\":[\"https:\/\/www.intoscana.it\/it\/marta-del-grandi-concerto-firenze\/\"]}]},{\"@type\":\"ImageObject\",\"inLanguage\":\"it-IT\",\"@id\":\"https:\/\/www.intoscana.it\/it\/marta-del-grandi-concerto-firenze\/#primaryimage\",\"url\":\"https:\/\/www.intoscana.it\/wp-content\/uploads\/Marta-Del-Grandi-2.jpg\",\"contentUrl\":\"https:\/\/www.intoscana.it\/wp-content\/uploads\/Marta-Del-Grandi-2.jpg\",\"width\":1280,\"height\":720},{\"@type\":\"BreadcrumbList\",\"@id\":\"https:\/\/www.intoscana.it\/it\/marta-del-grandi-concerto-firenze\/#breadcrumb\",\"itemListElement\":[{\"@type\":\"ListItem\",\"position\":1,\"name\":\"Home\",\"item\":\"https:\/\/www.intoscana.it\/it\/\"},{\"@type\":\"ListItem\",\"position\":2,\"name\":\"Marta Del Grandi in concerto a Firenze: musica &#8220;fossile&#8221; che attraversa i continenti\"}]},{\"@type\":\"WebSite\",\"@id\":\"https:\/\/www.intoscana.it\/it\/#website\",\"url\":\"https:\/\/www.intoscana.it\/it\/\",\"name\":\"intoscana\",\"description\":\"\",\"potentialAction\":[{\"@type\":\"SearchAction\",\"target\":{\"@type\":\"EntryPoint\",\"urlTemplate\":\"https:\/\/www.intoscana.it\/it\/?s={search_term_string}\"},\"query-input\":{\"@type\":\"PropertyValueSpecification\",\"valueRequired\":true,\"valueName\":\"search_term_string\"}}],\"inLanguage\":\"it-IT\"},{\"@type\":\"Person\",\"@id\":\"https:\/\/www.intoscana.it\/it\/#\/schema\/person\/d469f35f09739bdf00bf5dd3f0647a82\",\"name\":\"Costanza Baldini\",\"url\":\"https:\/\/www.intoscana.it\/it\/author\/costanza-baldini\/\"}]}<\/script>\n<!-- \/ Yoast SEO Premium plugin. -->","yoast_head_json":{"title":"Marta Del Grandi in concerto a Firenze: musica \"fossile\" che attraversa i continenti - intoscana","description":"Venerd\u00ec 25 marzo sul palco della Sala Vanni presenter\u00e0 il suo ultimo album \u201cUntil We Fossilize\u201d: un viaggio dall\u2019Europa fino al Nepal","robots":{"index":"index","follow":"follow","max-snippet":"max-snippet:-1","max-image-preview":"max-image-preview:large","max-video-preview":"max-video-preview:-1"},"canonical":"https:\/\/www.intoscana.it\/it\/marta-del-grandi-concerto-firenze\/","og_locale":"it_IT","og_type":"article","og_title":"Marta Del Grandi in concerto a Firenze: musica \"fossile\" che attraversa i continenti","og_description":"Venerd\u00ec 25 marzo sul palco della Sala Vanni presenter\u00e0 il suo ultimo album \u201cUntil We Fossilize\u201d: un viaggio dall\u2019Europa fino al Nepal","og_url":"https:\/\/www.intoscana.it\/it\/marta-del-grandi-concerto-firenze\/","og_site_name":"intoscana","article_publisher":"https:\/\/www.facebook.com\/intoscana.it","article_published_time":"2022-03-25T08:59:21+00:00","article_modified_time":"2022-03-25T10:19:50+00:00","og_image":[{"width":1280,"height":720,"url":"https:\/\/www.intoscana.it\/wp-content\/uploads\/Marta-Del-Grandi-2.jpg","type":"image\/jpeg"}],"author":"Costanza Baldini","twitter_card":"summary_large_image","twitter_creator":"@intoscana","twitter_site":"@intoscana","twitter_misc":{"Written by":"Costanza Baldini","Est. reading time":"6 minuti"},"schema":{"@context":"https:\/\/schema.org","@graph":[{"@type":"WebPage","@id":"https:\/\/www.intoscana.it\/it\/marta-del-grandi-concerto-firenze\/","url":"https:\/\/www.intoscana.it\/it\/marta-del-grandi-concerto-firenze\/","name":"Marta Del Grandi in concerto a Firenze: musica \"fossile\" che attraversa i continenti - intoscana","isPartOf":{"@id":"https:\/\/www.intoscana.it\/it\/#website"},"primaryImageOfPage":{"@id":"https:\/\/www.intoscana.it\/it\/marta-del-grandi-concerto-firenze\/#primaryimage"},"image":{"@id":"https:\/\/www.intoscana.it\/it\/marta-del-grandi-concerto-firenze\/#primaryimage"},"thumbnailUrl":"https:\/\/www.intoscana.it\/wp-content\/uploads\/Marta-Del-Grandi-2.jpg","datePublished":"2022-03-25T08:59:21+00:00","dateModified":"2022-03-25T10:19:50+00:00","author":{"@id":"https:\/\/www.intoscana.it\/it\/#\/schema\/person\/d469f35f09739bdf00bf5dd3f0647a82"},"description":"Venerd\u00ec 25 marzo sul palco della Sala Vanni presenter\u00e0 il suo ultimo album \u201cUntil We Fossilize\u201d: un viaggio dall\u2019Europa fino al Nepal","breadcrumb":{"@id":"https:\/\/www.intoscana.it\/it\/marta-del-grandi-concerto-firenze\/#breadcrumb"},"inLanguage":"it-IT","potentialAction":[{"@type":"ReadAction","target":["https:\/\/www.intoscana.it\/it\/marta-del-grandi-concerto-firenze\/"]}]},{"@type":"ImageObject","inLanguage":"it-IT","@id":"https:\/\/www.intoscana.it\/it\/marta-del-grandi-concerto-firenze\/#primaryimage","url":"https:\/\/www.intoscana.it\/wp-content\/uploads\/Marta-Del-Grandi-2.jpg","contentUrl":"https:\/\/www.intoscana.it\/wp-content\/uploads\/Marta-Del-Grandi-2.jpg","width":1280,"height":720},{"@type":"BreadcrumbList","@id":"https:\/\/www.intoscana.it\/it\/marta-del-grandi-concerto-firenze\/#breadcrumb","itemListElement":[{"@type":"ListItem","position":1,"name":"Home","item":"https:\/\/www.intoscana.it\/it\/"},{"@type":"ListItem","position":2,"name":"Marta Del Grandi in concerto a Firenze: musica &#8220;fossile&#8221; che attraversa i continenti"}]},{"@type":"WebSite","@id":"https:\/\/www.intoscana.it\/it\/#website","url":"https:\/\/www.intoscana.it\/it\/","name":"intoscana","description":"","potentialAction":[{"@type":"SearchAction","target":{"@type":"EntryPoint","urlTemplate":"https:\/\/www.intoscana.it\/it\/?s={search_term_string}"},"query-input":{"@type":"PropertyValueSpecification","valueRequired":true,"valueName":"search_term_string"}}],"inLanguage":"it-IT"},{"@type":"Person","@id":"https:\/\/www.intoscana.it\/it\/#\/schema\/person\/d469f35f09739bdf00bf5dd3f0647a82","name":"Costanza Baldini","url":"https:\/\/www.intoscana.it\/it\/author\/costanza-baldini\/"}]}},"_links":{"self":[{"href":"https:\/\/www.intoscana.it\/it\/wp-json\/wp\/v2\/posts\/219754","targetHints":{"allow":["GET"]}}],"collection":[{"href":"https:\/\/www.intoscana.it\/it\/wp-json\/wp\/v2\/posts"}],"about":[{"href":"https:\/\/www.intoscana.it\/it\/wp-json\/wp\/v2\/types\/post"}],"author":[{"embeddable":true,"href":"https:\/\/www.intoscana.it\/it\/wp-json\/wp\/v2\/users\/518"}],"replies":[{"embeddable":true,"href":"https:\/\/www.intoscana.it\/it\/wp-json\/wp\/v2\/comments?post=219754"}],"version-history":[{"count":0,"href":"https:\/\/www.intoscana.it\/it\/wp-json\/wp\/v2\/posts\/219754\/revisions"}],"wp:featuredmedia":[{"embeddable":true,"href":"https:\/\/www.intoscana.it\/it\/wp-json\/wp\/v2\/media\/219319"}],"wp:attachment":[{"href":"https:\/\/www.intoscana.it\/it\/wp-json\/wp\/v2\/media?parent=219754"}],"wp:term":[{"taxonomy":"category","embeddable":true,"href":"https:\/\/www.intoscana.it\/it\/wp-json\/wp\/v2\/categories?post=219754"},{"taxonomy":"post_tag","embeddable":true,"href":"https:\/\/www.intoscana.it\/it\/wp-json\/wp\/v2\/tags?post=219754"}],"curies":[{"name":"wp","href":"https:\/\/api.w.org\/{rel}","templated":true}]}}