{"id":219981,"date":"2022-03-25T12:32:33","date_gmt":"2022-03-25T11:32:33","guid":{"rendered":"https:\/\/www.intoscana.it\/it\/?p=219981"},"modified":"2022-03-25T12:32:33","modified_gmt":"2022-03-25T11:32:33","slug":"covid-19-toscana-5-469-nuovi-casi-decessi-17","status":"publish","type":"post","link":"https:\/\/www.intoscana.it\/it\/covid-19-toscana-5-469-nuovi-casi-decessi-17\/","title":{"rendered":"Covid-19: in Toscana 5.469 nuovi casi, et\u00e0 media 43 anni. I decessi sono 17"},"content":{"rendered":"<p>Covid-19: in Toscana sono <strong>956.549 i casi di positivit\u00e0<\/strong> al Coronavirus. Si tratta di <strong>5.469 casi in pi\u00f9<\/strong> rispetto a ieri (1.906 confermati con tampone molecolare e 3.563 da test rapido antigenico). <strong>L&#8217;et\u00e0 media<\/strong> dei nuovi positivi \u00e8 di <strong>43 anni<\/strong>.<\/p>\n<p><strong>I guariti raggiungono quota 898.999<\/strong> (94% dei casi totali). Oggi sono stati eseguiti 8.571 tamponi molecolari e 25.219 tamponi antigenici rapidi, di questi il 16,2% \u00e8 risultato positivo. Sono invece 8.530 i soggetti testati oggi (con tampone antigenico e\/o molecolare, escludendo i tamponi di controllo), di cui il 64,1% \u00e8 risultato positivo.<\/p>\n<p><strong>I positivi sono oggi 48.128<\/strong>, +1,7% rispetto a ieri. <strong>I ricoverati sono 806<\/strong> (1 in meno rispetto a ieri), di cui <strong>30 in terapia intensiva<\/strong> (2 in meno). Oggi si registrano <strong>17 nuovi decessi<\/strong>: 13 uomini e 4 donne con un&#8217;et\u00e0 media di 86,6 anni.<\/p>\n<h3>I casi provincia per provincia<\/h3>\n<p>Sono <strong>271.342 i casi complessivi ad oggi a Firenze<\/strong> (1.286 in pi\u00f9 rispetto a ieri), 68.557 a Prato (242 in pi\u00f9), 77.780 a Pistoia (339 in pi\u00f9), 45.256 a Massa (334 in pi\u00f9), 99.785 a Lucca (676 in pi\u00f9), 108.892 a Pisa (569 in pi\u00f9), 82.577 a Livorno (546 in pi\u00f9), 87.785 ad Arezzo (586 in pi\u00f9), 65.030 a Siena (498 in pi\u00f9), 48.990 a Grosseto (393 in pi\u00f9).<\/p>\n<h3>Sorveglianza attiva e ricoveri<\/h3>\n<p><strong>Sono 5.413<\/strong> (223 in meno rispetto a ieri, meno 4%) le persone, anch&#8217;esse isolate, <strong>in sorveglianza attiva<\/strong> perch\u00e9 hanno avuto contatti con persone contagiate (ASL Centro 786, Nord Ovest 2.272, Sud Est 2.355). <strong>Le persone ricoverate<\/strong> nei posti letto dedicati ai pazienti COVID <strong>sono 806<\/strong> (1 in meno rispetto a ieri, meno 0,1%), <strong>30 in terapia intensiva<\/strong> (2 in meno rispetto a ieri, meno 6,3%).<\/p>\n<h3>Covid-19: i decessi in Toscana<\/h3>\n<p>Oggi si registrano<strong> 17 nuovi decessi<\/strong>: 13 uomini e 4 donne con un&#8217;et\u00e0 media di 86,6 anni. Relativamente alla provincia di residenza, le persone decedute sono: 5 a Firenze, 2 a Prato, 2 a Lucca, 3 a Pisa, 1 a Livorno, 3 a Siena, 1 a Grosseto.<\/p>\n<p>Sono <strong>9.422 i deceduti dall&#8217;inizio dell&#8217;epidemia<\/strong> cosi ripartiti: 2.979 a Firenze, 792 a Prato, 853 a Pistoia, 620 a Massa Carrara, 877 a Lucca, 1.010 a Pisa, 689 a Livorno, 633 ad Arezzo, 492 a Siena, 354 a Grosseto, 123 persone sono decedute sul suolo toscano ma erano residenti fuori regione. Il tasso grezzo di mortalit\u00e0 toscano (numero di deceduti\/popolazione residente) per Covid-19 \u00e8 di 255,1 x100.000 residenti contro il 267,5 x100.000 della media italiana (10\u00b0 regione).<\/p>\n<p>&nbsp;<\/p>\n","protected":false},"excerpt":{"rendered":"<p>I positivi sono 48.128 (+1,7%). I ricoverati 806 (1 in meno), di cui trenta in terapia intensiva (2 in meno)<\/p>\n","protected":false},"author":525,"featured_media":189488,"comment_status":"open","ping_status":"open","sticky":false,"template":"","format":"standard","meta":{"_acf_changed":false,"footnotes":""},"categories":[494],"tags":[4868,418],"class_list":["post-219981","post","type-post","status-publish","format-standard","has-post-thumbnail","hentry","category-attualita","tag-bollettino-covid-toscana","tag-covid-19"],"acf":[],"yoast_head":"<!-- This site is optimized with the Yoast SEO Premium plugin v24.2 (Yoast SEO v25.6) - https:\/\/yoast.com\/wordpress\/plugins\/seo\/ -->\n<title>Covid-19: in Toscana 5.469 nuovi casi. I decessi sono 17<\/title>\n<meta name=\"description\" content=\"I positivi sono 48.128 (+1,7%). I ricoverati 806 (1 in meno), di cui trenta in terapia intensiva (2 in meno)\" \/>\n<meta name=\"robots\" content=\"index, follow, max-snippet:-1, max-image-preview:large, max-video-preview:-1\" \/>\n<link rel=\"canonical\" href=\"https:\/\/www.intoscana.it\/it\/covid-19-toscana-5-469-nuovi-casi-decessi-17\/\" \/>\n<meta property=\"og:locale\" content=\"it_IT\" \/>\n<meta property=\"og:type\" content=\"article\" \/>\n<meta property=\"og:title\" content=\"Covid-19: in Toscana 5.469 nuovi casi, et\u00e0 media 43 anni. I decessi sono 17\" \/>\n<meta property=\"og:description\" content=\"I positivi sono 48.128 (+1,7%). I ricoverati 806 (1 in meno), di cui trenta in terapia intensiva (2 in meno)\" \/>\n<meta property=\"og:url\" content=\"https:\/\/www.intoscana.it\/it\/covid-19-toscana-5-469-nuovi-casi-decessi-17\/\" \/>\n<meta property=\"og:site_name\" content=\"intoscana\" \/>\n<meta property=\"article:publisher\" content=\"https:\/\/www.facebook.com\/intoscana.it\" \/>\n<meta property=\"article:published_time\" content=\"2022-03-25T11:32:33+00:00\" \/>\n<meta property=\"og:image\" content=\"https:\/\/www.intoscana.it\/wp-content\/uploads\/Test-covid-Mufid-Majnun-Unsplash.jpg\" \/>\n\t<meta property=\"og:image:width\" content=\"1920\" \/>\n\t<meta property=\"og:image:height\" content=\"1280\" \/>\n\t<meta property=\"og:image:type\" content=\"image\/jpeg\" \/>\n<meta name=\"author\" content=\"Redazione\" \/>\n<meta name=\"twitter:card\" content=\"summary_large_image\" \/>\n<meta name=\"twitter:creator\" content=\"@intoscana\" \/>\n<meta name=\"twitter:site\" content=\"@intoscana\" \/>\n<meta name=\"twitter:label1\" content=\"Written by\" \/>\n\t<meta name=\"twitter:data1\" content=\"Redazione\" \/>\n\t<meta name=\"twitter:label2\" content=\"Est. reading time\" \/>\n\t<meta name=\"twitter:data2\" content=\"2 minuti\" \/>\n<script type=\"application\/ld+json\" class=\"yoast-schema-graph\">{\"@context\":\"https:\/\/schema.org\",\"@graph\":[{\"@type\":\"WebPage\",\"@id\":\"https:\/\/www.intoscana.it\/it\/covid-19-toscana-5-469-nuovi-casi-decessi-17\/\",\"url\":\"https:\/\/www.intoscana.it\/it\/covid-19-toscana-5-469-nuovi-casi-decessi-17\/\",\"name\":\"Covid-19: in Toscana 5.469 nuovi casi. I decessi sono 17\",\"isPartOf\":{\"@id\":\"https:\/\/www.intoscana.it\/it\/#website\"},\"primaryImageOfPage\":{\"@id\":\"https:\/\/www.intoscana.it\/it\/covid-19-toscana-5-469-nuovi-casi-decessi-17\/#primaryimage\"},\"image\":{\"@id\":\"https:\/\/www.intoscana.it\/it\/covid-19-toscana-5-469-nuovi-casi-decessi-17\/#primaryimage\"},\"thumbnailUrl\":\"https:\/\/www.intoscana.it\/wp-content\/uploads\/Test-covid-Mufid-Majnun-Unsplash.jpg\",\"datePublished\":\"2022-03-25T11:32:33+00:00\",\"author\":{\"@id\":\"https:\/\/www.intoscana.it\/it\/#\/schema\/person\/9223810753230f20bd670fdd322661f8\"},\"description\":\"I positivi sono 48.128 (+1,7%). I ricoverati 806 (1 in meno), di cui trenta in terapia intensiva (2 in meno)\",\"breadcrumb\":{\"@id\":\"https:\/\/www.intoscana.it\/it\/covid-19-toscana-5-469-nuovi-casi-decessi-17\/#breadcrumb\"},\"inLanguage\":\"it-IT\",\"potentialAction\":[{\"@type\":\"ReadAction\",\"target\":[\"https:\/\/www.intoscana.it\/it\/covid-19-toscana-5-469-nuovi-casi-decessi-17\/\"]}]},{\"@type\":\"ImageObject\",\"inLanguage\":\"it-IT\",\"@id\":\"https:\/\/www.intoscana.it\/it\/covid-19-toscana-5-469-nuovi-casi-decessi-17\/#primaryimage\",\"url\":\"https:\/\/www.intoscana.it\/wp-content\/uploads\/Test-covid-Mufid-Majnun-Unsplash.jpg\",\"contentUrl\":\"https:\/\/www.intoscana.it\/wp-content\/uploads\/Test-covid-Mufid-Majnun-Unsplash.jpg\",\"width\":1920,\"height\":1280,\"caption\":\"Un tampone per il Covid-19\"},{\"@type\":\"BreadcrumbList\",\"@id\":\"https:\/\/www.intoscana.it\/it\/covid-19-toscana-5-469-nuovi-casi-decessi-17\/#breadcrumb\",\"itemListElement\":[{\"@type\":\"ListItem\",\"position\":1,\"name\":\"Home\",\"item\":\"https:\/\/www.intoscana.it\/it\/\"},{\"@type\":\"ListItem\",\"position\":2,\"name\":\"Covid-19: in Toscana 5.469 nuovi casi, et\u00e0 media 43 anni. I decessi sono 17\"}]},{\"@type\":\"WebSite\",\"@id\":\"https:\/\/www.intoscana.it\/it\/#website\",\"url\":\"https:\/\/www.intoscana.it\/it\/\",\"name\":\"intoscana\",\"description\":\"\",\"potentialAction\":[{\"@type\":\"SearchAction\",\"target\":{\"@type\":\"EntryPoint\",\"urlTemplate\":\"https:\/\/www.intoscana.it\/it\/?s={search_term_string}\"},\"query-input\":{\"@type\":\"PropertyValueSpecification\",\"valueRequired\":true,\"valueName\":\"search_term_string\"}}],\"inLanguage\":\"it-IT\"},{\"@type\":\"Person\",\"@id\":\"https:\/\/www.intoscana.it\/it\/#\/schema\/person\/9223810753230f20bd670fdd322661f8\",\"name\":\"Redazione\",\"url\":\"https:\/\/www.intoscana.it\/it\/author\/redazione\/\"}]}<\/script>\n<!-- \/ Yoast SEO Premium plugin. -->","yoast_head_json":{"title":"Covid-19: in Toscana 5.469 nuovi casi. I decessi sono 17","description":"I positivi sono 48.128 (+1,7%). I ricoverati 806 (1 in meno), di cui trenta in terapia intensiva (2 in meno)","robots":{"index":"index","follow":"follow","max-snippet":"max-snippet:-1","max-image-preview":"max-image-preview:large","max-video-preview":"max-video-preview:-1"},"canonical":"https:\/\/www.intoscana.it\/it\/covid-19-toscana-5-469-nuovi-casi-decessi-17\/","og_locale":"it_IT","og_type":"article","og_title":"Covid-19: in Toscana 5.469 nuovi casi, et\u00e0 media 43 anni. I decessi sono 17","og_description":"I positivi sono 48.128 (+1,7%). I ricoverati 806 (1 in meno), di cui trenta in terapia intensiva (2 in meno)","og_url":"https:\/\/www.intoscana.it\/it\/covid-19-toscana-5-469-nuovi-casi-decessi-17\/","og_site_name":"intoscana","article_publisher":"https:\/\/www.facebook.com\/intoscana.it","article_published_time":"2022-03-25T11:32:33+00:00","og_image":[{"width":1920,"height":1280,"url":"https:\/\/www.intoscana.it\/wp-content\/uploads\/Test-covid-Mufid-Majnun-Unsplash.jpg","type":"image\/jpeg"}],"author":"Redazione","twitter_card":"summary_large_image","twitter_creator":"@intoscana","twitter_site":"@intoscana","twitter_misc":{"Written by":"Redazione","Est. reading time":"2 minuti"},"schema":{"@context":"https:\/\/schema.org","@graph":[{"@type":"WebPage","@id":"https:\/\/www.intoscana.it\/it\/covid-19-toscana-5-469-nuovi-casi-decessi-17\/","url":"https:\/\/www.intoscana.it\/it\/covid-19-toscana-5-469-nuovi-casi-decessi-17\/","name":"Covid-19: in Toscana 5.469 nuovi casi. I decessi sono 17","isPartOf":{"@id":"https:\/\/www.intoscana.it\/it\/#website"},"primaryImageOfPage":{"@id":"https:\/\/www.intoscana.it\/it\/covid-19-toscana-5-469-nuovi-casi-decessi-17\/#primaryimage"},"image":{"@id":"https:\/\/www.intoscana.it\/it\/covid-19-toscana-5-469-nuovi-casi-decessi-17\/#primaryimage"},"thumbnailUrl":"https:\/\/www.intoscana.it\/wp-content\/uploads\/Test-covid-Mufid-Majnun-Unsplash.jpg","datePublished":"2022-03-25T11:32:33+00:00","author":{"@id":"https:\/\/www.intoscana.it\/it\/#\/schema\/person\/9223810753230f20bd670fdd322661f8"},"description":"I positivi sono 48.128 (+1,7%). I ricoverati 806 (1 in meno), di cui trenta in terapia intensiva (2 in meno)","breadcrumb":{"@id":"https:\/\/www.intoscana.it\/it\/covid-19-toscana-5-469-nuovi-casi-decessi-17\/#breadcrumb"},"inLanguage":"it-IT","potentialAction":[{"@type":"ReadAction","target":["https:\/\/www.intoscana.it\/it\/covid-19-toscana-5-469-nuovi-casi-decessi-17\/"]}]},{"@type":"ImageObject","inLanguage":"it-IT","@id":"https:\/\/www.intoscana.it\/it\/covid-19-toscana-5-469-nuovi-casi-decessi-17\/#primaryimage","url":"https:\/\/www.intoscana.it\/wp-content\/uploads\/Test-covid-Mufid-Majnun-Unsplash.jpg","contentUrl":"https:\/\/www.intoscana.it\/wp-content\/uploads\/Test-covid-Mufid-Majnun-Unsplash.jpg","width":1920,"height":1280,"caption":"Un tampone per il Covid-19"},{"@type":"BreadcrumbList","@id":"https:\/\/www.intoscana.it\/it\/covid-19-toscana-5-469-nuovi-casi-decessi-17\/#breadcrumb","itemListElement":[{"@type":"ListItem","position":1,"name":"Home","item":"https:\/\/www.intoscana.it\/it\/"},{"@type":"ListItem","position":2,"name":"Covid-19: in Toscana 5.469 nuovi casi, et\u00e0 media 43 anni. I decessi sono 17"}]},{"@type":"WebSite","@id":"https:\/\/www.intoscana.it\/it\/#website","url":"https:\/\/www.intoscana.it\/it\/","name":"intoscana","description":"","potentialAction":[{"@type":"SearchAction","target":{"@type":"EntryPoint","urlTemplate":"https:\/\/www.intoscana.it\/it\/?s={search_term_string}"},"query-input":{"@type":"PropertyValueSpecification","valueRequired":true,"valueName":"search_term_string"}}],"inLanguage":"it-IT"},{"@type":"Person","@id":"https:\/\/www.intoscana.it\/it\/#\/schema\/person\/9223810753230f20bd670fdd322661f8","name":"Redazione","url":"https:\/\/www.intoscana.it\/it\/author\/redazione\/"}]}},"_links":{"self":[{"href":"https:\/\/www.intoscana.it\/it\/wp-json\/wp\/v2\/posts\/219981","targetHints":{"allow":["GET"]}}],"collection":[{"href":"https:\/\/www.intoscana.it\/it\/wp-json\/wp\/v2\/posts"}],"about":[{"href":"https:\/\/www.intoscana.it\/it\/wp-json\/wp\/v2\/types\/post"}],"author":[{"embeddable":true,"href":"https:\/\/www.intoscana.it\/it\/wp-json\/wp\/v2\/users\/525"}],"replies":[{"embeddable":true,"href":"https:\/\/www.intoscana.it\/it\/wp-json\/wp\/v2\/comments?post=219981"}],"version-history":[{"count":0,"href":"https:\/\/www.intoscana.it\/it\/wp-json\/wp\/v2\/posts\/219981\/revisions"}],"wp:featuredmedia":[{"embeddable":true,"href":"https:\/\/www.intoscana.it\/it\/wp-json\/wp\/v2\/media\/189488"}],"wp:attachment":[{"href":"https:\/\/www.intoscana.it\/it\/wp-json\/wp\/v2\/media?parent=219981"}],"wp:term":[{"taxonomy":"category","embeddable":true,"href":"https:\/\/www.intoscana.it\/it\/wp-json\/wp\/v2\/categories?post=219981"},{"taxonomy":"post_tag","embeddable":true,"href":"https:\/\/www.intoscana.it\/it\/wp-json\/wp\/v2\/tags?post=219981"}],"curies":[{"name":"wp","href":"https:\/\/api.w.org\/{rel}","templated":true}]}}