{"id":220356,"date":"2022-03-28T13:21:45","date_gmt":"2022-03-28T11:21:45","guid":{"rendered":"https:\/\/www.intoscana.it\/it\/?p=220356"},"modified":"2022-03-29T12:53:05","modified_gmt":"2022-03-29T10:53:05","slug":"covid-19-sono-1-178-i-nuovi-casi-tredici-i-decessi","status":"publish","type":"post","link":"https:\/\/www.intoscana.it\/it\/covid-19-sono-1-178-i-nuovi-casi-tredici-i-decessi\/","title":{"rendered":"Covid-19, sono 1.178 i nuovi casi. Risalgono i ricoveri, 13 i decessi"},"content":{"rendered":"<p>Covid-19, in Toscana sono <strong>967.286 i casi di positivit\u00e0<\/strong>. Si tratta di <strong>1.778 in pi\u00f9 rispetto a ieri<\/strong> (681 confermati con tampone molecolare e 1.097 da test rapido antigenico), <strong>l&#8217;et\u00e0 media 39 anni<\/strong>.<\/p>\n<p><strong>I guariti raggiungono quota 910.918<\/strong> (94,2% dei casi totali). Oggi sono stati eseguiti 4.523 tamponi molecolari e 7.040 tamponi antigenici rapidi, di questi il 15,4% \u00e8 risultato positivo. Sono invece 3.651 i soggetti testati oggi (con tampone antigenico e\/o molecolare), di cui il 48,7% \u00e8 risultato positivo.<\/p>\n<p><strong>I positivi sono oggi 46.914<\/strong>, -2,1% rispetto a ieri.<\/p>\n<p>Sono <strong>273.709 i casi complessivi ad oggi a Firenze<\/strong> (356 in pi\u00f9 rispetto a ieri), 69.046 a Prato (74 in pi\u00f9), 78.483 a Pistoia (138 in pi\u00f9), 45.912 a Massa (97 in pi\u00f9), 101.277 a Lucca (241 in pi\u00f9), 110.104 a Pisa (158 in pi\u00f9), 83.705 a Livorno (223 in pi\u00f9), 88.805 ad Arezzo (155 in pi\u00f9), 65.914 a Siena (183 in pi\u00f9), 49.776 a Grosseto (153 in pi\u00f9). Sono 555 i casi positivi notificati in Toscana, ma residenti in altre regioni.<\/p>\n<p>Sono <strong>46.051 persone sono in isolamento a casa<\/strong>, poich\u00e9 presentano sintomi lievi che non richiedono cure ospedaliere, o risultano prive di sintomi (1.039 in meno rispetto a ieri, meno 2,2%).<\/p>\n<p><strong>Sono 4.739<\/strong> (298 in meno rispetto a ieri, meno 5,9%) le persone, anch&#8217;esse isolate, <strong>in sorveglianza attiva<\/strong> perch\u00e9 hanno avuto contatti con persone contagiate (ASL Centro 690, Nord Ovest 1.855, Sud Est 2.194).<\/p>\n<p><strong>Le persone ricoverate<\/strong> nei posti letto dedicati ai pazienti COVID <strong>oggi sono 863<\/strong> (40 in pi\u00f9 rispetto a ieri, pi\u00f9 4,9%), <strong>39 in terapia intensiva<\/strong> (5 in pi\u00f9 rispetto a ieri, pi\u00f9 14,7%).<\/p>\n<p>Le persone guarite sono 910.918 (2.764 in pi\u00f9 rispetto a ieri, pi\u00f9 0,3%).<\/p>\n<p>Oggi si registrano <strong>13 nuovi decessi<\/strong>: 6 uomini e 7 donne con un&#8217;<strong>et\u00e0 media di 85,5 anni<\/strong>. Relativamente alla provincia di residenza, le persone decedute sono: 1 a Firenze, 2 a Prato, 3 a Pisa, 7 a Siena.<\/p>\n<p>Sono <strong>9.454 i deceduti dall&#8217;inizio dell&#8217;epidemia<\/strong> cosi ripartiti: 2.984 a Firenze, 795 a Prato, 856 a Pistoia, 620 a Massa Carrara, 882 a Lucca, 1.015 a Pisa, 691 a Livorno, 633 ad Arezzo, 500 a Siena, 355 a Grosseto, 123 persone sono decedute sul suolo toscano ma erano residenti fuori regione.<\/p>\n","protected":false},"excerpt":{"rendered":"<p>Le persone in ospedale sono 863 (40 in pi\u00f9 rispetto a ieri, pi\u00f9 4,9%), 39 in terapia intensiva (5 in pi\u00f9 rispetto a ieri, pi\u00f9 14,7%)<\/p>\n","protected":false},"author":525,"featured_media":194292,"comment_status":"open","ping_status":"open","sticky":false,"template":"","format":"standard","meta":{"_acf_changed":false,"footnotes":""},"categories":[494],"tags":[4868,418],"class_list":["post-220356","post","type-post","status-publish","format-standard","has-post-thumbnail","hentry","category-attualita","tag-bollettino-covid-toscana","tag-covid-19"],"acf":[],"yoast_head":"<!-- This site is optimized with the Yoast SEO Premium plugin v24.2 (Yoast SEO v25.6) - https:\/\/yoast.com\/wordpress\/plugins\/seo\/ -->\n<title>Covid-19, sono 1.178 i nuovi casi. Tredici i decessi - intoscana<\/title>\n<meta name=\"description\" content=\"Le persone in ospedale sono 863 (40 in pi\u00f9 rispetto a ieri, pi\u00f9 4,9%), 39 in terapia intensiva (5 in pi\u00f9 rispetto a ieri, pi\u00f9 14,7%)\" \/>\n<meta name=\"robots\" content=\"index, follow, max-snippet:-1, max-image-preview:large, max-video-preview:-1\" \/>\n<link rel=\"canonical\" href=\"https:\/\/www.intoscana.it\/it\/covid-19-sono-1-178-i-nuovi-casi-tredici-i-decessi\/\" \/>\n<meta property=\"og:locale\" content=\"it_IT\" \/>\n<meta property=\"og:type\" content=\"article\" \/>\n<meta property=\"og:title\" content=\"Covid-19, sono 1.178 i nuovi casi. Risalgono i ricoveri, 13 i decessi\" \/>\n<meta property=\"og:description\" content=\"Le persone in ospedale sono 863 (40 in pi\u00f9 rispetto a ieri, pi\u00f9 4,9%), 39 in terapia intensiva (5 in pi\u00f9 rispetto a ieri, pi\u00f9 14,7%)\" \/>\n<meta property=\"og:url\" content=\"https:\/\/www.intoscana.it\/it\/covid-19-sono-1-178-i-nuovi-casi-tredici-i-decessi\/\" \/>\n<meta property=\"og:site_name\" content=\"intoscana\" \/>\n<meta property=\"article:publisher\" content=\"https:\/\/www.facebook.com\/intoscana.it\" \/>\n<meta property=\"article:published_time\" content=\"2022-03-28T11:21:45+00:00\" \/>\n<meta property=\"article:modified_time\" content=\"2022-03-29T10:53:05+00:00\" \/>\n<meta property=\"og:image\" content=\"https:\/\/www.intoscana.it\/wp-content\/uploads\/creaf_prato_vaccini_4-scaled.jpg\" \/>\n\t<meta property=\"og:image:width\" content=\"2048\" \/>\n\t<meta property=\"og:image:height\" content=\"1363\" \/>\n\t<meta property=\"og:image:type\" content=\"image\/jpeg\" \/>\n<meta name=\"author\" content=\"Redazione\" \/>\n<meta name=\"twitter:card\" content=\"summary_large_image\" \/>\n<meta name=\"twitter:creator\" content=\"@intoscana\" \/>\n<meta name=\"twitter:site\" content=\"@intoscana\" \/>\n<meta name=\"twitter:label1\" content=\"Written by\" \/>\n\t<meta name=\"twitter:data1\" content=\"Redazione\" \/>\n\t<meta name=\"twitter:label2\" content=\"Est. reading time\" \/>\n\t<meta name=\"twitter:data2\" content=\"1 minuto\" \/>\n<script type=\"application\/ld+json\" class=\"yoast-schema-graph\">{\"@context\":\"https:\/\/schema.org\",\"@graph\":[{\"@type\":\"WebPage\",\"@id\":\"https:\/\/www.intoscana.it\/it\/covid-19-sono-1-178-i-nuovi-casi-tredici-i-decessi\/\",\"url\":\"https:\/\/www.intoscana.it\/it\/covid-19-sono-1-178-i-nuovi-casi-tredici-i-decessi\/\",\"name\":\"Covid-19, sono 1.178 i nuovi casi. Tredici i decessi - intoscana\",\"isPartOf\":{\"@id\":\"https:\/\/www.intoscana.it\/it\/#website\"},\"primaryImageOfPage\":{\"@id\":\"https:\/\/www.intoscana.it\/it\/covid-19-sono-1-178-i-nuovi-casi-tredici-i-decessi\/#primaryimage\"},\"image\":{\"@id\":\"https:\/\/www.intoscana.it\/it\/covid-19-sono-1-178-i-nuovi-casi-tredici-i-decessi\/#primaryimage\"},\"thumbnailUrl\":\"https:\/\/www.intoscana.it\/wp-content\/uploads\/creaf_prato_vaccini_4-scaled.jpg\",\"datePublished\":\"2022-03-28T11:21:45+00:00\",\"dateModified\":\"2022-03-29T10:53:05+00:00\",\"author\":{\"@id\":\"https:\/\/www.intoscana.it\/it\/#\/schema\/person\/9223810753230f20bd670fdd322661f8\"},\"description\":\"Le persone in ospedale sono 863 (40 in pi\u00f9 rispetto a ieri, pi\u00f9 4,9%), 39 in terapia intensiva (5 in pi\u00f9 rispetto a ieri, pi\u00f9 14,7%)\",\"breadcrumb\":{\"@id\":\"https:\/\/www.intoscana.it\/it\/covid-19-sono-1-178-i-nuovi-casi-tredici-i-decessi\/#breadcrumb\"},\"inLanguage\":\"it-IT\",\"potentialAction\":[{\"@type\":\"ReadAction\",\"target\":[\"https:\/\/www.intoscana.it\/it\/covid-19-sono-1-178-i-nuovi-casi-tredici-i-decessi\/\"]}]},{\"@type\":\"ImageObject\",\"inLanguage\":\"it-IT\",\"@id\":\"https:\/\/www.intoscana.it\/it\/covid-19-sono-1-178-i-nuovi-casi-tredici-i-decessi\/#primaryimage\",\"url\":\"https:\/\/www.intoscana.it\/wp-content\/uploads\/creaf_prato_vaccini_4-scaled.jpg\",\"contentUrl\":\"https:\/\/www.intoscana.it\/wp-content\/uploads\/creaf_prato_vaccini_4-scaled.jpg\",\"width\":2048,\"height\":1363,\"caption\":\"covid-19\"},{\"@type\":\"BreadcrumbList\",\"@id\":\"https:\/\/www.intoscana.it\/it\/covid-19-sono-1-178-i-nuovi-casi-tredici-i-decessi\/#breadcrumb\",\"itemListElement\":[{\"@type\":\"ListItem\",\"position\":1,\"name\":\"Home\",\"item\":\"https:\/\/www.intoscana.it\/it\/\"},{\"@type\":\"ListItem\",\"position\":2,\"name\":\"Covid-19, sono 1.178 i nuovi casi. Risalgono i ricoveri, 13 i decessi\"}]},{\"@type\":\"WebSite\",\"@id\":\"https:\/\/www.intoscana.it\/it\/#website\",\"url\":\"https:\/\/www.intoscana.it\/it\/\",\"name\":\"intoscana\",\"description\":\"\",\"potentialAction\":[{\"@type\":\"SearchAction\",\"target\":{\"@type\":\"EntryPoint\",\"urlTemplate\":\"https:\/\/www.intoscana.it\/it\/?s={search_term_string}\"},\"query-input\":{\"@type\":\"PropertyValueSpecification\",\"valueRequired\":true,\"valueName\":\"search_term_string\"}}],\"inLanguage\":\"it-IT\"},{\"@type\":\"Person\",\"@id\":\"https:\/\/www.intoscana.it\/it\/#\/schema\/person\/9223810753230f20bd670fdd322661f8\",\"name\":\"Redazione\",\"url\":\"https:\/\/www.intoscana.it\/it\/author\/redazione\/\"}]}<\/script>\n<!-- \/ Yoast SEO Premium plugin. -->","yoast_head_json":{"title":"Covid-19, sono 1.178 i nuovi casi. Tredici i decessi - intoscana","description":"Le persone in ospedale sono 863 (40 in pi\u00f9 rispetto a ieri, pi\u00f9 4,9%), 39 in terapia intensiva (5 in pi\u00f9 rispetto a ieri, pi\u00f9 14,7%)","robots":{"index":"index","follow":"follow","max-snippet":"max-snippet:-1","max-image-preview":"max-image-preview:large","max-video-preview":"max-video-preview:-1"},"canonical":"https:\/\/www.intoscana.it\/it\/covid-19-sono-1-178-i-nuovi-casi-tredici-i-decessi\/","og_locale":"it_IT","og_type":"article","og_title":"Covid-19, sono 1.178 i nuovi casi. Risalgono i ricoveri, 13 i decessi","og_description":"Le persone in ospedale sono 863 (40 in pi\u00f9 rispetto a ieri, pi\u00f9 4,9%), 39 in terapia intensiva (5 in pi\u00f9 rispetto a ieri, pi\u00f9 14,7%)","og_url":"https:\/\/www.intoscana.it\/it\/covid-19-sono-1-178-i-nuovi-casi-tredici-i-decessi\/","og_site_name":"intoscana","article_publisher":"https:\/\/www.facebook.com\/intoscana.it","article_published_time":"2022-03-28T11:21:45+00:00","article_modified_time":"2022-03-29T10:53:05+00:00","og_image":[{"width":2048,"height":1363,"url":"https:\/\/www.intoscana.it\/wp-content\/uploads\/creaf_prato_vaccini_4-scaled.jpg","type":"image\/jpeg"}],"author":"Redazione","twitter_card":"summary_large_image","twitter_creator":"@intoscana","twitter_site":"@intoscana","twitter_misc":{"Written by":"Redazione","Est. reading time":"1 minuto"},"schema":{"@context":"https:\/\/schema.org","@graph":[{"@type":"WebPage","@id":"https:\/\/www.intoscana.it\/it\/covid-19-sono-1-178-i-nuovi-casi-tredici-i-decessi\/","url":"https:\/\/www.intoscana.it\/it\/covid-19-sono-1-178-i-nuovi-casi-tredici-i-decessi\/","name":"Covid-19, sono 1.178 i nuovi casi. Tredici i decessi - intoscana","isPartOf":{"@id":"https:\/\/www.intoscana.it\/it\/#website"},"primaryImageOfPage":{"@id":"https:\/\/www.intoscana.it\/it\/covid-19-sono-1-178-i-nuovi-casi-tredici-i-decessi\/#primaryimage"},"image":{"@id":"https:\/\/www.intoscana.it\/it\/covid-19-sono-1-178-i-nuovi-casi-tredici-i-decessi\/#primaryimage"},"thumbnailUrl":"https:\/\/www.intoscana.it\/wp-content\/uploads\/creaf_prato_vaccini_4-scaled.jpg","datePublished":"2022-03-28T11:21:45+00:00","dateModified":"2022-03-29T10:53:05+00:00","author":{"@id":"https:\/\/www.intoscana.it\/it\/#\/schema\/person\/9223810753230f20bd670fdd322661f8"},"description":"Le persone in ospedale sono 863 (40 in pi\u00f9 rispetto a ieri, pi\u00f9 4,9%), 39 in terapia intensiva (5 in pi\u00f9 rispetto a ieri, pi\u00f9 14,7%)","breadcrumb":{"@id":"https:\/\/www.intoscana.it\/it\/covid-19-sono-1-178-i-nuovi-casi-tredici-i-decessi\/#breadcrumb"},"inLanguage":"it-IT","potentialAction":[{"@type":"ReadAction","target":["https:\/\/www.intoscana.it\/it\/covid-19-sono-1-178-i-nuovi-casi-tredici-i-decessi\/"]}]},{"@type":"ImageObject","inLanguage":"it-IT","@id":"https:\/\/www.intoscana.it\/it\/covid-19-sono-1-178-i-nuovi-casi-tredici-i-decessi\/#primaryimage","url":"https:\/\/www.intoscana.it\/wp-content\/uploads\/creaf_prato_vaccini_4-scaled.jpg","contentUrl":"https:\/\/www.intoscana.it\/wp-content\/uploads\/creaf_prato_vaccini_4-scaled.jpg","width":2048,"height":1363,"caption":"covid-19"},{"@type":"BreadcrumbList","@id":"https:\/\/www.intoscana.it\/it\/covid-19-sono-1-178-i-nuovi-casi-tredici-i-decessi\/#breadcrumb","itemListElement":[{"@type":"ListItem","position":1,"name":"Home","item":"https:\/\/www.intoscana.it\/it\/"},{"@type":"ListItem","position":2,"name":"Covid-19, sono 1.178 i nuovi casi. Risalgono i ricoveri, 13 i decessi"}]},{"@type":"WebSite","@id":"https:\/\/www.intoscana.it\/it\/#website","url":"https:\/\/www.intoscana.it\/it\/","name":"intoscana","description":"","potentialAction":[{"@type":"SearchAction","target":{"@type":"EntryPoint","urlTemplate":"https:\/\/www.intoscana.it\/it\/?s={search_term_string}"},"query-input":{"@type":"PropertyValueSpecification","valueRequired":true,"valueName":"search_term_string"}}],"inLanguage":"it-IT"},{"@type":"Person","@id":"https:\/\/www.intoscana.it\/it\/#\/schema\/person\/9223810753230f20bd670fdd322661f8","name":"Redazione","url":"https:\/\/www.intoscana.it\/it\/author\/redazione\/"}]}},"_links":{"self":[{"href":"https:\/\/www.intoscana.it\/it\/wp-json\/wp\/v2\/posts\/220356","targetHints":{"allow":["GET"]}}],"collection":[{"href":"https:\/\/www.intoscana.it\/it\/wp-json\/wp\/v2\/posts"}],"about":[{"href":"https:\/\/www.intoscana.it\/it\/wp-json\/wp\/v2\/types\/post"}],"author":[{"embeddable":true,"href":"https:\/\/www.intoscana.it\/it\/wp-json\/wp\/v2\/users\/525"}],"replies":[{"embeddable":true,"href":"https:\/\/www.intoscana.it\/it\/wp-json\/wp\/v2\/comments?post=220356"}],"version-history":[{"count":0,"href":"https:\/\/www.intoscana.it\/it\/wp-json\/wp\/v2\/posts\/220356\/revisions"}],"wp:featuredmedia":[{"embeddable":true,"href":"https:\/\/www.intoscana.it\/it\/wp-json\/wp\/v2\/media\/194292"}],"wp:attachment":[{"href":"https:\/\/www.intoscana.it\/it\/wp-json\/wp\/v2\/media?parent=220356"}],"wp:term":[{"taxonomy":"category","embeddable":true,"href":"https:\/\/www.intoscana.it\/it\/wp-json\/wp\/v2\/categories?post=220356"},{"taxonomy":"post_tag","embeddable":true,"href":"https:\/\/www.intoscana.it\/it\/wp-json\/wp\/v2\/tags?post=220356"}],"curies":[{"name":"wp","href":"https:\/\/api.w.org\/{rel}","templated":true}]}}