{"id":220404,"date":"2022-03-28T17:32:11","date_gmt":"2022-03-28T15:32:11","guid":{"rendered":"https:\/\/www.intoscana.it\/it\/?p=220404"},"modified":"2022-03-29T16:09:23","modified_gmt":"2022-03-29T14:09:23","slug":"siete-presente-edilizia-e-trasporti-le-priorita-in-agenda-a-firenze","status":"publish","type":"post","link":"https:\/\/www.intoscana.it\/it\/siete-presente-edilizia-e-trasporti-le-priorita-in-agenda-a-firenze\/","title":{"rendered":"Siete presente, edilizia e trasporti le priorit\u00e0 in agenda a Firenze"},"content":{"rendered":"<p><strong>Edilizia e trasporti<\/strong> al centro della sesta tappa del <a href=\"http:\/\/giovanisi.it\/sietepresente\" target=\"_blank\" rel=\"noopener\">tour di Siete Presente<\/a>. Il <strong>progetto di Giovanis\u00ec<\/strong> ha affrontato <strong>emergenze, sogni e necessit\u00e0<\/strong> durante l&#8217;incontro nella Sala Pegaso di <strong>Palazzo Strozzi Sacrati<\/strong> a Firenze. Problemi da contestualizzare in un mondo scolastico di dimensione metropolitana. Elena del Checchi di Fucecchio ha confessato a tutti i presenti in sala con stupore: \u201c<em>Non viviamo i problemi che conoscono le altre realt\u00e0<\/em>\u201d.<\/p>\n<h3>I numeri della realt\u00e0 fiorentina<\/h3>\n<p>I numeri danno subito l&#8217;idea della complessit\u00e0 degli interventi scolastici a Firenze. &#8220;<em>Quaranta scuole superiori e 60 plessi, 12milioni di euro per la manutenzione straordinaria, 14.5 per l\u2019adeguamento alla normativa antincendio, 17 per l\u2019antisismica<\/em>\u201d, ha ricordato in apertura dei lavori il capo di Gabinetto della citt\u00e0 Metropolitana di Firenze <strong>Giovanni Bettarini<\/strong>.<\/p>\n<p><strong>Una settantina le ragazze e i ragazzi<\/strong> che hanno partecipato all&#8217;incontro, arrivati da <strong>una trentina di scuole<\/strong> di tutto il territorio e impegnati nei consigli di Istituto, nella consulta provinciale o nel Parlamento regionale degli studenti. A portare i saluti istituzionali del presidente della Regione Giani <strong>la portavoce Cristina Manetti<\/strong>.<\/p>\n<figure id=\"post-220375 media-220375\" class=\"align-none\"><img decoding=\"async\" src=\"https:\/\/www.intoscana.it\/wp-content\/uploads\/IMG_1626-3.jpg\" alt=\"\" \/><\/figure>\n<div class=\"titleimg\">Siete Presente Firenze<\/div>\n<h3>Il format di Siete presente<\/h3>\n<p>Come prevede il format in ogni tappa, prima <mark>i video di presentazione delle opportunit\u00e0 di Giovanis\u00ec<\/mark> e dell\u2019appuntamento dell\u2019ottobre scorso al Gombo di San Rossore con <strong>il Presidente della Repubblica Mattarella<\/strong> che diede il via all\u2019esperienza di \u201c<em>Siete Presente<\/em>\u201d. Poi <strong>gli interventi di dirigenti e tecnici<\/strong> della Regione e della Citt\u00e0 Metropolitana sul lavoro fatto dalle amministrazioni sul fronte dell\u2019edilizia scolastica e dei trasporti. Fino ad arrivare alla sessione centrale: <strong>l\u2019ascolto dei ragazzi<\/strong>.<\/p>\n<p>Il ritmo \u00e8 stato serrato. Molto pi\u00f9 serrato rispetto al <strong>primo confronto<\/strong> che esattamente un mese fa si svolse a Firenze in occasione della <strong>presentazione del tour<\/strong>. Gli interventi sono una trentina e alternano <strong>l\u2019insofferenza verso problemi<\/strong> che tardano a essere risolti alla gratitudine per la <strong>disponibilit\u00e0 delle istituzioni<\/strong> a coinvolgere gli studenti.<\/p>\n<h3>Siete presente al giro di boa<\/h3>\n<p>Per <strong>Bernard Dika<\/strong>, consigliere per le politiche giovanili del presidente Giani nonch\u00e9 conduttore e animatore di \u201c<em>Siete Presente<\/em>\u201d, la tappa fiorentina \u00e8 anche l\u2019occasione per fare <strong>un primo bilancio del tour<\/strong>. \u201c<em>Devo dire che ogni volta ragazze e ragazzi<\/em> \u2013 ha affermato Dika &#8211; <em>sono inizialmente ingessati, convinti che nulla possa cambiare, anche perch\u00e9 spesso i problemi che vivono sono identici a quelli vissuti dai loro genitori. Poi per\u00f2 incontrandoli riscontro pi\u00f9 fiducia e speranza. Questo tour serve a ridurre la distanza tra giovani e politica e noi vogliamo dare l\u2019idea di una Regione Toscana amica che sta al loro fianco<\/em>\u201d.<\/p>\n<p><mark>Venerd\u00ec prossimo, settimana tappa. Sar\u00e0 la volta di Siena<\/mark>.<\/p>\n<h3><em>La parola agli studenti<\/em><\/h3>\n<p><iframe loading=\"lazy\" title=\"YouTube video player\" src=\"https:\/\/www.youtube.com\/embed\/ZZBIPgNQe98?list=PLiATMM87l_rEyE0PyjBdJr8fo8TXWosW3\" width=\"800\" height=\"400\" frameborder=\"0\" allowfullscreen=\"allowfullscreen\"><\/iframe><\/p>\n<p><iframe loading=\"lazy\" title=\"YouTube video player\" src=\"https:\/\/www.youtube.com\/embed\/5JuzD5eNZoE?list=PLiATMM87l_rEyE0PyjBdJr8fo8TXWosW3\" width=\"800\" height=\"400\" frameborder=\"0\" allowfullscreen=\"allowfullscreen\"><\/iframe><\/p>\n<p><iframe loading=\"lazy\" title=\"YouTube video player\" src=\"https:\/\/www.youtube.com\/embed\/cZvmfT0y1z4?list=PLiATMM87l_rEyE0PyjBdJr8fo8TXWosW3\" width=\"800\" height=\"400\" frameborder=\"0\" allowfullscreen=\"allowfullscreen\"><\/iframe><\/p>\n<p><iframe loading=\"lazy\" title=\"YouTube video player\" src=\"https:\/\/www.youtube.com\/embed\/JiV67kav2kA?list=PLiATMM87l_rEyE0PyjBdJr8fo8TXWosW3\" width=\"800\" height=\"400\" frameborder=\"0\" allowfullscreen=\"allowfullscreen\"><\/iframe><\/p>\n","protected":false},"excerpt":{"rendered":"<p>La sesta tappa del progetto di Giovanis\u00ec mette in luce sogni, necessit\u00e0 e progetti per gli istituti e gli studenti dell&#8217;area metropolitana<\/p>\n","protected":false},"author":525,"featured_media":220384,"comment_status":"open","ping_status":"open","sticky":false,"template":"","format":"standard","meta":{"_acf_changed":false,"footnotes":""},"categories":[494],"tags":[202,244,6271],"class_list":["post-220404","post","type-post","status-publish","format-standard","has-post-thumbnail","hentry","category-attualita","tag-firenze","tag-giovanisi","tag-siete-presente"],"acf":[],"yoast_head":"<!-- This site is optimized with the Yoast SEO Premium plugin v24.2 (Yoast SEO v25.6) - https:\/\/yoast.com\/wordpress\/plugins\/seo\/ -->\n<title>Siete presente, edilizia e trasporti priorit\u00e0 in agenda a Firenze - intoscana<\/title>\n<meta name=\"description\" content=\"La sesta tappa del progetto di Giovanis\u00ec mette in luce sogni, necessit\u00e0 e progetti per gli istituti e gli studenti dell&#039;area metropolitana\" \/>\n<meta name=\"robots\" content=\"index, follow, max-snippet:-1, max-image-preview:large, max-video-preview:-1\" \/>\n<link rel=\"canonical\" href=\"https:\/\/www.intoscana.it\/it\/siete-presente-edilizia-e-trasporti-le-priorita-in-agenda-a-firenze\/\" \/>\n<meta property=\"og:locale\" content=\"it_IT\" \/>\n<meta property=\"og:type\" content=\"article\" \/>\n<meta property=\"og:title\" content=\"Siete presente, edilizia e trasporti le priorit\u00e0 in agenda a Firenze\" \/>\n<meta property=\"og:description\" content=\"La sesta tappa del progetto di Giovanis\u00ec mette in luce sogni, necessit\u00e0 e progetti per gli istituti e gli studenti dell&#039;area metropolitana\" \/>\n<meta property=\"og:url\" content=\"https:\/\/www.intoscana.it\/it\/siete-presente-edilizia-e-trasporti-le-priorita-in-agenda-a-firenze\/\" \/>\n<meta property=\"og:site_name\" content=\"intoscana\" \/>\n<meta property=\"article:publisher\" content=\"https:\/\/www.facebook.com\/intoscana.it\" \/>\n<meta property=\"article:published_time\" content=\"2022-03-28T15:32:11+00:00\" \/>\n<meta property=\"article:modified_time\" content=\"2022-03-29T14:09:23+00:00\" \/>\n<meta property=\"og:image\" content=\"https:\/\/www.intoscana.it\/wp-content\/uploads\/PRT_2527.jpg\" \/>\n\t<meta property=\"og:image:width\" content=\"1200\" \/>\n\t<meta property=\"og:image:height\" content=\"800\" \/>\n\t<meta property=\"og:image:type\" content=\"image\/jpeg\" \/>\n<meta name=\"author\" content=\"Redazione\" \/>\n<meta name=\"twitter:card\" content=\"summary_large_image\" \/>\n<meta name=\"twitter:creator\" content=\"@intoscana\" \/>\n<meta name=\"twitter:site\" content=\"@intoscana\" \/>\n<meta name=\"twitter:label1\" content=\"Written by\" \/>\n\t<meta name=\"twitter:data1\" content=\"Redazione\" \/>\n\t<meta name=\"twitter:label2\" content=\"Est. reading time\" \/>\n\t<meta name=\"twitter:data2\" content=\"2 minuti\" \/>\n<script type=\"application\/ld+json\" class=\"yoast-schema-graph\">{\"@context\":\"https:\/\/schema.org\",\"@graph\":[{\"@type\":\"WebPage\",\"@id\":\"https:\/\/www.intoscana.it\/it\/siete-presente-edilizia-e-trasporti-le-priorita-in-agenda-a-firenze\/\",\"url\":\"https:\/\/www.intoscana.it\/it\/siete-presente-edilizia-e-trasporti-le-priorita-in-agenda-a-firenze\/\",\"name\":\"Siete presente, edilizia e trasporti priorit\u00e0 in agenda a Firenze - intoscana\",\"isPartOf\":{\"@id\":\"https:\/\/www.intoscana.it\/it\/#website\"},\"primaryImageOfPage\":{\"@id\":\"https:\/\/www.intoscana.it\/it\/siete-presente-edilizia-e-trasporti-le-priorita-in-agenda-a-firenze\/#primaryimage\"},\"image\":{\"@id\":\"https:\/\/www.intoscana.it\/it\/siete-presente-edilizia-e-trasporti-le-priorita-in-agenda-a-firenze\/#primaryimage\"},\"thumbnailUrl\":\"https:\/\/www.intoscana.it\/wp-content\/uploads\/PRT_2527.jpg\",\"datePublished\":\"2022-03-28T15:32:11+00:00\",\"dateModified\":\"2022-03-29T14:09:23+00:00\",\"author\":{\"@id\":\"https:\/\/www.intoscana.it\/it\/#\/schema\/person\/9223810753230f20bd670fdd322661f8\"},\"description\":\"La sesta tappa del progetto di Giovanis\u00ec mette in luce sogni, necessit\u00e0 e progetti per gli istituti e gli studenti dell'area metropolitana\",\"breadcrumb\":{\"@id\":\"https:\/\/www.intoscana.it\/it\/siete-presente-edilizia-e-trasporti-le-priorita-in-agenda-a-firenze\/#breadcrumb\"},\"inLanguage\":\"it-IT\",\"potentialAction\":[{\"@type\":\"ReadAction\",\"target\":[\"https:\/\/www.intoscana.it\/it\/siete-presente-edilizia-e-trasporti-le-priorita-in-agenda-a-firenze\/\"]}]},{\"@type\":\"ImageObject\",\"inLanguage\":\"it-IT\",\"@id\":\"https:\/\/www.intoscana.it\/it\/siete-presente-edilizia-e-trasporti-le-priorita-in-agenda-a-firenze\/#primaryimage\",\"url\":\"https:\/\/www.intoscana.it\/wp-content\/uploads\/PRT_2527.jpg\",\"contentUrl\":\"https:\/\/www.intoscana.it\/wp-content\/uploads\/PRT_2527.jpg\",\"width\":1200,\"height\":800},{\"@type\":\"BreadcrumbList\",\"@id\":\"https:\/\/www.intoscana.it\/it\/siete-presente-edilizia-e-trasporti-le-priorita-in-agenda-a-firenze\/#breadcrumb\",\"itemListElement\":[{\"@type\":\"ListItem\",\"position\":1,\"name\":\"Home\",\"item\":\"https:\/\/www.intoscana.it\/it\/\"},{\"@type\":\"ListItem\",\"position\":2,\"name\":\"Siete presente, edilizia e trasporti le priorit\u00e0 in agenda a Firenze\"}]},{\"@type\":\"WebSite\",\"@id\":\"https:\/\/www.intoscana.it\/it\/#website\",\"url\":\"https:\/\/www.intoscana.it\/it\/\",\"name\":\"intoscana\",\"description\":\"\",\"potentialAction\":[{\"@type\":\"SearchAction\",\"target\":{\"@type\":\"EntryPoint\",\"urlTemplate\":\"https:\/\/www.intoscana.it\/it\/?s={search_term_string}\"},\"query-input\":{\"@type\":\"PropertyValueSpecification\",\"valueRequired\":true,\"valueName\":\"search_term_string\"}}],\"inLanguage\":\"it-IT\"},{\"@type\":\"Person\",\"@id\":\"https:\/\/www.intoscana.it\/it\/#\/schema\/person\/9223810753230f20bd670fdd322661f8\",\"name\":\"Redazione\",\"url\":\"https:\/\/www.intoscana.it\/it\/author\/redazione\/\"}]}<\/script>\n<!-- \/ Yoast SEO Premium plugin. -->","yoast_head_json":{"title":"Siete presente, edilizia e trasporti priorit\u00e0 in agenda a Firenze - intoscana","description":"La sesta tappa del progetto di Giovanis\u00ec mette in luce sogni, necessit\u00e0 e progetti per gli istituti e gli studenti dell'area metropolitana","robots":{"index":"index","follow":"follow","max-snippet":"max-snippet:-1","max-image-preview":"max-image-preview:large","max-video-preview":"max-video-preview:-1"},"canonical":"https:\/\/www.intoscana.it\/it\/siete-presente-edilizia-e-trasporti-le-priorita-in-agenda-a-firenze\/","og_locale":"it_IT","og_type":"article","og_title":"Siete presente, edilizia e trasporti le priorit\u00e0 in agenda a Firenze","og_description":"La sesta tappa del progetto di Giovanis\u00ec mette in luce sogni, necessit\u00e0 e progetti per gli istituti e gli studenti dell'area metropolitana","og_url":"https:\/\/www.intoscana.it\/it\/siete-presente-edilizia-e-trasporti-le-priorita-in-agenda-a-firenze\/","og_site_name":"intoscana","article_publisher":"https:\/\/www.facebook.com\/intoscana.it","article_published_time":"2022-03-28T15:32:11+00:00","article_modified_time":"2022-03-29T14:09:23+00:00","og_image":[{"width":1200,"height":800,"url":"https:\/\/www.intoscana.it\/wp-content\/uploads\/PRT_2527.jpg","type":"image\/jpeg"}],"author":"Redazione","twitter_card":"summary_large_image","twitter_creator":"@intoscana","twitter_site":"@intoscana","twitter_misc":{"Written by":"Redazione","Est. reading time":"2 minuti"},"schema":{"@context":"https:\/\/schema.org","@graph":[{"@type":"WebPage","@id":"https:\/\/www.intoscana.it\/it\/siete-presente-edilizia-e-trasporti-le-priorita-in-agenda-a-firenze\/","url":"https:\/\/www.intoscana.it\/it\/siete-presente-edilizia-e-trasporti-le-priorita-in-agenda-a-firenze\/","name":"Siete presente, edilizia e trasporti priorit\u00e0 in agenda a Firenze - intoscana","isPartOf":{"@id":"https:\/\/www.intoscana.it\/it\/#website"},"primaryImageOfPage":{"@id":"https:\/\/www.intoscana.it\/it\/siete-presente-edilizia-e-trasporti-le-priorita-in-agenda-a-firenze\/#primaryimage"},"image":{"@id":"https:\/\/www.intoscana.it\/it\/siete-presente-edilizia-e-trasporti-le-priorita-in-agenda-a-firenze\/#primaryimage"},"thumbnailUrl":"https:\/\/www.intoscana.it\/wp-content\/uploads\/PRT_2527.jpg","datePublished":"2022-03-28T15:32:11+00:00","dateModified":"2022-03-29T14:09:23+00:00","author":{"@id":"https:\/\/www.intoscana.it\/it\/#\/schema\/person\/9223810753230f20bd670fdd322661f8"},"description":"La sesta tappa del progetto di Giovanis\u00ec mette in luce sogni, necessit\u00e0 e progetti per gli istituti e gli studenti dell'area metropolitana","breadcrumb":{"@id":"https:\/\/www.intoscana.it\/it\/siete-presente-edilizia-e-trasporti-le-priorita-in-agenda-a-firenze\/#breadcrumb"},"inLanguage":"it-IT","potentialAction":[{"@type":"ReadAction","target":["https:\/\/www.intoscana.it\/it\/siete-presente-edilizia-e-trasporti-le-priorita-in-agenda-a-firenze\/"]}]},{"@type":"ImageObject","inLanguage":"it-IT","@id":"https:\/\/www.intoscana.it\/it\/siete-presente-edilizia-e-trasporti-le-priorita-in-agenda-a-firenze\/#primaryimage","url":"https:\/\/www.intoscana.it\/wp-content\/uploads\/PRT_2527.jpg","contentUrl":"https:\/\/www.intoscana.it\/wp-content\/uploads\/PRT_2527.jpg","width":1200,"height":800},{"@type":"BreadcrumbList","@id":"https:\/\/www.intoscana.it\/it\/siete-presente-edilizia-e-trasporti-le-priorita-in-agenda-a-firenze\/#breadcrumb","itemListElement":[{"@type":"ListItem","position":1,"name":"Home","item":"https:\/\/www.intoscana.it\/it\/"},{"@type":"ListItem","position":2,"name":"Siete presente, edilizia e trasporti le priorit\u00e0 in agenda a Firenze"}]},{"@type":"WebSite","@id":"https:\/\/www.intoscana.it\/it\/#website","url":"https:\/\/www.intoscana.it\/it\/","name":"intoscana","description":"","potentialAction":[{"@type":"SearchAction","target":{"@type":"EntryPoint","urlTemplate":"https:\/\/www.intoscana.it\/it\/?s={search_term_string}"},"query-input":{"@type":"PropertyValueSpecification","valueRequired":true,"valueName":"search_term_string"}}],"inLanguage":"it-IT"},{"@type":"Person","@id":"https:\/\/www.intoscana.it\/it\/#\/schema\/person\/9223810753230f20bd670fdd322661f8","name":"Redazione","url":"https:\/\/www.intoscana.it\/it\/author\/redazione\/"}]}},"_links":{"self":[{"href":"https:\/\/www.intoscana.it\/it\/wp-json\/wp\/v2\/posts\/220404","targetHints":{"allow":["GET"]}}],"collection":[{"href":"https:\/\/www.intoscana.it\/it\/wp-json\/wp\/v2\/posts"}],"about":[{"href":"https:\/\/www.intoscana.it\/it\/wp-json\/wp\/v2\/types\/post"}],"author":[{"embeddable":true,"href":"https:\/\/www.intoscana.it\/it\/wp-json\/wp\/v2\/users\/525"}],"replies":[{"embeddable":true,"href":"https:\/\/www.intoscana.it\/it\/wp-json\/wp\/v2\/comments?post=220404"}],"version-history":[{"count":0,"href":"https:\/\/www.intoscana.it\/it\/wp-json\/wp\/v2\/posts\/220404\/revisions"}],"wp:featuredmedia":[{"embeddable":true,"href":"https:\/\/www.intoscana.it\/it\/wp-json\/wp\/v2\/media\/220384"}],"wp:attachment":[{"href":"https:\/\/www.intoscana.it\/it\/wp-json\/wp\/v2\/media?parent=220404"}],"wp:term":[{"taxonomy":"category","embeddable":true,"href":"https:\/\/www.intoscana.it\/it\/wp-json\/wp\/v2\/categories?post=220404"},{"taxonomy":"post_tag","embeddable":true,"href":"https:\/\/www.intoscana.it\/it\/wp-json\/wp\/v2\/tags?post=220404"}],"curies":[{"name":"wp","href":"https:\/\/api.w.org\/{rel}","templated":true}]}}