{"id":220432,"date":"2022-03-29T11:20:15","date_gmt":"2022-03-29T09:20:15","guid":{"rendered":"https:\/\/www.intoscana.it\/it\/?p=220432"},"modified":"2022-03-29T11:24:53","modified_gmt":"2022-03-29T09:24:53","slug":"i-50-anni-di-rui-un-dieci-rimasto-nel-cuore","status":"publish","type":"post","link":"https:\/\/www.intoscana.it\/it\/i-50-anni-di-rui-un-dieci-rimasto-nel-cuore\/","title":{"rendered":"I 50 anni di Rui, un dieci rimasto nel cuore"},"content":{"rendered":"<p>Firenze\u00a0 non potr\u00e0 mai dimenticare quel ragazzo riassunto in un numero, il dieci, e in tre lettere:\u00a0 erre, u, i: Rui.\u00a0 <strong>Manuel Rui Costa<\/strong>, fantasista dal lancio perfetto, dall\u2019assist poetico, maestro di quel tiro che girava sul palo lungo lasciando tutti senza parole, non solo ha segnato gli anni novanta dipinti di viola come il grunge ha segnato il rock in quel decennio, ma soprattutto quelli di una <strong>Fiorentina<\/strong> ambiziosa dove il ragazzo portoghese, in coppia con <strong>Batistuta<\/strong>, trascinava in Italia e in Europa i sogni di una citt\u00e0.<\/p>\n<p>Lui ha vissuto momenti che pochi altri calciatori possono raccontare a figli e nipoti, attimi di commozione surreale, riti collettivi mai visti altrove. Firenze teatro onirico di calcio e passione. Oltre ogni limite, anche fuori orario: tra il cuore della notte e un\u2019alba non poi cos\u00ec lontana. Cos\u00ec accadde, nell\u2019aria gioiosa e leggera di un aftehour di Primavera. <mark>La squadra che torna da Bergamo alle tre del mattino ed entra in uno stadio che non ha nessuna intenzione di andare a letto. Rui alza la <strong>Coppa Italia<\/strong>, la gente impazzita, <strong>Claudio Ranieri<\/strong> che sorride alla notte insieme ai suoi ragazzi, a quella squadra che lui stesso aveva ripreso in B, prima che <strong>Vittorio Cecchi Gori<\/strong> ci buttasse sopra altri soldi e altri sogni.<\/mark><\/p>\n<figure id=\"post-220508 media-220508\" class=\"align-none\"><img decoding=\"async\" src=\"https:\/\/www.intoscana.it\/wp-content\/uploads\/WhatsApp-Image-2022-03-29-at-11.12.54-1.jpeg\" alt=\"\" \/><\/figure>\n<div class=\"titleimg\" style=\"text-align: center;\"><em>Rui Costa &#8211; \u00a9 CGE Fotogiornalismo<\/em><\/div>\n<h3><em>E&#8217; Firenze la citt\u00e0 a cui Rui Costa ha dato di pi\u00f9: 215 presenze, 38 reti e una valanga di assist<\/em><\/h3>\n<p>Oggi quel portoghese maestro del pallone, del misurare le parole, del gestire se stesso e ci\u00f2 che gli gira intorno, compie 50 anni, e ci sta che stia ripensando ai lampi pi\u00f9 folgoranti di una carriera mai interrotta: Benfica, Fiorentina, Milan e poi di nuovo a Lisbona, la sua citt\u00e0, quella che lo ha visto prima dirigente e poi Presidente della sua societ\u00e0 del cuore. Ma \u00e8 Firenze la citt\u00e0 a cui Rui Costa ha dato di pi\u00f9: 215 presenze, 38 reti e una valanga di assist. <mark>Due Coppe Italia e una Supercoppa Italiana presa a San Siro contro la squadra che un giorno sarebbe diventata il suo ultimo passaggio in Italia prima del ritorno a casa.<\/mark><\/p>\n<p><span class=\"citazione\">Piovono garofani, scendono lacrime. La maratona \u00e8 la platea, il campo \u00e8 il palcoscenico. Manuel Rui Costa dice addio alla sua gente<\/span><\/p>\n<p>Ed \u00e8 proprio tra il mesto declino di quella Fiorentina e la maglia rossonera che uno dei dieci pi\u00f9 amati, scoperto all\u2019Europeo Under 21 da un altro dieci, il pi\u00f9 grande per ogni tifosi viola, <strong>Giancarlo Antognoni<\/strong>, che si consum\u00f2 un altro rito, un altro momento \u201cperfetto\u201d per una canzone malinconica di terra portoghese. Piovono garofani, scendono lacrime. La maratona \u00e8 la platea, il campo \u00e8 il palcoscenico. Una maglietta grigia e un microfono in mano. Manuel Rui Costa, il capitano del dopo Batistuta, dice addio alla sua gente. Dalle casse salta fuori \u201cBaila la Portuguesa\u201d, donne, uomini, anziani e bambini salutano quel dieci che se ne va.<\/p>\n<h3><em>Eroe di Wembley, Rui Costa aveva riportato a Firenze l&#8217;orgoglio di possedere un grande numero dieci<\/em><\/h3>\n<p>Uno degli eroi di Wembley, di quella vittoria sull\u2019Arsenal che resta nella storia del calcio fiorentino. Rui Costa era davvero un fantasista stiloso dal passo elegante. Pupillo del grande Eusebio, Rui aveva riportato a Firenze l\u2019orgoglio di possedere un grande numero dieci, numero magico sbiadito dall\u2019addio di <strong>Roberto Baggio<\/strong>. Non un dettaglio, <mark>tra le strade di una citt\u00e0 dove l\u2019arte e la bellezza sono scenografia del vivere quotidiano. Rui Costa aveva la fortuna di avere qualche metro pi\u00f9 avanti Batistuta.<\/mark> L\u2019argentino poteva dire di avere l\u2019uomo giusto dietro le spalle. I due, amici inseparabili in quegli anni di vita in viola, trasformarono la Fiorentina in qualcosa di difficile da replicare a stretto giro.<\/p>\n<p><span class=\"citazione\">Quel ragazzo riassunto in un numero e in tre lettere non potr\u00e0 mai slegarsi dalla sua storia fiorentina<\/span><\/p>\n<p>Il primo se ne and\u00f2, dopo nove anni, a vincere uno scudetto a Roma. L\u2019altro prepar\u00f2 le valige, insieme a Toldo, per permettere a Cecchi Gori di incassare 85 miliardi, quelli che dovevano servire a rimettere a posto i conti. Quello era un saluto, ma era soprattutto un grazie gigantesco e reciproco. <mark>Lui ringraziava Firenze per l\u2019amore ricevuto, i tifosi ringraziavano lui per i suoi lampi di classe e per quei soldi che per\u00f2, lo si cap\u00ec poco dopo, non servirono a salvare la Fiorentina dal fallimento.<\/mark> Anche per questa ragione quel ragazzo riassunto in un numero e in tre lettere non potr\u00e0 mai slegarsi dalla sua storia fiorentina. Un racconto pieno di cose: di gol, di assist, di lanci, di vita, di sogni, di ore piccole ad aspettare una coppa e infine di lacrime, con quei garofani che scendono sull\u2019erba mentre un fado accompagna un ragazzo verso l\u2019addio. <mark>Auguri di cuore Rui, ragazzo della nostra storia.<\/mark><\/p>\n","protected":false},"excerpt":{"rendered":"<p>Il ragazzo riassunto in un numero e in tre lettere, che Firenze non potr\u00e0 mai dimenticare. Gol, assist, lacrime, ore piccole ad aspettare una coppa: buon compleanno campione<\/p>\n","protected":false},"author":532,"featured_media":220509,"comment_status":"open","ping_status":"open","sticky":false,"template":"","format":"standard","meta":{"_acf_changed":false,"footnotes":""},"categories":[4],"tags":[290,199,159],"class_list":["post-220432","post","type-post","status-publish","format-standard","has-post-thumbnail","hentry","category-storie","tag-calcio","tag-fiorentina","tag-sport"],"acf":[],"yoast_head":"<!-- This site is optimized with the Yoast SEO Premium plugin v24.2 (Yoast SEO v25.6) - https:\/\/yoast.com\/wordpress\/plugins\/seo\/ -->\n<title>I 50 anni di Rui, un dieci rimasto nel cuore<\/title>\n<meta name=\"description\" content=\"Il ragazzo riassunto in un numero e in tre lettere. Gol, assist, vita, ore piccole ad aspettare una coppa: buon compleanno campione\" \/>\n<meta name=\"robots\" content=\"index, follow, max-snippet:-1, max-image-preview:large, max-video-preview:-1\" \/>\n<link rel=\"canonical\" href=\"https:\/\/www.intoscana.it\/it\/i-50-anni-di-rui-un-dieci-rimasto-nel-cuore\/\" \/>\n<meta property=\"og:locale\" content=\"it_IT\" \/>\n<meta property=\"og:type\" content=\"article\" \/>\n<meta property=\"og:title\" content=\"I 50 anni di Rui, un dieci rimasto nel cuore\" \/>\n<meta property=\"og:description\" content=\"Il ragazzo riassunto in un numero e in tre lettere. Gol, assist, vita, ore piccole ad aspettare una coppa: buon compleanno campione\" \/>\n<meta property=\"og:url\" content=\"https:\/\/www.intoscana.it\/it\/i-50-anni-di-rui-un-dieci-rimasto-nel-cuore\/\" \/>\n<meta property=\"og:site_name\" content=\"intoscana\" \/>\n<meta property=\"article:publisher\" content=\"https:\/\/www.facebook.com\/intoscana.it\" \/>\n<meta property=\"article:published_time\" content=\"2022-03-29T09:20:15+00:00\" \/>\n<meta property=\"article:modified_time\" content=\"2022-03-29T09:24:53+00:00\" \/>\n<meta property=\"og:image\" content=\"https:\/\/www.intoscana.it\/wp-content\/uploads\/WhatsApp-Image-2022-03-29-at-11.12.54-e1648545350583.jpeg\" \/>\n\t<meta property=\"og:image:width\" content=\"831\" \/>\n\t<meta property=\"og:image:height\" content=\"516\" \/>\n\t<meta property=\"og:image:type\" content=\"image\/jpeg\" \/>\n<meta name=\"author\" content=\"Benedetto Ferrara\" \/>\n<meta name=\"twitter:card\" content=\"summary_large_image\" \/>\n<meta name=\"twitter:creator\" content=\"@intoscana\" \/>\n<meta name=\"twitter:site\" content=\"@intoscana\" \/>\n<meta name=\"twitter:label1\" content=\"Written by\" \/>\n\t<meta name=\"twitter:data1\" content=\"Benedetto Ferrara\" \/>\n\t<meta name=\"twitter:label2\" content=\"Est. reading time\" \/>\n\t<meta name=\"twitter:data2\" content=\"4 minuti\" \/>\n<script type=\"application\/ld+json\" class=\"yoast-schema-graph\">{\"@context\":\"https:\/\/schema.org\",\"@graph\":[{\"@type\":\"WebPage\",\"@id\":\"https:\/\/www.intoscana.it\/it\/i-50-anni-di-rui-un-dieci-rimasto-nel-cuore\/\",\"url\":\"https:\/\/www.intoscana.it\/it\/i-50-anni-di-rui-un-dieci-rimasto-nel-cuore\/\",\"name\":\"I 50 anni di Rui, un dieci rimasto nel cuore\",\"isPartOf\":{\"@id\":\"https:\/\/www.intoscana.it\/it\/#website\"},\"primaryImageOfPage\":{\"@id\":\"https:\/\/www.intoscana.it\/it\/i-50-anni-di-rui-un-dieci-rimasto-nel-cuore\/#primaryimage\"},\"image\":{\"@id\":\"https:\/\/www.intoscana.it\/it\/i-50-anni-di-rui-un-dieci-rimasto-nel-cuore\/#primaryimage\"},\"thumbnailUrl\":\"https:\/\/www.intoscana.it\/wp-content\/uploads\/WhatsApp-Image-2022-03-29-at-11.12.54-e1648545350583.jpeg\",\"datePublished\":\"2022-03-29T09:20:15+00:00\",\"dateModified\":\"2022-03-29T09:24:53+00:00\",\"author\":{\"@id\":\"https:\/\/www.intoscana.it\/it\/#\/schema\/person\/5b84156be4aca57014dc575ffac49b07\"},\"description\":\"Il ragazzo riassunto in un numero e in tre lettere. Gol, assist, vita, ore piccole ad aspettare una coppa: buon compleanno campione\",\"breadcrumb\":{\"@id\":\"https:\/\/www.intoscana.it\/it\/i-50-anni-di-rui-un-dieci-rimasto-nel-cuore\/#breadcrumb\"},\"inLanguage\":\"it-IT\",\"potentialAction\":[{\"@type\":\"ReadAction\",\"target\":[\"https:\/\/www.intoscana.it\/it\/i-50-anni-di-rui-un-dieci-rimasto-nel-cuore\/\"]}]},{\"@type\":\"ImageObject\",\"inLanguage\":\"it-IT\",\"@id\":\"https:\/\/www.intoscana.it\/it\/i-50-anni-di-rui-un-dieci-rimasto-nel-cuore\/#primaryimage\",\"url\":\"https:\/\/www.intoscana.it\/wp-content\/uploads\/WhatsApp-Image-2022-03-29-at-11.12.54-e1648545350583.jpeg\",\"contentUrl\":\"https:\/\/www.intoscana.it\/wp-content\/uploads\/WhatsApp-Image-2022-03-29-at-11.12.54-e1648545350583.jpeg\",\"width\":831,\"height\":516},{\"@type\":\"BreadcrumbList\",\"@id\":\"https:\/\/www.intoscana.it\/it\/i-50-anni-di-rui-un-dieci-rimasto-nel-cuore\/#breadcrumb\",\"itemListElement\":[{\"@type\":\"ListItem\",\"position\":1,\"name\":\"Home\",\"item\":\"https:\/\/www.intoscana.it\/it\/\"},{\"@type\":\"ListItem\",\"position\":2,\"name\":\"I 50 anni di Rui, un dieci rimasto nel cuore\"}]},{\"@type\":\"WebSite\",\"@id\":\"https:\/\/www.intoscana.it\/it\/#website\",\"url\":\"https:\/\/www.intoscana.it\/it\/\",\"name\":\"intoscana\",\"description\":\"\",\"potentialAction\":[{\"@type\":\"SearchAction\",\"target\":{\"@type\":\"EntryPoint\",\"urlTemplate\":\"https:\/\/www.intoscana.it\/it\/?s={search_term_string}\"},\"query-input\":{\"@type\":\"PropertyValueSpecification\",\"valueRequired\":true,\"valueName\":\"search_term_string\"}}],\"inLanguage\":\"it-IT\"},{\"@type\":\"Person\",\"@id\":\"https:\/\/www.intoscana.it\/it\/#\/schema\/person\/5b84156be4aca57014dc575ffac49b07\",\"name\":\"Benedetto Ferrara\",\"url\":\"https:\/\/www.intoscana.it\/it\/author\/benedetto-ferrara\/\"}]}<\/script>\n<!-- \/ Yoast SEO Premium plugin. -->","yoast_head_json":{"title":"I 50 anni di Rui, un dieci rimasto nel cuore","description":"Il ragazzo riassunto in un numero e in tre lettere. Gol, assist, vita, ore piccole ad aspettare una coppa: buon compleanno campione","robots":{"index":"index","follow":"follow","max-snippet":"max-snippet:-1","max-image-preview":"max-image-preview:large","max-video-preview":"max-video-preview:-1"},"canonical":"https:\/\/www.intoscana.it\/it\/i-50-anni-di-rui-un-dieci-rimasto-nel-cuore\/","og_locale":"it_IT","og_type":"article","og_title":"I 50 anni di Rui, un dieci rimasto nel cuore","og_description":"Il ragazzo riassunto in un numero e in tre lettere. Gol, assist, vita, ore piccole ad aspettare una coppa: buon compleanno campione","og_url":"https:\/\/www.intoscana.it\/it\/i-50-anni-di-rui-un-dieci-rimasto-nel-cuore\/","og_site_name":"intoscana","article_publisher":"https:\/\/www.facebook.com\/intoscana.it","article_published_time":"2022-03-29T09:20:15+00:00","article_modified_time":"2022-03-29T09:24:53+00:00","og_image":[{"width":831,"height":516,"url":"https:\/\/www.intoscana.it\/wp-content\/uploads\/WhatsApp-Image-2022-03-29-at-11.12.54-e1648545350583.jpeg","type":"image\/jpeg"}],"author":"Benedetto Ferrara","twitter_card":"summary_large_image","twitter_creator":"@intoscana","twitter_site":"@intoscana","twitter_misc":{"Written by":"Benedetto Ferrara","Est. reading time":"4 minuti"},"schema":{"@context":"https:\/\/schema.org","@graph":[{"@type":"WebPage","@id":"https:\/\/www.intoscana.it\/it\/i-50-anni-di-rui-un-dieci-rimasto-nel-cuore\/","url":"https:\/\/www.intoscana.it\/it\/i-50-anni-di-rui-un-dieci-rimasto-nel-cuore\/","name":"I 50 anni di Rui, un dieci rimasto nel cuore","isPartOf":{"@id":"https:\/\/www.intoscana.it\/it\/#website"},"primaryImageOfPage":{"@id":"https:\/\/www.intoscana.it\/it\/i-50-anni-di-rui-un-dieci-rimasto-nel-cuore\/#primaryimage"},"image":{"@id":"https:\/\/www.intoscana.it\/it\/i-50-anni-di-rui-un-dieci-rimasto-nel-cuore\/#primaryimage"},"thumbnailUrl":"https:\/\/www.intoscana.it\/wp-content\/uploads\/WhatsApp-Image-2022-03-29-at-11.12.54-e1648545350583.jpeg","datePublished":"2022-03-29T09:20:15+00:00","dateModified":"2022-03-29T09:24:53+00:00","author":{"@id":"https:\/\/www.intoscana.it\/it\/#\/schema\/person\/5b84156be4aca57014dc575ffac49b07"},"description":"Il ragazzo riassunto in un numero e in tre lettere. Gol, assist, vita, ore piccole ad aspettare una coppa: buon compleanno campione","breadcrumb":{"@id":"https:\/\/www.intoscana.it\/it\/i-50-anni-di-rui-un-dieci-rimasto-nel-cuore\/#breadcrumb"},"inLanguage":"it-IT","potentialAction":[{"@type":"ReadAction","target":["https:\/\/www.intoscana.it\/it\/i-50-anni-di-rui-un-dieci-rimasto-nel-cuore\/"]}]},{"@type":"ImageObject","inLanguage":"it-IT","@id":"https:\/\/www.intoscana.it\/it\/i-50-anni-di-rui-un-dieci-rimasto-nel-cuore\/#primaryimage","url":"https:\/\/www.intoscana.it\/wp-content\/uploads\/WhatsApp-Image-2022-03-29-at-11.12.54-e1648545350583.jpeg","contentUrl":"https:\/\/www.intoscana.it\/wp-content\/uploads\/WhatsApp-Image-2022-03-29-at-11.12.54-e1648545350583.jpeg","width":831,"height":516},{"@type":"BreadcrumbList","@id":"https:\/\/www.intoscana.it\/it\/i-50-anni-di-rui-un-dieci-rimasto-nel-cuore\/#breadcrumb","itemListElement":[{"@type":"ListItem","position":1,"name":"Home","item":"https:\/\/www.intoscana.it\/it\/"},{"@type":"ListItem","position":2,"name":"I 50 anni di Rui, un dieci rimasto nel cuore"}]},{"@type":"WebSite","@id":"https:\/\/www.intoscana.it\/it\/#website","url":"https:\/\/www.intoscana.it\/it\/","name":"intoscana","description":"","potentialAction":[{"@type":"SearchAction","target":{"@type":"EntryPoint","urlTemplate":"https:\/\/www.intoscana.it\/it\/?s={search_term_string}"},"query-input":{"@type":"PropertyValueSpecification","valueRequired":true,"valueName":"search_term_string"}}],"inLanguage":"it-IT"},{"@type":"Person","@id":"https:\/\/www.intoscana.it\/it\/#\/schema\/person\/5b84156be4aca57014dc575ffac49b07","name":"Benedetto Ferrara","url":"https:\/\/www.intoscana.it\/it\/author\/benedetto-ferrara\/"}]}},"_links":{"self":[{"href":"https:\/\/www.intoscana.it\/it\/wp-json\/wp\/v2\/posts\/220432","targetHints":{"allow":["GET"]}}],"collection":[{"href":"https:\/\/www.intoscana.it\/it\/wp-json\/wp\/v2\/posts"}],"about":[{"href":"https:\/\/www.intoscana.it\/it\/wp-json\/wp\/v2\/types\/post"}],"author":[{"embeddable":true,"href":"https:\/\/www.intoscana.it\/it\/wp-json\/wp\/v2\/users\/532"}],"replies":[{"embeddable":true,"href":"https:\/\/www.intoscana.it\/it\/wp-json\/wp\/v2\/comments?post=220432"}],"version-history":[{"count":0,"href":"https:\/\/www.intoscana.it\/it\/wp-json\/wp\/v2\/posts\/220432\/revisions"}],"wp:featuredmedia":[{"embeddable":true,"href":"https:\/\/www.intoscana.it\/it\/wp-json\/wp\/v2\/media\/220509"}],"wp:attachment":[{"href":"https:\/\/www.intoscana.it\/it\/wp-json\/wp\/v2\/media?parent=220432"}],"wp:term":[{"taxonomy":"category","embeddable":true,"href":"https:\/\/www.intoscana.it\/it\/wp-json\/wp\/v2\/categories?post=220432"},{"taxonomy":"post_tag","embeddable":true,"href":"https:\/\/www.intoscana.it\/it\/wp-json\/wp\/v2\/tags?post=220432"}],"curies":[{"name":"wp","href":"https:\/\/api.w.org\/{rel}","templated":true}]}}