{"id":220628,"date":"2022-03-29T15:03:21","date_gmt":"2022-03-29T13:03:21","guid":{"rendered":"https:\/\/www.intoscana.it\/it\/?p=220628"},"modified":"2022-03-29T15:04:07","modified_gmt":"2022-03-29T13:04:07","slug":"covid-19-in-rialzo-i-contagi-e-i-ricoveri-quindici-i-decessi","status":"publish","type":"post","link":"https:\/\/www.intoscana.it\/it\/covid-19-in-rialzo-i-contagi-e-i-ricoveri-quindici-i-decessi\/","title":{"rendered":"Covid-19, in rialzo i contagi e i ricoveri. Quindici i decessi"},"content":{"rendered":"<p>Covid-19: in Toscana sono <strong>974.119 i casi di positivit\u00e0<\/strong>, mentre sono <strong>6.833 in pi\u00f9 rispetto a ieri<\/strong> (1.418 confermati con tampone molecolare e 5.415 da test rapido antigenico), l&#8217;et\u00e0 media \u00e8 di 41 anni. <strong>I guariti<\/strong> raggiungono <strong>quota 915.869<\/strong> (94% dei casi totali).<\/p>\n<p>Oggi sono stati eseguiti 8.368 tamponi molecolari e 34.788 tamponi antigenici rapidi, di questi il 15,8% \u00e8 risultato positivo. Sono invece 10.000 i soggetti testati oggi (con tampone antigenico e\/o molecolare), di cui il 68,3% \u00e8 risultato positivo. I positivi sono oggi 48.781, +4% rispetto a ieri.<\/p>\n<p>Sono <strong>275.191 i casi complessivi ad oggi a Firenze<\/strong> (1.482 in pi\u00f9 rispetto a ieri), 69.376 a Prato (330 in pi\u00f9), 78.952 a Pistoia (469 in pi\u00f9), 46.374 a Massa Carrara (462 in pi\u00f9), 102.173 a Lucca (896 in pi\u00f9), 110.921 a Pisa (817 in pi\u00f9), 84.403 a Livorno (698 in pi\u00f9), 89.495 ad Arezzo (690 in pi\u00f9), 66.423 a Siena (509 in pi\u00f9), 50.256 a Grosseto (480 in pi\u00f9). Sono 555 i casi positivi notificati in Toscana, ma residenti in altre regioni.<\/p>\n<p>Sono <strong>47.898 le persone in isolamento a casa<\/strong>, poich\u00e9 presentano sintomi lievi che non richiedono cure ospedaliere (1.847 in pi\u00f9 rispetto a ieri, pi\u00f9 4%).<\/p>\n<p><strong>Sono 4.644<\/strong> (95 in meno rispetto a ieri, meno 2%) le persone, anch&#8217;esse isolate, <strong>in sorveglianza attiva<\/strong> perch\u00e9 hanno avuto contatti con persone contagiate (Asl Centro 765, Nord Ovest 1.804, Sud Est 2.075).<\/p>\n<p><strong>Le persone ricoverate <\/strong>oggi sono<strong> 883<\/strong> (20 in pi\u00f9 rispetto a ieri, pi\u00f9 2,3%), <strong>38 in terapia intensiva<\/strong> (1 in meno rispetto a ieri, meno 2,6%).<\/p>\n<p>Si registrano <strong>15 nuovi decessi<\/strong>: 6 uomini e 9 donne con un&#8217;<strong>et\u00e0 media di 81,8 anni<\/strong> (3 a Firenze, 3 a Prato, 1 a Massa Carrara, 2 a Lucca, 1 a Pisa, 1 a Livorno, 1 a Arezzo, 3 a Siena).<\/p>\n<p>Sono <strong>9.469 i deceduti dall&#8217;inizio dell&#8217;epidemia<\/strong> cosi ripartiti: 2.987 a Firenze, 798 a Prato, 856 a Pistoia, 621 a Massa Carrara, 884 a Lucca, 1.016 a Pisa, 692 a Livorno, 634 ad Arezzo, 503 a Siena, 355 a Grosseto, 123 persone sono decedute sul suolo toscano ma erano residenti fuori regione.<\/p>\n","protected":false},"excerpt":{"rendered":"<p>Le persone in ospedale sono 883 (20 in pi\u00f9 rispetto a ieri, + 2,3%), 38 in terapia intensiva (1 in meno rispetto a ieri, &#8211; 2,6%)<\/p>\n","protected":false},"author":525,"featured_media":186853,"comment_status":"open","ping_status":"open","sticky":false,"template":"","format":"standard","meta":{"_acf_changed":false,"footnotes":""},"categories":[494],"tags":[418,5466],"class_list":["post-220628","post","type-post","status-publish","format-standard","has-post-thumbnail","hentry","category-attualita","tag-covid-19","tag-piano-vaccini"],"acf":[],"yoast_head":"<!-- This site is optimized with the Yoast SEO Premium plugin v24.2 (Yoast SEO v25.6) - https:\/\/yoast.com\/wordpress\/plugins\/seo\/ -->\n<title>Covid-19, in rialzo i contagi e i ricoveri. Quindici i decessi - intoscana<\/title>\n<meta name=\"description\" content=\"Le persone in ospedale sono 883 (20 in pi\u00f9 rispetto a ieri, pi\u00f9 2,3%), 38 in terapia intensiva (1 in meno rispetto a ieri, - 2,6%)\" \/>\n<meta name=\"robots\" content=\"index, follow, max-snippet:-1, max-image-preview:large, max-video-preview:-1\" \/>\n<link rel=\"canonical\" href=\"https:\/\/www.intoscana.it\/it\/covid-19-in-rialzo-i-contagi-e-i-ricoveri-quindici-i-decessi\/\" \/>\n<meta property=\"og:locale\" content=\"it_IT\" \/>\n<meta property=\"og:type\" content=\"article\" \/>\n<meta property=\"og:title\" content=\"Covid-19, in rialzo i contagi e i ricoveri. Quindici i decessi\" \/>\n<meta property=\"og:description\" content=\"Le persone in ospedale sono 883 (20 in pi\u00f9 rispetto a ieri, pi\u00f9 2,3%), 38 in terapia intensiva (1 in meno rispetto a ieri, - 2,6%)\" \/>\n<meta property=\"og:url\" content=\"https:\/\/www.intoscana.it\/it\/covid-19-in-rialzo-i-contagi-e-i-ricoveri-quindici-i-decessi\/\" \/>\n<meta property=\"og:site_name\" content=\"intoscana\" \/>\n<meta property=\"article:publisher\" content=\"https:\/\/www.facebook.com\/intoscana.it\" \/>\n<meta property=\"article:published_time\" content=\"2022-03-29T13:03:21+00:00\" \/>\n<meta property=\"article:modified_time\" content=\"2022-03-29T13:04:07+00:00\" \/>\n<meta property=\"og:image\" content=\"https:\/\/www.intoscana.it\/wp-content\/uploads\/dati-covid-toscana-19-agosto.001-e1648558488291.jpeg\" \/>\n\t<meta property=\"og:image:width\" content=\"927\" \/>\n\t<meta property=\"og:image:height\" content=\"531\" \/>\n\t<meta property=\"og:image:type\" content=\"image\/jpeg\" \/>\n<meta name=\"author\" content=\"Redazione\" \/>\n<meta name=\"twitter:card\" content=\"summary_large_image\" \/>\n<meta name=\"twitter:creator\" content=\"@intoscana\" \/>\n<meta name=\"twitter:site\" content=\"@intoscana\" \/>\n<meta name=\"twitter:label1\" content=\"Written by\" \/>\n\t<meta name=\"twitter:data1\" content=\"Redazione\" \/>\n\t<meta name=\"twitter:label2\" content=\"Est. reading time\" \/>\n\t<meta name=\"twitter:data2\" content=\"1 minuto\" \/>\n<script type=\"application\/ld+json\" class=\"yoast-schema-graph\">{\"@context\":\"https:\/\/schema.org\",\"@graph\":[{\"@type\":\"WebPage\",\"@id\":\"https:\/\/www.intoscana.it\/it\/covid-19-in-rialzo-i-contagi-e-i-ricoveri-quindici-i-decessi\/\",\"url\":\"https:\/\/www.intoscana.it\/it\/covid-19-in-rialzo-i-contagi-e-i-ricoveri-quindici-i-decessi\/\",\"name\":\"Covid-19, in rialzo i contagi e i ricoveri. Quindici i decessi - intoscana\",\"isPartOf\":{\"@id\":\"https:\/\/www.intoscana.it\/it\/#website\"},\"primaryImageOfPage\":{\"@id\":\"https:\/\/www.intoscana.it\/it\/covid-19-in-rialzo-i-contagi-e-i-ricoveri-quindici-i-decessi\/#primaryimage\"},\"image\":{\"@id\":\"https:\/\/www.intoscana.it\/it\/covid-19-in-rialzo-i-contagi-e-i-ricoveri-quindici-i-decessi\/#primaryimage\"},\"thumbnailUrl\":\"https:\/\/www.intoscana.it\/wp-content\/uploads\/dati-covid-toscana-19-agosto.001-e1648558488291.jpeg\",\"datePublished\":\"2022-03-29T13:03:21+00:00\",\"dateModified\":\"2022-03-29T13:04:07+00:00\",\"author\":{\"@id\":\"https:\/\/www.intoscana.it\/it\/#\/schema\/person\/9223810753230f20bd670fdd322661f8\"},\"description\":\"Le persone in ospedale sono 883 (20 in pi\u00f9 rispetto a ieri, pi\u00f9 2,3%), 38 in terapia intensiva (1 in meno rispetto a ieri, - 2,6%)\",\"breadcrumb\":{\"@id\":\"https:\/\/www.intoscana.it\/it\/covid-19-in-rialzo-i-contagi-e-i-ricoveri-quindici-i-decessi\/#breadcrumb\"},\"inLanguage\":\"it-IT\",\"potentialAction\":[{\"@type\":\"ReadAction\",\"target\":[\"https:\/\/www.intoscana.it\/it\/covid-19-in-rialzo-i-contagi-e-i-ricoveri-quindici-i-decessi\/\"]}]},{\"@type\":\"ImageObject\",\"inLanguage\":\"it-IT\",\"@id\":\"https:\/\/www.intoscana.it\/it\/covid-19-in-rialzo-i-contagi-e-i-ricoveri-quindici-i-decessi\/#primaryimage\",\"url\":\"https:\/\/www.intoscana.it\/wp-content\/uploads\/dati-covid-toscana-19-agosto.001-e1648558488291.jpeg\",\"contentUrl\":\"https:\/\/www.intoscana.it\/wp-content\/uploads\/dati-covid-toscana-19-agosto.001-e1648558488291.jpeg\",\"width\":927,\"height\":531,\"caption\":\"Covid-19\"},{\"@type\":\"BreadcrumbList\",\"@id\":\"https:\/\/www.intoscana.it\/it\/covid-19-in-rialzo-i-contagi-e-i-ricoveri-quindici-i-decessi\/#breadcrumb\",\"itemListElement\":[{\"@type\":\"ListItem\",\"position\":1,\"name\":\"Home\",\"item\":\"https:\/\/www.intoscana.it\/it\/\"},{\"@type\":\"ListItem\",\"position\":2,\"name\":\"Covid-19, in rialzo i contagi e i ricoveri. Quindici i decessi\"}]},{\"@type\":\"WebSite\",\"@id\":\"https:\/\/www.intoscana.it\/it\/#website\",\"url\":\"https:\/\/www.intoscana.it\/it\/\",\"name\":\"intoscana\",\"description\":\"\",\"potentialAction\":[{\"@type\":\"SearchAction\",\"target\":{\"@type\":\"EntryPoint\",\"urlTemplate\":\"https:\/\/www.intoscana.it\/it\/?s={search_term_string}\"},\"query-input\":{\"@type\":\"PropertyValueSpecification\",\"valueRequired\":true,\"valueName\":\"search_term_string\"}}],\"inLanguage\":\"it-IT\"},{\"@type\":\"Person\",\"@id\":\"https:\/\/www.intoscana.it\/it\/#\/schema\/person\/9223810753230f20bd670fdd322661f8\",\"name\":\"Redazione\",\"url\":\"https:\/\/www.intoscana.it\/it\/author\/redazione\/\"}]}<\/script>\n<!-- \/ Yoast SEO Premium plugin. -->","yoast_head_json":{"title":"Covid-19, in rialzo i contagi e i ricoveri. Quindici i decessi - intoscana","description":"Le persone in ospedale sono 883 (20 in pi\u00f9 rispetto a ieri, pi\u00f9 2,3%), 38 in terapia intensiva (1 in meno rispetto a ieri, - 2,6%)","robots":{"index":"index","follow":"follow","max-snippet":"max-snippet:-1","max-image-preview":"max-image-preview:large","max-video-preview":"max-video-preview:-1"},"canonical":"https:\/\/www.intoscana.it\/it\/covid-19-in-rialzo-i-contagi-e-i-ricoveri-quindici-i-decessi\/","og_locale":"it_IT","og_type":"article","og_title":"Covid-19, in rialzo i contagi e i ricoveri. Quindici i decessi","og_description":"Le persone in ospedale sono 883 (20 in pi\u00f9 rispetto a ieri, pi\u00f9 2,3%), 38 in terapia intensiva (1 in meno rispetto a ieri, - 2,6%)","og_url":"https:\/\/www.intoscana.it\/it\/covid-19-in-rialzo-i-contagi-e-i-ricoveri-quindici-i-decessi\/","og_site_name":"intoscana","article_publisher":"https:\/\/www.facebook.com\/intoscana.it","article_published_time":"2022-03-29T13:03:21+00:00","article_modified_time":"2022-03-29T13:04:07+00:00","og_image":[{"width":927,"height":531,"url":"https:\/\/www.intoscana.it\/wp-content\/uploads\/dati-covid-toscana-19-agosto.001-e1648558488291.jpeg","type":"image\/jpeg"}],"author":"Redazione","twitter_card":"summary_large_image","twitter_creator":"@intoscana","twitter_site":"@intoscana","twitter_misc":{"Written by":"Redazione","Est. reading time":"1 minuto"},"schema":{"@context":"https:\/\/schema.org","@graph":[{"@type":"WebPage","@id":"https:\/\/www.intoscana.it\/it\/covid-19-in-rialzo-i-contagi-e-i-ricoveri-quindici-i-decessi\/","url":"https:\/\/www.intoscana.it\/it\/covid-19-in-rialzo-i-contagi-e-i-ricoveri-quindici-i-decessi\/","name":"Covid-19, in rialzo i contagi e i ricoveri. Quindici i decessi - intoscana","isPartOf":{"@id":"https:\/\/www.intoscana.it\/it\/#website"},"primaryImageOfPage":{"@id":"https:\/\/www.intoscana.it\/it\/covid-19-in-rialzo-i-contagi-e-i-ricoveri-quindici-i-decessi\/#primaryimage"},"image":{"@id":"https:\/\/www.intoscana.it\/it\/covid-19-in-rialzo-i-contagi-e-i-ricoveri-quindici-i-decessi\/#primaryimage"},"thumbnailUrl":"https:\/\/www.intoscana.it\/wp-content\/uploads\/dati-covid-toscana-19-agosto.001-e1648558488291.jpeg","datePublished":"2022-03-29T13:03:21+00:00","dateModified":"2022-03-29T13:04:07+00:00","author":{"@id":"https:\/\/www.intoscana.it\/it\/#\/schema\/person\/9223810753230f20bd670fdd322661f8"},"description":"Le persone in ospedale sono 883 (20 in pi\u00f9 rispetto a ieri, pi\u00f9 2,3%), 38 in terapia intensiva (1 in meno rispetto a ieri, - 2,6%)","breadcrumb":{"@id":"https:\/\/www.intoscana.it\/it\/covid-19-in-rialzo-i-contagi-e-i-ricoveri-quindici-i-decessi\/#breadcrumb"},"inLanguage":"it-IT","potentialAction":[{"@type":"ReadAction","target":["https:\/\/www.intoscana.it\/it\/covid-19-in-rialzo-i-contagi-e-i-ricoveri-quindici-i-decessi\/"]}]},{"@type":"ImageObject","inLanguage":"it-IT","@id":"https:\/\/www.intoscana.it\/it\/covid-19-in-rialzo-i-contagi-e-i-ricoveri-quindici-i-decessi\/#primaryimage","url":"https:\/\/www.intoscana.it\/wp-content\/uploads\/dati-covid-toscana-19-agosto.001-e1648558488291.jpeg","contentUrl":"https:\/\/www.intoscana.it\/wp-content\/uploads\/dati-covid-toscana-19-agosto.001-e1648558488291.jpeg","width":927,"height":531,"caption":"Covid-19"},{"@type":"BreadcrumbList","@id":"https:\/\/www.intoscana.it\/it\/covid-19-in-rialzo-i-contagi-e-i-ricoveri-quindici-i-decessi\/#breadcrumb","itemListElement":[{"@type":"ListItem","position":1,"name":"Home","item":"https:\/\/www.intoscana.it\/it\/"},{"@type":"ListItem","position":2,"name":"Covid-19, in rialzo i contagi e i ricoveri. Quindici i decessi"}]},{"@type":"WebSite","@id":"https:\/\/www.intoscana.it\/it\/#website","url":"https:\/\/www.intoscana.it\/it\/","name":"intoscana","description":"","potentialAction":[{"@type":"SearchAction","target":{"@type":"EntryPoint","urlTemplate":"https:\/\/www.intoscana.it\/it\/?s={search_term_string}"},"query-input":{"@type":"PropertyValueSpecification","valueRequired":true,"valueName":"search_term_string"}}],"inLanguage":"it-IT"},{"@type":"Person","@id":"https:\/\/www.intoscana.it\/it\/#\/schema\/person\/9223810753230f20bd670fdd322661f8","name":"Redazione","url":"https:\/\/www.intoscana.it\/it\/author\/redazione\/"}]}},"_links":{"self":[{"href":"https:\/\/www.intoscana.it\/it\/wp-json\/wp\/v2\/posts\/220628","targetHints":{"allow":["GET"]}}],"collection":[{"href":"https:\/\/www.intoscana.it\/it\/wp-json\/wp\/v2\/posts"}],"about":[{"href":"https:\/\/www.intoscana.it\/it\/wp-json\/wp\/v2\/types\/post"}],"author":[{"embeddable":true,"href":"https:\/\/www.intoscana.it\/it\/wp-json\/wp\/v2\/users\/525"}],"replies":[{"embeddable":true,"href":"https:\/\/www.intoscana.it\/it\/wp-json\/wp\/v2\/comments?post=220628"}],"version-history":[{"count":0,"href":"https:\/\/www.intoscana.it\/it\/wp-json\/wp\/v2\/posts\/220628\/revisions"}],"wp:featuredmedia":[{"embeddable":true,"href":"https:\/\/www.intoscana.it\/it\/wp-json\/wp\/v2\/media\/186853"}],"wp:attachment":[{"href":"https:\/\/www.intoscana.it\/it\/wp-json\/wp\/v2\/media?parent=220628"}],"wp:term":[{"taxonomy":"category","embeddable":true,"href":"https:\/\/www.intoscana.it\/it\/wp-json\/wp\/v2\/categories?post=220628"},{"taxonomy":"post_tag","embeddable":true,"href":"https:\/\/www.intoscana.it\/it\/wp-json\/wp\/v2\/tags?post=220628"}],"curies":[{"name":"wp","href":"https:\/\/api.w.org\/{rel}","templated":true}]}}