{"id":221084,"date":"2022-03-31T10:46:10","date_gmt":"2022-03-31T08:46:10","guid":{"rendered":"https:\/\/www.intoscana.it\/it\/?p=221084"},"modified":"2022-03-31T15:24:07","modified_gmt":"2022-03-31T13:24:07","slug":"riapre-il-tenax-con-capienza-al-100-in-consolle-riccardo-villalobos-e-alex-neri","status":"publish","type":"post","link":"https:\/\/www.intoscana.it\/it\/riapre-il-tenax-con-capienza-al-100-in-consolle-riccardo-villalobos-e-alex-neri\/","title":{"rendered":"Riapre il Tenax con capienza al 100%: in consolle Riccardo Villalobos e Alex Neri"},"content":{"rendered":"<p>Il <strong>31 marzo<\/strong> segna la <strong>fine dello stato di emergenza della pandemia di Covid-19<\/strong>. Questo significa che le discoteche e pi\u00f9 in generale tutti i locali dove si tengono spettacoli dal vivo possono riaprire a <strong>capienza piena.<\/strong><\/p>\n<p>Anche il <strong>Tenax il celebre locale di via Pratese a Firenze<\/strong> riapre i battenti e <strong>festeggia i suoi primi 40 anni.<\/strong><\/p>\n<p>Una storia scolpita sul muro di ingresso del locale che ha visto esibirsi sul suo palco artisti del calibro di <strong>Franco Battiato, Radiohead, Daft Punk, Ben Harper, Virgin Prunes, Talk Talk, Grace Jones, Spandau Ballet, Visage, Bauhaus, Psychedelic Furs, New Order Sisters of Mercy<\/strong>, e big dell&#8217;elettronica come <strong>Bob Sinclair, Carl Cox, Dimitri From Paris, Sven Vath, St Germain, The Chemical Brothers, Adam Beyer, Ricardo Villalobos, Nina Kravitz, Peggy Gou, Chris Liebing, Alex Neri, Marco Faraone, Francesco Farfa<\/strong>, solo per citarne una piccolissima parte.<\/p>\n<p>Il Tenax torner\u00e0 a spalancare le sue porte <strong>sabato 2 aprile<\/strong> con l&#8217;iconica serata <em><strong>&#8220;Nobody&#8217;s Perfect&#8221;<\/strong><\/em> e due dj che hanno fatto la storia dei dancefloor di tutta Europa: <strong>Alex Neri e Riccardo Villalobos.<\/strong><\/p>\n<p>La loro \u00e8 <strong>la storia di un&#8217;amicizia, la storia di due sognatori<\/strong> che dopo una vita passata tra club e festival questo sabato si ritrovano, dopo diverso tempo, fra le mura del Tenax. <i>\u201cHo conosciuto Ricardo Villalobos a Ibiza una vita fa, prima che diventasse l\u2019artista che oggi tutti conosciamo, e gi\u00e0 a quel tempo rimasi incantato. &#8211; <\/i><strong>ha raccontato Alex Neri dj\u00a0resident del Tenax <\/strong><i>&#8211; \u00c8 un personaggio unico, tra tutti i DJ che hanno fatto il salto dall\u2019underground alla popolarit\u00e0, \u00e8 il solo che ha mantenuto intatta la sua identit\u00e0 musicale e la ricerca costante. Con lui \u00e8 sempre un piacere condividere la console e, in questo momento particolare della mia vita, non potevo chiedere di meglio\u201d.<\/i><\/p>\n<figure id=\"post-220955 media-220955\" class=\"align-none\"><img decoding=\"async\" src=\"https:\/\/www.intoscana.it\/wp-content\/uploads\/ricardo-villalobos-2.jpg\" alt=\"\" \/><\/figure>\n<div class=\"titleimg\"><em>Riccardo Villalobos<\/em><\/div>\n<p>Qualcuno lo ha definito <strong>\u201cil funambolo del giradischi\u201d,<\/strong> qualcun altro <strong>\u201clo sciamano della console\u201d<\/strong>. Comunque lo si voglia etichettare, <strong>Ricardo Villalobos<\/strong> \u00e8 un artista che vanta un rapporto quasi spirituale con i suoi sostenitori.<\/p>\n<p><strong>Fuggito in Germania dalla nat\u00eca Santiago del Chile<\/strong> a soli tre anni dopo <strong>il colpo di stato di Pinochet,<\/strong> Villalobos comincia a fare musica negli anni &#8217;80 con una residency al Box Club di Francoforte. <strong>Nel 1995 va per la prima volta ad Ibiza, e ne fa la sua seconda casa.<\/strong> Stringe amicizia con Sven V\u00e4th e suona all\u2019Amnesia nei party della Cocoon Recordings. Poi a cascata arrivano le produzioni per Perlon, Cadenza, Playhouse Recs, ECM, Assemble Music, Raum Musik e <strong>Sei Es Drum, la sua etichetta fondata nel 2007.<\/strong><\/p>\n<p>Artista sempre presente nei pi\u00f9 quotati festival internazionali, <strong>Villalobos trova la sua dimensione ideale nei club<\/strong>, dove \u00e8 forse pi\u00f9 facile stabilire un contatto con il pubblico. Certo, ogni tanto <strong>ama prendersi qualche rischio<\/strong>, ma \u00e8 proprio questa sua imprevedibilit\u00e0 a renderlo cos\u00ec speciale e cos\u00ec amato.<\/p>\n<figure id=\"post-220953 media-220953\" class=\"align-none\"><img decoding=\"async\" src=\"https:\/\/www.intoscana.it\/wp-content\/uploads\/ALEX-Neri-2.jpg\" alt=\"\" \/><\/figure>\n<div class=\"titleimg\"><strong>Alex Neri<\/strong><\/div>\n<p><strong>Alex Neri inizia la sua carriera giovanissimo<\/strong> e muove i suoi primi passi in numerosi club della Toscana. Sono gli anni della <strong>new wave, dell&#8217;electro funk e della garage<\/strong> influenzata dalla <strong>musica house degli anni &#8217;90<\/strong>, e in tempi rapidi Alex diventa famoso a livello globale grazie al suo stile unico.<\/p>\n<p>Impossibile non menzionare il suo<strong> sodalizio artistico e professionale con Marco Baroni,<\/strong> e le pubblicazioni uscite con<strong> Kamasutra<\/strong> adorate dal pubblico.<\/p>\n<p>A partire dal 1999 scala velocemente le classifiche europee con i <strong>Planet Funk, band con la quale \u00e8 ancora attivo<\/strong>. Ma la passione di Alex rimangono i club, dove riesce ad esprimere al meglio il suo genuino amore per la musica.<\/p>\n<p>Nel 2022 sar\u00e0 protagonista del rilancio della sua <strong>Wildflower Records,<\/strong> con uscite mensili, supportate da una importante campagna promozionale. A questo si aggiunge una residenza da poco confermata a Ibiza, da maggio ad ottobre.<\/p>\n<p>Negli ultimi tempi ho intrapreso <strong>un viaggio tutto personale, fatto di ricerca e sperimentazione<\/strong>, e per sabato 2 aprile ha in programma un dj set di apertura in vinile che far\u00e0 certamente parlare di s\u00e9.<\/p>\n<p>&nbsp;<\/p>\n","protected":false},"excerpt":{"rendered":"<p>Due amici, due sognatori si ritroveranno in consolle insieme sabato 2 aprile per una delle serate iconiche del celebre locale fiorentino: &#8220;Nobody&#8217;s Perfect&#8221;<\/p>\n","protected":false},"author":518,"featured_media":220956,"comment_status":"open","ping_status":"open","sticky":false,"template":"","format":"standard","meta":{"_acf_changed":false,"footnotes":""},"categories":[14],"tags":[216,202,167],"class_list":["post-221084","post","type-post","status-publish","format-standard","has-post-thumbnail","hentry","category-musica","tag-concerti","tag-firenze","tag-musica"],"acf":[],"yoast_head":"<!-- This site is optimized with the Yoast SEO Premium plugin v24.2 (Yoast SEO v25.6) - https:\/\/yoast.com\/wordpress\/plugins\/seo\/ -->\n<title>Riapre il Tenax con capienza al 100%: in consolle Riccardo Villalobos e Alex Neri - intoscana<\/title>\n<meta name=\"description\" content=\"Due amici, due sognatori si ritroveranno in consolle insieme sabato 2 aprile per una delle serate iconiche del celebre locale fiorentino\" \/>\n<meta name=\"robots\" content=\"index, follow, max-snippet:-1, max-image-preview:large, max-video-preview:-1\" \/>\n<link rel=\"canonical\" href=\"https:\/\/www.intoscana.it\/it\/riapre-il-tenax-con-capienza-al-100-in-consolle-riccardo-villalobos-e-alex-neri\/\" \/>\n<meta property=\"og:locale\" content=\"it_IT\" \/>\n<meta property=\"og:type\" content=\"article\" \/>\n<meta property=\"og:title\" content=\"Riapre il Tenax con capienza al 100%: in consolle Riccardo Villalobos e Alex Neri\" \/>\n<meta property=\"og:description\" content=\"Due amici, due sognatori si ritroveranno in consolle insieme sabato 2 aprile per una delle serate iconiche del celebre locale fiorentino\" \/>\n<meta property=\"og:url\" content=\"https:\/\/www.intoscana.it\/it\/riapre-il-tenax-con-capienza-al-100-in-consolle-riccardo-villalobos-e-alex-neri\/\" \/>\n<meta property=\"og:site_name\" content=\"intoscana\" \/>\n<meta property=\"article:publisher\" content=\"https:\/\/www.facebook.com\/intoscana.it\" \/>\n<meta property=\"article:published_time\" content=\"2022-03-31T08:46:10+00:00\" \/>\n<meta property=\"article:modified_time\" content=\"2022-03-31T13:24:07+00:00\" \/>\n<meta property=\"og:image\" content=\"https:\/\/www.intoscana.it\/wp-content\/uploads\/Tenax-Immagine-di-Repertorio.jpg\" \/>\n\t<meta property=\"og:image:width\" content=\"1000\" \/>\n\t<meta property=\"og:image:height\" content=\"666\" \/>\n\t<meta property=\"og:image:type\" content=\"image\/jpeg\" \/>\n<meta name=\"author\" content=\"Costanza Baldini\" \/>\n<meta name=\"twitter:card\" content=\"summary_large_image\" \/>\n<meta name=\"twitter:creator\" content=\"@intoscana\" \/>\n<meta name=\"twitter:site\" content=\"@intoscana\" \/>\n<meta name=\"twitter:label1\" content=\"Written by\" \/>\n\t<meta name=\"twitter:data1\" content=\"Costanza Baldini\" \/>\n\t<meta name=\"twitter:label2\" content=\"Est. reading time\" \/>\n\t<meta name=\"twitter:data2\" content=\"3 minuti\" \/>\n<script type=\"application\/ld+json\" class=\"yoast-schema-graph\">{\"@context\":\"https:\/\/schema.org\",\"@graph\":[{\"@type\":\"WebPage\",\"@id\":\"https:\/\/www.intoscana.it\/it\/riapre-il-tenax-con-capienza-al-100-in-consolle-riccardo-villalobos-e-alex-neri\/\",\"url\":\"https:\/\/www.intoscana.it\/it\/riapre-il-tenax-con-capienza-al-100-in-consolle-riccardo-villalobos-e-alex-neri\/\",\"name\":\"Riapre il Tenax con capienza al 100%: in consolle Riccardo Villalobos e Alex Neri - intoscana\",\"isPartOf\":{\"@id\":\"https:\/\/www.intoscana.it\/it\/#website\"},\"primaryImageOfPage\":{\"@id\":\"https:\/\/www.intoscana.it\/it\/riapre-il-tenax-con-capienza-al-100-in-consolle-riccardo-villalobos-e-alex-neri\/#primaryimage\"},\"image\":{\"@id\":\"https:\/\/www.intoscana.it\/it\/riapre-il-tenax-con-capienza-al-100-in-consolle-riccardo-villalobos-e-alex-neri\/#primaryimage\"},\"thumbnailUrl\":\"https:\/\/www.intoscana.it\/wp-content\/uploads\/Tenax-Immagine-di-Repertorio.jpg\",\"datePublished\":\"2022-03-31T08:46:10+00:00\",\"dateModified\":\"2022-03-31T13:24:07+00:00\",\"author\":{\"@id\":\"https:\/\/www.intoscana.it\/it\/#\/schema\/person\/d469f35f09739bdf00bf5dd3f0647a82\"},\"description\":\"Due amici, due sognatori si ritroveranno in consolle insieme sabato 2 aprile per una delle serate iconiche del celebre locale fiorentino\",\"breadcrumb\":{\"@id\":\"https:\/\/www.intoscana.it\/it\/riapre-il-tenax-con-capienza-al-100-in-consolle-riccardo-villalobos-e-alex-neri\/#breadcrumb\"},\"inLanguage\":\"it-IT\",\"potentialAction\":[{\"@type\":\"ReadAction\",\"target\":[\"https:\/\/www.intoscana.it\/it\/riapre-il-tenax-con-capienza-al-100-in-consolle-riccardo-villalobos-e-alex-neri\/\"]}]},{\"@type\":\"ImageObject\",\"inLanguage\":\"it-IT\",\"@id\":\"https:\/\/www.intoscana.it\/it\/riapre-il-tenax-con-capienza-al-100-in-consolle-riccardo-villalobos-e-alex-neri\/#primaryimage\",\"url\":\"https:\/\/www.intoscana.it\/wp-content\/uploads\/Tenax-Immagine-di-Repertorio.jpg\",\"contentUrl\":\"https:\/\/www.intoscana.it\/wp-content\/uploads\/Tenax-Immagine-di-Repertorio.jpg\",\"width\":1000,\"height\":666},{\"@type\":\"BreadcrumbList\",\"@id\":\"https:\/\/www.intoscana.it\/it\/riapre-il-tenax-con-capienza-al-100-in-consolle-riccardo-villalobos-e-alex-neri\/#breadcrumb\",\"itemListElement\":[{\"@type\":\"ListItem\",\"position\":1,\"name\":\"Home\",\"item\":\"https:\/\/www.intoscana.it\/it\/\"},{\"@type\":\"ListItem\",\"position\":2,\"name\":\"Riapre il Tenax con capienza al 100%: in consolle Riccardo Villalobos e Alex Neri\"}]},{\"@type\":\"WebSite\",\"@id\":\"https:\/\/www.intoscana.it\/it\/#website\",\"url\":\"https:\/\/www.intoscana.it\/it\/\",\"name\":\"intoscana\",\"description\":\"\",\"potentialAction\":[{\"@type\":\"SearchAction\",\"target\":{\"@type\":\"EntryPoint\",\"urlTemplate\":\"https:\/\/www.intoscana.it\/it\/?s={search_term_string}\"},\"query-input\":{\"@type\":\"PropertyValueSpecification\",\"valueRequired\":true,\"valueName\":\"search_term_string\"}}],\"inLanguage\":\"it-IT\"},{\"@type\":\"Person\",\"@id\":\"https:\/\/www.intoscana.it\/it\/#\/schema\/person\/d469f35f09739bdf00bf5dd3f0647a82\",\"name\":\"Costanza Baldini\",\"url\":\"https:\/\/www.intoscana.it\/it\/author\/costanza-baldini\/\"}]}<\/script>\n<!-- \/ Yoast SEO Premium plugin. -->","yoast_head_json":{"title":"Riapre il Tenax con capienza al 100%: in consolle Riccardo Villalobos e Alex Neri - intoscana","description":"Due amici, due sognatori si ritroveranno in consolle insieme sabato 2 aprile per una delle serate iconiche del celebre locale fiorentino","robots":{"index":"index","follow":"follow","max-snippet":"max-snippet:-1","max-image-preview":"max-image-preview:large","max-video-preview":"max-video-preview:-1"},"canonical":"https:\/\/www.intoscana.it\/it\/riapre-il-tenax-con-capienza-al-100-in-consolle-riccardo-villalobos-e-alex-neri\/","og_locale":"it_IT","og_type":"article","og_title":"Riapre il Tenax con capienza al 100%: in consolle Riccardo Villalobos e Alex Neri","og_description":"Due amici, due sognatori si ritroveranno in consolle insieme sabato 2 aprile per una delle serate iconiche del celebre locale fiorentino","og_url":"https:\/\/www.intoscana.it\/it\/riapre-il-tenax-con-capienza-al-100-in-consolle-riccardo-villalobos-e-alex-neri\/","og_site_name":"intoscana","article_publisher":"https:\/\/www.facebook.com\/intoscana.it","article_published_time":"2022-03-31T08:46:10+00:00","article_modified_time":"2022-03-31T13:24:07+00:00","og_image":[{"width":1000,"height":666,"url":"https:\/\/www.intoscana.it\/wp-content\/uploads\/Tenax-Immagine-di-Repertorio.jpg","type":"image\/jpeg"}],"author":"Costanza Baldini","twitter_card":"summary_large_image","twitter_creator":"@intoscana","twitter_site":"@intoscana","twitter_misc":{"Written by":"Costanza Baldini","Est. reading time":"3 minuti"},"schema":{"@context":"https:\/\/schema.org","@graph":[{"@type":"WebPage","@id":"https:\/\/www.intoscana.it\/it\/riapre-il-tenax-con-capienza-al-100-in-consolle-riccardo-villalobos-e-alex-neri\/","url":"https:\/\/www.intoscana.it\/it\/riapre-il-tenax-con-capienza-al-100-in-consolle-riccardo-villalobos-e-alex-neri\/","name":"Riapre il Tenax con capienza al 100%: in consolle Riccardo Villalobos e Alex Neri - intoscana","isPartOf":{"@id":"https:\/\/www.intoscana.it\/it\/#website"},"primaryImageOfPage":{"@id":"https:\/\/www.intoscana.it\/it\/riapre-il-tenax-con-capienza-al-100-in-consolle-riccardo-villalobos-e-alex-neri\/#primaryimage"},"image":{"@id":"https:\/\/www.intoscana.it\/it\/riapre-il-tenax-con-capienza-al-100-in-consolle-riccardo-villalobos-e-alex-neri\/#primaryimage"},"thumbnailUrl":"https:\/\/www.intoscana.it\/wp-content\/uploads\/Tenax-Immagine-di-Repertorio.jpg","datePublished":"2022-03-31T08:46:10+00:00","dateModified":"2022-03-31T13:24:07+00:00","author":{"@id":"https:\/\/www.intoscana.it\/it\/#\/schema\/person\/d469f35f09739bdf00bf5dd3f0647a82"},"description":"Due amici, due sognatori si ritroveranno in consolle insieme sabato 2 aprile per una delle serate iconiche del celebre locale fiorentino","breadcrumb":{"@id":"https:\/\/www.intoscana.it\/it\/riapre-il-tenax-con-capienza-al-100-in-consolle-riccardo-villalobos-e-alex-neri\/#breadcrumb"},"inLanguage":"it-IT","potentialAction":[{"@type":"ReadAction","target":["https:\/\/www.intoscana.it\/it\/riapre-il-tenax-con-capienza-al-100-in-consolle-riccardo-villalobos-e-alex-neri\/"]}]},{"@type":"ImageObject","inLanguage":"it-IT","@id":"https:\/\/www.intoscana.it\/it\/riapre-il-tenax-con-capienza-al-100-in-consolle-riccardo-villalobos-e-alex-neri\/#primaryimage","url":"https:\/\/www.intoscana.it\/wp-content\/uploads\/Tenax-Immagine-di-Repertorio.jpg","contentUrl":"https:\/\/www.intoscana.it\/wp-content\/uploads\/Tenax-Immagine-di-Repertorio.jpg","width":1000,"height":666},{"@type":"BreadcrumbList","@id":"https:\/\/www.intoscana.it\/it\/riapre-il-tenax-con-capienza-al-100-in-consolle-riccardo-villalobos-e-alex-neri\/#breadcrumb","itemListElement":[{"@type":"ListItem","position":1,"name":"Home","item":"https:\/\/www.intoscana.it\/it\/"},{"@type":"ListItem","position":2,"name":"Riapre il Tenax con capienza al 100%: in consolle Riccardo Villalobos e Alex Neri"}]},{"@type":"WebSite","@id":"https:\/\/www.intoscana.it\/it\/#website","url":"https:\/\/www.intoscana.it\/it\/","name":"intoscana","description":"","potentialAction":[{"@type":"SearchAction","target":{"@type":"EntryPoint","urlTemplate":"https:\/\/www.intoscana.it\/it\/?s={search_term_string}"},"query-input":{"@type":"PropertyValueSpecification","valueRequired":true,"valueName":"search_term_string"}}],"inLanguage":"it-IT"},{"@type":"Person","@id":"https:\/\/www.intoscana.it\/it\/#\/schema\/person\/d469f35f09739bdf00bf5dd3f0647a82","name":"Costanza Baldini","url":"https:\/\/www.intoscana.it\/it\/author\/costanza-baldini\/"}]}},"_links":{"self":[{"href":"https:\/\/www.intoscana.it\/it\/wp-json\/wp\/v2\/posts\/221084","targetHints":{"allow":["GET"]}}],"collection":[{"href":"https:\/\/www.intoscana.it\/it\/wp-json\/wp\/v2\/posts"}],"about":[{"href":"https:\/\/www.intoscana.it\/it\/wp-json\/wp\/v2\/types\/post"}],"author":[{"embeddable":true,"href":"https:\/\/www.intoscana.it\/it\/wp-json\/wp\/v2\/users\/518"}],"replies":[{"embeddable":true,"href":"https:\/\/www.intoscana.it\/it\/wp-json\/wp\/v2\/comments?post=221084"}],"version-history":[{"count":0,"href":"https:\/\/www.intoscana.it\/it\/wp-json\/wp\/v2\/posts\/221084\/revisions"}],"wp:featuredmedia":[{"embeddable":true,"href":"https:\/\/www.intoscana.it\/it\/wp-json\/wp\/v2\/media\/220956"}],"wp:attachment":[{"href":"https:\/\/www.intoscana.it\/it\/wp-json\/wp\/v2\/media?parent=221084"}],"wp:term":[{"taxonomy":"category","embeddable":true,"href":"https:\/\/www.intoscana.it\/it\/wp-json\/wp\/v2\/categories?post=221084"},{"taxonomy":"post_tag","embeddable":true,"href":"https:\/\/www.intoscana.it\/it\/wp-json\/wp\/v2\/tags?post=221084"}],"curies":[{"name":"wp","href":"https:\/\/api.w.org\/{rel}","templated":true}]}}