{"id":221191,"date":"2022-03-31T15:04:10","date_gmt":"2022-03-31T13:04:10","guid":{"rendered":"https:\/\/www.intoscana.it\/it\/?p=221191"},"modified":"2022-03-31T15:11:20","modified_gmt":"2022-03-31T13:11:20","slug":"bando-cooperative-comunita-regione-toscana","status":"publish","type":"post","link":"https:\/\/www.intoscana.it\/it\/bando-cooperative-comunita-regione-toscana\/","title":{"rendered":"Nuovo bando per le Cooperative di Comunit\u00e0: sono gi\u00e0 quattro i paesi interessati"},"content":{"rendered":"<p><strong>Legri<\/strong> nel comune di Calenzano, <strong>Casaglia<\/strong> a Montecatini in Val di Cecina, la frazione di <strong>Selva<\/strong> a Santa Fiora sull\u2019Amiata e<strong> Trassilico<\/strong> a Gallicano sono <strong>i primi quattro paesi<\/strong>\u00a0ad aderire al progetto della <strong>Regione Toscana<\/strong> delle <strong>Cooperative di Comunit\u00e0.<\/strong><\/p>\n<p><strong>Cittadini di Legri, Casaglia, Selva e Trassilico<\/strong> hanno manifestato la voglia di provarci durante un seminario organizzato a Firenze dalla <strong>Regione assieme ad Anci Toscana, l\u2019associazione dei Comuni<\/strong>.<\/p>\n<p>Lo faranno grazie ai <strong>contributi a fondo perduto messi a disposizione dalla Regione.<\/strong><em> \u201cNoi mettiamo\u00a0le risorse per partire: poi per\u00f2 le aziende dovranno reggersi sulle proprie gambe\u201d <\/em><strong>spiega l\u2019assessore all\u2019economia della Toscana, Leonardo Marras<\/strong><em>.<\/em><\/p>\n<p>Un modo per creare dal basso occasioni di sviluppo in <strong>borghi ed aree interne, marginali, periferiche e a rischio di spopolamento<\/strong><em>. \u201cUn progetto ambizioso e contagioso \u2013 <\/em><strong>aggiunge sempre Marras<\/strong><em> \u2013 per creare \u00a0imprese dove oggi non c\u2019\u00e8 mercato o il mercato ha fallito: sfida che pu\u00f2 essere vinta se si mettono insieme ragioni ed esigenze non solo economiche, come quelle legate all\u2019offerta di servizi che oggi non ci sono, recuperando energie comunitarie per un\u2019impresa ibrida che gestisce in parte funzioni di utilit\u00e0 pubblica\u201d.<\/em><\/p>\n<h3>Cosa sono le Cooperative di Comunit\u00e0<\/h3>\n<p><strong>Le cooperative di comunit\u00e0<\/strong> sono una quarantina di realt\u00e0 e progetti diversi tuttora in essere, molti sono stati avviati nel 2018, quando la Regione li finanzi\u00f2 con poco meno di due milioni di euro<\/p>\n<p>Operano nei borghi pi\u00f9 speduti, in montagna o in aperta campagna. C\u2019\u00e8 chi ha deciso di puntare sulla valorizzazione dei <strong>prodotti agricoli ed agroalimentari<\/strong> del territorio e chi \u00e8 partito dall\u2019<strong>economia circolare e dal riciclo<\/strong>, c\u2019\u00e8 offre <strong>servizi di turismo sostenibile<\/strong> e chi prova a riunire <strong>produzioni locali, tradizione ed innovazione tecnologica.<\/strong><\/p>\n<p><em>\u201cQueste esperienze\u00a0sono osservate con attenzione anche dal Ministero<\/em> \u2013 spiega Marras &#8211;<em> come\u00a0un modello di riferimento a livello nazionale. La Toscana \u00e8 infatti all\u2019avanguardia ed auspichiamo che sulle cooperative di comunit\u00e0 ci sia una legge nazionale\u201d.<\/em><\/p>\n<p>A fine 2020 sono arrivati altri <strong>800 mila euro di fondi europei Fesr-Fse<\/strong> per ulteriori dieci iniziative di rete.<\/p>\n<p><strong>Il bando da un milione e duecentomila euro<\/strong> \u00e8 stato pubblicato il 21 marzo sul sito di <strong>Sviluppo Toscana<\/strong> (<strong><a href=\"https:\/\/www.sviluppo.toscana.it\/coop_comunita2022\" target=\"_blank\" rel=\"noopener\">https:\/\/www.sviluppo.toscana.it\/coop_comunita2022<\/a><\/strong>), per sostenere le cooperative che gi\u00e0 esistono ma anche aiutare la nascita di nuove.<\/p>\n<h3>Come partecipare al bando per le Cooperative di Comunit\u00e0<\/h3>\n<p>Per presentare un progetto e chiederne il finanziamento <strong>non c\u2019\u00e8 una scadenza:<\/strong> si potr\u00e0 fare fino a quando le risorse messe a disposizione non saranno esaurite.<\/p>\n<p>I progetti e programmi di investimento dovranno comunque tutti <strong>essere rendicontati entro il 30 aprile 2023<\/strong>.<\/p>\n<p>Potranno partecipare al bando <strong>singole cooperative o anche reti di imprese,<\/strong> che per\u00f2 dovranno includere almeno dieci cooperative di cinque province toscane diverse.<\/p>\n<p>Sono <strong>previsti contributi a fondo perduto da 20 mila a 200 mila euro,<\/strong> pari all\u2019<strong>80% dei costi ammessi.<\/strong><\/p>\n<p><iframe loading=\"lazy\" title=\"YouTube video player\" src=\"https:\/\/www.youtube.com\/embed\/Cv5DetgB3d0\" width=\"800\" height=\"500\" frameborder=\"0\" allowfullscreen=\"allowfullscreen\"><span data-mce-type=\"bookmark\" style=\"display: inline-block; width: 0px; overflow: hidden; line-height: 0;\" class=\"mce_SELRES_start\">\ufeff<\/span><\/iframe><\/p>\n","protected":false},"excerpt":{"rendered":"<p>Il bando da un milione e duecento mila euro \u00e8 dedicato\u00a0ai\u00a0borghi e alle aree interne, marginali, periferiche e a rischio di spopolamento della Toscana<\/p>\n","protected":false},"author":525,"featured_media":104528,"comment_status":"open","ping_status":"open","sticky":false,"template":"","format":"standard","meta":{"_acf_changed":false,"footnotes":""},"categories":[9],"tags":[289,151],"class_list":["post-221191","post","type-post","status-publish","format-standard","has-post-thumbnail","hentry","category-made-in-toscana","tag-cooperative-di-comunita","tag-regione-toscana"],"acf":[],"yoast_head":"<!-- This site is optimized with the Yoast SEO Premium plugin v24.2 (Yoast SEO v25.6) - https:\/\/yoast.com\/wordpress\/plugins\/seo\/ -->\n<title>Nuovo bando per le Cooperative di Comunit\u00e0: sono gi\u00e0 quattro i paesi interessati - intoscana<\/title>\n<meta name=\"description\" content=\"Il bando da un milione e duecento mila euro \u00e8 dedicato\u00a0ai\u00a0borghi e alle aree oggi interne, marginali e periferiche della Toscana\" \/>\n<meta name=\"robots\" content=\"index, follow, max-snippet:-1, max-image-preview:large, max-video-preview:-1\" \/>\n<link rel=\"canonical\" href=\"https:\/\/www.intoscana.it\/it\/bando-cooperative-comunita-regione-toscana\/\" \/>\n<meta property=\"og:locale\" content=\"it_IT\" \/>\n<meta property=\"og:type\" content=\"article\" \/>\n<meta property=\"og:title\" content=\"Nuovo bando per le Cooperative di Comunit\u00e0: sono gi\u00e0 quattro i paesi interessati\" \/>\n<meta property=\"og:description\" content=\"Il bando da un milione e duecento mila euro \u00e8 dedicato\u00a0ai\u00a0borghi e alle aree oggi interne, marginali e periferiche della Toscana\" \/>\n<meta property=\"og:url\" content=\"https:\/\/www.intoscana.it\/it\/bando-cooperative-comunita-regione-toscana\/\" \/>\n<meta property=\"og:site_name\" content=\"intoscana\" \/>\n<meta property=\"article:publisher\" content=\"https:\/\/www.facebook.com\/intoscana.it\" \/>\n<meta property=\"article:published_time\" content=\"2022-03-31T13:04:10+00:00\" \/>\n<meta property=\"article:modified_time\" content=\"2022-03-31T13:11:20+00:00\" \/>\n<meta property=\"og:image\" content=\"https:\/\/www.intoscana.it\/wp-content\/uploads\/santa_fiora_001.jpg\" \/>\n\t<meta property=\"og:image:width\" content=\"1200\" \/>\n\t<meta property=\"og:image:height\" content=\"750\" \/>\n\t<meta property=\"og:image:type\" content=\"image\/jpeg\" \/>\n<meta name=\"author\" content=\"Redazione\" \/>\n<meta name=\"twitter:card\" content=\"summary_large_image\" \/>\n<meta name=\"twitter:creator\" content=\"@intoscana\" \/>\n<meta name=\"twitter:site\" content=\"@intoscana\" \/>\n<meta name=\"twitter:label1\" content=\"Written by\" \/>\n\t<meta name=\"twitter:data1\" content=\"Redazione\" \/>\n\t<meta name=\"twitter:label2\" content=\"Est. reading time\" \/>\n\t<meta name=\"twitter:data2\" content=\"2 minuti\" \/>\n<script type=\"application\/ld+json\" class=\"yoast-schema-graph\">{\"@context\":\"https:\/\/schema.org\",\"@graph\":[{\"@type\":\"WebPage\",\"@id\":\"https:\/\/www.intoscana.it\/it\/bando-cooperative-comunita-regione-toscana\/\",\"url\":\"https:\/\/www.intoscana.it\/it\/bando-cooperative-comunita-regione-toscana\/\",\"name\":\"Nuovo bando per le Cooperative di Comunit\u00e0: sono gi\u00e0 quattro i paesi interessati - intoscana\",\"isPartOf\":{\"@id\":\"https:\/\/www.intoscana.it\/it\/#website\"},\"primaryImageOfPage\":{\"@id\":\"https:\/\/www.intoscana.it\/it\/bando-cooperative-comunita-regione-toscana\/#primaryimage\"},\"image\":{\"@id\":\"https:\/\/www.intoscana.it\/it\/bando-cooperative-comunita-regione-toscana\/#primaryimage\"},\"thumbnailUrl\":\"https:\/\/www.intoscana.it\/wp-content\/uploads\/santa_fiora_001.jpg\",\"datePublished\":\"2022-03-31T13:04:10+00:00\",\"dateModified\":\"2022-03-31T13:11:20+00:00\",\"author\":{\"@id\":\"https:\/\/www.intoscana.it\/it\/#\/schema\/person\/9223810753230f20bd670fdd322661f8\"},\"description\":\"Il bando da un milione e duecento mila euro \u00e8 dedicato\u00a0ai\u00a0borghi e alle aree oggi interne, marginali e periferiche della Toscana\",\"breadcrumb\":{\"@id\":\"https:\/\/www.intoscana.it\/it\/bando-cooperative-comunita-regione-toscana\/#breadcrumb\"},\"inLanguage\":\"it-IT\",\"potentialAction\":[{\"@type\":\"ReadAction\",\"target\":[\"https:\/\/www.intoscana.it\/it\/bando-cooperative-comunita-regione-toscana\/\"]}]},{\"@type\":\"ImageObject\",\"inLanguage\":\"it-IT\",\"@id\":\"https:\/\/www.intoscana.it\/it\/bando-cooperative-comunita-regione-toscana\/#primaryimage\",\"url\":\"https:\/\/www.intoscana.it\/wp-content\/uploads\/santa_fiora_001.jpg\",\"contentUrl\":\"https:\/\/www.intoscana.it\/wp-content\/uploads\/santa_fiora_001.jpg\",\"width\":1200,\"height\":750,\"caption\":\"Santa Fiora\"},{\"@type\":\"BreadcrumbList\",\"@id\":\"https:\/\/www.intoscana.it\/it\/bando-cooperative-comunita-regione-toscana\/#breadcrumb\",\"itemListElement\":[{\"@type\":\"ListItem\",\"position\":1,\"name\":\"Home\",\"item\":\"https:\/\/www.intoscana.it\/it\/\"},{\"@type\":\"ListItem\",\"position\":2,\"name\":\"Nuovo bando per le Cooperative di Comunit\u00e0: sono gi\u00e0 quattro i paesi interessati\"}]},{\"@type\":\"WebSite\",\"@id\":\"https:\/\/www.intoscana.it\/it\/#website\",\"url\":\"https:\/\/www.intoscana.it\/it\/\",\"name\":\"intoscana\",\"description\":\"\",\"potentialAction\":[{\"@type\":\"SearchAction\",\"target\":{\"@type\":\"EntryPoint\",\"urlTemplate\":\"https:\/\/www.intoscana.it\/it\/?s={search_term_string}\"},\"query-input\":{\"@type\":\"PropertyValueSpecification\",\"valueRequired\":true,\"valueName\":\"search_term_string\"}}],\"inLanguage\":\"it-IT\"},{\"@type\":\"Person\",\"@id\":\"https:\/\/www.intoscana.it\/it\/#\/schema\/person\/9223810753230f20bd670fdd322661f8\",\"name\":\"Redazione\",\"url\":\"https:\/\/www.intoscana.it\/it\/author\/redazione\/\"}]}<\/script>\n<!-- \/ Yoast SEO Premium plugin. -->","yoast_head_json":{"title":"Nuovo bando per le Cooperative di Comunit\u00e0: sono gi\u00e0 quattro i paesi interessati - intoscana","description":"Il bando da un milione e duecento mila euro \u00e8 dedicato\u00a0ai\u00a0borghi e alle aree oggi interne, marginali e periferiche della Toscana","robots":{"index":"index","follow":"follow","max-snippet":"max-snippet:-1","max-image-preview":"max-image-preview:large","max-video-preview":"max-video-preview:-1"},"canonical":"https:\/\/www.intoscana.it\/it\/bando-cooperative-comunita-regione-toscana\/","og_locale":"it_IT","og_type":"article","og_title":"Nuovo bando per le Cooperative di Comunit\u00e0: sono gi\u00e0 quattro i paesi interessati","og_description":"Il bando da un milione e duecento mila euro \u00e8 dedicato\u00a0ai\u00a0borghi e alle aree oggi interne, marginali e periferiche della Toscana","og_url":"https:\/\/www.intoscana.it\/it\/bando-cooperative-comunita-regione-toscana\/","og_site_name":"intoscana","article_publisher":"https:\/\/www.facebook.com\/intoscana.it","article_published_time":"2022-03-31T13:04:10+00:00","article_modified_time":"2022-03-31T13:11:20+00:00","og_image":[{"width":1200,"height":750,"url":"https:\/\/www.intoscana.it\/wp-content\/uploads\/santa_fiora_001.jpg","type":"image\/jpeg"}],"author":"Redazione","twitter_card":"summary_large_image","twitter_creator":"@intoscana","twitter_site":"@intoscana","twitter_misc":{"Written by":"Redazione","Est. reading time":"2 minuti"},"schema":{"@context":"https:\/\/schema.org","@graph":[{"@type":"WebPage","@id":"https:\/\/www.intoscana.it\/it\/bando-cooperative-comunita-regione-toscana\/","url":"https:\/\/www.intoscana.it\/it\/bando-cooperative-comunita-regione-toscana\/","name":"Nuovo bando per le Cooperative di Comunit\u00e0: sono gi\u00e0 quattro i paesi interessati - intoscana","isPartOf":{"@id":"https:\/\/www.intoscana.it\/it\/#website"},"primaryImageOfPage":{"@id":"https:\/\/www.intoscana.it\/it\/bando-cooperative-comunita-regione-toscana\/#primaryimage"},"image":{"@id":"https:\/\/www.intoscana.it\/it\/bando-cooperative-comunita-regione-toscana\/#primaryimage"},"thumbnailUrl":"https:\/\/www.intoscana.it\/wp-content\/uploads\/santa_fiora_001.jpg","datePublished":"2022-03-31T13:04:10+00:00","dateModified":"2022-03-31T13:11:20+00:00","author":{"@id":"https:\/\/www.intoscana.it\/it\/#\/schema\/person\/9223810753230f20bd670fdd322661f8"},"description":"Il bando da un milione e duecento mila euro \u00e8 dedicato\u00a0ai\u00a0borghi e alle aree oggi interne, marginali e periferiche della Toscana","breadcrumb":{"@id":"https:\/\/www.intoscana.it\/it\/bando-cooperative-comunita-regione-toscana\/#breadcrumb"},"inLanguage":"it-IT","potentialAction":[{"@type":"ReadAction","target":["https:\/\/www.intoscana.it\/it\/bando-cooperative-comunita-regione-toscana\/"]}]},{"@type":"ImageObject","inLanguage":"it-IT","@id":"https:\/\/www.intoscana.it\/it\/bando-cooperative-comunita-regione-toscana\/#primaryimage","url":"https:\/\/www.intoscana.it\/wp-content\/uploads\/santa_fiora_001.jpg","contentUrl":"https:\/\/www.intoscana.it\/wp-content\/uploads\/santa_fiora_001.jpg","width":1200,"height":750,"caption":"Santa Fiora"},{"@type":"BreadcrumbList","@id":"https:\/\/www.intoscana.it\/it\/bando-cooperative-comunita-regione-toscana\/#breadcrumb","itemListElement":[{"@type":"ListItem","position":1,"name":"Home","item":"https:\/\/www.intoscana.it\/it\/"},{"@type":"ListItem","position":2,"name":"Nuovo bando per le Cooperative di Comunit\u00e0: sono gi\u00e0 quattro i paesi interessati"}]},{"@type":"WebSite","@id":"https:\/\/www.intoscana.it\/it\/#website","url":"https:\/\/www.intoscana.it\/it\/","name":"intoscana","description":"","potentialAction":[{"@type":"SearchAction","target":{"@type":"EntryPoint","urlTemplate":"https:\/\/www.intoscana.it\/it\/?s={search_term_string}"},"query-input":{"@type":"PropertyValueSpecification","valueRequired":true,"valueName":"search_term_string"}}],"inLanguage":"it-IT"},{"@type":"Person","@id":"https:\/\/www.intoscana.it\/it\/#\/schema\/person\/9223810753230f20bd670fdd322661f8","name":"Redazione","url":"https:\/\/www.intoscana.it\/it\/author\/redazione\/"}]}},"_links":{"self":[{"href":"https:\/\/www.intoscana.it\/it\/wp-json\/wp\/v2\/posts\/221191","targetHints":{"allow":["GET"]}}],"collection":[{"href":"https:\/\/www.intoscana.it\/it\/wp-json\/wp\/v2\/posts"}],"about":[{"href":"https:\/\/www.intoscana.it\/it\/wp-json\/wp\/v2\/types\/post"}],"author":[{"embeddable":true,"href":"https:\/\/www.intoscana.it\/it\/wp-json\/wp\/v2\/users\/525"}],"replies":[{"embeddable":true,"href":"https:\/\/www.intoscana.it\/it\/wp-json\/wp\/v2\/comments?post=221191"}],"version-history":[{"count":0,"href":"https:\/\/www.intoscana.it\/it\/wp-json\/wp\/v2\/posts\/221191\/revisions"}],"wp:featuredmedia":[{"embeddable":true,"href":"https:\/\/www.intoscana.it\/it\/wp-json\/wp\/v2\/media\/104528"}],"wp:attachment":[{"href":"https:\/\/www.intoscana.it\/it\/wp-json\/wp\/v2\/media?parent=221191"}],"wp:term":[{"taxonomy":"category","embeddable":true,"href":"https:\/\/www.intoscana.it\/it\/wp-json\/wp\/v2\/categories?post=221191"},{"taxonomy":"post_tag","embeddable":true,"href":"https:\/\/www.intoscana.it\/it\/wp-json\/wp\/v2\/tags?post=221191"}],"curies":[{"name":"wp","href":"https:\/\/api.w.org\/{rel}","templated":true}]}}