{"id":221288,"date":"2022-04-01T12:58:05","date_gmt":"2022-04-01T10:58:05","guid":{"rendered":"https:\/\/www.intoscana.it\/it\/?p=221288"},"modified":"2022-04-01T15:28:49","modified_gmt":"2022-04-01T13:28:49","slug":"giornata-mondiale-autismo-iniziative","status":"publish","type":"post","link":"https:\/\/www.intoscana.it\/it\/giornata-mondiale-autismo-iniziative\/","title":{"rendered":"Giornata mondiale sulla consapevolezza dell&#8217;autismo, la Toscana si mobilita e si tinge di blu"},"content":{"rendered":"<p><mark>In Italia sono oltre 20mila i bambini che soffrono di un disturbo del comportamento di tipo autistico <\/mark>, eppure sull&#8217;autismo sono ancora troppi i pregiudizi cos\u00ec come spiega <strong>Vincenzo Sette, direttore generale di Uecoop Toscana:<\/strong> \u201c<em>Occorre una societ\u00e0 pi\u00f9 inclusiva, altrimenti le persone autistiche non riusciranno ad inserirsi nel mondo del lavoro, soprattutto per gli ostacoli che una parte della societ\u00e0 pone ai soggetti autistici dall&#8217;asilo all&#8217;et\u00e0 adulta e per fare questo \u00e8 importante una collaborazione a tutti i livelli che veda coinvolti il settore pubblico con il meglio di quello privato come le cooperative italiane<\/em>\u201d.<\/p>\n<p>Domani, <strong>2 aprile<\/strong>, si celebra la <strong>Giornata mondiale della consapevolezza dell&#8217;autismo<\/strong>, una giornata istituita dall&#8217;assemblea Generale delle Nazioni Unite nel <strong>2007<\/strong> e da allora ogni 2 aprile i principali monumenti e palazzi simbolo delle citt\u00e0 di tutta Italia e del mondo si tingono di <strong>blu<\/strong> per accrescere conoscenza, informazione e consapevolezza su questo disturbo che si stima colpisca <strong>un bambino su 77.<\/strong><\/p>\n<h3>I luoghi simbolo si tingono di blu<\/h3>\n<p>Da domani e per tutto il week end in tutta la Toscana si terranno iniziative di sensibilizzazione e approfondimento. \u00a0Municipi, monumenti, musei si illumineranno di blu. Cos\u00ec come le vetrine dei negozi che aderiranno alla mobilitazione.<\/p>\n<p>Il blu, colore con tante sfumature come tanti sono gli autismi, colore delicato come delicati sono i bambini che ne soffrono, colore rassicurante e confortevole, aspetti cruciali nella vita di una persona autistica, sar\u00e0 il filo conduttore che unir\u00e0 in un unico grande messaggio tutto il Paese.<\/p>\n<h3>Le iniziative in Toscana<\/h3>\n<p>Domani in anteprima mondiale al Cinema La Compagnia di <strong>Firenze<\/strong> sar\u00e0 proiettato <strong>&#8220;<a href=\"https:\/\/www.intoscana.it\/it\/articolo\/i-mille-cancelli-di-filippo-storia-di-un-ragazzo-autistico-in-un-film\/\">I mille cancelli di Filippo<\/a>&#8220;<\/strong>, per la regia di Adamo Antonacci. Un documentario che racconta la\u00a0creativit\u00e0, le dinamiche familiari e le prospettive di\u00a0Filippo, ragazzo autistico di 25 anni, che dipinge porte e cancelli. Saranno presenti il presidente della Regione Toscana, Eugenio Giani, il sindaco del Comune di Firenze, Dario Nardella e altri rappresentati istituzionali insieme al protagonista e al regista. Atteso anche un videomessaggio dell&#8217;attore Alessandro Benvenuti, e di <strong>Elio delle Storie Tese<\/strong>, il cantante, padre di un ragazzo autistico \u00e8 da sempre impegnato nella battaglia per sensibilizzare lo Stato ad una maggiore presa in carico della malattia. \u00a0A <strong>Colle di Val D&#8217;Elsa<\/strong> al centro della giornata di domami ci sar\u00e0 il libro scritto da un bambino affetto da autismo che, attraverso semplici fumetti, fornisce indicazioni su come aiutare e comprendere i bisogni delle persone autistiche in alcuni momenti pi\u00f9 difficili. A <strong>Livorno<\/strong> domenica, 3 aprile,\u00a0 sulla Terrazza Mascagni \u00e8 in programma un flashmob con tanti palloncini blu cui seguir\u00e0 all\u2019interno dell\u2019Acquario di Livorno la presentazione della nuova storia della tartaruga Vittoria, \u201cCeci in mareee!\u201d, scritta da Giovanni Raimondi, biologo dell\u2019Acquario di Livorno e illustrata dalla mano di Marina Pardini.<\/p>\n<h3>A Prato un protocollo per l\u2019autismo<\/h3>\n<p>\u201c<mark><em>Nel 2018 il Comune di Prato fu capofila, assieme alle associazioni del territorio e a tutte le categorie economiche, di protocollo sull&#8217;autismo Authism friendly<\/em> <\/mark>&#8220;, ha spigato l\u2019assessore alle Pari opportunit\u00e0 Ilaria Santi del Comune di Prato. &#8220;<em>Quest\u2019anno<\/em> \u2013 ha aggiunto &#8211; A<em>ndiamo a rinnovarlo con l\u2019aggiunta delle adesioni dei Comuni della provincia e della Provincia stessa. Per noi questo \u00e8 un grande passo perch\u00e9 \u00e8 un modo di fare rete, di cercare di fare un&#8217;inclusione importante che \u00e8 quella dei ragazzi e degli adulti con sindrome autistica. \u00c8 cercare di abbattere gli stereotipi e aiutare anche chi non \u00e8 autistico a capire le problematiche e l&#8217;intelligenza dei ragazzi e degli adulti autistici. \u00c8 un modo per avere citt\u00e0 inclusive, comuni inclusivi<\/em>&#8220;.<\/p>\n<p>Tante le iniziative che la citt\u00e0 pratese ha in programma a partire da domani, tra queste il &#8220;<strong>Sentiero blu<\/strong>&#8220;, un percorso trekking lungo la via Francigena da Viterbo a Roma e tornando a Prato da Siena a S. Gimignano. I giovani \u201ccamminatori\u201d saranno poi accolti domani, 2 aprile, in palazzo comunale. Seminari, spettacoli teatrali, camminate inclusive e <strong>a maggio l\u2019inaugurazione di una panchina blu.<\/strong><\/p>\n","protected":false},"excerpt":{"rendered":"<p>Istituita dall&#8217;assemblea Generale delle Nazioni Unite, dal 2007 ogni 2 aprile \u00e8 dedicato a sensibilizzare sull&#8217;autismo: palazzi e monumenti si tingeranno di blu anche in Toscana dove sono i programma molte iniziative per accrescere la consapevolezza su questo disturbo che si stima colpisca un bambino su 77<\/p>\n","protected":false},"author":503,"featured_media":221305,"comment_status":"open","ping_status":"open","sticky":false,"template":"","format":"standard","meta":{"_acf_changed":false,"footnotes":""},"categories":[18],"tags":[395,5699,134,136],"class_list":["post-221288","post","type-post","status-publish","format-standard","has-post-thumbnail","hentry","category-salute","tag-eventi-in-toscana","tag-inclusione","tag-salute","tag-societa"],"acf":[],"yoast_head":"<!-- This site is optimized with the Yoast SEO Premium plugin v24.2 (Yoast SEO v25.6) - https:\/\/yoast.com\/wordpress\/plugins\/seo\/ -->\n<title>Giornata mondiale dell&#039;autismo, la Toscana si mobilita e si tinge di blu<\/title>\n<meta name=\"description\" content=\"Palazzi e monumenti si tingeranno di blu per accrescere la consapevolezza sull&#039;autismo che si stima colpisca un bambino su 77\" \/>\n<meta name=\"robots\" content=\"index, follow, max-snippet:-1, max-image-preview:large, max-video-preview:-1\" \/>\n<link rel=\"canonical\" href=\"https:\/\/www.intoscana.it\/it\/giornata-mondiale-autismo-iniziative\/\" \/>\n<meta property=\"og:locale\" content=\"it_IT\" \/>\n<meta property=\"og:type\" content=\"article\" \/>\n<meta property=\"og:title\" content=\"Giornata mondiale sulla consapevolezza dell&#039;autismo, la Toscana si mobilita e si tinge di blu\" \/>\n<meta property=\"og:description\" content=\"Palazzi e monumenti si tingeranno di blu per accrescere la consapevolezza sull&#039;autismo che si stima colpisca un bambino su 77\" \/>\n<meta property=\"og:url\" content=\"https:\/\/www.intoscana.it\/it\/giornata-mondiale-autismo-iniziative\/\" \/>\n<meta property=\"og:site_name\" content=\"intoscana\" \/>\n<meta property=\"article:publisher\" content=\"https:\/\/www.facebook.com\/intoscana.it\" \/>\n<meta property=\"article:published_time\" content=\"2022-04-01T10:58:05+00:00\" \/>\n<meta property=\"article:modified_time\" content=\"2022-04-01T13:28:49+00:00\" \/>\n<meta property=\"og:image\" content=\"https:\/\/www.intoscana.it\/wp-content\/uploads\/autismo-4-scaled.jpg\" \/>\n\t<meta property=\"og:image:width\" content=\"2048\" \/>\n\t<meta property=\"og:image:height\" content=\"1365\" \/>\n\t<meta property=\"og:image:type\" content=\"image\/jpeg\" \/>\n<meta name=\"author\" content=\"Giulia Rafanelli\" \/>\n<meta name=\"twitter:card\" content=\"summary_large_image\" \/>\n<meta name=\"twitter:creator\" content=\"@intoscana\" \/>\n<meta name=\"twitter:site\" content=\"@intoscana\" \/>\n<meta name=\"twitter:label1\" content=\"Written by\" \/>\n\t<meta name=\"twitter:data1\" content=\"Giulia Rafanelli\" \/>\n\t<meta name=\"twitter:label2\" content=\"Est. reading time\" \/>\n\t<meta name=\"twitter:data2\" content=\"3 minuti\" \/>\n<script type=\"application\/ld+json\" class=\"yoast-schema-graph\">{\"@context\":\"https:\/\/schema.org\",\"@graph\":[{\"@type\":\"WebPage\",\"@id\":\"https:\/\/www.intoscana.it\/it\/giornata-mondiale-autismo-iniziative\/\",\"url\":\"https:\/\/www.intoscana.it\/it\/giornata-mondiale-autismo-iniziative\/\",\"name\":\"Giornata mondiale dell'autismo, la Toscana si mobilita e si tinge di blu\",\"isPartOf\":{\"@id\":\"https:\/\/www.intoscana.it\/it\/#website\"},\"primaryImageOfPage\":{\"@id\":\"https:\/\/www.intoscana.it\/it\/giornata-mondiale-autismo-iniziative\/#primaryimage\"},\"image\":{\"@id\":\"https:\/\/www.intoscana.it\/it\/giornata-mondiale-autismo-iniziative\/#primaryimage\"},\"thumbnailUrl\":\"https:\/\/www.intoscana.it\/wp-content\/uploads\/autismo-4-scaled.jpg\",\"datePublished\":\"2022-04-01T10:58:05+00:00\",\"dateModified\":\"2022-04-01T13:28:49+00:00\",\"author\":{\"@id\":\"https:\/\/www.intoscana.it\/it\/#\/schema\/person\/333569b367b301e30262defcea56c939\"},\"description\":\"Palazzi e monumenti si tingeranno di blu per accrescere la consapevolezza sull'autismo che si stima colpisca un bambino su 77\",\"breadcrumb\":{\"@id\":\"https:\/\/www.intoscana.it\/it\/giornata-mondiale-autismo-iniziative\/#breadcrumb\"},\"inLanguage\":\"it-IT\",\"potentialAction\":[{\"@type\":\"ReadAction\",\"target\":[\"https:\/\/www.intoscana.it\/it\/giornata-mondiale-autismo-iniziative\/\"]}]},{\"@type\":\"ImageObject\",\"inLanguage\":\"it-IT\",\"@id\":\"https:\/\/www.intoscana.it\/it\/giornata-mondiale-autismo-iniziative\/#primaryimage\",\"url\":\"https:\/\/www.intoscana.it\/wp-content\/uploads\/autismo-4-scaled.jpg\",\"contentUrl\":\"https:\/\/www.intoscana.it\/wp-content\/uploads\/autismo-4-scaled.jpg\",\"width\":2048,\"height\":1365,\"caption\":\"autismo\"},{\"@type\":\"BreadcrumbList\",\"@id\":\"https:\/\/www.intoscana.it\/it\/giornata-mondiale-autismo-iniziative\/#breadcrumb\",\"itemListElement\":[{\"@type\":\"ListItem\",\"position\":1,\"name\":\"Home\",\"item\":\"https:\/\/www.intoscana.it\/it\/\"},{\"@type\":\"ListItem\",\"position\":2,\"name\":\"Giornata mondiale sulla consapevolezza dell&#8217;autismo, la Toscana si mobilita e si tinge di blu\"}]},{\"@type\":\"WebSite\",\"@id\":\"https:\/\/www.intoscana.it\/it\/#website\",\"url\":\"https:\/\/www.intoscana.it\/it\/\",\"name\":\"intoscana\",\"description\":\"\",\"potentialAction\":[{\"@type\":\"SearchAction\",\"target\":{\"@type\":\"EntryPoint\",\"urlTemplate\":\"https:\/\/www.intoscana.it\/it\/?s={search_term_string}\"},\"query-input\":{\"@type\":\"PropertyValueSpecification\",\"valueRequired\":true,\"valueName\":\"search_term_string\"}}],\"inLanguage\":\"it-IT\"},{\"@type\":\"Person\",\"@id\":\"https:\/\/www.intoscana.it\/it\/#\/schema\/person\/333569b367b301e30262defcea56c939\",\"name\":\"Giulia Rafanelli\",\"url\":\"https:\/\/www.intoscana.it\/it\/author\/giulia-rafanelli\/\"}]}<\/script>\n<!-- \/ Yoast SEO Premium plugin. -->","yoast_head_json":{"title":"Giornata mondiale dell'autismo, la Toscana si mobilita e si tinge di blu","description":"Palazzi e monumenti si tingeranno di blu per accrescere la consapevolezza sull'autismo che si stima colpisca un bambino su 77","robots":{"index":"index","follow":"follow","max-snippet":"max-snippet:-1","max-image-preview":"max-image-preview:large","max-video-preview":"max-video-preview:-1"},"canonical":"https:\/\/www.intoscana.it\/it\/giornata-mondiale-autismo-iniziative\/","og_locale":"it_IT","og_type":"article","og_title":"Giornata mondiale sulla consapevolezza dell'autismo, la Toscana si mobilita e si tinge di blu","og_description":"Palazzi e monumenti si tingeranno di blu per accrescere la consapevolezza sull'autismo che si stima colpisca un bambino su 77","og_url":"https:\/\/www.intoscana.it\/it\/giornata-mondiale-autismo-iniziative\/","og_site_name":"intoscana","article_publisher":"https:\/\/www.facebook.com\/intoscana.it","article_published_time":"2022-04-01T10:58:05+00:00","article_modified_time":"2022-04-01T13:28:49+00:00","og_image":[{"width":2048,"height":1365,"url":"https:\/\/www.intoscana.it\/wp-content\/uploads\/autismo-4-scaled.jpg","type":"image\/jpeg"}],"author":"Giulia Rafanelli","twitter_card":"summary_large_image","twitter_creator":"@intoscana","twitter_site":"@intoscana","twitter_misc":{"Written by":"Giulia Rafanelli","Est. reading time":"3 minuti"},"schema":{"@context":"https:\/\/schema.org","@graph":[{"@type":"WebPage","@id":"https:\/\/www.intoscana.it\/it\/giornata-mondiale-autismo-iniziative\/","url":"https:\/\/www.intoscana.it\/it\/giornata-mondiale-autismo-iniziative\/","name":"Giornata mondiale dell'autismo, la Toscana si mobilita e si tinge di blu","isPartOf":{"@id":"https:\/\/www.intoscana.it\/it\/#website"},"primaryImageOfPage":{"@id":"https:\/\/www.intoscana.it\/it\/giornata-mondiale-autismo-iniziative\/#primaryimage"},"image":{"@id":"https:\/\/www.intoscana.it\/it\/giornata-mondiale-autismo-iniziative\/#primaryimage"},"thumbnailUrl":"https:\/\/www.intoscana.it\/wp-content\/uploads\/autismo-4-scaled.jpg","datePublished":"2022-04-01T10:58:05+00:00","dateModified":"2022-04-01T13:28:49+00:00","author":{"@id":"https:\/\/www.intoscana.it\/it\/#\/schema\/person\/333569b367b301e30262defcea56c939"},"description":"Palazzi e monumenti si tingeranno di blu per accrescere la consapevolezza sull'autismo che si stima colpisca un bambino su 77","breadcrumb":{"@id":"https:\/\/www.intoscana.it\/it\/giornata-mondiale-autismo-iniziative\/#breadcrumb"},"inLanguage":"it-IT","potentialAction":[{"@type":"ReadAction","target":["https:\/\/www.intoscana.it\/it\/giornata-mondiale-autismo-iniziative\/"]}]},{"@type":"ImageObject","inLanguage":"it-IT","@id":"https:\/\/www.intoscana.it\/it\/giornata-mondiale-autismo-iniziative\/#primaryimage","url":"https:\/\/www.intoscana.it\/wp-content\/uploads\/autismo-4-scaled.jpg","contentUrl":"https:\/\/www.intoscana.it\/wp-content\/uploads\/autismo-4-scaled.jpg","width":2048,"height":1365,"caption":"autismo"},{"@type":"BreadcrumbList","@id":"https:\/\/www.intoscana.it\/it\/giornata-mondiale-autismo-iniziative\/#breadcrumb","itemListElement":[{"@type":"ListItem","position":1,"name":"Home","item":"https:\/\/www.intoscana.it\/it\/"},{"@type":"ListItem","position":2,"name":"Giornata mondiale sulla consapevolezza dell&#8217;autismo, la Toscana si mobilita e si tinge di blu"}]},{"@type":"WebSite","@id":"https:\/\/www.intoscana.it\/it\/#website","url":"https:\/\/www.intoscana.it\/it\/","name":"intoscana","description":"","potentialAction":[{"@type":"SearchAction","target":{"@type":"EntryPoint","urlTemplate":"https:\/\/www.intoscana.it\/it\/?s={search_term_string}"},"query-input":{"@type":"PropertyValueSpecification","valueRequired":true,"valueName":"search_term_string"}}],"inLanguage":"it-IT"},{"@type":"Person","@id":"https:\/\/www.intoscana.it\/it\/#\/schema\/person\/333569b367b301e30262defcea56c939","name":"Giulia Rafanelli","url":"https:\/\/www.intoscana.it\/it\/author\/giulia-rafanelli\/"}]}},"_links":{"self":[{"href":"https:\/\/www.intoscana.it\/it\/wp-json\/wp\/v2\/posts\/221288","targetHints":{"allow":["GET"]}}],"collection":[{"href":"https:\/\/www.intoscana.it\/it\/wp-json\/wp\/v2\/posts"}],"about":[{"href":"https:\/\/www.intoscana.it\/it\/wp-json\/wp\/v2\/types\/post"}],"author":[{"embeddable":true,"href":"https:\/\/www.intoscana.it\/it\/wp-json\/wp\/v2\/users\/503"}],"replies":[{"embeddable":true,"href":"https:\/\/www.intoscana.it\/it\/wp-json\/wp\/v2\/comments?post=221288"}],"version-history":[{"count":0,"href":"https:\/\/www.intoscana.it\/it\/wp-json\/wp\/v2\/posts\/221288\/revisions"}],"wp:featuredmedia":[{"embeddable":true,"href":"https:\/\/www.intoscana.it\/it\/wp-json\/wp\/v2\/media\/221305"}],"wp:attachment":[{"href":"https:\/\/www.intoscana.it\/it\/wp-json\/wp\/v2\/media?parent=221288"}],"wp:term":[{"taxonomy":"category","embeddable":true,"href":"https:\/\/www.intoscana.it\/it\/wp-json\/wp\/v2\/categories?post=221288"},{"taxonomy":"post_tag","embeddable":true,"href":"https:\/\/www.intoscana.it\/it\/wp-json\/wp\/v2\/tags?post=221288"}],"curies":[{"name":"wp","href":"https:\/\/api.w.org\/{rel}","templated":true}]}}