{"id":221394,"date":"2022-04-01T18:47:04","date_gmt":"2022-04-01T16:47:04","guid":{"rendered":"https:\/\/www.intoscana.it\/it\/?p=221394"},"modified":"2022-04-01T18:50:47","modified_gmt":"2022-04-01T16:50:47","slug":"autismo-appello-non-richiudete-i-nostri-ragazzi","status":"publish","type":"post","link":"https:\/\/www.intoscana.it\/it\/autismo-appello-non-richiudete-i-nostri-ragazzi\/","title":{"rendered":"Autismo, l&#8217;appello: &#8220;Non rinchiudete i nostri ragazzi, aiutateci ad immaginare il loro futuro&#8221;"},"content":{"rendered":"<p>Per la manifestazione che ricorre ogni <strong>2 aprile<\/strong>, in occasione di ogni <a href=\"https:\/\/www.intoscana.it\/it\/articolo\/giornata-mondiale-autismo-iniziative\/\"><strong>Giornata mondiale per la consapevolezza dell\u2019Autismo<\/strong><\/a>, <mark>quest\u2019anno il coordinamento regionale toscano delle associazioni per l\u2019autismo ha scelto come cornice l\u2019ex ospedale psichiatrico di San Salvi <\/mark>. <strong>Un luogo che \u00e8 gi\u00e0 un messaggio<\/strong>: \u201c<em>Vogliamo ribadire il nostro NO ad una storia gi\u00e0 scritta, il nostro NO a tutte le forme di istituti, villaggi per autistici, campus per l\u2019autismo, manicomi mascherati e abbelliti da inutili orpelli ornamentali<\/em>\u201d, spiegano in una nota.<\/p>\n<p>San Salvi dunque \u00e8 un luogo <strong>simbolo<\/strong>, un <strong>memo<\/strong> per non commettere lo stesso errore fatto in passato con i malati psichiatrici, <strong>isolati<\/strong>, <strong>rinchiusi<\/strong>, <strong>emarginati<\/strong> semplicemente perch\u00e9 la societ\u00e0 non sapeva come gestirli, perch\u00e9 lo Stato non era in grado di fornire loro l\u2019assistenza adeguata.<\/p>\n<p>Per lungo tempo si \u00e8 creduto che l\u2019autismo fosse una forma di pazzia, la prima volta che il termine fu usato, nel 1912, lo fu proprio per descrivere dei sintomi riconducibili alla schizofrenia.<\/p>\n<p>\u201c<em>Non solo abbiamo scelto San Salvi come luogo dell\u2019evento ma la sede sar\u00e0 il padiglione 16, nei locali del teatro \u201cSan Salvi Citt\u00e0 Aperta\u201d, scelto dall\u2019ultimo direttore dell\u2019istituto per far entrare la citt\u00e0 dentro l\u2019ormai ex manicomio, per rivendicare il nostro diritto alla vita, all&#8217;inclusione sociale: mai pi\u00f9 in un istituto, mai pi\u00f9 concentrazione di matti o disabili mentali in un luogo chiuso<\/em>\u201d, ci spiega <strong>Marino Lupi<\/strong>, medico, <strong>presidente dell\u2019associazione Autismo Toscana<\/strong> e padre di un ragazzo di 31 anni autistico.<\/p>\n<p><strong>Presidente perch\u00e9 il richiamo ai manicomi, aboliti in Italia nel 1978 con la cosiddetta legge Basaglia, per rivendicare il diritto alla vita di una persona affetta da autismo?<\/strong><\/p>\n<p><em>&#8220;Io sono sempre stato convito che una persona si caratterizza in ci\u00f2 che fa, fin quando i ragazzi autistici sono nell&#8217;et\u00e0 della scuola dell\u2019obbligo la scuola stessa, oltre alla famiglia, sono gli ambienti dove si relazionano e dove sviluppano come possono i propri talenti e le proprie capacit\u00e0. Dopo, quando diventano adulti, la loro rete \u00e8 solo quella familiare e una volta che i genitori non ci sono pi\u00f9, questi ragazzi non hanno altra possibilit\u00e0 che finire in qualche struttura, isolati dalla societ\u00e0&#8221;<\/em><\/p>\n<p><span class=\"citazione\"> Una volta che i ragazzi autistici escono dalla scuola dell&#8217;obbligo non hanno altra rete che quella familiare. Ma quando i genitori non ci saranno pi\u00f9, chi si prender\u00e0 cura di loro? Saranno destinati a qualche struttura e finiranno per essere isolati dalla societ\u00e0 <\/span><\/p>\n<h3>Un po\u2019 come i manicomi quindi\u2026<\/h3>\n<p>Queste strutture possono avere tanti nomi, possono essere pi\u00f9 o meno belle, ma sono luoghi dove <mark>i nostri ragazzi finiscono &#8220;rinchiusi&#8221; se il sistema pubblico non interviene per tempo dando loro la possibilit\u00e0 di avere un futuro come chiunque altro <\/mark>.<\/p>\n<h3>Mi spieghi meglio\u2026<\/h3>\n<p><em>Quando si pensa alla disabilit\u00e0 si tende a credere che questi ragazzi non possano avere prospettive, ma come ha detto anche <strong>Elio<\/strong> (<\/em>Elio di Elio e le storie tese padre anche lui di un adolescente autistico, nrd<em>)<\/em> <mark><em>rischiamo di lasciare indietro uomini e donne che un domani potrebbero anche lavorare <\/em><\/mark><em>. Dobbiamo sforzarci di pensare che i ragazzi affetti da autismo possono avere delle vite normali e quindi <\/em><mark><em>costruire intorno a loro dei percorsi lavorativi e di inserimento sociale partendo dalle loro attitudini, c\u2019\u00e8 chi sar\u00e0 pi\u00f9 portato per la musica e chi per gli attrezzi, in ogni caso si tratta di abilit\u00e0 che devono essere incoraggiate e trasformate in possibilit\u00e0 lavorative <\/em><\/mark><em> cos\u00ec da dare loro un <strong>futuro<\/strong> quando saranno adulti e non avranno pi\u00f9 i genitori a prendersi cura di loro.<\/em><\/p>\n<h3>Che cosa manca perch\u00e9 ci\u00f2 avvenga?<\/h3>\n<p><em>Mancano dei percorsi finalizzati a immaginare la vita dei ragazzi autistici adulti. Manca una visione politica a lungo termine del problema, mancano i finanziamenti necessari e che tengano conto sia della quantit\u00e0 del problema che per la gravit\u00e0.<\/em><\/p>\n<h3>Di che numeri parliamo?<\/h3>\n<p><em>Circa <strong>un nuovo nato su 78 soffre di autismo<\/strong>, con una media di circa 300 l\u2019anno.<\/em><\/p>\n<p><span class=\"citazione\"> Dobbiamo sforzarci di immaginare che anche queste persone possono avere una vita normale da adulti: con un lavoro, una casa, delle relazioni. Senza adeguati percorsi lasceremo questi uomini e queste donne senza una prospettiva di futuro <\/span><\/p>\n<h3>Lei ha un figlio grande, 31 anni, ha paura per il suo futuro?<\/h3>\n<p><mark><em>Da sempre<\/em> <\/mark>. <em>Ho sempre avuto paura pensando a quando non ci sar\u00f2 pi\u00f9. Dopo aver concluso il ciclo scolastico i nostri ragazzi non hanno altra possibilit\u00e0 che frequentare i centri ricreativi, sempre un po\u2019 di pi\u00f9, via via ci passano sempre pi\u00f9 tempo e si ritrovano a 40 anni a non avere niente in mano: una professione, una casa, una propria dimensione di vita.<\/em> <mark>I<em>o non voglio una casa dorata per mio figlio ma vorrei che ci fosse una presa in carico da parte del sistema pubblico prevedendo dei percorsi miranti e una visione a lungo termine per accompagnare i ragazzi autistici verso l\u2019et\u00e0 adulta<\/em> <\/mark>, <em>cos\u00ec da dare loro una prospettiva di vita. Ogni genitore per i propri figli desidera questo: una prospettiva, un futuro, sapere che saranno in grado di prendersi cura di se stessi.<\/em><\/p>\n<h3>Con l\u2019associazione Autismo Toscana aiutate le famiglie a gestire la disabilit\u00e0<\/h3>\n<p><em>Diamo un consulto, cerchiamo di aiutarle a immaginare il futuro dei loro figli. Abbiamo organizzato un ciclo di incontri che si chiamava appunto \u201c<strong>Imagine<\/strong>\u201d, con personale qualificato, per provare ad immaginare insieme il futuro dei nostri ragazzi fuori dagli istituti, cercando di valorizzare e mettere a frutto i loro talenti proprio come fanno i ragazzi non disabili, non autistici. Nelle varie realt\u00e0 che fanno capo alle nostra associazione stiamo lavorando a questo scopo, ma<\/em> <mark> <em>soffriamo la mancanza di azioni politiche concrete a sostenere il nostro sforzo<\/em> <\/mark>.<\/p>\n<h3>Domani si celebra la Giornata mondiale per l\u2019autismo, quanta consapevolezza dobbiamo ancora acquisire su questa tematica?<\/h3>\n<p><em>Purtroppo trascorso domani, si torner\u00e0 a parlare di autismo il 2 aprile del 2023<\/em><\/p>\n","protected":false},"excerpt":{"rendered":"<p>L&#8217;ex ospedale psichiatrico di San Salvi sar\u00e0 il luogo della manifestazione del coordinamento regionale toscano delle associazioni per l\u2019autismo: &#8220;Un luogo simbolo per ribadire il nostro no a tutte le forme di istituti, villaggi per autistici, manicomi mascherati&#8221;, parla Marino Lupi, presidente dell\u2019associazione Autismo Toscana e padre di un ragazzo autistico<\/p>\n","protected":false},"author":503,"featured_media":141881,"comment_status":"open","ping_status":"open","sticky":false,"template":"","format":"standard","meta":{"_acf_changed":false,"footnotes":""},"categories":[18],"tags":[406,134,212,136],"class_list":["post-221394","post","type-post","status-publish","format-standard","has-post-thumbnail","hentry","category-salute","tag-disabilita","tag-salute","tag-scuola","tag-societa"],"acf":[],"yoast_head":"<!-- This site is optimized with the Yoast SEO Premium plugin v24.2 (Yoast SEO v25.6) - https:\/\/yoast.com\/wordpress\/plugins\/seo\/ -->\n<title>Autismo, l&#039;appello:&quot;Non rinchiudete i nostri ragazzi, costruiamo un futuro&quot;<\/title>\n<meta name=\"description\" content=\"Domani si celebra la giornata per l&#039;autismo. Intervista a Marino Lupi, presidente dell\u2019ass.Autismo Toscana e padre di un ragazzo autistico\" \/>\n<meta name=\"robots\" content=\"index, follow, max-snippet:-1, max-image-preview:large, max-video-preview:-1\" \/>\n<link rel=\"canonical\" href=\"https:\/\/www.intoscana.it\/it\/autismo-appello-non-richiudete-i-nostri-ragazzi\/\" \/>\n<meta property=\"og:locale\" content=\"it_IT\" \/>\n<meta property=\"og:type\" content=\"article\" \/>\n<meta property=\"og:title\" content=\"Autismo, l&#039;appello: &quot;Non rinchiudete i nostri ragazzi, aiutateci ad immaginare il loro futuro&quot;\" \/>\n<meta property=\"og:description\" content=\"Domani si celebra la giornata per l&#039;autismo. Intervista a Marino Lupi, presidente dell\u2019ass.Autismo Toscana e padre di un ragazzo autistico\" \/>\n<meta property=\"og:url\" content=\"https:\/\/www.intoscana.it\/it\/autismo-appello-non-richiudete-i-nostri-ragazzi\/\" \/>\n<meta property=\"og:site_name\" content=\"intoscana\" \/>\n<meta property=\"article:publisher\" content=\"https:\/\/www.facebook.com\/intoscana.it\" \/>\n<meta property=\"article:published_time\" content=\"2022-04-01T16:47:04+00:00\" \/>\n<meta property=\"article:modified_time\" content=\"2022-04-01T16:50:47+00:00\" \/>\n<meta property=\"og:image\" content=\"https:\/\/www.intoscana.it\/wp-content\/uploads\/autismo-3.jpg\" \/>\n\t<meta property=\"og:image:width\" content=\"2000\" \/>\n\t<meta property=\"og:image:height\" content=\"1333\" \/>\n\t<meta property=\"og:image:type\" content=\"image\/jpeg\" \/>\n<meta name=\"author\" content=\"Giulia Rafanelli\" \/>\n<meta name=\"twitter:card\" content=\"summary_large_image\" \/>\n<meta name=\"twitter:creator\" content=\"@intoscana\" \/>\n<meta name=\"twitter:site\" content=\"@intoscana\" \/>\n<meta name=\"twitter:label1\" content=\"Written by\" \/>\n\t<meta name=\"twitter:data1\" content=\"Giulia Rafanelli\" \/>\n\t<meta name=\"twitter:label2\" content=\"Est. reading time\" \/>\n\t<meta name=\"twitter:data2\" content=\"5 minuti\" \/>\n<script type=\"application\/ld+json\" class=\"yoast-schema-graph\">{\"@context\":\"https:\/\/schema.org\",\"@graph\":[{\"@type\":\"WebPage\",\"@id\":\"https:\/\/www.intoscana.it\/it\/autismo-appello-non-richiudete-i-nostri-ragazzi\/\",\"url\":\"https:\/\/www.intoscana.it\/it\/autismo-appello-non-richiudete-i-nostri-ragazzi\/\",\"name\":\"Autismo, l'appello:\\\"Non rinchiudete i nostri ragazzi, costruiamo un futuro\\\"\",\"isPartOf\":{\"@id\":\"https:\/\/www.intoscana.it\/it\/#website\"},\"primaryImageOfPage\":{\"@id\":\"https:\/\/www.intoscana.it\/it\/autismo-appello-non-richiudete-i-nostri-ragazzi\/#primaryimage\"},\"image\":{\"@id\":\"https:\/\/www.intoscana.it\/it\/autismo-appello-non-richiudete-i-nostri-ragazzi\/#primaryimage\"},\"thumbnailUrl\":\"https:\/\/www.intoscana.it\/wp-content\/uploads\/autismo-3.jpg\",\"datePublished\":\"2022-04-01T16:47:04+00:00\",\"dateModified\":\"2022-04-01T16:50:47+00:00\",\"author\":{\"@id\":\"https:\/\/www.intoscana.it\/it\/#\/schema\/person\/333569b367b301e30262defcea56c939\"},\"description\":\"Domani si celebra la giornata per l'autismo. Intervista a Marino Lupi, presidente dell\u2019ass.Autismo Toscana e padre di un ragazzo autistico\",\"breadcrumb\":{\"@id\":\"https:\/\/www.intoscana.it\/it\/autismo-appello-non-richiudete-i-nostri-ragazzi\/#breadcrumb\"},\"inLanguage\":\"it-IT\",\"potentialAction\":[{\"@type\":\"ReadAction\",\"target\":[\"https:\/\/www.intoscana.it\/it\/autismo-appello-non-richiudete-i-nostri-ragazzi\/\"]}]},{\"@type\":\"ImageObject\",\"inLanguage\":\"it-IT\",\"@id\":\"https:\/\/www.intoscana.it\/it\/autismo-appello-non-richiudete-i-nostri-ragazzi\/#primaryimage\",\"url\":\"https:\/\/www.intoscana.it\/wp-content\/uploads\/autismo-3.jpg\",\"contentUrl\":\"https:\/\/www.intoscana.it\/wp-content\/uploads\/autismo-3.jpg\",\"width\":2000,\"height\":1333,\"caption\":\"Autismo\"},{\"@type\":\"BreadcrumbList\",\"@id\":\"https:\/\/www.intoscana.it\/it\/autismo-appello-non-richiudete-i-nostri-ragazzi\/#breadcrumb\",\"itemListElement\":[{\"@type\":\"ListItem\",\"position\":1,\"name\":\"Home\",\"item\":\"https:\/\/www.intoscana.it\/it\/\"},{\"@type\":\"ListItem\",\"position\":2,\"name\":\"Autismo, l&#8217;appello: &#8220;Non rinchiudete i nostri ragazzi, aiutateci ad immaginare il loro futuro&#8221;\"}]},{\"@type\":\"WebSite\",\"@id\":\"https:\/\/www.intoscana.it\/it\/#website\",\"url\":\"https:\/\/www.intoscana.it\/it\/\",\"name\":\"intoscana\",\"description\":\"\",\"potentialAction\":[{\"@type\":\"SearchAction\",\"target\":{\"@type\":\"EntryPoint\",\"urlTemplate\":\"https:\/\/www.intoscana.it\/it\/?s={search_term_string}\"},\"query-input\":{\"@type\":\"PropertyValueSpecification\",\"valueRequired\":true,\"valueName\":\"search_term_string\"}}],\"inLanguage\":\"it-IT\"},{\"@type\":\"Person\",\"@id\":\"https:\/\/www.intoscana.it\/it\/#\/schema\/person\/333569b367b301e30262defcea56c939\",\"name\":\"Giulia Rafanelli\",\"url\":\"https:\/\/www.intoscana.it\/it\/author\/giulia-rafanelli\/\"}]}<\/script>\n<!-- \/ Yoast SEO Premium plugin. -->","yoast_head_json":{"title":"Autismo, l'appello:\"Non rinchiudete i nostri ragazzi, costruiamo un futuro\"","description":"Domani si celebra la giornata per l'autismo. Intervista a Marino Lupi, presidente dell\u2019ass.Autismo Toscana e padre di un ragazzo autistico","robots":{"index":"index","follow":"follow","max-snippet":"max-snippet:-1","max-image-preview":"max-image-preview:large","max-video-preview":"max-video-preview:-1"},"canonical":"https:\/\/www.intoscana.it\/it\/autismo-appello-non-richiudete-i-nostri-ragazzi\/","og_locale":"it_IT","og_type":"article","og_title":"Autismo, l'appello: \"Non rinchiudete i nostri ragazzi, aiutateci ad immaginare il loro futuro\"","og_description":"Domani si celebra la giornata per l'autismo. Intervista a Marino Lupi, presidente dell\u2019ass.Autismo Toscana e padre di un ragazzo autistico","og_url":"https:\/\/www.intoscana.it\/it\/autismo-appello-non-richiudete-i-nostri-ragazzi\/","og_site_name":"intoscana","article_publisher":"https:\/\/www.facebook.com\/intoscana.it","article_published_time":"2022-04-01T16:47:04+00:00","article_modified_time":"2022-04-01T16:50:47+00:00","og_image":[{"width":2000,"height":1333,"url":"https:\/\/www.intoscana.it\/wp-content\/uploads\/autismo-3.jpg","type":"image\/jpeg"}],"author":"Giulia Rafanelli","twitter_card":"summary_large_image","twitter_creator":"@intoscana","twitter_site":"@intoscana","twitter_misc":{"Written by":"Giulia Rafanelli","Est. reading time":"5 minuti"},"schema":{"@context":"https:\/\/schema.org","@graph":[{"@type":"WebPage","@id":"https:\/\/www.intoscana.it\/it\/autismo-appello-non-richiudete-i-nostri-ragazzi\/","url":"https:\/\/www.intoscana.it\/it\/autismo-appello-non-richiudete-i-nostri-ragazzi\/","name":"Autismo, l'appello:\"Non rinchiudete i nostri ragazzi, costruiamo un futuro\"","isPartOf":{"@id":"https:\/\/www.intoscana.it\/it\/#website"},"primaryImageOfPage":{"@id":"https:\/\/www.intoscana.it\/it\/autismo-appello-non-richiudete-i-nostri-ragazzi\/#primaryimage"},"image":{"@id":"https:\/\/www.intoscana.it\/it\/autismo-appello-non-richiudete-i-nostri-ragazzi\/#primaryimage"},"thumbnailUrl":"https:\/\/www.intoscana.it\/wp-content\/uploads\/autismo-3.jpg","datePublished":"2022-04-01T16:47:04+00:00","dateModified":"2022-04-01T16:50:47+00:00","author":{"@id":"https:\/\/www.intoscana.it\/it\/#\/schema\/person\/333569b367b301e30262defcea56c939"},"description":"Domani si celebra la giornata per l'autismo. Intervista a Marino Lupi, presidente dell\u2019ass.Autismo Toscana e padre di un ragazzo autistico","breadcrumb":{"@id":"https:\/\/www.intoscana.it\/it\/autismo-appello-non-richiudete-i-nostri-ragazzi\/#breadcrumb"},"inLanguage":"it-IT","potentialAction":[{"@type":"ReadAction","target":["https:\/\/www.intoscana.it\/it\/autismo-appello-non-richiudete-i-nostri-ragazzi\/"]}]},{"@type":"ImageObject","inLanguage":"it-IT","@id":"https:\/\/www.intoscana.it\/it\/autismo-appello-non-richiudete-i-nostri-ragazzi\/#primaryimage","url":"https:\/\/www.intoscana.it\/wp-content\/uploads\/autismo-3.jpg","contentUrl":"https:\/\/www.intoscana.it\/wp-content\/uploads\/autismo-3.jpg","width":2000,"height":1333,"caption":"Autismo"},{"@type":"BreadcrumbList","@id":"https:\/\/www.intoscana.it\/it\/autismo-appello-non-richiudete-i-nostri-ragazzi\/#breadcrumb","itemListElement":[{"@type":"ListItem","position":1,"name":"Home","item":"https:\/\/www.intoscana.it\/it\/"},{"@type":"ListItem","position":2,"name":"Autismo, l&#8217;appello: &#8220;Non rinchiudete i nostri ragazzi, aiutateci ad immaginare il loro futuro&#8221;"}]},{"@type":"WebSite","@id":"https:\/\/www.intoscana.it\/it\/#website","url":"https:\/\/www.intoscana.it\/it\/","name":"intoscana","description":"","potentialAction":[{"@type":"SearchAction","target":{"@type":"EntryPoint","urlTemplate":"https:\/\/www.intoscana.it\/it\/?s={search_term_string}"},"query-input":{"@type":"PropertyValueSpecification","valueRequired":true,"valueName":"search_term_string"}}],"inLanguage":"it-IT"},{"@type":"Person","@id":"https:\/\/www.intoscana.it\/it\/#\/schema\/person\/333569b367b301e30262defcea56c939","name":"Giulia Rafanelli","url":"https:\/\/www.intoscana.it\/it\/author\/giulia-rafanelli\/"}]}},"_links":{"self":[{"href":"https:\/\/www.intoscana.it\/it\/wp-json\/wp\/v2\/posts\/221394","targetHints":{"allow":["GET"]}}],"collection":[{"href":"https:\/\/www.intoscana.it\/it\/wp-json\/wp\/v2\/posts"}],"about":[{"href":"https:\/\/www.intoscana.it\/it\/wp-json\/wp\/v2\/types\/post"}],"author":[{"embeddable":true,"href":"https:\/\/www.intoscana.it\/it\/wp-json\/wp\/v2\/users\/503"}],"replies":[{"embeddable":true,"href":"https:\/\/www.intoscana.it\/it\/wp-json\/wp\/v2\/comments?post=221394"}],"version-history":[{"count":0,"href":"https:\/\/www.intoscana.it\/it\/wp-json\/wp\/v2\/posts\/221394\/revisions"}],"wp:featuredmedia":[{"embeddable":true,"href":"https:\/\/www.intoscana.it\/it\/wp-json\/wp\/v2\/media\/141881"}],"wp:attachment":[{"href":"https:\/\/www.intoscana.it\/it\/wp-json\/wp\/v2\/media?parent=221394"}],"wp:term":[{"taxonomy":"category","embeddable":true,"href":"https:\/\/www.intoscana.it\/it\/wp-json\/wp\/v2\/categories?post=221394"},{"taxonomy":"post_tag","embeddable":true,"href":"https:\/\/www.intoscana.it\/it\/wp-json\/wp\/v2\/tags?post=221394"}],"curies":[{"name":"wp","href":"https:\/\/api.w.org\/{rel}","templated":true}]}}