{"id":221415,"date":"2022-04-01T19:11:02","date_gmt":"2022-04-01T17:11:02","guid":{"rendered":"https:\/\/www.intoscana.it\/it\/?p=221415"},"modified":"2022-04-01T19:22:07","modified_gmt":"2022-04-01T17:22:07","slug":"siete-presente-siena-bilanio-numeri-giovani","status":"publish","type":"post","link":"https:\/\/www.intoscana.it\/it\/siete-presente-siena-bilanio-numeri-giovani\/","title":{"rendered":"Siete Presente, i numeri del &#8216;boom&#8217;: 100 scuole e 350 giovani coinvolti. E non \u00e8 finita"},"content":{"rendered":"<p><mark>Sono oltre 350, da oltre 100 scuole superiori, le ragazze e i ragazzi che la Regione Toscana ha finora incontrato attraverso il tour di <a href=\"https:\/\/giovanisi.it\/2022\/02\/siete-presente-un-tour-di-giovanisi-nelle-province-toscane\/\" target=\"_blank\" rel=\"noopener\">\u201cSiete Presente\u201d<\/a>, il percorso partecipativo voluto dalla presidenza della Regione e Giovanis\u00ec<\/mark> che ha chiamato a discutere rappresentanti d\u2019istituto, membri delle Consulte provinciale e del Parlamento regionale degli studenti. A fare un primo bilancio sui numeri \u00e8 <strong>Bernard Dika<\/strong>, consigliere per le politiche giovanili del presidente <strong>Eugenio Giani<\/strong>, principale animatore di questo giro nelle province toscane che questa mattina ha fatto la sua settima tappa a Siena, nella sala del consiglio della Provincia.<\/p>\n<h3>Domande e risposte<\/h3>\n<p><em>\u201cLe ragazze e ragazzi dimostrano una maturit\u00e0 disarmante e che hanno tanto da dare alla propria comunit\u00e0\u201d<\/em> sottolinea Dika, aggiungendo che <em>\u201c<mark>la Regione vuole essere amica dei giovani toscani, stare sui territori e prendersi l\u2019impegno di rimuovere quegli ostacoli che spesso costringono i ragazzi a vivere in situazioni non ottimali e che non si meritano<\/mark>\u201d.<\/em> Questa mattina a discutere si sono presentati in una quarantina, da <strong>13 scuole<\/strong> del territorio senese. I problemi e proposte sono state numerose. Spesso molto simili a quelli delle altre province, ma ovviamente con le particolarit\u00e0 locali, dalla situazione degli edifici alle questioni legate ai trasporti.<\/p>\n<figure id=\"post-221419 media-221419\" class=\"align-center\"><img decoding=\"async\" class=\"aligncenter\" src=\"https:\/\/www.intoscana.it\/wp-content\/uploads\/2022-04-01-giorgio-magini-giovanisi-siena-web-21.jpg\" alt=\"\" \/><\/figure>\n<div class=\"titleimg\" style=\"text-align: center;\">Giovanis\u00ec Siena &#8211; Siete Presente \u00a9 Giorgio Magini Fotografo<\/div>\n<p>A discutere con loro, oltre ai tecnici di Regione e Provincia, sono arrivati gli assessori regionali (rispettivamente al diritto alla salute e all\u2019istruzione) <strong>Simone Bezzini<\/strong> e <strong>Alessandra Nardini<\/strong>, la consigliera regionale <strong>Anna Paris<\/strong>, e a fare gli onori di casa <strong>Silvio Franceschelli<\/strong>, presidente della Provincia e sindaco di Montalcino.<\/p>\n<h3>I problemi (concreti)<\/h3>\n<p>Proprio Franceschelli fa il quadro delle caratteristiche della situazione provinciale. <mark>Oltre 12.500 studenti delle superiori di secondo grado, che danno vita ad <em>\u201cuna grande migrazione quotidiana\u201d<\/em>, visto che il 50% studia a Siena, ma poi c\u2019\u00e8 un 30% che frequenta scuole della Valdelsa, un 20% nella Valdichiana, e un 10% nell\u2019area interna tra Abbadia San Salvatore e Montalcino<\/mark>. Ma non si ferma l\u00ec e, dopo aver sottolineato nell\u2019area senese si deve fare i conti con <em>\u201cun patrimonio edilizio datato\u201d<\/em>, parla dell\u2019importanza della programmazione, <em>\u201cperch\u00e9 costruire una scuola non \u00e8 come fare un marciapiede\u201d<\/em>.<\/p>\n<p><iframe loading=\"lazy\" title=\"YouTube video player\" src=\"https:\/\/www.youtube.com\/embed\/xP4_hpFIul8\" width=\"800\" height=\"447\" frameborder=\"0\" allowfullscreen=\"allowfullscreen\"><span style=\"display: inline-block; width: 0px; overflow: hidden; line-height: 0;\" data-mce-type=\"bookmark\" class=\"mce_SELRES_start\">\ufeff<\/span><\/iframe><\/p>\n<p>E allora accenna alla <em>\u201cdelibera di indirizzo che approveremo nelle prossime\u201d,<\/em> con cui fissiamo il principio che <em>&#8220;dobbiamo fare prioritariamente interventi strutturali di lungo periodo degli investimenti\u201d<\/em>. <mark>Su Siena c\u2019\u00e8 un disegno da <strong>25 milioni di euro<\/strong> tra interventi che sono stati avviati e quelli da avviare. <em>\u201c\u00c8 un piano scuola che se portato avanti nei prossimi 3-5 anni metter\u00e0 in salvaguardia l\u2019edilizia scolastica di questa provincia\u201d<\/em>, annuncia Franceschelli che snocciola tutti i cantieri e i progetti, dall\u2019edificazione di un\u2019ala del \u201cMarconi\u201d e l\u2019<strong>adeguamento sismico<\/strong> dell\u2019intero complesso, alle nuove palestre (Colle val d\u2019Elsa, Chianciano, San Giovanni d\u2019Asso), fino <em>\u201call\u2019intervento connesso all\u2019alienazione dell\u2019immobile di viale Sardegna che riguarda il Monna Agnese presso l\u2019ex caserma dei Vigili del fuoco di viale Cavour di Siena dove in sinergia con la fondazione Tls daremo un incarico per la progettazione definitiva e non appena arriveranno le risorse daremo corso alla realizzazione\u201d.<\/em><\/p>\n<h3>Un dibattito a &#8220;fine emergenza&#8221;<\/h3>\n<p>La tappa senese di \u201cSiete Presente\u201d cade nel primo giorno \u201csenza\u201d emergenza sanitaria. E gli assessori Bezzini e Nardini ricordano che studentesse e studenti sono stati tra coloro che hanno sofferto maggiormente le conseguenze della pandemia, cos\u00ec come <em>\u201cl\u2019obiettivo raggiunto della Regione Toscana nel gennaio 2021 di far tornare per primi in Italia ragazze e ragazzi delle superiori a fare lezione in presenza\u201d.<\/em><\/p>\n<p><em>\u201cIl coronavirus non \u00e8 finito e dobbiamo conviverci, ma ora, grazie anche alla campagna di vaccinazione che in toscana ha raggiunto livelli altissimi e al grande impegno degli operatori sanitari, dobbiamo costruire il futuro\u201d<\/em>, dice Bezzini, che a proposito dell\u2019incontro odierno, aggiunge: <em>\u201cconsidero importantissima questa voglia dei ragazzi di costruire nuove traiettorie\u201d.<\/em><\/p>\n<figure id=\"post-221418 media-221418\" class=\"align-center\"><img decoding=\"async\" class=\"aligncenter\" src=\"https:\/\/www.intoscana.it\/wp-content\/uploads\/2022-04-01-giorgio-magini-giovanisi-siena-web-03.jpg\" alt=\"\" \/><\/figure>\n<div class=\"titleimg\" style=\"text-align: center;\">Giovanis\u00ec Siena Siete Presente \u00a9 Giorgio Magini Fotografo<\/div>\n<p><em>\u201cOggi \u00e8 importante che la consapevolezza che abbiamo raggiunto dopo due anni di pandemia della centralit\u00e0 dell&#8217; istruzione non si perda una volta superata questa fase cos\u00ec difficile. Il nostro Paese deve riprendere ad investire nella scuola e nell\u2019edilizia scolastica, perch\u00e9 abbiamo bisogno di scuole belle, sicure, accoglienti, inclusive, innovative e rispettose dell\u2019ambiente, un tema su cui le stesse ragazze e ragazzi ci hanno detto manifestando in tutto il mondo per ammonirci che non abbiamo un pianeta di riserva\u201d,<\/em> afferma nel suo intervento l\u2019assessora Nardini, soffermandosi sul fatto che<em> \u201cquando si parla di istruzione e diritto allo studio siamo di fronte ad investimenti e non costi\u201d. \u201cQuesta tappa<\/em> &#8211; conclude Nardini &#8211; [mark]<em>\u00e8 un momento di ascolto fondamentale perch\u00e9 le giovani generazioni devono essere protagoniste della ripartenza, dopo aver vissuto due anni complicatissimi<\/mark>&#8220;.<\/em><\/p>\n","protected":false},"excerpt":{"rendered":"<p>Il tour partecipativo di Giovanis\u00ec fa tappa a Siena e traccia un primo bilancio. Edilizia scolastica e non solo al centro del confronto<\/p>\n","protected":false},"author":525,"featured_media":221420,"comment_status":"open","ping_status":"open","sticky":false,"template":"","format":"standard","meta":{"_acf_changed":false,"footnotes":""},"categories":[494],"tags":[5146,221,244,151,6271,355],"class_list":["post-221415","post","type-post","status-publish","format-standard","has-post-thumbnail","hentry","category-attualita","tag-bernard-dika","tag-giovani","tag-giovanisi","tag-regione-toscana","tag-siete-presente","tag-studenti"],"acf":[],"yoast_head":"<!-- This site is optimized with the Yoast SEO Premium plugin v24.2 (Yoast SEO v25.6) - https:\/\/yoast.com\/wordpress\/plugins\/seo\/ -->\n<title>Siete Presente, i numeri del &#039;boom&#039;: 100 scuole e 350 giovani coinvolti. E non \u00e8 finita - intoscana<\/title>\n<meta name=\"description\" content=\"Il tour partecipativo di Giovanis\u00ec fa tappa a Siena e traccia un primo bilancio. Edilizia scolastica e non solo al centro del confronto.\" \/>\n<meta name=\"robots\" content=\"index, follow, max-snippet:-1, max-image-preview:large, max-video-preview:-1\" \/>\n<link rel=\"canonical\" href=\"https:\/\/www.intoscana.it\/it\/siete-presente-siena-bilanio-numeri-giovani\/\" \/>\n<meta property=\"og:locale\" content=\"it_IT\" \/>\n<meta property=\"og:type\" content=\"article\" \/>\n<meta property=\"og:title\" content=\"Siete Presente, i numeri del &#039;boom&#039;: 100 scuole e 350 giovani coinvolti. E non \u00e8 finita\" \/>\n<meta property=\"og:description\" content=\"Il tour partecipativo di Giovanis\u00ec fa tappa a Siena e traccia un primo bilancio. Edilizia scolastica e non solo al centro del confronto.\" \/>\n<meta property=\"og:url\" content=\"https:\/\/www.intoscana.it\/it\/siete-presente-siena-bilanio-numeri-giovani\/\" \/>\n<meta property=\"og:site_name\" content=\"intoscana\" \/>\n<meta property=\"article:publisher\" content=\"https:\/\/www.facebook.com\/intoscana.it\" \/>\n<meta property=\"article:published_time\" content=\"2022-04-01T17:11:02+00:00\" \/>\n<meta property=\"article:modified_time\" content=\"2022-04-01T17:22:07+00:00\" \/>\n<meta property=\"og:image\" content=\"https:\/\/www.intoscana.it\/wp-content\/uploads\/2022-04-01-giorgio-magini-giovanisi-siena-web-07.jpg\" \/>\n\t<meta property=\"og:image:width\" content=\"1619\" \/>\n\t<meta property=\"og:image:height\" content=\"1080\" \/>\n\t<meta property=\"og:image:type\" content=\"image\/jpeg\" \/>\n<meta name=\"author\" content=\"Redazione\" \/>\n<meta name=\"twitter:card\" content=\"summary_large_image\" \/>\n<meta name=\"twitter:creator\" content=\"@intoscana\" \/>\n<meta name=\"twitter:site\" content=\"@intoscana\" \/>\n<meta name=\"twitter:label1\" content=\"Written by\" \/>\n\t<meta name=\"twitter:data1\" content=\"Redazione\" \/>\n\t<meta name=\"twitter:label2\" content=\"Est. reading time\" \/>\n\t<meta name=\"twitter:data2\" content=\"4 minuti\" \/>\n<script type=\"application\/ld+json\" class=\"yoast-schema-graph\">{\"@context\":\"https:\/\/schema.org\",\"@graph\":[{\"@type\":\"WebPage\",\"@id\":\"https:\/\/www.intoscana.it\/it\/siete-presente-siena-bilanio-numeri-giovani\/\",\"url\":\"https:\/\/www.intoscana.it\/it\/siete-presente-siena-bilanio-numeri-giovani\/\",\"name\":\"Siete Presente, i numeri del 'boom': 100 scuole e 350 giovani coinvolti. E non \u00e8 finita - intoscana\",\"isPartOf\":{\"@id\":\"https:\/\/www.intoscana.it\/it\/#website\"},\"primaryImageOfPage\":{\"@id\":\"https:\/\/www.intoscana.it\/it\/siete-presente-siena-bilanio-numeri-giovani\/#primaryimage\"},\"image\":{\"@id\":\"https:\/\/www.intoscana.it\/it\/siete-presente-siena-bilanio-numeri-giovani\/#primaryimage\"},\"thumbnailUrl\":\"https:\/\/www.intoscana.it\/wp-content\/uploads\/2022-04-01-giorgio-magini-giovanisi-siena-web-07.jpg\",\"datePublished\":\"2022-04-01T17:11:02+00:00\",\"dateModified\":\"2022-04-01T17:22:07+00:00\",\"author\":{\"@id\":\"https:\/\/www.intoscana.it\/it\/#\/schema\/person\/9223810753230f20bd670fdd322661f8\"},\"description\":\"Il tour partecipativo di Giovanis\u00ec fa tappa a Siena e traccia un primo bilancio. Edilizia scolastica e non solo al centro del confronto.\",\"breadcrumb\":{\"@id\":\"https:\/\/www.intoscana.it\/it\/siete-presente-siena-bilanio-numeri-giovani\/#breadcrumb\"},\"inLanguage\":\"it-IT\",\"potentialAction\":[{\"@type\":\"ReadAction\",\"target\":[\"https:\/\/www.intoscana.it\/it\/siete-presente-siena-bilanio-numeri-giovani\/\"]}]},{\"@type\":\"ImageObject\",\"inLanguage\":\"it-IT\",\"@id\":\"https:\/\/www.intoscana.it\/it\/siete-presente-siena-bilanio-numeri-giovani\/#primaryimage\",\"url\":\"https:\/\/www.intoscana.it\/wp-content\/uploads\/2022-04-01-giorgio-magini-giovanisi-siena-web-07.jpg\",\"contentUrl\":\"https:\/\/www.intoscana.it\/wp-content\/uploads\/2022-04-01-giorgio-magini-giovanisi-siena-web-07.jpg\",\"width\":1619,\"height\":1080},{\"@type\":\"BreadcrumbList\",\"@id\":\"https:\/\/www.intoscana.it\/it\/siete-presente-siena-bilanio-numeri-giovani\/#breadcrumb\",\"itemListElement\":[{\"@type\":\"ListItem\",\"position\":1,\"name\":\"Home\",\"item\":\"https:\/\/www.intoscana.it\/it\/\"},{\"@type\":\"ListItem\",\"position\":2,\"name\":\"Siete Presente, i numeri del &#8216;boom&#8217;: 100 scuole e 350 giovani coinvolti. E non \u00e8 finita\"}]},{\"@type\":\"WebSite\",\"@id\":\"https:\/\/www.intoscana.it\/it\/#website\",\"url\":\"https:\/\/www.intoscana.it\/it\/\",\"name\":\"intoscana\",\"description\":\"\",\"potentialAction\":[{\"@type\":\"SearchAction\",\"target\":{\"@type\":\"EntryPoint\",\"urlTemplate\":\"https:\/\/www.intoscana.it\/it\/?s={search_term_string}\"},\"query-input\":{\"@type\":\"PropertyValueSpecification\",\"valueRequired\":true,\"valueName\":\"search_term_string\"}}],\"inLanguage\":\"it-IT\"},{\"@type\":\"Person\",\"@id\":\"https:\/\/www.intoscana.it\/it\/#\/schema\/person\/9223810753230f20bd670fdd322661f8\",\"name\":\"Redazione\",\"url\":\"https:\/\/www.intoscana.it\/it\/author\/redazione\/\"}]}<\/script>\n<!-- \/ Yoast SEO Premium plugin. -->","yoast_head_json":{"title":"Siete Presente, i numeri del 'boom': 100 scuole e 350 giovani coinvolti. E non \u00e8 finita - intoscana","description":"Il tour partecipativo di Giovanis\u00ec fa tappa a Siena e traccia un primo bilancio. Edilizia scolastica e non solo al centro del confronto.","robots":{"index":"index","follow":"follow","max-snippet":"max-snippet:-1","max-image-preview":"max-image-preview:large","max-video-preview":"max-video-preview:-1"},"canonical":"https:\/\/www.intoscana.it\/it\/siete-presente-siena-bilanio-numeri-giovani\/","og_locale":"it_IT","og_type":"article","og_title":"Siete Presente, i numeri del 'boom': 100 scuole e 350 giovani coinvolti. E non \u00e8 finita","og_description":"Il tour partecipativo di Giovanis\u00ec fa tappa a Siena e traccia un primo bilancio. Edilizia scolastica e non solo al centro del confronto.","og_url":"https:\/\/www.intoscana.it\/it\/siete-presente-siena-bilanio-numeri-giovani\/","og_site_name":"intoscana","article_publisher":"https:\/\/www.facebook.com\/intoscana.it","article_published_time":"2022-04-01T17:11:02+00:00","article_modified_time":"2022-04-01T17:22:07+00:00","og_image":[{"width":1619,"height":1080,"url":"https:\/\/www.intoscana.it\/wp-content\/uploads\/2022-04-01-giorgio-magini-giovanisi-siena-web-07.jpg","type":"image\/jpeg"}],"author":"Redazione","twitter_card":"summary_large_image","twitter_creator":"@intoscana","twitter_site":"@intoscana","twitter_misc":{"Written by":"Redazione","Est. reading time":"4 minuti"},"schema":{"@context":"https:\/\/schema.org","@graph":[{"@type":"WebPage","@id":"https:\/\/www.intoscana.it\/it\/siete-presente-siena-bilanio-numeri-giovani\/","url":"https:\/\/www.intoscana.it\/it\/siete-presente-siena-bilanio-numeri-giovani\/","name":"Siete Presente, i numeri del 'boom': 100 scuole e 350 giovani coinvolti. E non \u00e8 finita - intoscana","isPartOf":{"@id":"https:\/\/www.intoscana.it\/it\/#website"},"primaryImageOfPage":{"@id":"https:\/\/www.intoscana.it\/it\/siete-presente-siena-bilanio-numeri-giovani\/#primaryimage"},"image":{"@id":"https:\/\/www.intoscana.it\/it\/siete-presente-siena-bilanio-numeri-giovani\/#primaryimage"},"thumbnailUrl":"https:\/\/www.intoscana.it\/wp-content\/uploads\/2022-04-01-giorgio-magini-giovanisi-siena-web-07.jpg","datePublished":"2022-04-01T17:11:02+00:00","dateModified":"2022-04-01T17:22:07+00:00","author":{"@id":"https:\/\/www.intoscana.it\/it\/#\/schema\/person\/9223810753230f20bd670fdd322661f8"},"description":"Il tour partecipativo di Giovanis\u00ec fa tappa a Siena e traccia un primo bilancio. Edilizia scolastica e non solo al centro del confronto.","breadcrumb":{"@id":"https:\/\/www.intoscana.it\/it\/siete-presente-siena-bilanio-numeri-giovani\/#breadcrumb"},"inLanguage":"it-IT","potentialAction":[{"@type":"ReadAction","target":["https:\/\/www.intoscana.it\/it\/siete-presente-siena-bilanio-numeri-giovani\/"]}]},{"@type":"ImageObject","inLanguage":"it-IT","@id":"https:\/\/www.intoscana.it\/it\/siete-presente-siena-bilanio-numeri-giovani\/#primaryimage","url":"https:\/\/www.intoscana.it\/wp-content\/uploads\/2022-04-01-giorgio-magini-giovanisi-siena-web-07.jpg","contentUrl":"https:\/\/www.intoscana.it\/wp-content\/uploads\/2022-04-01-giorgio-magini-giovanisi-siena-web-07.jpg","width":1619,"height":1080},{"@type":"BreadcrumbList","@id":"https:\/\/www.intoscana.it\/it\/siete-presente-siena-bilanio-numeri-giovani\/#breadcrumb","itemListElement":[{"@type":"ListItem","position":1,"name":"Home","item":"https:\/\/www.intoscana.it\/it\/"},{"@type":"ListItem","position":2,"name":"Siete Presente, i numeri del &#8216;boom&#8217;: 100 scuole e 350 giovani coinvolti. E non \u00e8 finita"}]},{"@type":"WebSite","@id":"https:\/\/www.intoscana.it\/it\/#website","url":"https:\/\/www.intoscana.it\/it\/","name":"intoscana","description":"","potentialAction":[{"@type":"SearchAction","target":{"@type":"EntryPoint","urlTemplate":"https:\/\/www.intoscana.it\/it\/?s={search_term_string}"},"query-input":{"@type":"PropertyValueSpecification","valueRequired":true,"valueName":"search_term_string"}}],"inLanguage":"it-IT"},{"@type":"Person","@id":"https:\/\/www.intoscana.it\/it\/#\/schema\/person\/9223810753230f20bd670fdd322661f8","name":"Redazione","url":"https:\/\/www.intoscana.it\/it\/author\/redazione\/"}]}},"_links":{"self":[{"href":"https:\/\/www.intoscana.it\/it\/wp-json\/wp\/v2\/posts\/221415","targetHints":{"allow":["GET"]}}],"collection":[{"href":"https:\/\/www.intoscana.it\/it\/wp-json\/wp\/v2\/posts"}],"about":[{"href":"https:\/\/www.intoscana.it\/it\/wp-json\/wp\/v2\/types\/post"}],"author":[{"embeddable":true,"href":"https:\/\/www.intoscana.it\/it\/wp-json\/wp\/v2\/users\/525"}],"replies":[{"embeddable":true,"href":"https:\/\/www.intoscana.it\/it\/wp-json\/wp\/v2\/comments?post=221415"}],"version-history":[{"count":0,"href":"https:\/\/www.intoscana.it\/it\/wp-json\/wp\/v2\/posts\/221415\/revisions"}],"wp:featuredmedia":[{"embeddable":true,"href":"https:\/\/www.intoscana.it\/it\/wp-json\/wp\/v2\/media\/221420"}],"wp:attachment":[{"href":"https:\/\/www.intoscana.it\/it\/wp-json\/wp\/v2\/media?parent=221415"}],"wp:term":[{"taxonomy":"category","embeddable":true,"href":"https:\/\/www.intoscana.it\/it\/wp-json\/wp\/v2\/categories?post=221415"},{"taxonomy":"post_tag","embeddable":true,"href":"https:\/\/www.intoscana.it\/it\/wp-json\/wp\/v2\/tags?post=221415"}],"curies":[{"name":"wp","href":"https:\/\/api.w.org\/{rel}","templated":true}]}}