{"id":221920,"date":"2022-04-06T09:52:50","date_gmt":"2022-04-06T07:52:50","guid":{"rendered":"https:\/\/www.intoscana.it\/it\/?p=221920"},"modified":"2022-04-06T09:52:50","modified_gmt":"2022-04-06T07:52:50","slug":"anastasio-concerto-firenze-viper-theatre","status":"publish","type":"post","link":"https:\/\/www.intoscana.it\/it\/anastasio-concerto-firenze-viper-theatre\/","title":{"rendered":"Il rapper Anastasio sul palco del Viper Theatre: &#8220;La musica \u00e8 il miele che ci fa sopportare l&#8217;amaro&#8221;"},"content":{"rendered":"<p><em><strong>\u201cMielemedicina\u201d<\/strong><\/em> \u00e8 il nuovo album di <strong>Anastasio<\/strong> che arriva dopo due anni di silenzio dal precedente debutto <em><strong>\u201cAtto Zero\u201d <\/strong><\/em>uscito poco prima dell&#8217;arrivo del Covid-19.<\/p>\n<p>Il disco che pu\u00f2 vantare la collaborazione con <strong>Stefano Bollani e Boosta<\/strong> contiene nove brani inediti tra cui il primo estratto <em><strong>\u201cAssurdo\u201d<\/strong><\/em>.<\/p>\n<p><strong>Anastasio,<\/strong> classe 1997,\u00a0si appassiona al rap alle scuole superiori e comincia a pubblicare i suoi primi brani su YouTube.<\/p>\n<p><strong>Nel 2018 partecipa alle selezioni di X Factor,<\/strong> entrando a far parte della squadra di <strong>Mara Maionchi,<\/strong> dove si fa notare per la sua capacit\u00e0 di rielaborazione in versi di alcuni grandi classici della canzone italiana e internazionale.<\/p>\n<p>Alla fine della competizione conquister\u00e0 il gradino pi\u00f9 alto del podio, diventando <strong>il primo rapper in tredici edizioni italiane del talent show a essere incoronato vincitore.<\/strong><\/p>\n<p><strong>Nel 2020<\/strong> partecipa alla<strong> 70\u00b0 edizione del Festival di Sanremo <\/strong>con il brano <strong>\u201cRosso di Rabbia\u201d.<\/strong><\/p>\n<p><strong><span class=\"il\">Anastasio\u00a0<\/span><\/strong>che firma tutti i brani del disco <strong>non ha mai amato parlare di s\u00e9<\/strong>, ma ha sempre preferito mettere in musica ci\u00f2 che pensa e tirarlo fuori attraverso la sua scrittura fatta di immagini e incastri.<\/p>\n<p>La sua musica rappresenta un unicum della scena italiana<strong>,\u00a0<\/strong>unendo l&#8217;energia del<strong> rap puro e semplice, <\/strong>la freschezza dei suoi <strong>ventidue anni e l&#8217;incisivit\u00e0 della sua vena poetica con exploit nel cantautorato. <\/strong><\/p>\n<p>Dopo due anni di stop a causa della pandemia<strong> gioved\u00ec 7 aprile Anastasio<\/strong> sar\u00e0 sul palco del <strong>Viper Theatre a Firenze.<\/strong><\/p>\n<h3>Ecco la nostra intervista<\/h3>\n<p><strong>Ciao Anastasio! Due anni fa hai partecipato al Festival di Sanremo, avevi un disco pronto &#8220;Atto zero&#8221;, poi \u00e8 arrivato il covid. Cos&#8217;\u00e8 successo negli ultimi due anni?<\/strong><\/p>\n<p>Li ho passati a lavorare al nuovo album<em><strong> &#8220;Mielemedicina&#8221;<\/strong><\/em> che \u00e8 appena uscito. Ho ripensato il live perch\u00e8 si sono aggiunte tante tracce e ormai abbiamo una scaletta fittissima. Un po&#8217; come tutti, questa cosa ha stravolto la mia ma ho trovato piano, piano un nuovo equilibrio.<\/p>\n<p><strong>Nel titolo del tuo ultimo disco &#8220;Mielemedicina&#8221;, appunto, ti riferisci al fatto che a volte per bere una medicina amara la si addolcisce, ma qual \u00e8 questa medicina?<\/strong><\/p>\n<p>La musica \u00e8 il miele nella mia visione. Il miele \u00e8 qualsiasi cosa che aiuta a trasmettere un messaggio che altrimenti sarebbe difficile.<\/p>\n<p><strong>Qual \u00e8 allora l&#8217; &#8220;amaro&#8221; che dobbiamo prendere?<\/strong><\/p>\n<p>L&#8217;amaro non \u00e8 qualcosa in particolare, \u00e8 la medicina, ci\u00f2 che cura. Per farti un esempio in <em><strong>&#8220;Assurdo&#8221;<\/strong> <\/em>che \u00e8 una canzone melodica e cantabile, il testo parla di <strong>solitudine<\/strong>, ma la canzone te la ascolti con piacere, \u00e8 questo il principio.<\/p>\n<p><iframe loading=\"lazy\" title=\"YouTube video player\" src=\"https:\/\/www.youtube.com\/embed\/6jk7Zk3WI3Y\" width=\"800\" height=\"500\" frameborder=\"0\" allowfullscreen=\"allowfullscreen\"><span data-mce-type=\"bookmark\" style=\"display: inline-block; width: 0px; overflow: hidden; line-height: 0;\" class=\"mce_SELRES_start\">\ufeff<\/span><\/iframe><\/p>\n<p><strong>Nelle tue canzoni ci sono riferimenti a Bukowski e Baudelaire, due scrittori maledetti, ti riconosci un po&#8217; in loro?<\/strong><\/p>\n<p>A me piacciono i maledetti, non so se sono un maledetto anchio, ma <strong>mi piacciono quelli fuori posto e loro lo erano<\/strong>. Erano due poeti che si sono in vita auto-sabotati. <strong>Mi piacciono gli irregolari.<\/strong><\/p>\n<p><strong>Nella canzone &#8220;Tubature&#8221; c&#8217;\u00e8 anche una collaborazione con Stefano Bollani, com&#8217;\u00e8 nata la vostra amicizia?<\/strong><\/p>\n<p>Ci siamo conosciuti perch\u00e8 mi ha invitato la programma che faceva su Rai2 &#8220;<em><strong>Via dei Matti n.0&#8243;<\/strong><\/em>, poi da l\u00ec \u00e8 nato tutto spontaneamente. Entrambi ci stimiamo musicalmente e per entrambi c&#8217;era la voglia di fare un pezzo insieme, <strong>ci siamo divertiti molto!<\/strong><\/p>\n<p><strong>Cosa succeder\u00e0 sul palco del Viper Theatre gioved\u00ec? Quanta voglia hai di suonare?<\/strong><\/p>\n<p>Ho tantissima voglia di salire su un palco<strong>, me l&#8217;hanno fatta sudare per due anni.<\/strong> Dovete aspettarvi uno show pieno, energico, molto suonato e anche qualcosa di inedito. <strong>Ci sar\u00e0 qualche sorpresa per premiare chi ha preso il biglietto due anni fa<\/strong> e sta aspettando da allora. <strong>Sar\u00e0 bellissimo!<\/strong><\/p>\n<figure id=\"post-221925 media-221925\" class=\"align-none\"><img decoding=\"async\" src=\"https:\/\/www.intoscana.it\/wp-content\/uploads\/Anastasio_cover-album_mielemedicina_artwork-by-Gabriele-Turco-Freshrucola.jpeg\" alt=\"\" \/><\/figure>\n<div class=\"titleimg\"><em>Anastasio, Mielemedicina<\/em><\/div>\n","protected":false},"excerpt":{"rendered":"<p>Gioved\u00ec 7 aprile arriva in concerto a Firenze il musicista che ha da poco pubblicato il suo ultimo disco &#8220;Mielemedicina&#8221;<\/p>\n","protected":false},"author":518,"featured_media":221755,"comment_status":"open","ping_status":"open","sticky":false,"template":"","format":"standard","meta":{"_acf_changed":false,"footnotes":""},"categories":[14],"tags":[216,202],"class_list":["post-221920","post","type-post","status-publish","format-standard","has-post-thumbnail","hentry","category-musica","tag-concerti","tag-firenze"],"acf":[],"yoast_head":"<!-- This site is optimized with the Yoast SEO Premium plugin v24.2 (Yoast SEO v25.6) - https:\/\/yoast.com\/wordpress\/plugins\/seo\/ -->\n<title>Il rapper Anastasio sul palco del Viper Theatre: &quot;La musica \u00e8 il miele che ci fa sopportare l&#039;amaro&quot; - intoscana<\/title>\n<meta name=\"description\" content=\"Gioved\u00ec 7 aprile arriva in concerto a Firenze il rapper che ha da poco pubblicato il suo ultimo disco &quot;Mielemedicina&quot;\" \/>\n<meta name=\"robots\" content=\"index, follow, max-snippet:-1, max-image-preview:large, max-video-preview:-1\" \/>\n<link rel=\"canonical\" href=\"https:\/\/www.intoscana.it\/it\/anastasio-concerto-firenze-viper-theatre\/\" \/>\n<meta property=\"og:locale\" content=\"it_IT\" \/>\n<meta property=\"og:type\" content=\"article\" \/>\n<meta property=\"og:title\" content=\"Il rapper Anastasio sul palco del Viper Theatre: &quot;La musica \u00e8 il miele che ci fa sopportare l&#039;amaro&quot;\" \/>\n<meta property=\"og:description\" content=\"Gioved\u00ec 7 aprile arriva in concerto a Firenze il rapper che ha da poco pubblicato il suo ultimo disco &quot;Mielemedicina&quot;\" \/>\n<meta property=\"og:url\" content=\"https:\/\/www.intoscana.it\/it\/anastasio-concerto-firenze-viper-theatre\/\" \/>\n<meta property=\"og:site_name\" content=\"intoscana\" \/>\n<meta property=\"article:publisher\" content=\"https:\/\/www.facebook.com\/intoscana.it\" \/>\n<meta property=\"article:published_time\" content=\"2022-04-06T07:52:50+00:00\" \/>\n<meta property=\"og:image\" content=\"https:\/\/www.intoscana.it\/wp-content\/uploads\/Anastasio_O9A7918-NUOVA_crediti-Christian-Kondic_m-scaled.jpg\" \/>\n\t<meta property=\"og:image:width\" content=\"1638\" \/>\n\t<meta property=\"og:image:height\" content=\"2048\" \/>\n\t<meta property=\"og:image:type\" content=\"image\/jpeg\" \/>\n<meta name=\"author\" content=\"Costanza Baldini\" \/>\n<meta name=\"twitter:card\" content=\"summary_large_image\" \/>\n<meta name=\"twitter:creator\" content=\"@intoscana\" \/>\n<meta name=\"twitter:site\" content=\"@intoscana\" \/>\n<meta name=\"twitter:label1\" content=\"Written by\" \/>\n\t<meta name=\"twitter:data1\" content=\"Costanza Baldini\" \/>\n\t<meta name=\"twitter:label2\" content=\"Est. reading time\" \/>\n\t<meta name=\"twitter:data2\" content=\"3 minuti\" \/>\n<script type=\"application\/ld+json\" class=\"yoast-schema-graph\">{\"@context\":\"https:\/\/schema.org\",\"@graph\":[{\"@type\":\"WebPage\",\"@id\":\"https:\/\/www.intoscana.it\/it\/anastasio-concerto-firenze-viper-theatre\/\",\"url\":\"https:\/\/www.intoscana.it\/it\/anastasio-concerto-firenze-viper-theatre\/\",\"name\":\"Il rapper Anastasio sul palco del Viper Theatre: \\\"La musica \u00e8 il miele che ci fa sopportare l'amaro\\\" - intoscana\",\"isPartOf\":{\"@id\":\"https:\/\/www.intoscana.it\/it\/#website\"},\"primaryImageOfPage\":{\"@id\":\"https:\/\/www.intoscana.it\/it\/anastasio-concerto-firenze-viper-theatre\/#primaryimage\"},\"image\":{\"@id\":\"https:\/\/www.intoscana.it\/it\/anastasio-concerto-firenze-viper-theatre\/#primaryimage\"},\"thumbnailUrl\":\"https:\/\/www.intoscana.it\/wp-content\/uploads\/Anastasio_O9A7918-NUOVA_crediti-Christian-Kondic_m-scaled.jpg\",\"datePublished\":\"2022-04-06T07:52:50+00:00\",\"author\":{\"@id\":\"https:\/\/www.intoscana.it\/it\/#\/schema\/person\/d469f35f09739bdf00bf5dd3f0647a82\"},\"description\":\"Gioved\u00ec 7 aprile arriva in concerto a Firenze il rapper che ha da poco pubblicato il suo ultimo disco \\\"Mielemedicina\\\"\",\"breadcrumb\":{\"@id\":\"https:\/\/www.intoscana.it\/it\/anastasio-concerto-firenze-viper-theatre\/#breadcrumb\"},\"inLanguage\":\"it-IT\",\"potentialAction\":[{\"@type\":\"ReadAction\",\"target\":[\"https:\/\/www.intoscana.it\/it\/anastasio-concerto-firenze-viper-theatre\/\"]}]},{\"@type\":\"ImageObject\",\"inLanguage\":\"it-IT\",\"@id\":\"https:\/\/www.intoscana.it\/it\/anastasio-concerto-firenze-viper-theatre\/#primaryimage\",\"url\":\"https:\/\/www.intoscana.it\/wp-content\/uploads\/Anastasio_O9A7918-NUOVA_crediti-Christian-Kondic_m-scaled.jpg\",\"contentUrl\":\"https:\/\/www.intoscana.it\/wp-content\/uploads\/Anastasio_O9A7918-NUOVA_crediti-Christian-Kondic_m-scaled.jpg\",\"width\":1638,\"height\":2048},{\"@type\":\"BreadcrumbList\",\"@id\":\"https:\/\/www.intoscana.it\/it\/anastasio-concerto-firenze-viper-theatre\/#breadcrumb\",\"itemListElement\":[{\"@type\":\"ListItem\",\"position\":1,\"name\":\"Home\",\"item\":\"https:\/\/www.intoscana.it\/it\/\"},{\"@type\":\"ListItem\",\"position\":2,\"name\":\"Il rapper Anastasio sul palco del Viper Theatre: &#8220;La musica \u00e8 il miele che ci fa sopportare l&#8217;amaro&#8221;\"}]},{\"@type\":\"WebSite\",\"@id\":\"https:\/\/www.intoscana.it\/it\/#website\",\"url\":\"https:\/\/www.intoscana.it\/it\/\",\"name\":\"intoscana\",\"description\":\"\",\"potentialAction\":[{\"@type\":\"SearchAction\",\"target\":{\"@type\":\"EntryPoint\",\"urlTemplate\":\"https:\/\/www.intoscana.it\/it\/?s={search_term_string}\"},\"query-input\":{\"@type\":\"PropertyValueSpecification\",\"valueRequired\":true,\"valueName\":\"search_term_string\"}}],\"inLanguage\":\"it-IT\"},{\"@type\":\"Person\",\"@id\":\"https:\/\/www.intoscana.it\/it\/#\/schema\/person\/d469f35f09739bdf00bf5dd3f0647a82\",\"name\":\"Costanza Baldini\",\"url\":\"https:\/\/www.intoscana.it\/it\/author\/costanza-baldini\/\"}]}<\/script>\n<!-- \/ Yoast SEO Premium plugin. -->","yoast_head_json":{"title":"Il rapper Anastasio sul palco del Viper Theatre: \"La musica \u00e8 il miele che ci fa sopportare l'amaro\" - intoscana","description":"Gioved\u00ec 7 aprile arriva in concerto a Firenze il rapper che ha da poco pubblicato il suo ultimo disco \"Mielemedicina\"","robots":{"index":"index","follow":"follow","max-snippet":"max-snippet:-1","max-image-preview":"max-image-preview:large","max-video-preview":"max-video-preview:-1"},"canonical":"https:\/\/www.intoscana.it\/it\/anastasio-concerto-firenze-viper-theatre\/","og_locale":"it_IT","og_type":"article","og_title":"Il rapper Anastasio sul palco del Viper Theatre: \"La musica \u00e8 il miele che ci fa sopportare l'amaro\"","og_description":"Gioved\u00ec 7 aprile arriva in concerto a Firenze il rapper che ha da poco pubblicato il suo ultimo disco \"Mielemedicina\"","og_url":"https:\/\/www.intoscana.it\/it\/anastasio-concerto-firenze-viper-theatre\/","og_site_name":"intoscana","article_publisher":"https:\/\/www.facebook.com\/intoscana.it","article_published_time":"2022-04-06T07:52:50+00:00","og_image":[{"width":1638,"height":2048,"url":"https:\/\/www.intoscana.it\/wp-content\/uploads\/Anastasio_O9A7918-NUOVA_crediti-Christian-Kondic_m-scaled.jpg","type":"image\/jpeg"}],"author":"Costanza Baldini","twitter_card":"summary_large_image","twitter_creator":"@intoscana","twitter_site":"@intoscana","twitter_misc":{"Written by":"Costanza Baldini","Est. reading time":"3 minuti"},"schema":{"@context":"https:\/\/schema.org","@graph":[{"@type":"WebPage","@id":"https:\/\/www.intoscana.it\/it\/anastasio-concerto-firenze-viper-theatre\/","url":"https:\/\/www.intoscana.it\/it\/anastasio-concerto-firenze-viper-theatre\/","name":"Il rapper Anastasio sul palco del Viper Theatre: \"La musica \u00e8 il miele che ci fa sopportare l'amaro\" - intoscana","isPartOf":{"@id":"https:\/\/www.intoscana.it\/it\/#website"},"primaryImageOfPage":{"@id":"https:\/\/www.intoscana.it\/it\/anastasio-concerto-firenze-viper-theatre\/#primaryimage"},"image":{"@id":"https:\/\/www.intoscana.it\/it\/anastasio-concerto-firenze-viper-theatre\/#primaryimage"},"thumbnailUrl":"https:\/\/www.intoscana.it\/wp-content\/uploads\/Anastasio_O9A7918-NUOVA_crediti-Christian-Kondic_m-scaled.jpg","datePublished":"2022-04-06T07:52:50+00:00","author":{"@id":"https:\/\/www.intoscana.it\/it\/#\/schema\/person\/d469f35f09739bdf00bf5dd3f0647a82"},"description":"Gioved\u00ec 7 aprile arriva in concerto a Firenze il rapper che ha da poco pubblicato il suo ultimo disco \"Mielemedicina\"","breadcrumb":{"@id":"https:\/\/www.intoscana.it\/it\/anastasio-concerto-firenze-viper-theatre\/#breadcrumb"},"inLanguage":"it-IT","potentialAction":[{"@type":"ReadAction","target":["https:\/\/www.intoscana.it\/it\/anastasio-concerto-firenze-viper-theatre\/"]}]},{"@type":"ImageObject","inLanguage":"it-IT","@id":"https:\/\/www.intoscana.it\/it\/anastasio-concerto-firenze-viper-theatre\/#primaryimage","url":"https:\/\/www.intoscana.it\/wp-content\/uploads\/Anastasio_O9A7918-NUOVA_crediti-Christian-Kondic_m-scaled.jpg","contentUrl":"https:\/\/www.intoscana.it\/wp-content\/uploads\/Anastasio_O9A7918-NUOVA_crediti-Christian-Kondic_m-scaled.jpg","width":1638,"height":2048},{"@type":"BreadcrumbList","@id":"https:\/\/www.intoscana.it\/it\/anastasio-concerto-firenze-viper-theatre\/#breadcrumb","itemListElement":[{"@type":"ListItem","position":1,"name":"Home","item":"https:\/\/www.intoscana.it\/it\/"},{"@type":"ListItem","position":2,"name":"Il rapper Anastasio sul palco del Viper Theatre: &#8220;La musica \u00e8 il miele che ci fa sopportare l&#8217;amaro&#8221;"}]},{"@type":"WebSite","@id":"https:\/\/www.intoscana.it\/it\/#website","url":"https:\/\/www.intoscana.it\/it\/","name":"intoscana","description":"","potentialAction":[{"@type":"SearchAction","target":{"@type":"EntryPoint","urlTemplate":"https:\/\/www.intoscana.it\/it\/?s={search_term_string}"},"query-input":{"@type":"PropertyValueSpecification","valueRequired":true,"valueName":"search_term_string"}}],"inLanguage":"it-IT"},{"@type":"Person","@id":"https:\/\/www.intoscana.it\/it\/#\/schema\/person\/d469f35f09739bdf00bf5dd3f0647a82","name":"Costanza Baldini","url":"https:\/\/www.intoscana.it\/it\/author\/costanza-baldini\/"}]}},"_links":{"self":[{"href":"https:\/\/www.intoscana.it\/it\/wp-json\/wp\/v2\/posts\/221920","targetHints":{"allow":["GET"]}}],"collection":[{"href":"https:\/\/www.intoscana.it\/it\/wp-json\/wp\/v2\/posts"}],"about":[{"href":"https:\/\/www.intoscana.it\/it\/wp-json\/wp\/v2\/types\/post"}],"author":[{"embeddable":true,"href":"https:\/\/www.intoscana.it\/it\/wp-json\/wp\/v2\/users\/518"}],"replies":[{"embeddable":true,"href":"https:\/\/www.intoscana.it\/it\/wp-json\/wp\/v2\/comments?post=221920"}],"version-history":[{"count":0,"href":"https:\/\/www.intoscana.it\/it\/wp-json\/wp\/v2\/posts\/221920\/revisions"}],"wp:featuredmedia":[{"embeddable":true,"href":"https:\/\/www.intoscana.it\/it\/wp-json\/wp\/v2\/media\/221755"}],"wp:attachment":[{"href":"https:\/\/www.intoscana.it\/it\/wp-json\/wp\/v2\/media?parent=221920"}],"wp:term":[{"taxonomy":"category","embeddable":true,"href":"https:\/\/www.intoscana.it\/it\/wp-json\/wp\/v2\/categories?post=221920"},{"taxonomy":"post_tag","embeddable":true,"href":"https:\/\/www.intoscana.it\/it\/wp-json\/wp\/v2\/tags?post=221920"}],"curies":[{"name":"wp","href":"https:\/\/api.w.org\/{rel}","templated":true}]}}