{"id":221967,"date":"2022-04-11T10:29:41","date_gmt":"2022-04-11T08:29:41","guid":{"rendered":"https:\/\/www.intoscana.it\/it\/?p=221967"},"modified":"2022-04-14T12:16:38","modified_gmt":"2022-04-14T10:16:38","slug":"scuola-contadini-chianti","status":"publish","type":"post","link":"https:\/\/www.intoscana.it\/it\/scuola-contadini-chianti\/","title":{"rendered":"Nel Chianti la scuola per contadini. I giovani coltivano il presente della Toscana"},"content":{"rendered":"<p>Tornare alla <strong>terra<\/strong>, curarla, custodirla, amarla e renderla redditizia. L&#8217;antico mestiere del<strong> &#8220;contadino&#8221; <\/strong>sta appassionando sempre pi\u00f9 le giovani generazioni che possono rappresentare non solo il futuro ma sopratutto il presente della Toscana agricola. Un interesse dei giovani verso il lavoro sui campi &#8220;intercettato&#8221;, fra le varie agenzie formative, anche da <strong>ChiantiForm <\/strong>di <strong>San Casciano Val di Pesa<\/strong> che mette a disposizione un<strong> percorso di istruzione e formazione professionale<\/strong> di tre anni da oltre tremila ore di teoria, pratica e stage in azienda per ottenere la qualifica di &#8220;addetto agli interventi tecnici ed agronomici sulle coltivazioni e alla gestione di impianti, macchine ed attrezzature\u201d.<\/p>\n<p>Corsi che consentono ai giovani agricoltori alte garanzie di occupazione: circa il 90% dei ragazzi diplomati \u00e8 riuscito a trovare un&#8217;occupazione e il 30% \u00e8 stato invece assunto a tempo indeterminato. Percorsi di studio e formazione che hanno trovato anche il sostegno della Regione Toscana, grazie al progetto Giovanis\u00ec.<\/p>\n<p><span class=\"citazione\"> Dika: <em>Se un giovane non ha voglia di studiare non dobbiamo demonizzarlo ma prenderlo per mano e aiutarlo a rendersi autonomo<\/em> \u00a0<\/span><\/p>\n<p>Una realt\u00e0 che nelle scorse settimane ha visitato anche il consigliere per l&#8217;innovazione e le politiche giovanili del presidente Giani, <strong>Bernard Dika<\/strong>. <em>&#8220;Se un giovane non ha voglia di studiare non dobbiamo demonizzarlo ma prenderlo per mano e aiutarlo a rendersi autonomo ed \u00e8 per questo che nascono questi progetti. <a href=\"https:\/\/www.intoscana.it\/it\/topic\/giovanisi\/\" target=\"_blank\" rel=\"noopener\"><strong>Giovanis\u00ec<\/strong><\/a><\/em> -ha aggiunto &#8211;\u00a0 <em>vuole offrire opportunit\u00e0 per aiutare i giovani a trovare la propria strada. <\/em>Poi aggiunge:<em> &#8220;La Toscana \u00e8 agricoltura e ci sono tanti giovani che hanno il coraggio di innovare, un esempio di come si possa modernizzare il processo lavorativo, valorizzando la nostra terra e i nostri bellissimi paesaggi&#8221;.<\/em><\/p>\n<p>Ne \u00e8 convinto anche il diciottenne <strong>Gabriele<\/strong>, che parla dei suoi sogni di <strong>&#8220;moderno contadino&#8221;<\/strong> in mezzo agli olivi, proprio davanti alla scuola dove sta imparando le fondamenta del mestiere. Giovane, giovanissimo ma con le idee chiare. Intorno al suo progetto di agricoltore ci sono il rispetto dell&#8217;ambiente e la sostenibilit\u00e0.<em> &#8220;Finito questo corso sceglier\u00f2 una scuola superiore ad indirizzo agricolo per poi studiare agronomia all&#8217;universit\u00e0&#8221;.<\/em> Ed ha gi\u00e0 delineato anche i passi successivi. <em>&#8220;Inizialmente vorrei occuparmi di management aziendale nel settore agricolo per\u00f2 in futuro vorrei aprire un&#8217;azienda mia che metta al centro il rispetto natura&#8221;. <\/em><\/p>\n<p>Alza gli occhi, sorride.<em> &#8220;Poi vorrei coinvolgere altri giovani. Sta a noi vedere gli errori fatti in passato e cercare di migliorare, a partire dal rispetto dell&#8217;ambiente. Qui sto imparando come trattare la piante, in maniera naturale&#8221;.<\/em><\/p>\n<p>&nbsp;<\/p>\n<figure id=\"post-96015 media-96015\" class=\"align-none\">\n<figure id=\"post-222974 media-222974\" class=\"align-none\"><img decoding=\"async\" src=\"https:\/\/www.intoscana.it\/wp-content\/uploads\/Episodio-07.00_04_40_08.Immagine052.jpg\" alt=\"\" \/><\/figure>\n<\/figure>\n<div><\/div>\n<div><p><span class=\"citazione\">\u00a0 Niccol\u00f2: Respirare aria fresca, veder il paesaggio. In campagna \u00e8 tutto pi\u00f9 bello <\/span><\/p><\/div>\n<p>Imparare, conoscere, acquisire competenze. C&#8217;\u00e8 il lavoro sui banchi di scuola e poi c&#8217;\u00e8 quello sul campo come la potatura delle viti, ad esempio. Ce ne parla<strong> Niccol\u00f2<\/strong>, anche lui appena diciottenne. <em>&#8220;A me piace fare pi\u00f9 pratica che teoria&#8221;<\/em>, ammette e poi ci racconta com&#8217;\u00e8 nata la passione per l&#8217;agricoltura. &#8220;<em>Tutto \u00e8 partito questa estate quando ho lavorato l&#8217;orto di mia zia. Respirare aria fresca, vedere il paesaggio. E&#8217; tutto pi\u00f9 bello&#8221;.<\/em> Poi i desideri :<em>&#8220;Spero di entrare in un&#8217;azienda agricola. E&#8217; il mio sogno&#8221;. <\/em><\/p>\n<p>Accanto a lui c&#8217;\u00e8 <strong>Lorenzo<\/strong> che invece vuol diventare trattorista. Poi ci sono le storie come quella di <strong>Arbis<\/strong> che ha scelto ha lasciato l&#8217;Albania per lavorare la terra, come gi\u00e0 fanno i suoi genitori nel proprio paese d&#8217;origine. La sera studia per prendere la licenza di terza media, il resto del giorno lo dedica alla scuola per agricoltori. <em>&#8220;Appena sono arrivato qua ho iniziato a studiare la lingua italiana, poi la mia educatrice mi ha fatto conoscere questo corso. Sono gi\u00e0 al secondo anno ed ho gi\u00e0 fatto un mese di stage nell&#8217;azienda agricola di San Michele a Torri. Dal prossimo anno vorrei anche fare un ulteriore corso, mi piace studiare. Vorrei avere un&#8217;azienda mia, familiare. Produrre ortaggi, come mia madre in Albania&#8221;.<\/em><\/p>\n<p><span class=\"citazione\"> Matteo: Le api mi hanno sempre affascinato. Ho iniziato con 3 cassette, oggi produco 400 kg di miele all&#8217;anno\u00a0 <\/span><\/p>\n<p>Un obiettivo gi\u00e0 realizzato invece per<strong> Matteo Marchi<\/strong>, 25enne di Mercatale Val di Pesa. Nel podere di famiglia ha iniziato a produrre miele dopo aver frequentato i corsi di ChiantiForm. Tutto \u00e8 iniziato dalla scuola, poi \u00e8 arrivato il lavoro. <em>&#8220;Prima in una fattoria qua vicino, spiega. Poi ho provato a costruire qualcosa di mio, a piccoli passi. Le api mi hanno sempre affascinato. Ho iniziato con tre cassette&#8221;.<\/em> Adesso sono 28 e la resa \u00e8 cresciuta: le sue api arrivano a produrre circa 400 kg di miele all&#8217;anno . &#8220;<em>Lavorare in mezzo alla natura \u00e8 un&#8217;emozione unica, mi riempie di gioia. La natura insegna che ci vuole pazienza, cura delle cose e rispettare i tempi in modo corretto. Io mi sento custode di questo posto, \u00e8 mio&#8221;.<\/em><\/p>\n<p>Cura, appartenenza, sogni: i giovani sono pronti a coltivare il presente della Toscana.<\/p>\n<p>&#8212;&#8212;&#8212;&#8212;&#8212;&#8212;&#8212;&#8212;&#8212;&#8212;&#8212;&#8212;&#8212;&#8212;&#8212;&#8212;&#8212;&#8212;&#8212;&#8212;&#8212;&#8212;&#8212;&#8212;&#8212;&#8212;&#8212;&#8212;&#8212;&#8212;&#8212;&#8212;&#8212;&#8212;&#8212;&#8212;&#8212;&#8212;&#8212;&#8212;&#8212;&#8212;&#8212;&#8212;&#8212;&#8212;&#8212;&#8212;&#8212;&#8212;&#8212;&#8212;&#8212;&#8212;&#8212;&#8212;&#8211;<\/p>\n<p>La scuola per contadini del Chianti \u00e8 protagonista della settima puntata di <a href=\"https:\/\/www.intoscana.it\/it\/topic\/accenti\/\" target=\"_blank\" rel=\"noopener\"><strong>Accenti intoscana<\/strong><\/a>, il format video realizzato da\u00a0<a href=\"https:\/\/www.fondazionesistematoscana.it\/\" target=\"_blank\" rel=\"noopener\">Fondazione sistema Toscana<\/a>\u00a0(Ufficio Giovanis\u00ec e redazione di\u00a0<a href=\"https:\/\/www.intoscana.it\/\">intoscana.it<\/a>) che racconta da vicino le storie possibili di Giovanis\u00ec.<\/p>\n<p><iframe loading=\"lazy\" title=\"YouTube video player\" src=\"https:\/\/www.youtube.com\/embed\/20xcGTvcfnA\" width=\"560\" height=\"315\" frameborder=\"0\" allowfullscreen=\"allowfullscreen\"><\/iframe><\/p>\n","protected":false},"excerpt":{"rendered":"<p>Dai banchi ai campi, il ciclo di studi e formazione per imparare il mestiere del contadino e dell&#8217;agricoltore: le opportunit\u00e0 di Giovanis\u00ec e i corsi di ChiantiForm a San Casciano Val di Pesa tra sogni, storie e scelte di vita<\/p>\n","protected":false},"author":513,"featured_media":223085,"comment_status":"open","ping_status":"open","sticky":false,"template":"","format":"standard","meta":{"_acf_changed":false,"footnotes":""},"categories":[4],"tags":[5391,363,282,366,4729],"class_list":["post-221967","post","type-post","status-publish","format-standard","has-post-thumbnail","hentry","category-storie","tag-accenti","tag-agricoltura","tag-agroalimentare","tag-chianti","tag-storie-di-moderni-contadini"],"acf":[],"yoast_head":"<!-- This site is optimized with the Yoast SEO Premium plugin v24.2 (Yoast SEO v25.6) - https:\/\/yoast.com\/wordpress\/plugins\/seo\/ -->\n<title>Nel Chianti la scuola per contadini. I giovani coltivano il presente della Toscana - intoscana<\/title>\n<meta name=\"description\" content=\"A San Casciano Val di Pesa scopriamo ChiantiForm, la scuola per contadini: i corsi, le storie dei giovani, le opportunit\u00e0 di Giovanis\u00ec.\" \/>\n<meta name=\"robots\" content=\"index, follow, max-snippet:-1, max-image-preview:large, max-video-preview:-1\" \/>\n<link rel=\"canonical\" href=\"https:\/\/www.intoscana.it\/it\/scuola-contadini-chianti\/\" \/>\n<meta property=\"og:locale\" content=\"it_IT\" \/>\n<meta property=\"og:type\" content=\"article\" \/>\n<meta property=\"og:title\" content=\"Nel Chianti la scuola per contadini. I giovani coltivano il presente della Toscana\" \/>\n<meta property=\"og:description\" content=\"A San Casciano Val di Pesa scopriamo ChiantiForm, la scuola per contadini: i corsi, le storie dei giovani, le opportunit\u00e0 di Giovanis\u00ec.\" \/>\n<meta property=\"og:url\" content=\"https:\/\/www.intoscana.it\/it\/scuola-contadini-chianti\/\" \/>\n<meta property=\"og:site_name\" content=\"intoscana\" \/>\n<meta property=\"article:publisher\" content=\"https:\/\/www.facebook.com\/intoscana.it\" \/>\n<meta property=\"article:published_time\" content=\"2022-04-11T08:29:41+00:00\" \/>\n<meta property=\"article:modified_time\" content=\"2022-04-14T10:16:38+00:00\" \/>\n<meta property=\"og:image\" content=\"https:\/\/www.intoscana.it\/wp-content\/uploads\/PRT_2670.jpg\" \/>\n\t<meta property=\"og:image:width\" content=\"1200\" \/>\n\t<meta property=\"og:image:height\" content=\"800\" \/>\n\t<meta property=\"og:image:type\" content=\"image\/jpeg\" \/>\n<meta name=\"author\" content=\"Simona Bellocci\" \/>\n<meta name=\"twitter:card\" content=\"summary_large_image\" \/>\n<meta name=\"twitter:creator\" content=\"@intoscana\" \/>\n<meta name=\"twitter:site\" content=\"@intoscana\" \/>\n<meta name=\"twitter:label1\" content=\"Written by\" \/>\n\t<meta name=\"twitter:data1\" content=\"Simona Bellocci\" \/>\n\t<meta name=\"twitter:label2\" content=\"Est. reading time\" \/>\n\t<meta name=\"twitter:data2\" content=\"4 minuti\" \/>\n<script type=\"application\/ld+json\" class=\"yoast-schema-graph\">{\"@context\":\"https:\/\/schema.org\",\"@graph\":[{\"@type\":\"WebPage\",\"@id\":\"https:\/\/www.intoscana.it\/it\/scuola-contadini-chianti\/\",\"url\":\"https:\/\/www.intoscana.it\/it\/scuola-contadini-chianti\/\",\"name\":\"Nel Chianti la scuola per contadini. I giovani coltivano il presente della Toscana - intoscana\",\"isPartOf\":{\"@id\":\"https:\/\/www.intoscana.it\/it\/#website\"},\"primaryImageOfPage\":{\"@id\":\"https:\/\/www.intoscana.it\/it\/scuola-contadini-chianti\/#primaryimage\"},\"image\":{\"@id\":\"https:\/\/www.intoscana.it\/it\/scuola-contadini-chianti\/#primaryimage\"},\"thumbnailUrl\":\"https:\/\/www.intoscana.it\/wp-content\/uploads\/PRT_2670.jpg\",\"datePublished\":\"2022-04-11T08:29:41+00:00\",\"dateModified\":\"2022-04-14T10:16:38+00:00\",\"author\":{\"@id\":\"https:\/\/www.intoscana.it\/it\/#\/schema\/person\/43a95334a6f068317e0b7acba24f9e87\"},\"description\":\"A San Casciano Val di Pesa scopriamo ChiantiForm, la scuola per contadini: i corsi, le storie dei giovani, le opportunit\u00e0 di Giovanis\u00ec.\",\"breadcrumb\":{\"@id\":\"https:\/\/www.intoscana.it\/it\/scuola-contadini-chianti\/#breadcrumb\"},\"inLanguage\":\"it-IT\",\"potentialAction\":[{\"@type\":\"ReadAction\",\"target\":[\"https:\/\/www.intoscana.it\/it\/scuola-contadini-chianti\/\"]}]},{\"@type\":\"ImageObject\",\"inLanguage\":\"it-IT\",\"@id\":\"https:\/\/www.intoscana.it\/it\/scuola-contadini-chianti\/#primaryimage\",\"url\":\"https:\/\/www.intoscana.it\/wp-content\/uploads\/PRT_2670.jpg\",\"contentUrl\":\"https:\/\/www.intoscana.it\/wp-content\/uploads\/PRT_2670.jpg\",\"width\":1200,\"height\":800},{\"@type\":\"BreadcrumbList\",\"@id\":\"https:\/\/www.intoscana.it\/it\/scuola-contadini-chianti\/#breadcrumb\",\"itemListElement\":[{\"@type\":\"ListItem\",\"position\":1,\"name\":\"Home\",\"item\":\"https:\/\/www.intoscana.it\/it\/\"},{\"@type\":\"ListItem\",\"position\":2,\"name\":\"Nel Chianti la scuola per contadini. I giovani coltivano il presente della Toscana\"}]},{\"@type\":\"WebSite\",\"@id\":\"https:\/\/www.intoscana.it\/it\/#website\",\"url\":\"https:\/\/www.intoscana.it\/it\/\",\"name\":\"intoscana\",\"description\":\"\",\"potentialAction\":[{\"@type\":\"SearchAction\",\"target\":{\"@type\":\"EntryPoint\",\"urlTemplate\":\"https:\/\/www.intoscana.it\/it\/?s={search_term_string}\"},\"query-input\":{\"@type\":\"PropertyValueSpecification\",\"valueRequired\":true,\"valueName\":\"search_term_string\"}}],\"inLanguage\":\"it-IT\"},{\"@type\":\"Person\",\"@id\":\"https:\/\/www.intoscana.it\/it\/#\/schema\/person\/43a95334a6f068317e0b7acba24f9e87\",\"name\":\"Simona Bellocci\",\"url\":\"https:\/\/www.intoscana.it\/it\/author\/simona-bellocci\/\"}]}<\/script>\n<!-- \/ Yoast SEO Premium plugin. -->","yoast_head_json":{"title":"Nel Chianti la scuola per contadini. I giovani coltivano il presente della Toscana - intoscana","description":"A San Casciano Val di Pesa scopriamo ChiantiForm, la scuola per contadini: i corsi, le storie dei giovani, le opportunit\u00e0 di Giovanis\u00ec.","robots":{"index":"index","follow":"follow","max-snippet":"max-snippet:-1","max-image-preview":"max-image-preview:large","max-video-preview":"max-video-preview:-1"},"canonical":"https:\/\/www.intoscana.it\/it\/scuola-contadini-chianti\/","og_locale":"it_IT","og_type":"article","og_title":"Nel Chianti la scuola per contadini. I giovani coltivano il presente della Toscana","og_description":"A San Casciano Val di Pesa scopriamo ChiantiForm, la scuola per contadini: i corsi, le storie dei giovani, le opportunit\u00e0 di Giovanis\u00ec.","og_url":"https:\/\/www.intoscana.it\/it\/scuola-contadini-chianti\/","og_site_name":"intoscana","article_publisher":"https:\/\/www.facebook.com\/intoscana.it","article_published_time":"2022-04-11T08:29:41+00:00","article_modified_time":"2022-04-14T10:16:38+00:00","og_image":[{"width":1200,"height":800,"url":"https:\/\/www.intoscana.it\/wp-content\/uploads\/PRT_2670.jpg","type":"image\/jpeg"}],"author":"Simona Bellocci","twitter_card":"summary_large_image","twitter_creator":"@intoscana","twitter_site":"@intoscana","twitter_misc":{"Written by":"Simona Bellocci","Est. reading time":"4 minuti"},"schema":{"@context":"https:\/\/schema.org","@graph":[{"@type":"WebPage","@id":"https:\/\/www.intoscana.it\/it\/scuola-contadini-chianti\/","url":"https:\/\/www.intoscana.it\/it\/scuola-contadini-chianti\/","name":"Nel Chianti la scuola per contadini. I giovani coltivano il presente della Toscana - intoscana","isPartOf":{"@id":"https:\/\/www.intoscana.it\/it\/#website"},"primaryImageOfPage":{"@id":"https:\/\/www.intoscana.it\/it\/scuola-contadini-chianti\/#primaryimage"},"image":{"@id":"https:\/\/www.intoscana.it\/it\/scuola-contadini-chianti\/#primaryimage"},"thumbnailUrl":"https:\/\/www.intoscana.it\/wp-content\/uploads\/PRT_2670.jpg","datePublished":"2022-04-11T08:29:41+00:00","dateModified":"2022-04-14T10:16:38+00:00","author":{"@id":"https:\/\/www.intoscana.it\/it\/#\/schema\/person\/43a95334a6f068317e0b7acba24f9e87"},"description":"A San Casciano Val di Pesa scopriamo ChiantiForm, la scuola per contadini: i corsi, le storie dei giovani, le opportunit\u00e0 di Giovanis\u00ec.","breadcrumb":{"@id":"https:\/\/www.intoscana.it\/it\/scuola-contadini-chianti\/#breadcrumb"},"inLanguage":"it-IT","potentialAction":[{"@type":"ReadAction","target":["https:\/\/www.intoscana.it\/it\/scuola-contadini-chianti\/"]}]},{"@type":"ImageObject","inLanguage":"it-IT","@id":"https:\/\/www.intoscana.it\/it\/scuola-contadini-chianti\/#primaryimage","url":"https:\/\/www.intoscana.it\/wp-content\/uploads\/PRT_2670.jpg","contentUrl":"https:\/\/www.intoscana.it\/wp-content\/uploads\/PRT_2670.jpg","width":1200,"height":800},{"@type":"BreadcrumbList","@id":"https:\/\/www.intoscana.it\/it\/scuola-contadini-chianti\/#breadcrumb","itemListElement":[{"@type":"ListItem","position":1,"name":"Home","item":"https:\/\/www.intoscana.it\/it\/"},{"@type":"ListItem","position":2,"name":"Nel Chianti la scuola per contadini. I giovani coltivano il presente della Toscana"}]},{"@type":"WebSite","@id":"https:\/\/www.intoscana.it\/it\/#website","url":"https:\/\/www.intoscana.it\/it\/","name":"intoscana","description":"","potentialAction":[{"@type":"SearchAction","target":{"@type":"EntryPoint","urlTemplate":"https:\/\/www.intoscana.it\/it\/?s={search_term_string}"},"query-input":{"@type":"PropertyValueSpecification","valueRequired":true,"valueName":"search_term_string"}}],"inLanguage":"it-IT"},{"@type":"Person","@id":"https:\/\/www.intoscana.it\/it\/#\/schema\/person\/43a95334a6f068317e0b7acba24f9e87","name":"Simona Bellocci","url":"https:\/\/www.intoscana.it\/it\/author\/simona-bellocci\/"}]}},"_links":{"self":[{"href":"https:\/\/www.intoscana.it\/it\/wp-json\/wp\/v2\/posts\/221967","targetHints":{"allow":["GET"]}}],"collection":[{"href":"https:\/\/www.intoscana.it\/it\/wp-json\/wp\/v2\/posts"}],"about":[{"href":"https:\/\/www.intoscana.it\/it\/wp-json\/wp\/v2\/types\/post"}],"author":[{"embeddable":true,"href":"https:\/\/www.intoscana.it\/it\/wp-json\/wp\/v2\/users\/513"}],"replies":[{"embeddable":true,"href":"https:\/\/www.intoscana.it\/it\/wp-json\/wp\/v2\/comments?post=221967"}],"version-history":[{"count":0,"href":"https:\/\/www.intoscana.it\/it\/wp-json\/wp\/v2\/posts\/221967\/revisions"}],"wp:featuredmedia":[{"embeddable":true,"href":"https:\/\/www.intoscana.it\/it\/wp-json\/wp\/v2\/media\/223085"}],"wp:attachment":[{"href":"https:\/\/www.intoscana.it\/it\/wp-json\/wp\/v2\/media?parent=221967"}],"wp:term":[{"taxonomy":"category","embeddable":true,"href":"https:\/\/www.intoscana.it\/it\/wp-json\/wp\/v2\/categories?post=221967"},{"taxonomy":"post_tag","embeddable":true,"href":"https:\/\/www.intoscana.it\/it\/wp-json\/wp\/v2\/tags?post=221967"}],"curies":[{"name":"wp","href":"https:\/\/api.w.org\/{rel}","templated":true}]}}