{"id":222012,"date":"2022-04-06T12:49:08","date_gmt":"2022-04-06T10:49:08","guid":{"rendered":"https:\/\/www.intoscana.it\/it\/?p=222012"},"modified":"2022-04-06T12:56:02","modified_gmt":"2022-04-06T10:56:02","slug":"dal-1-giugno-la-bandabardo-torna-in-concerto-con-cisco-e-ce-anche-un-nuovo-album","status":"publish","type":"post","link":"https:\/\/www.intoscana.it\/it\/dal-1-giugno-la-bandabardo-torna-in-concerto-con-cisco-e-ce-anche-un-nuovo-album\/","title":{"rendered":"Dal 1\u00b0 giugno la Bandabard\u00f2 torna in concerto con Cisco e c&#8217;\u00e8 anche un nuovo album"},"content":{"rendered":"<p>I fan lo chiedevano da mesi a gran voce e adesso \u00e8 ufficiale<strong> la Bandabard\u00f2 torna in tour con Cisco in tutta Italia.<\/strong><\/p>\n<p>Una decisione quella di tornare a suonare che nasce dalla naturale esigenza di voler proseguire la storia <strong>una delle band pi\u00f9 longeve del panorama musicale italiano<\/strong>, con <strong>oltre 1500 concerti e pi\u00f9 di 25 anni di attivit\u00e0,<\/strong> anche dopo la scomparsa della storica voce della band<a href=\"https:\/\/www.intoscana.it\/it\/articolo\/il-mondo-della-musica-in-lutto-addio-a-erriquez-della-bandabardo\/\" target=\"_blank\" rel=\"noopener\"><strong> Erriquez.<\/strong><\/a><\/p>\n<p>Il nuovo tour sar\u00e0 anche l&#8217;occasione di presentare ai fan un nuovo disco <em><strong>&#8220;Non fa paura&#8221;<\/strong><\/em>\u00a0composto da<strong> 10 tracce: tra inediti, rivisitazioni e cover<\/strong>. Prodotto da Cisco e Bandabard\u00f2 per OTR Live e distribuito da BTF, il disco <strong>\u00e8 in uscita il 20 maggio.<\/strong><\/p>\n<p>Stefano\u00a0Bellotti in arte <strong>Cisco gi\u00e0 nei Modena City Ramblers<\/strong> ha dichiarato <em>\u201cNon fa paura tiene insieme tutto: la musica suonata sui dischi e sui palchi; la bellezza di tornare dopo due anni di stop quasi forzato del nostro settore a fare quello che amiamo; la fortuna di poterlo fare all\u2019interno di un meraviglioso progetto che ha a che fare con qualcosa che \u00e8 &#8211; proprio come la musica &#8211; molto preziosa, l\u2019amicizia\u201d.<\/em><\/p>\n<p><strong>Le strade di Bandabard\u00f2 e Cisco si sono incrociate pi\u00f9 volte,<\/strong> in studio di registrazione e su tantissimi palchi e\u00a0<strong>torneranno dunque insieme<\/strong> sui principali palchi italiani, con un tour che li vedr\u00e0 esibirsi per tutta l\u2019estate.<\/p>\n<p><em>\u201cNon vediamo l\u2019ora di recuperare quella dimensione di partecipazione collettiva al live che in questi anni di pandemia \u00e8 mancata a tutti e che \u00e8 invece sempre stata la nostra cifra.<\/em> &#8211; <strong>ha raccontato la Banda<\/strong> &#8211; \u00a0<em>\u201cInsieme\u201d \u00e8 una parola che oggi assume un significato se possibile ancora pi\u00f9 prezioso e importante, ed \u00e8 bello che il primo progetto con il quale torniamo al nostro pubblico sia un progetto condiviso con un amico di sempre, Cisco. Ripartire dalle emozioni ci sembra il modo migliore di ricominciare\u201d.<\/em><\/p>\n<figure id=\"post-222016 media-222016\" class=\"align-none\"><img decoding=\"async\" src=\"https:\/\/www.intoscana.it\/wp-content\/uploads\/Bandabardo-e-Cisco.jpg\" alt=\"\" \/><\/figure>\n<div class=\"titleimg\"><em>Bandabard\u00f2 e Cisco<\/em><\/div>\n<h3>I primi concerti confermati del \u201cNon fa paura tour\u201d (il calendario \u00e8 in aggiornamento)<\/h3>\n<p>1\u00b0 giugno, Livorno &#8211; Straborgo<br \/>\n22 giugno, Bologna &#8211; BOtanique<br \/>\n7 luglio, Prato &#8211; Anfiteatro S. Lucia<br \/>\n9 luglio, Bergamo &#8211; NXT Station<br \/>\n12 luglio, Roma Cavea Auditorium Parco della Musica &#8211; Roma Summer Festival<br \/>\n23 luglio, Veroli (FR) &#8211; Tarantelliri<br \/>\n24 luglio, Manciano (GR) &#8211; Manciano Street Festival<br \/>\n8 agosto, Castrignano de\u2019 Greci (LE) &#8211; Kascignana Music Fest<br \/>\n1\u00b0 settembre, Sesto San Giovanni (MI) &#8211; Carroponte<br \/>\n1\u00b0 ottobre, Riola Sardo (OR) &#8211; Parco dei Suoni<\/p>\n<figure id=\"post-222018 media-222018\" class=\"align-none\"><img decoding=\"async\" src=\"https:\/\/www.intoscana.it\/wp-content\/uploads\/Non-fa-paura.jpg\" alt=\"\" \/><\/figure>\n<div class=\"titleimg\">Non fa paura<\/div>\n","protected":false},"excerpt":{"rendered":"<p>Parte da Livorno l&#8217;attesissimo tour della storica band toscana che la prossima estate suoner\u00e0 insieme a Cisco sui palchi di tutta Italia<\/p>\n","protected":false},"author":518,"featured_media":222017,"comment_status":"open","ping_status":"open","sticky":false,"template":"","format":"standard","meta":{"_acf_changed":false,"footnotes":""},"categories":[14],"tags":[5527,216,202],"class_list":["post-222012","post","type-post","status-publish","format-standard","has-post-thumbnail","hentry","category-musica","tag-bandabardo","tag-concerti","tag-firenze"],"acf":[],"yoast_head":"<!-- This site is optimized with the Yoast SEO Premium plugin v24.2 (Yoast SEO v25.6) - https:\/\/yoast.com\/wordpress\/plugins\/seo\/ -->\n<title>Dal 1\u00b0 giugno la Bandabard\u00f2 torna in concerto con Cisco e c&#039;\u00e8 anche un nuovo album - intoscana<\/title>\n<meta name=\"description\" content=\"Parte da Livorno il tour della storica band toscana che la prossima estate suoner\u00e0 insieme a Cisco sui palchi di tutta Italia\" \/>\n<meta name=\"robots\" content=\"index, follow, max-snippet:-1, max-image-preview:large, max-video-preview:-1\" \/>\n<link rel=\"canonical\" href=\"https:\/\/www.intoscana.it\/it\/dal-1-giugno-la-bandabardo-torna-in-concerto-con-cisco-e-ce-anche-un-nuovo-album\/\" \/>\n<meta property=\"og:locale\" content=\"it_IT\" \/>\n<meta property=\"og:type\" content=\"article\" \/>\n<meta property=\"og:title\" content=\"Dal 1\u00b0 giugno la Bandabard\u00f2 torna in concerto con Cisco e c&#039;\u00e8 anche un nuovo album\" \/>\n<meta property=\"og:description\" content=\"Parte da Livorno il tour della storica band toscana che la prossima estate suoner\u00e0 insieme a Cisco sui palchi di tutta Italia\" \/>\n<meta property=\"og:url\" content=\"https:\/\/www.intoscana.it\/it\/dal-1-giugno-la-bandabardo-torna-in-concerto-con-cisco-e-ce-anche-un-nuovo-album\/\" \/>\n<meta property=\"og:site_name\" content=\"intoscana\" \/>\n<meta property=\"article:publisher\" content=\"https:\/\/www.facebook.com\/intoscana.it\" \/>\n<meta property=\"article:published_time\" content=\"2022-04-06T10:49:08+00:00\" \/>\n<meta property=\"article:modified_time\" content=\"2022-04-06T10:56:02+00:00\" \/>\n<meta property=\"og:image\" content=\"https:\/\/www.intoscana.it\/wp-content\/uploads\/Bandabardo-scaled.jpg\" \/>\n\t<meta property=\"og:image:width\" content=\"2048\" \/>\n\t<meta property=\"og:image:height\" content=\"991\" \/>\n\t<meta property=\"og:image:type\" content=\"image\/jpeg\" \/>\n<meta name=\"author\" content=\"Costanza Baldini\" \/>\n<meta name=\"twitter:card\" content=\"summary_large_image\" \/>\n<meta name=\"twitter:creator\" content=\"@intoscana\" \/>\n<meta name=\"twitter:site\" content=\"@intoscana\" \/>\n<meta name=\"twitter:label1\" content=\"Written by\" \/>\n\t<meta name=\"twitter:data1\" content=\"Costanza Baldini\" \/>\n\t<meta name=\"twitter:label2\" content=\"Est. reading time\" \/>\n\t<meta name=\"twitter:data2\" content=\"2 minuti\" \/>\n<script type=\"application\/ld+json\" class=\"yoast-schema-graph\">{\"@context\":\"https:\/\/schema.org\",\"@graph\":[{\"@type\":\"WebPage\",\"@id\":\"https:\/\/www.intoscana.it\/it\/dal-1-giugno-la-bandabardo-torna-in-concerto-con-cisco-e-ce-anche-un-nuovo-album\/\",\"url\":\"https:\/\/www.intoscana.it\/it\/dal-1-giugno-la-bandabardo-torna-in-concerto-con-cisco-e-ce-anche-un-nuovo-album\/\",\"name\":\"Dal 1\u00b0 giugno la Bandabard\u00f2 torna in concerto con Cisco e c'\u00e8 anche un nuovo album - intoscana\",\"isPartOf\":{\"@id\":\"https:\/\/www.intoscana.it\/it\/#website\"},\"primaryImageOfPage\":{\"@id\":\"https:\/\/www.intoscana.it\/it\/dal-1-giugno-la-bandabardo-torna-in-concerto-con-cisco-e-ce-anche-un-nuovo-album\/#primaryimage\"},\"image\":{\"@id\":\"https:\/\/www.intoscana.it\/it\/dal-1-giugno-la-bandabardo-torna-in-concerto-con-cisco-e-ce-anche-un-nuovo-album\/#primaryimage\"},\"thumbnailUrl\":\"https:\/\/www.intoscana.it\/wp-content\/uploads\/Bandabardo-scaled.jpg\",\"datePublished\":\"2022-04-06T10:49:08+00:00\",\"dateModified\":\"2022-04-06T10:56:02+00:00\",\"author\":{\"@id\":\"https:\/\/www.intoscana.it\/it\/#\/schema\/person\/d469f35f09739bdf00bf5dd3f0647a82\"},\"description\":\"Parte da Livorno il tour della storica band toscana che la prossima estate suoner\u00e0 insieme a Cisco sui palchi di tutta Italia\",\"breadcrumb\":{\"@id\":\"https:\/\/www.intoscana.it\/it\/dal-1-giugno-la-bandabardo-torna-in-concerto-con-cisco-e-ce-anche-un-nuovo-album\/#breadcrumb\"},\"inLanguage\":\"it-IT\",\"potentialAction\":[{\"@type\":\"ReadAction\",\"target\":[\"https:\/\/www.intoscana.it\/it\/dal-1-giugno-la-bandabardo-torna-in-concerto-con-cisco-e-ce-anche-un-nuovo-album\/\"]}]},{\"@type\":\"ImageObject\",\"inLanguage\":\"it-IT\",\"@id\":\"https:\/\/www.intoscana.it\/it\/dal-1-giugno-la-bandabardo-torna-in-concerto-con-cisco-e-ce-anche-un-nuovo-album\/#primaryimage\",\"url\":\"https:\/\/www.intoscana.it\/wp-content\/uploads\/Bandabardo-scaled.jpg\",\"contentUrl\":\"https:\/\/www.intoscana.it\/wp-content\/uploads\/Bandabardo-scaled.jpg\",\"width\":2048,\"height\":991},{\"@type\":\"BreadcrumbList\",\"@id\":\"https:\/\/www.intoscana.it\/it\/dal-1-giugno-la-bandabardo-torna-in-concerto-con-cisco-e-ce-anche-un-nuovo-album\/#breadcrumb\",\"itemListElement\":[{\"@type\":\"ListItem\",\"position\":1,\"name\":\"Home\",\"item\":\"https:\/\/www.intoscana.it\/it\/\"},{\"@type\":\"ListItem\",\"position\":2,\"name\":\"Dal 1\u00b0 giugno la Bandabard\u00f2 torna in concerto con Cisco e c&#8217;\u00e8 anche un nuovo album\"}]},{\"@type\":\"WebSite\",\"@id\":\"https:\/\/www.intoscana.it\/it\/#website\",\"url\":\"https:\/\/www.intoscana.it\/it\/\",\"name\":\"intoscana\",\"description\":\"\",\"potentialAction\":[{\"@type\":\"SearchAction\",\"target\":{\"@type\":\"EntryPoint\",\"urlTemplate\":\"https:\/\/www.intoscana.it\/it\/?s={search_term_string}\"},\"query-input\":{\"@type\":\"PropertyValueSpecification\",\"valueRequired\":true,\"valueName\":\"search_term_string\"}}],\"inLanguage\":\"it-IT\"},{\"@type\":\"Person\",\"@id\":\"https:\/\/www.intoscana.it\/it\/#\/schema\/person\/d469f35f09739bdf00bf5dd3f0647a82\",\"name\":\"Costanza Baldini\",\"url\":\"https:\/\/www.intoscana.it\/it\/author\/costanza-baldini\/\"}]}<\/script>\n<!-- \/ Yoast SEO Premium plugin. -->","yoast_head_json":{"title":"Dal 1\u00b0 giugno la Bandabard\u00f2 torna in concerto con Cisco e c'\u00e8 anche un nuovo album - intoscana","description":"Parte da Livorno il tour della storica band toscana che la prossima estate suoner\u00e0 insieme a Cisco sui palchi di tutta Italia","robots":{"index":"index","follow":"follow","max-snippet":"max-snippet:-1","max-image-preview":"max-image-preview:large","max-video-preview":"max-video-preview:-1"},"canonical":"https:\/\/www.intoscana.it\/it\/dal-1-giugno-la-bandabardo-torna-in-concerto-con-cisco-e-ce-anche-un-nuovo-album\/","og_locale":"it_IT","og_type":"article","og_title":"Dal 1\u00b0 giugno la Bandabard\u00f2 torna in concerto con Cisco e c'\u00e8 anche un nuovo album","og_description":"Parte da Livorno il tour della storica band toscana che la prossima estate suoner\u00e0 insieme a Cisco sui palchi di tutta Italia","og_url":"https:\/\/www.intoscana.it\/it\/dal-1-giugno-la-bandabardo-torna-in-concerto-con-cisco-e-ce-anche-un-nuovo-album\/","og_site_name":"intoscana","article_publisher":"https:\/\/www.facebook.com\/intoscana.it","article_published_time":"2022-04-06T10:49:08+00:00","article_modified_time":"2022-04-06T10:56:02+00:00","og_image":[{"width":2048,"height":991,"url":"https:\/\/www.intoscana.it\/wp-content\/uploads\/Bandabardo-scaled.jpg","type":"image\/jpeg"}],"author":"Costanza Baldini","twitter_card":"summary_large_image","twitter_creator":"@intoscana","twitter_site":"@intoscana","twitter_misc":{"Written by":"Costanza Baldini","Est. reading time":"2 minuti"},"schema":{"@context":"https:\/\/schema.org","@graph":[{"@type":"WebPage","@id":"https:\/\/www.intoscana.it\/it\/dal-1-giugno-la-bandabardo-torna-in-concerto-con-cisco-e-ce-anche-un-nuovo-album\/","url":"https:\/\/www.intoscana.it\/it\/dal-1-giugno-la-bandabardo-torna-in-concerto-con-cisco-e-ce-anche-un-nuovo-album\/","name":"Dal 1\u00b0 giugno la Bandabard\u00f2 torna in concerto con Cisco e c'\u00e8 anche un nuovo album - intoscana","isPartOf":{"@id":"https:\/\/www.intoscana.it\/it\/#website"},"primaryImageOfPage":{"@id":"https:\/\/www.intoscana.it\/it\/dal-1-giugno-la-bandabardo-torna-in-concerto-con-cisco-e-ce-anche-un-nuovo-album\/#primaryimage"},"image":{"@id":"https:\/\/www.intoscana.it\/it\/dal-1-giugno-la-bandabardo-torna-in-concerto-con-cisco-e-ce-anche-un-nuovo-album\/#primaryimage"},"thumbnailUrl":"https:\/\/www.intoscana.it\/wp-content\/uploads\/Bandabardo-scaled.jpg","datePublished":"2022-04-06T10:49:08+00:00","dateModified":"2022-04-06T10:56:02+00:00","author":{"@id":"https:\/\/www.intoscana.it\/it\/#\/schema\/person\/d469f35f09739bdf00bf5dd3f0647a82"},"description":"Parte da Livorno il tour della storica band toscana che la prossima estate suoner\u00e0 insieme a Cisco sui palchi di tutta Italia","breadcrumb":{"@id":"https:\/\/www.intoscana.it\/it\/dal-1-giugno-la-bandabardo-torna-in-concerto-con-cisco-e-ce-anche-un-nuovo-album\/#breadcrumb"},"inLanguage":"it-IT","potentialAction":[{"@type":"ReadAction","target":["https:\/\/www.intoscana.it\/it\/dal-1-giugno-la-bandabardo-torna-in-concerto-con-cisco-e-ce-anche-un-nuovo-album\/"]}]},{"@type":"ImageObject","inLanguage":"it-IT","@id":"https:\/\/www.intoscana.it\/it\/dal-1-giugno-la-bandabardo-torna-in-concerto-con-cisco-e-ce-anche-un-nuovo-album\/#primaryimage","url":"https:\/\/www.intoscana.it\/wp-content\/uploads\/Bandabardo-scaled.jpg","contentUrl":"https:\/\/www.intoscana.it\/wp-content\/uploads\/Bandabardo-scaled.jpg","width":2048,"height":991},{"@type":"BreadcrumbList","@id":"https:\/\/www.intoscana.it\/it\/dal-1-giugno-la-bandabardo-torna-in-concerto-con-cisco-e-ce-anche-un-nuovo-album\/#breadcrumb","itemListElement":[{"@type":"ListItem","position":1,"name":"Home","item":"https:\/\/www.intoscana.it\/it\/"},{"@type":"ListItem","position":2,"name":"Dal 1\u00b0 giugno la Bandabard\u00f2 torna in concerto con Cisco e c&#8217;\u00e8 anche un nuovo album"}]},{"@type":"WebSite","@id":"https:\/\/www.intoscana.it\/it\/#website","url":"https:\/\/www.intoscana.it\/it\/","name":"intoscana","description":"","potentialAction":[{"@type":"SearchAction","target":{"@type":"EntryPoint","urlTemplate":"https:\/\/www.intoscana.it\/it\/?s={search_term_string}"},"query-input":{"@type":"PropertyValueSpecification","valueRequired":true,"valueName":"search_term_string"}}],"inLanguage":"it-IT"},{"@type":"Person","@id":"https:\/\/www.intoscana.it\/it\/#\/schema\/person\/d469f35f09739bdf00bf5dd3f0647a82","name":"Costanza Baldini","url":"https:\/\/www.intoscana.it\/it\/author\/costanza-baldini\/"}]}},"_links":{"self":[{"href":"https:\/\/www.intoscana.it\/it\/wp-json\/wp\/v2\/posts\/222012","targetHints":{"allow":["GET"]}}],"collection":[{"href":"https:\/\/www.intoscana.it\/it\/wp-json\/wp\/v2\/posts"}],"about":[{"href":"https:\/\/www.intoscana.it\/it\/wp-json\/wp\/v2\/types\/post"}],"author":[{"embeddable":true,"href":"https:\/\/www.intoscana.it\/it\/wp-json\/wp\/v2\/users\/518"}],"replies":[{"embeddable":true,"href":"https:\/\/www.intoscana.it\/it\/wp-json\/wp\/v2\/comments?post=222012"}],"version-history":[{"count":0,"href":"https:\/\/www.intoscana.it\/it\/wp-json\/wp\/v2\/posts\/222012\/revisions"}],"wp:featuredmedia":[{"embeddable":true,"href":"https:\/\/www.intoscana.it\/it\/wp-json\/wp\/v2\/media\/222017"}],"wp:attachment":[{"href":"https:\/\/www.intoscana.it\/it\/wp-json\/wp\/v2\/media?parent=222012"}],"wp:term":[{"taxonomy":"category","embeddable":true,"href":"https:\/\/www.intoscana.it\/it\/wp-json\/wp\/v2\/categories?post=222012"},{"taxonomy":"post_tag","embeddable":true,"href":"https:\/\/www.intoscana.it\/it\/wp-json\/wp\/v2\/tags?post=222012"}],"curies":[{"name":"wp","href":"https:\/\/api.w.org\/{rel}","templated":true}]}}