{"id":222036,"date":"2022-04-06T13:45:54","date_gmt":"2022-04-06T11:45:54","guid":{"rendered":"https:\/\/www.intoscana.it\/it\/?p=222036"},"modified":"2022-04-07T12:50:46","modified_gmt":"2022-04-07T10:50:46","slug":"covid-4-458-nuovi-casi","status":"publish","type":"post","link":"https:\/\/www.intoscana.it\/it\/covid-4-458-nuovi-casi\/","title":{"rendered":"Covid, 4.458 nuovi casi. Si ferma la crescita dei ricoveri"},"content":{"rendered":"<p>Sono <strong>4.458<\/strong> in pi\u00f9 rispetto a ieri i casi di Covid registrati oggi in Toscana. Di questi 1.307 confermati con tampone molecolare e 3.151 da test rapido antigenico.<\/p>\n<h3>I nuovi casi<\/h3>\n<p>I nuovi casi sono lo <strong>0,4%<\/strong> in pi\u00f9 rispetto al totale del giorno precedente. Oggi sono stati eseguiti 7.036 tamponi molecolari e 21.773 tamponi antigenici rapidi, di questi il 15,5% \u00e8 risultato positivo. Sono invece <strong>6.878<\/strong> i soggetti testati oggi (con tampone antigenico e\/o molecolare, escludendo i tamponi di controllo), di cui il 64,8% \u00e8 risultato positivo. Gli attualmente positivi sono oggi<strong> 49.301, -1,3% rispetto a ieri<\/strong>.<\/p>\n<p>L&#8217;et\u00e0 media dei 4.458 nuovi positivi odierni \u00e8 di <strong>45 anni circa<\/strong> (18% ha meno di 20 anni, 20% tra 20 e 39 anni, 31% tra 40 e 59 anni, 22% tra 60 e 79 anni, 9% ha 80 anni o pi\u00f9).<\/p>\n<h3>I casi di positivit\u00e0 sul territorio<\/h3>\n<p>Di seguito i casi di positivit\u00e0 sul territorio con la variazione rispetto a ieri (1.307 confermati con tampone molecolare e 3.151 da test rapido antigenico). Sono 283.740 i casi complessivi ad oggi a Firenze (1.111 in pi\u00f9 rispetto a ieri), 71.053 a Prato (198 in pi\u00f9), 81.445 a Pistoia (331 in pi\u00f9), 48.510 a Massa Carrara (282 in pi\u00f9), 106.473 a Lucca (508 in pi\u00f9), 115.072 a Pisa (526 in pi\u00f9), 88.069 a Livorno (437 in pi\u00f9), 92.954 ad Arezzo (426 in pi\u00f9), 69.275 a Siena (343 in pi\u00f9), 52.683 a Grosseto (296 in pi\u00f9). Sono 555 i casi positivi notificati in Toscana, ma residenti in altre regioni.<\/p>\n<p>Sono 1.691 i casi riscontrati oggi nell&#8217;Asl Centro, 1.702 nella Nord Ovest, 1.065 nella Sud est.<\/p>\n<p>La Toscana si trova al<strong> 7\u00b0 posto in Italia come numerosit\u00e0 di casi<\/strong> (comprensivi di residenti e non residenti), con circa 27.345 casi per 100.000 abitanti (media italiana circa 25.265 per 100.000, dato di ieri). Le province di notifica con il tasso pi\u00f9 alto sono Firenze con 28.419 casi per 100.000 abitanti, Pistoia con 28.061, Lucca con 27.730, la pi\u00f9 bassa Grosseto con 24.184.<\/p>\n<h3>Guarigioni e ricoveri<\/h3>\n<p>Complessivamente, <strong>48.377 persone sono in isolamento a casa,<\/strong> poich\u00e9 presentano sintomi lievi che non richiedono cure ospedaliere, o risultano prive di sintomi (597 in meno rispetto a ieri, meno 1,2%).<\/p>\n<p>Le persone ricoverate sono complessivamente <strong>924<\/strong> (30 in meno rispetto a ieri, meno 3,1%), 43 in terapia intensiva (3 in meno rispetto a ieri, meno 6,5%).<\/p>\n<p>Le persone complessivamente guarite sono 950.942 (5.073 in pi\u00f9 rispetto a ieri, <strong>pi\u00f9 0,5%)<\/strong>: 0 persone clinicamente guarite (stabili rispetto a ieri), divenute cio\u00e8 asintomatiche dopo aver presentato manifestazioni cliniche associate all&#8217;infezione e 950.942 (5.073 in pi\u00f9 rispetto a ieri, pi\u00f9 0,5%) dichiarate guarite a tutti gli effetti, le cosiddette guarigioni virali, con tampone negativo.<\/p>\n<h3>Mortalit\u00e0<\/h3>\n<p>Oggi si registrano <strong>12 nuovi decessi:<\/strong> 9 uomini e 3 donne con un&#8217;et\u00e0 media di 79,8 anni (4 a Firenze, 2 a Pistoia, 1 a Pisa, 2 a Livorno, 1 a Arezzo, 1 a Siena, 1 a Grosseto).<\/p>\n<p>Relativamente alla provincia di residenza, le persone decedute sono: 4 a Firenze, 2 a Pistoia, 1 a Pisa, 2 a Livorno, 1 a Arezzo, 1 a Siena, 1 a Grosseto.<\/p>\n<p>Sono 9.586 i deceduti dall&#8217;inizio dell&#8217;epidemia cosi ripartiti: 3.027 a Firenze, 806 a Prato, 863 a Pistoia, 626 a Massa Carrara, 899 a Lucca, 1.027 a Pisa, 700 a Livorno, 639 ad Arezzo, 512 a Siena, 362 a Grosseto, 125 persone sono decedute sul suolo toscano ma erano residenti fuori regione.<\/p>\n<p>Il tasso grezzo di mortalit\u00e0 toscano (numero di deceduti\/popolazione residente) per Covid-19 \u00e8 di 259,6 per 100.000 residenti contro il 270,3 per 100.000 della media italiana (10\u00b0 regione). Per quanto riguarda le province, il tasso di mortalit\u00e0 pi\u00f9 alto si riscontra a Massa Carrara (329,8), Prato (303,8) e Firenze (303,2), il pi\u00f9 basso a Grosseto (166,2).<\/p>\n","protected":false},"excerpt":{"rendered":"<p>Le persone ricoverate sono complessivamente 924 (30 in meno rispetto a ieri), 43 in terapia intensiva (3 in meno rispetto a ieri). Oggi si registrano 12 nuovi decessi con un&#8217;et\u00e0 media di 79,8 anni<\/p>\n","protected":false},"author":525,"featured_media":194292,"comment_status":"open","ping_status":"open","sticky":false,"template":"","format":"standard","meta":{"_acf_changed":false,"footnotes":""},"categories":[494],"tags":[4868,4809,349],"class_list":["post-222036","post","type-post","status-publish","format-standard","has-post-thumbnail","hentry","category-attualita","tag-bollettino-covid-toscana","tag-covid","tag-sanita"],"acf":[],"yoast_head":"<!-- This site is optimized with the Yoast SEO Premium plugin v24.2 (Yoast SEO v25.6) - https:\/\/yoast.com\/wordpress\/plugins\/seo\/ -->\n<title>Covid, 4.458 nuovi casi. Si ferma la crescita dei ricoveri<\/title>\n<meta name=\"description\" content=\"Le persone ricoverate sono 30 in meno rispetto a ieri nei reparti ordinari, 3 in meno in terapia intesiva. Sono 12 i decessi\" \/>\n<meta name=\"robots\" content=\"index, follow, max-snippet:-1, max-image-preview:large, max-video-preview:-1\" \/>\n<link rel=\"canonical\" href=\"https:\/\/www.intoscana.it\/it\/covid-4-458-nuovi-casi\/\" \/>\n<meta property=\"og:locale\" content=\"it_IT\" \/>\n<meta property=\"og:type\" content=\"article\" \/>\n<meta property=\"og:title\" content=\"Covid, 4.458 nuovi casi. Si ferma la crescita dei ricoveri\" \/>\n<meta property=\"og:description\" content=\"Le persone ricoverate sono 30 in meno rispetto a ieri nei reparti ordinari, 3 in meno in terapia intesiva. Sono 12 i decessi\" \/>\n<meta property=\"og:url\" content=\"https:\/\/www.intoscana.it\/it\/covid-4-458-nuovi-casi\/\" \/>\n<meta property=\"og:site_name\" content=\"intoscana\" \/>\n<meta property=\"article:publisher\" content=\"https:\/\/www.facebook.com\/intoscana.it\" \/>\n<meta property=\"article:published_time\" content=\"2022-04-06T11:45:54+00:00\" \/>\n<meta property=\"article:modified_time\" content=\"2022-04-07T10:50:46+00:00\" \/>\n<meta property=\"og:image\" content=\"https:\/\/www.intoscana.it\/wp-content\/uploads\/creaf_prato_vaccini_4-scaled.jpg\" \/>\n\t<meta property=\"og:image:width\" content=\"2048\" \/>\n\t<meta property=\"og:image:height\" content=\"1363\" \/>\n\t<meta property=\"og:image:type\" content=\"image\/jpeg\" \/>\n<meta name=\"author\" content=\"Redazione\" \/>\n<meta name=\"twitter:card\" content=\"summary_large_image\" \/>\n<meta name=\"twitter:creator\" content=\"@intoscana\" \/>\n<meta name=\"twitter:site\" content=\"@intoscana\" \/>\n<meta name=\"twitter:label1\" content=\"Written by\" \/>\n\t<meta name=\"twitter:data1\" content=\"Redazione\" \/>\n\t<meta name=\"twitter:label2\" content=\"Est. reading time\" \/>\n\t<meta name=\"twitter:data2\" content=\"3 minuti\" \/>\n<script type=\"application\/ld+json\" class=\"yoast-schema-graph\">{\"@context\":\"https:\/\/schema.org\",\"@graph\":[{\"@type\":\"WebPage\",\"@id\":\"https:\/\/www.intoscana.it\/it\/covid-4-458-nuovi-casi\/\",\"url\":\"https:\/\/www.intoscana.it\/it\/covid-4-458-nuovi-casi\/\",\"name\":\"Covid, 4.458 nuovi casi. Si ferma la crescita dei ricoveri\",\"isPartOf\":{\"@id\":\"https:\/\/www.intoscana.it\/it\/#website\"},\"primaryImageOfPage\":{\"@id\":\"https:\/\/www.intoscana.it\/it\/covid-4-458-nuovi-casi\/#primaryimage\"},\"image\":{\"@id\":\"https:\/\/www.intoscana.it\/it\/covid-4-458-nuovi-casi\/#primaryimage\"},\"thumbnailUrl\":\"https:\/\/www.intoscana.it\/wp-content\/uploads\/creaf_prato_vaccini_4-scaled.jpg\",\"datePublished\":\"2022-04-06T11:45:54+00:00\",\"dateModified\":\"2022-04-07T10:50:46+00:00\",\"author\":{\"@id\":\"https:\/\/www.intoscana.it\/it\/#\/schema\/person\/9223810753230f20bd670fdd322661f8\"},\"description\":\"Le persone ricoverate sono 30 in meno rispetto a ieri nei reparti ordinari, 3 in meno in terapia intesiva. Sono 12 i decessi\",\"breadcrumb\":{\"@id\":\"https:\/\/www.intoscana.it\/it\/covid-4-458-nuovi-casi\/#breadcrumb\"},\"inLanguage\":\"it-IT\",\"potentialAction\":[{\"@type\":\"ReadAction\",\"target\":[\"https:\/\/www.intoscana.it\/it\/covid-4-458-nuovi-casi\/\"]}]},{\"@type\":\"ImageObject\",\"inLanguage\":\"it-IT\",\"@id\":\"https:\/\/www.intoscana.it\/it\/covid-4-458-nuovi-casi\/#primaryimage\",\"url\":\"https:\/\/www.intoscana.it\/wp-content\/uploads\/creaf_prato_vaccini_4-scaled.jpg\",\"contentUrl\":\"https:\/\/www.intoscana.it\/wp-content\/uploads\/creaf_prato_vaccini_4-scaled.jpg\",\"width\":2048,\"height\":1363,\"caption\":\"covid-19\"},{\"@type\":\"BreadcrumbList\",\"@id\":\"https:\/\/www.intoscana.it\/it\/covid-4-458-nuovi-casi\/#breadcrumb\",\"itemListElement\":[{\"@type\":\"ListItem\",\"position\":1,\"name\":\"Home\",\"item\":\"https:\/\/www.intoscana.it\/it\/\"},{\"@type\":\"ListItem\",\"position\":2,\"name\":\"Covid, 4.458 nuovi casi. Si ferma la crescita dei ricoveri\"}]},{\"@type\":\"WebSite\",\"@id\":\"https:\/\/www.intoscana.it\/it\/#website\",\"url\":\"https:\/\/www.intoscana.it\/it\/\",\"name\":\"intoscana\",\"description\":\"\",\"potentialAction\":[{\"@type\":\"SearchAction\",\"target\":{\"@type\":\"EntryPoint\",\"urlTemplate\":\"https:\/\/www.intoscana.it\/it\/?s={search_term_string}\"},\"query-input\":{\"@type\":\"PropertyValueSpecification\",\"valueRequired\":true,\"valueName\":\"search_term_string\"}}],\"inLanguage\":\"it-IT\"},{\"@type\":\"Person\",\"@id\":\"https:\/\/www.intoscana.it\/it\/#\/schema\/person\/9223810753230f20bd670fdd322661f8\",\"name\":\"Redazione\",\"url\":\"https:\/\/www.intoscana.it\/it\/author\/redazione\/\"}]}<\/script>\n<!-- \/ Yoast SEO Premium plugin. -->","yoast_head_json":{"title":"Covid, 4.458 nuovi casi. Si ferma la crescita dei ricoveri","description":"Le persone ricoverate sono 30 in meno rispetto a ieri nei reparti ordinari, 3 in meno in terapia intesiva. Sono 12 i decessi","robots":{"index":"index","follow":"follow","max-snippet":"max-snippet:-1","max-image-preview":"max-image-preview:large","max-video-preview":"max-video-preview:-1"},"canonical":"https:\/\/www.intoscana.it\/it\/covid-4-458-nuovi-casi\/","og_locale":"it_IT","og_type":"article","og_title":"Covid, 4.458 nuovi casi. Si ferma la crescita dei ricoveri","og_description":"Le persone ricoverate sono 30 in meno rispetto a ieri nei reparti ordinari, 3 in meno in terapia intesiva. Sono 12 i decessi","og_url":"https:\/\/www.intoscana.it\/it\/covid-4-458-nuovi-casi\/","og_site_name":"intoscana","article_publisher":"https:\/\/www.facebook.com\/intoscana.it","article_published_time":"2022-04-06T11:45:54+00:00","article_modified_time":"2022-04-07T10:50:46+00:00","og_image":[{"width":2048,"height":1363,"url":"https:\/\/www.intoscana.it\/wp-content\/uploads\/creaf_prato_vaccini_4-scaled.jpg","type":"image\/jpeg"}],"author":"Redazione","twitter_card":"summary_large_image","twitter_creator":"@intoscana","twitter_site":"@intoscana","twitter_misc":{"Written by":"Redazione","Est. reading time":"3 minuti"},"schema":{"@context":"https:\/\/schema.org","@graph":[{"@type":"WebPage","@id":"https:\/\/www.intoscana.it\/it\/covid-4-458-nuovi-casi\/","url":"https:\/\/www.intoscana.it\/it\/covid-4-458-nuovi-casi\/","name":"Covid, 4.458 nuovi casi. Si ferma la crescita dei ricoveri","isPartOf":{"@id":"https:\/\/www.intoscana.it\/it\/#website"},"primaryImageOfPage":{"@id":"https:\/\/www.intoscana.it\/it\/covid-4-458-nuovi-casi\/#primaryimage"},"image":{"@id":"https:\/\/www.intoscana.it\/it\/covid-4-458-nuovi-casi\/#primaryimage"},"thumbnailUrl":"https:\/\/www.intoscana.it\/wp-content\/uploads\/creaf_prato_vaccini_4-scaled.jpg","datePublished":"2022-04-06T11:45:54+00:00","dateModified":"2022-04-07T10:50:46+00:00","author":{"@id":"https:\/\/www.intoscana.it\/it\/#\/schema\/person\/9223810753230f20bd670fdd322661f8"},"description":"Le persone ricoverate sono 30 in meno rispetto a ieri nei reparti ordinari, 3 in meno in terapia intesiva. Sono 12 i decessi","breadcrumb":{"@id":"https:\/\/www.intoscana.it\/it\/covid-4-458-nuovi-casi\/#breadcrumb"},"inLanguage":"it-IT","potentialAction":[{"@type":"ReadAction","target":["https:\/\/www.intoscana.it\/it\/covid-4-458-nuovi-casi\/"]}]},{"@type":"ImageObject","inLanguage":"it-IT","@id":"https:\/\/www.intoscana.it\/it\/covid-4-458-nuovi-casi\/#primaryimage","url":"https:\/\/www.intoscana.it\/wp-content\/uploads\/creaf_prato_vaccini_4-scaled.jpg","contentUrl":"https:\/\/www.intoscana.it\/wp-content\/uploads\/creaf_prato_vaccini_4-scaled.jpg","width":2048,"height":1363,"caption":"covid-19"},{"@type":"BreadcrumbList","@id":"https:\/\/www.intoscana.it\/it\/covid-4-458-nuovi-casi\/#breadcrumb","itemListElement":[{"@type":"ListItem","position":1,"name":"Home","item":"https:\/\/www.intoscana.it\/it\/"},{"@type":"ListItem","position":2,"name":"Covid, 4.458 nuovi casi. Si ferma la crescita dei ricoveri"}]},{"@type":"WebSite","@id":"https:\/\/www.intoscana.it\/it\/#website","url":"https:\/\/www.intoscana.it\/it\/","name":"intoscana","description":"","potentialAction":[{"@type":"SearchAction","target":{"@type":"EntryPoint","urlTemplate":"https:\/\/www.intoscana.it\/it\/?s={search_term_string}"},"query-input":{"@type":"PropertyValueSpecification","valueRequired":true,"valueName":"search_term_string"}}],"inLanguage":"it-IT"},{"@type":"Person","@id":"https:\/\/www.intoscana.it\/it\/#\/schema\/person\/9223810753230f20bd670fdd322661f8","name":"Redazione","url":"https:\/\/www.intoscana.it\/it\/author\/redazione\/"}]}},"_links":{"self":[{"href":"https:\/\/www.intoscana.it\/it\/wp-json\/wp\/v2\/posts\/222036","targetHints":{"allow":["GET"]}}],"collection":[{"href":"https:\/\/www.intoscana.it\/it\/wp-json\/wp\/v2\/posts"}],"about":[{"href":"https:\/\/www.intoscana.it\/it\/wp-json\/wp\/v2\/types\/post"}],"author":[{"embeddable":true,"href":"https:\/\/www.intoscana.it\/it\/wp-json\/wp\/v2\/users\/525"}],"replies":[{"embeddable":true,"href":"https:\/\/www.intoscana.it\/it\/wp-json\/wp\/v2\/comments?post=222036"}],"version-history":[{"count":0,"href":"https:\/\/www.intoscana.it\/it\/wp-json\/wp\/v2\/posts\/222036\/revisions"}],"wp:featuredmedia":[{"embeddable":true,"href":"https:\/\/www.intoscana.it\/it\/wp-json\/wp\/v2\/media\/194292"}],"wp:attachment":[{"href":"https:\/\/www.intoscana.it\/it\/wp-json\/wp\/v2\/media?parent=222036"}],"wp:term":[{"taxonomy":"category","embeddable":true,"href":"https:\/\/www.intoscana.it\/it\/wp-json\/wp\/v2\/categories?post=222036"},{"taxonomy":"post_tag","embeddable":true,"href":"https:\/\/www.intoscana.it\/it\/wp-json\/wp\/v2\/tags?post=222036"}],"curies":[{"name":"wp","href":"https:\/\/api.w.org\/{rel}","templated":true}]}}