{"id":222249,"date":"2022-04-07T12:26:58","date_gmt":"2022-04-07T10:26:58","guid":{"rendered":"https:\/\/www.intoscana.it\/it\/?p=222249"},"modified":"2022-04-08T11:01:53","modified_gmt":"2022-04-08T09:01:53","slug":"covid-19-4-751-i-nuovi-positivi-eta-media-42-anni-i-decessi-sono-12","status":"publish","type":"post","link":"https:\/\/www.intoscana.it\/it\/covid-19-4-751-i-nuovi-positivi-eta-media-42-anni-i-decessi-sono-12\/","title":{"rendered":"Covid-19, 4.751 i nuovi positivi, et\u00e0 media 42 anni. I decessi sono 12"},"content":{"rendered":"<p>In Toscana sono <strong>1.014.580 i casi di positivit\u00e0<\/strong> al Covid-19, <strong>4.751 in pi\u00f9 rispetto a ieri<\/strong> (1.480 confermati con tampone molecolare e 3.271 da test rapido antigenico). <strong>L&#8217;et\u00e0 media \u00e8 di 42 anni<\/strong>. <strong>I guariti<\/strong> raggiungono <strong>quota 954.957<\/strong> (94,1% dei casi totali). Oggi sono stati eseguiti 6.762 tamponi molecolari e 24.317 tamponi antigenici rapidi, di questi il 15,3% \u00e8 risultato positivo. Sono invece 7.450 i soggetti testati oggi (con tampone antigenico e\/o molecolare, escludendo i tamponi di controllo), di cui il 63,8% \u00e8 risultato positivo.<\/p>\n<p><strong>I positivi sono oggi 50.025<\/strong>, +1,5% rispetto a ieri. <strong>I ricoverati sono 910<\/strong> (14 in meno rispetto a ieri), di cui <strong>41 in terapia intensiva<\/strong> (2 in meno). Oggi si registrano 12 nuovi decessi: 5 uomini e 7 donne con un&#8217;et\u00e0 media di 84,4 anni.<\/p>\n<p>Sono <strong>284.926 i casi complessivi ad oggi a Firenze<\/strong> (1.186 in pi\u00f9 rispetto a ieri), 71.323 a Prato (270 in pi\u00f9), 81.839 a Pistoia (394 in pi\u00f9), 48.819 a Massa (309 in pi\u00f9), 106.997 a Lucca (524 in pi\u00f9), 115.609 a Pisa (537 in pi\u00f9), 88.545 a Livorno (476 in pi\u00f9), 93.357 ad Arezzo (403 in pi\u00f9), 69.622 a Siena (347 in pi\u00f9), 52.988 a Grosseto (305 in pi\u00f9). Sono 555 i casi positivi notificati in Toscana, ma residenti in altre regioni.<\/p>\n<p>Oggi si registrano <strong>12 nuovi decessi<\/strong>: 5 uomini e 7 donne con un&#8217;et\u00e0 media di 84,4 anni. Relativamente alla provincia di residenza, le persone decedute sono: 2 a Firenze, 1 a Prato, 1 a Pistoia, 1 a Massa Carrara, 1 a Lucca, 3 a Pisa, 1 a Livorno, 1 a Siena, 1 a Grosseto.<\/p>\n<p>Sono <strong>9.598 i deceduti dall&#8217;inizio dell&#8217;epidemia<\/strong> cosi ripartiti: 3.029 a Firenze, 807 a Prato, 864 a Pistoia, 627 a Massa Carrara, 900 a Lucca, 1.030 a Pisa, 701 a Livorno, 639 ad Arezzo, 513 a Siena, 363 a Grosseto, 125 persone sono decedute sul suolo toscano ma erano residenti fuori regione.<\/p>\n","protected":false},"excerpt":{"rendered":"<p>Le persone ricoverate oggi sono 910 (14 in meno rispetto a ieri), di cui 41 in terapia intensiva (2 in meno)<\/p>\n","protected":false},"author":525,"featured_media":194287,"comment_status":"open","ping_status":"open","sticky":false,"template":"","format":"standard","meta":{"_acf_changed":false,"footnotes":""},"categories":[494],"tags":[418],"class_list":["post-222249","post","type-post","status-publish","format-standard","has-post-thumbnail","hentry","category-attualita","tag-covid-19"],"acf":[],"yoast_head":"<!-- This site is optimized with the Yoast SEO Premium plugin v24.2 (Yoast SEO v25.6) - https:\/\/yoast.com\/wordpress\/plugins\/seo\/ -->\n<title>Covid-19, 4.751 i nuovi positivi. I decessi sono 12 - intoscana<\/title>\n<meta name=\"description\" content=\"Le persone ricoverate oggi sono 910 (14 in meno rispetto a ieri), di cui 41 in terapia intensiva (2 in meno)\" \/>\n<meta name=\"robots\" content=\"index, follow, max-snippet:-1, max-image-preview:large, max-video-preview:-1\" \/>\n<link rel=\"canonical\" href=\"https:\/\/www.intoscana.it\/it\/covid-19-4-751-i-nuovi-positivi-eta-media-42-anni-i-decessi-sono-12\/\" \/>\n<meta property=\"og:locale\" content=\"it_IT\" \/>\n<meta property=\"og:type\" content=\"article\" \/>\n<meta property=\"og:title\" content=\"Covid-19, 4.751 i nuovi positivi, et\u00e0 media 42 anni. I decessi sono 12\" \/>\n<meta property=\"og:description\" content=\"Le persone ricoverate oggi sono 910 (14 in meno rispetto a ieri), di cui 41 in terapia intensiva (2 in meno)\" \/>\n<meta property=\"og:url\" content=\"https:\/\/www.intoscana.it\/it\/covid-19-4-751-i-nuovi-positivi-eta-media-42-anni-i-decessi-sono-12\/\" \/>\n<meta property=\"og:site_name\" content=\"intoscana\" \/>\n<meta property=\"article:publisher\" content=\"https:\/\/www.facebook.com\/intoscana.it\" \/>\n<meta property=\"article:published_time\" content=\"2022-04-07T10:26:58+00:00\" \/>\n<meta property=\"article:modified_time\" content=\"2022-04-08T09:01:53+00:00\" \/>\n<meta property=\"og:image\" content=\"https:\/\/www.intoscana.it\/wp-content\/uploads\/creaf_prato_vaccini_2-scaled.jpg\" \/>\n\t<meta property=\"og:image:width\" content=\"2048\" \/>\n\t<meta property=\"og:image:height\" content=\"1363\" \/>\n\t<meta property=\"og:image:type\" content=\"image\/jpeg\" \/>\n<meta name=\"author\" content=\"Redazione\" \/>\n<meta name=\"twitter:card\" content=\"summary_large_image\" \/>\n<meta name=\"twitter:creator\" content=\"@intoscana\" \/>\n<meta name=\"twitter:site\" content=\"@intoscana\" \/>\n<meta name=\"twitter:label1\" content=\"Written by\" \/>\n\t<meta name=\"twitter:data1\" content=\"Redazione\" \/>\n\t<meta name=\"twitter:label2\" content=\"Est. reading time\" \/>\n\t<meta name=\"twitter:data2\" content=\"1 minuto\" \/>\n<script type=\"application\/ld+json\" class=\"yoast-schema-graph\">{\"@context\":\"https:\/\/schema.org\",\"@graph\":[{\"@type\":\"WebPage\",\"@id\":\"https:\/\/www.intoscana.it\/it\/covid-19-4-751-i-nuovi-positivi-eta-media-42-anni-i-decessi-sono-12\/\",\"url\":\"https:\/\/www.intoscana.it\/it\/covid-19-4-751-i-nuovi-positivi-eta-media-42-anni-i-decessi-sono-12\/\",\"name\":\"Covid-19, 4.751 i nuovi positivi. I decessi sono 12 - intoscana\",\"isPartOf\":{\"@id\":\"https:\/\/www.intoscana.it\/it\/#website\"},\"primaryImageOfPage\":{\"@id\":\"https:\/\/www.intoscana.it\/it\/covid-19-4-751-i-nuovi-positivi-eta-media-42-anni-i-decessi-sono-12\/#primaryimage\"},\"image\":{\"@id\":\"https:\/\/www.intoscana.it\/it\/covid-19-4-751-i-nuovi-positivi-eta-media-42-anni-i-decessi-sono-12\/#primaryimage\"},\"thumbnailUrl\":\"https:\/\/www.intoscana.it\/wp-content\/uploads\/creaf_prato_vaccini_2-scaled.jpg\",\"datePublished\":\"2022-04-07T10:26:58+00:00\",\"dateModified\":\"2022-04-08T09:01:53+00:00\",\"author\":{\"@id\":\"https:\/\/www.intoscana.it\/it\/#\/schema\/person\/9223810753230f20bd670fdd322661f8\"},\"description\":\"Le persone ricoverate oggi sono 910 (14 in meno rispetto a ieri), di cui 41 in terapia intensiva (2 in meno)\",\"breadcrumb\":{\"@id\":\"https:\/\/www.intoscana.it\/it\/covid-19-4-751-i-nuovi-positivi-eta-media-42-anni-i-decessi-sono-12\/#breadcrumb\"},\"inLanguage\":\"it-IT\",\"potentialAction\":[{\"@type\":\"ReadAction\",\"target\":[\"https:\/\/www.intoscana.it\/it\/covid-19-4-751-i-nuovi-positivi-eta-media-42-anni-i-decessi-sono-12\/\"]}]},{\"@type\":\"ImageObject\",\"inLanguage\":\"it-IT\",\"@id\":\"https:\/\/www.intoscana.it\/it\/covid-19-4-751-i-nuovi-positivi-eta-media-42-anni-i-decessi-sono-12\/#primaryimage\",\"url\":\"https:\/\/www.intoscana.it\/wp-content\/uploads\/creaf_prato_vaccini_2-scaled.jpg\",\"contentUrl\":\"https:\/\/www.intoscana.it\/wp-content\/uploads\/creaf_prato_vaccini_2-scaled.jpg\",\"width\":2048,\"height\":1363,\"caption\":\"Infermieri e personale sanitario in reparto Covid (Centro Pegaso di Prato)\"},{\"@type\":\"BreadcrumbList\",\"@id\":\"https:\/\/www.intoscana.it\/it\/covid-19-4-751-i-nuovi-positivi-eta-media-42-anni-i-decessi-sono-12\/#breadcrumb\",\"itemListElement\":[{\"@type\":\"ListItem\",\"position\":1,\"name\":\"Home\",\"item\":\"https:\/\/www.intoscana.it\/it\/\"},{\"@type\":\"ListItem\",\"position\":2,\"name\":\"Covid-19, 4.751 i nuovi positivi, et\u00e0 media 42 anni. I decessi sono 12\"}]},{\"@type\":\"WebSite\",\"@id\":\"https:\/\/www.intoscana.it\/it\/#website\",\"url\":\"https:\/\/www.intoscana.it\/it\/\",\"name\":\"intoscana\",\"description\":\"\",\"potentialAction\":[{\"@type\":\"SearchAction\",\"target\":{\"@type\":\"EntryPoint\",\"urlTemplate\":\"https:\/\/www.intoscana.it\/it\/?s={search_term_string}\"},\"query-input\":{\"@type\":\"PropertyValueSpecification\",\"valueRequired\":true,\"valueName\":\"search_term_string\"}}],\"inLanguage\":\"it-IT\"},{\"@type\":\"Person\",\"@id\":\"https:\/\/www.intoscana.it\/it\/#\/schema\/person\/9223810753230f20bd670fdd322661f8\",\"name\":\"Redazione\",\"url\":\"https:\/\/www.intoscana.it\/it\/author\/redazione\/\"}]}<\/script>\n<!-- \/ Yoast SEO Premium plugin. -->","yoast_head_json":{"title":"Covid-19, 4.751 i nuovi positivi. I decessi sono 12 - intoscana","description":"Le persone ricoverate oggi sono 910 (14 in meno rispetto a ieri), di cui 41 in terapia intensiva (2 in meno)","robots":{"index":"index","follow":"follow","max-snippet":"max-snippet:-1","max-image-preview":"max-image-preview:large","max-video-preview":"max-video-preview:-1"},"canonical":"https:\/\/www.intoscana.it\/it\/covid-19-4-751-i-nuovi-positivi-eta-media-42-anni-i-decessi-sono-12\/","og_locale":"it_IT","og_type":"article","og_title":"Covid-19, 4.751 i nuovi positivi, et\u00e0 media 42 anni. I decessi sono 12","og_description":"Le persone ricoverate oggi sono 910 (14 in meno rispetto a ieri), di cui 41 in terapia intensiva (2 in meno)","og_url":"https:\/\/www.intoscana.it\/it\/covid-19-4-751-i-nuovi-positivi-eta-media-42-anni-i-decessi-sono-12\/","og_site_name":"intoscana","article_publisher":"https:\/\/www.facebook.com\/intoscana.it","article_published_time":"2022-04-07T10:26:58+00:00","article_modified_time":"2022-04-08T09:01:53+00:00","og_image":[{"width":2048,"height":1363,"url":"https:\/\/www.intoscana.it\/wp-content\/uploads\/creaf_prato_vaccini_2-scaled.jpg","type":"image\/jpeg"}],"author":"Redazione","twitter_card":"summary_large_image","twitter_creator":"@intoscana","twitter_site":"@intoscana","twitter_misc":{"Written by":"Redazione","Est. reading time":"1 minuto"},"schema":{"@context":"https:\/\/schema.org","@graph":[{"@type":"WebPage","@id":"https:\/\/www.intoscana.it\/it\/covid-19-4-751-i-nuovi-positivi-eta-media-42-anni-i-decessi-sono-12\/","url":"https:\/\/www.intoscana.it\/it\/covid-19-4-751-i-nuovi-positivi-eta-media-42-anni-i-decessi-sono-12\/","name":"Covid-19, 4.751 i nuovi positivi. I decessi sono 12 - intoscana","isPartOf":{"@id":"https:\/\/www.intoscana.it\/it\/#website"},"primaryImageOfPage":{"@id":"https:\/\/www.intoscana.it\/it\/covid-19-4-751-i-nuovi-positivi-eta-media-42-anni-i-decessi-sono-12\/#primaryimage"},"image":{"@id":"https:\/\/www.intoscana.it\/it\/covid-19-4-751-i-nuovi-positivi-eta-media-42-anni-i-decessi-sono-12\/#primaryimage"},"thumbnailUrl":"https:\/\/www.intoscana.it\/wp-content\/uploads\/creaf_prato_vaccini_2-scaled.jpg","datePublished":"2022-04-07T10:26:58+00:00","dateModified":"2022-04-08T09:01:53+00:00","author":{"@id":"https:\/\/www.intoscana.it\/it\/#\/schema\/person\/9223810753230f20bd670fdd322661f8"},"description":"Le persone ricoverate oggi sono 910 (14 in meno rispetto a ieri), di cui 41 in terapia intensiva (2 in meno)","breadcrumb":{"@id":"https:\/\/www.intoscana.it\/it\/covid-19-4-751-i-nuovi-positivi-eta-media-42-anni-i-decessi-sono-12\/#breadcrumb"},"inLanguage":"it-IT","potentialAction":[{"@type":"ReadAction","target":["https:\/\/www.intoscana.it\/it\/covid-19-4-751-i-nuovi-positivi-eta-media-42-anni-i-decessi-sono-12\/"]}]},{"@type":"ImageObject","inLanguage":"it-IT","@id":"https:\/\/www.intoscana.it\/it\/covid-19-4-751-i-nuovi-positivi-eta-media-42-anni-i-decessi-sono-12\/#primaryimage","url":"https:\/\/www.intoscana.it\/wp-content\/uploads\/creaf_prato_vaccini_2-scaled.jpg","contentUrl":"https:\/\/www.intoscana.it\/wp-content\/uploads\/creaf_prato_vaccini_2-scaled.jpg","width":2048,"height":1363,"caption":"Infermieri e personale sanitario in reparto Covid (Centro Pegaso di Prato)"},{"@type":"BreadcrumbList","@id":"https:\/\/www.intoscana.it\/it\/covid-19-4-751-i-nuovi-positivi-eta-media-42-anni-i-decessi-sono-12\/#breadcrumb","itemListElement":[{"@type":"ListItem","position":1,"name":"Home","item":"https:\/\/www.intoscana.it\/it\/"},{"@type":"ListItem","position":2,"name":"Covid-19, 4.751 i nuovi positivi, et\u00e0 media 42 anni. I decessi sono 12"}]},{"@type":"WebSite","@id":"https:\/\/www.intoscana.it\/it\/#website","url":"https:\/\/www.intoscana.it\/it\/","name":"intoscana","description":"","potentialAction":[{"@type":"SearchAction","target":{"@type":"EntryPoint","urlTemplate":"https:\/\/www.intoscana.it\/it\/?s={search_term_string}"},"query-input":{"@type":"PropertyValueSpecification","valueRequired":true,"valueName":"search_term_string"}}],"inLanguage":"it-IT"},{"@type":"Person","@id":"https:\/\/www.intoscana.it\/it\/#\/schema\/person\/9223810753230f20bd670fdd322661f8","name":"Redazione","url":"https:\/\/www.intoscana.it\/it\/author\/redazione\/"}]}},"_links":{"self":[{"href":"https:\/\/www.intoscana.it\/it\/wp-json\/wp\/v2\/posts\/222249","targetHints":{"allow":["GET"]}}],"collection":[{"href":"https:\/\/www.intoscana.it\/it\/wp-json\/wp\/v2\/posts"}],"about":[{"href":"https:\/\/www.intoscana.it\/it\/wp-json\/wp\/v2\/types\/post"}],"author":[{"embeddable":true,"href":"https:\/\/www.intoscana.it\/it\/wp-json\/wp\/v2\/users\/525"}],"replies":[{"embeddable":true,"href":"https:\/\/www.intoscana.it\/it\/wp-json\/wp\/v2\/comments?post=222249"}],"version-history":[{"count":0,"href":"https:\/\/www.intoscana.it\/it\/wp-json\/wp\/v2\/posts\/222249\/revisions"}],"wp:featuredmedia":[{"embeddable":true,"href":"https:\/\/www.intoscana.it\/it\/wp-json\/wp\/v2\/media\/194287"}],"wp:attachment":[{"href":"https:\/\/www.intoscana.it\/it\/wp-json\/wp\/v2\/media?parent=222249"}],"wp:term":[{"taxonomy":"category","embeddable":true,"href":"https:\/\/www.intoscana.it\/it\/wp-json\/wp\/v2\/categories?post=222249"},{"taxonomy":"post_tag","embeddable":true,"href":"https:\/\/www.intoscana.it\/it\/wp-json\/wp\/v2\/tags?post=222249"}],"curies":[{"name":"wp","href":"https:\/\/api.w.org\/{rel}","templated":true}]}}