{"id":222505,"date":"2022-04-08T11:16:28","date_gmt":"2022-04-08T09:16:28","guid":{"rendered":"https:\/\/www.intoscana.it\/it\/?p=222505"},"modified":"2022-04-08T12:17:03","modified_gmt":"2022-04-08T10:17:03","slug":"toscana-va-mille-banda-ultra-larga-campagna","status":"publish","type":"post","link":"https:\/\/www.intoscana.it\/it\/toscana-va-mille-banda-ultra-larga-campagna\/","title":{"rendered":"&#8220;La Toscana va a mille&#8221; con la banda ultra larga, al via la campagna"},"content":{"rendered":"<p>Quasi <strong>50mila volantini<\/strong> imbucati nelle cassette postali di altrettante abitazioni o imprese in 38 comuni per informare del termine dei lavori di posa a terra dei cavi di fibra ottica ad opera di <strong>Open Fiber<\/strong>, cos\u00ec da dare la possibilit\u00e0 a cittadini e imprese di connettersi a internet in banda ultra larga.<\/p>\n<h3>La campagna<\/h3>\n<p><mark>\u00c8 la campagna comunicativa &#8220;La Toscana va a mille&#8221; lanciata dalla Regione Toscana in collaborazione con Ali (Autonomie locali italiane)<\/mark> partita nelle settimane scorse per recapitare nelle vie interessate dall\u2019intervento di Open Fiber e dell\u2019attivazione del servizio nelle aree bianche, cio\u00e8 pi\u00f9 quelle nelle quali gli operatori privati non sono ancora intervenuti. Gli utenti di queste zone potranno quindi <strong>connettersi alla banda ultra larga<\/strong> e migliorare cos\u00ec in maniera notevolissima la loro connettivit\u00e0, finora spesso impossibile.<\/p>\n<figure id=\"post-222511 media-222511\" class=\"align-center\"><img decoding=\"async\" class=\"aligncenter\" src=\"https:\/\/www.intoscana.it\/wp-content\/uploads\/La-Toscana-va-a-mille-volantino-della-campagna.jpg\" alt=\"\" \/><\/figure>\n<div class=\"titleimg\" style=\"text-align: center;\">La Toscana va a mille, volantino della campagna<\/div>\n<p>La campagna informativa consiste in un <strong>volantino<\/strong> specifico recapitato nelle cassette delle lettere delle strade coperte dall\u2019intervento e in un roll up consegnato a ognuna delle <strong>38 amministrazioni comunali<\/strong> interessate e da esporre nel proprio municipio, personalizzato con i dettagli dell\u2019intervento effettuato da Open Fiber in quel comune: il numero di chilometri di fibra ottica stesa, il numero di unit\u00e0 immobiliari collegate e la quantificazione economica dell\u2019investimento.<\/p>\n<h3>Opportunit\u00e0 da cogliere<\/h3>\n<p><em><mark>&#8220;Dopo questa prima tranche di lavori abbiamo lanciato la campagna informativa su questa nuova straordinaria opportunit\u00e0, che abbiamo in programma di far diventare ordinaria per tutti i toscani&#8221;<\/mark><\/em> spiega l\u2019assessore regionale alle infrastrutture digitali, <strong>Stefano Ciuoffo<\/strong>. &#8220;<em>Invitiamo quindi le quasi 50mila potenziali utenze, famiglie e imprese, a cogliere questa opportunit\u00e0 al fine di migliorare le prestazioni dei loro dispositivi e a rendersi maggiormente connessi. Per questo abbiamo investito 25,7 milioni di euro, facendo in modo che Open Fiber o Infratel, che ringrazio per il lavoro svolto, posassero un totale di 1.213 chilometri di cavi di fibra ottica connettendo alla rete ad alta velocit\u00e0 tantissime frazioni finora scarsamente collegate&#8221;.<\/em>\u00a0 <div class=\"focuson\"><a href=\"https:\/\/www.intoscana.it\/it\/articolo\/banda-ultralarga-piano-voucher-imprese-toscana\/\"><img decoding=\"async\" class=\"lazy\" src=\"https:\/\/www.intoscana.it\/wp-content\/uploads\/los-cables-de-fibra-ptica-podran-detectar-con-gran-antelacin-los-terremotos.jpg\" style=\"\">\n                <div class=\"cat\">Banda ultralarga, piano voucher per le imprese toscane<\/div>\n                <h4>15 milioni per favorire la connettivit\u00e0<\/h4><\/a>\n              <\/div><\/p>\n<h3>Un&#8217;occasione di sviluppo<\/h3>\n<p><em>&#8220;Il territorio della Toscana \u00e8 fatto in gran parte di piccoli comuni, aree interne, zone distanti dai principali centri abitati&#8221;<\/em> afferma <strong>Francesco Casini<\/strong>, presidente di Ali Toscana e Sindaco di Bagno a Ripoli. <em>&#8220;<mark>Crediamo che tutte le aree debbano avere le stesse opportunit\u00e0 di sviluppo. Questo \u00e8 possibile anche grazie alla infrastrutturazione digitale con banda ultralarga<\/mark>. La fase pandemica ha reso ancora pi\u00f9 evidente quanto sia determinante, anche nelle attivit\u00e0 quotidiane, avere Internet ad alta velocit\u00e0. Ma non basta concludere i tanti cantieri e avviare il servizio, occorre anche informare famiglie e imprese, oltre agli enti locali, di questa nuova opportunit\u00e0. \u00c8 quello che ci proponiamo di fare con il progetto &#8216;La Toscana va a mille&#8217;&#8230;&#8221;.<\/em><\/p>\n<p><span class=\"citazione\">&#8220;Colmare il divario digitale nella nostra Regione \u00e8 un obiettivo strategico&#8221;<\/span><\/p>\n<h3>I comuni coinvolti<\/h3>\n<p>I <strong>comuni interessati<\/strong> dalla comunicazione in questa prima fase sono Barberino Val d&#8217;Elsa, Camaiore, Campagnatico, Capolona, Casole d&#8217;Elsa, Castelfranco di Sotto, Certaldo, Chiusi, Cinigiano, Empoli, Guardistallo, Lamporecchio, Larciano, Londa, Loro Ciuffenna, Lucignano, Manciano, Marciano della Chiana, Massa e Cozzile, Montalcino, Montale, Monte San Savino, Orciano Pisano, Ortignano Raggiolo, Pienza, Pieve Fosciana, Pitigliano, Porto Azzurro, Rio Marina, San Quirico d&#8217;Orcia, Sansepolcro, Scansano, Scarperia e San Piero, Seggiano, Sorano, Terranuova Bracciolini, Trequanda e Vagli Sotto.<\/p>\n<p><em>&#8220;Colmare il divario digitale nella nostra Regione \u00e8 un obiettivo strategico&#8221;<\/em> aggiunge l\u2019assessore Ciuoffo.<em> &#8220;<mark>Nessuna area deve rimanere indietro<\/mark>. \u00c8 a partire da questo obiettivo strategico, che la Regione ha finanziato e sta finanziando la stesura della fibra nelle cosiddette aree bianche, cio\u00e8 quelle zone nelle quali non \u00e8 previsto l\u2019investimento da parte degli operatori privati. E, dopo questo primo pacchetto di realizzazioni, continueremo su questa strada&#8221;.<\/em><\/p>\n<p>&nbsp;<\/p>\n","protected":false},"excerpt":{"rendered":"<p>Circa 50mila volantini per comunicare alle &#8220;aree bianche&#8221; della Toscana l&#8217;arrivo della fibra ottica. Ben 38 i comuni coinvolti. Cittadini e imprese potranno cos\u00ec connettersi alla banda ultra larga<\/p>\n","protected":false},"author":525,"featured_media":222509,"comment_status":"open","ping_status":"open","sticky":false,"template":"","format":"standard","meta":{"_acf_changed":false,"footnotes":""},"categories":[475],"tags":[6184,139,5145],"class_list":["post-222505","post","type-post","status-publish","format-standard","has-post-thumbnail","hentry","category-innovazione","tag-banda-ultralarga","tag-internet","tag-stefano-ciuoffo"],"acf":[],"yoast_head":"<!-- This site is optimized with the Yoast SEO Premium plugin v24.2 (Yoast SEO v25.6) - https:\/\/yoast.com\/wordpress\/plugins\/seo\/ -->\n<title>&quot;La Toscana va a mille&quot; con la banda ultra larga, al via la campagna - intoscana<\/title>\n<meta name=\"description\" content=\"Circa 50mila volantini per comunicare alle &quot;aree bianche&quot; della Toscana l&#039;arrivo della fibra ottica. Ben 38 i comuni coinvolti.\" \/>\n<meta name=\"robots\" content=\"index, follow, max-snippet:-1, max-image-preview:large, max-video-preview:-1\" \/>\n<link rel=\"canonical\" href=\"https:\/\/www.intoscana.it\/it\/toscana-va-mille-banda-ultra-larga-campagna\/\" \/>\n<meta property=\"og:locale\" content=\"it_IT\" \/>\n<meta property=\"og:type\" content=\"article\" \/>\n<meta property=\"og:title\" content=\"&quot;La Toscana va a mille&quot; con la banda ultra larga, al via la campagna\" \/>\n<meta property=\"og:description\" content=\"Circa 50mila volantini per comunicare alle &quot;aree bianche&quot; della Toscana l&#039;arrivo della fibra ottica. Ben 38 i comuni coinvolti.\" \/>\n<meta property=\"og:url\" content=\"https:\/\/www.intoscana.it\/it\/toscana-va-mille-banda-ultra-larga-campagna\/\" \/>\n<meta property=\"og:site_name\" content=\"intoscana\" \/>\n<meta property=\"article:publisher\" content=\"https:\/\/www.facebook.com\/intoscana.it\" \/>\n<meta property=\"article:published_time\" content=\"2022-04-08T09:16:28+00:00\" \/>\n<meta property=\"article:modified_time\" content=\"2022-04-08T10:17:03+00:00\" \/>\n<meta property=\"og:image\" content=\"https:\/\/www.intoscana.it\/wp-content\/uploads\/Internet-veloce-Mathew-Schwartz-Unsplash.jpg\" \/>\n\t<meta property=\"og:image:width\" content=\"1920\" \/>\n\t<meta property=\"og:image:height\" content=\"1280\" \/>\n\t<meta property=\"og:image:type\" content=\"image\/jpeg\" \/>\n<meta name=\"author\" content=\"Redazione\" \/>\n<meta name=\"twitter:card\" content=\"summary_large_image\" \/>\n<meta name=\"twitter:creator\" content=\"@intoscana\" \/>\n<meta name=\"twitter:site\" content=\"@intoscana\" \/>\n<meta name=\"twitter:label1\" content=\"Written by\" \/>\n\t<meta name=\"twitter:data1\" content=\"Redazione\" \/>\n\t<meta name=\"twitter:label2\" content=\"Est. reading time\" \/>\n\t<meta name=\"twitter:data2\" content=\"3 minuti\" \/>\n<script type=\"application\/ld+json\" class=\"yoast-schema-graph\">{\"@context\":\"https:\/\/schema.org\",\"@graph\":[{\"@type\":\"WebPage\",\"@id\":\"https:\/\/www.intoscana.it\/it\/toscana-va-mille-banda-ultra-larga-campagna\/\",\"url\":\"https:\/\/www.intoscana.it\/it\/toscana-va-mille-banda-ultra-larga-campagna\/\",\"name\":\"\\\"La Toscana va a mille\\\" con la banda ultra larga, al via la campagna - intoscana\",\"isPartOf\":{\"@id\":\"https:\/\/www.intoscana.it\/it\/#website\"},\"primaryImageOfPage\":{\"@id\":\"https:\/\/www.intoscana.it\/it\/toscana-va-mille-banda-ultra-larga-campagna\/#primaryimage\"},\"image\":{\"@id\":\"https:\/\/www.intoscana.it\/it\/toscana-va-mille-banda-ultra-larga-campagna\/#primaryimage\"},\"thumbnailUrl\":\"https:\/\/www.intoscana.it\/wp-content\/uploads\/Internet-veloce-Mathew-Schwartz-Unsplash.jpg\",\"datePublished\":\"2022-04-08T09:16:28+00:00\",\"dateModified\":\"2022-04-08T10:17:03+00:00\",\"author\":{\"@id\":\"https:\/\/www.intoscana.it\/it\/#\/schema\/person\/9223810753230f20bd670fdd322661f8\"},\"description\":\"Circa 50mila volantini per comunicare alle \\\"aree bianche\\\" della Toscana l'arrivo della fibra ottica. Ben 38 i comuni coinvolti.\",\"breadcrumb\":{\"@id\":\"https:\/\/www.intoscana.it\/it\/toscana-va-mille-banda-ultra-larga-campagna\/#breadcrumb\"},\"inLanguage\":\"it-IT\",\"potentialAction\":[{\"@type\":\"ReadAction\",\"target\":[\"https:\/\/www.intoscana.it\/it\/toscana-va-mille-banda-ultra-larga-campagna\/\"]}]},{\"@type\":\"ImageObject\",\"inLanguage\":\"it-IT\",\"@id\":\"https:\/\/www.intoscana.it\/it\/toscana-va-mille-banda-ultra-larga-campagna\/#primaryimage\",\"url\":\"https:\/\/www.intoscana.it\/wp-content\/uploads\/Internet-veloce-Mathew-Schwartz-Unsplash.jpg\",\"contentUrl\":\"https:\/\/www.intoscana.it\/wp-content\/uploads\/Internet-veloce-Mathew-Schwartz-Unsplash.jpg\",\"width\":1920,\"height\":1280},{\"@type\":\"BreadcrumbList\",\"@id\":\"https:\/\/www.intoscana.it\/it\/toscana-va-mille-banda-ultra-larga-campagna\/#breadcrumb\",\"itemListElement\":[{\"@type\":\"ListItem\",\"position\":1,\"name\":\"Home\",\"item\":\"https:\/\/www.intoscana.it\/it\/\"},{\"@type\":\"ListItem\",\"position\":2,\"name\":\"&#8220;La Toscana va a mille&#8221; con la banda ultra larga, al via la campagna\"}]},{\"@type\":\"WebSite\",\"@id\":\"https:\/\/www.intoscana.it\/it\/#website\",\"url\":\"https:\/\/www.intoscana.it\/it\/\",\"name\":\"intoscana\",\"description\":\"\",\"potentialAction\":[{\"@type\":\"SearchAction\",\"target\":{\"@type\":\"EntryPoint\",\"urlTemplate\":\"https:\/\/www.intoscana.it\/it\/?s={search_term_string}\"},\"query-input\":{\"@type\":\"PropertyValueSpecification\",\"valueRequired\":true,\"valueName\":\"search_term_string\"}}],\"inLanguage\":\"it-IT\"},{\"@type\":\"Person\",\"@id\":\"https:\/\/www.intoscana.it\/it\/#\/schema\/person\/9223810753230f20bd670fdd322661f8\",\"name\":\"Redazione\",\"url\":\"https:\/\/www.intoscana.it\/it\/author\/redazione\/\"}]}<\/script>\n<!-- \/ Yoast SEO Premium plugin. -->","yoast_head_json":{"title":"\"La Toscana va a mille\" con la banda ultra larga, al via la campagna - intoscana","description":"Circa 50mila volantini per comunicare alle \"aree bianche\" della Toscana l'arrivo della fibra ottica. Ben 38 i comuni coinvolti.","robots":{"index":"index","follow":"follow","max-snippet":"max-snippet:-1","max-image-preview":"max-image-preview:large","max-video-preview":"max-video-preview:-1"},"canonical":"https:\/\/www.intoscana.it\/it\/toscana-va-mille-banda-ultra-larga-campagna\/","og_locale":"it_IT","og_type":"article","og_title":"\"La Toscana va a mille\" con la banda ultra larga, al via la campagna","og_description":"Circa 50mila volantini per comunicare alle \"aree bianche\" della Toscana l'arrivo della fibra ottica. Ben 38 i comuni coinvolti.","og_url":"https:\/\/www.intoscana.it\/it\/toscana-va-mille-banda-ultra-larga-campagna\/","og_site_name":"intoscana","article_publisher":"https:\/\/www.facebook.com\/intoscana.it","article_published_time":"2022-04-08T09:16:28+00:00","article_modified_time":"2022-04-08T10:17:03+00:00","og_image":[{"width":1920,"height":1280,"url":"https:\/\/www.intoscana.it\/wp-content\/uploads\/Internet-veloce-Mathew-Schwartz-Unsplash.jpg","type":"image\/jpeg"}],"author":"Redazione","twitter_card":"summary_large_image","twitter_creator":"@intoscana","twitter_site":"@intoscana","twitter_misc":{"Written by":"Redazione","Est. reading time":"3 minuti"},"schema":{"@context":"https:\/\/schema.org","@graph":[{"@type":"WebPage","@id":"https:\/\/www.intoscana.it\/it\/toscana-va-mille-banda-ultra-larga-campagna\/","url":"https:\/\/www.intoscana.it\/it\/toscana-va-mille-banda-ultra-larga-campagna\/","name":"\"La Toscana va a mille\" con la banda ultra larga, al via la campagna - intoscana","isPartOf":{"@id":"https:\/\/www.intoscana.it\/it\/#website"},"primaryImageOfPage":{"@id":"https:\/\/www.intoscana.it\/it\/toscana-va-mille-banda-ultra-larga-campagna\/#primaryimage"},"image":{"@id":"https:\/\/www.intoscana.it\/it\/toscana-va-mille-banda-ultra-larga-campagna\/#primaryimage"},"thumbnailUrl":"https:\/\/www.intoscana.it\/wp-content\/uploads\/Internet-veloce-Mathew-Schwartz-Unsplash.jpg","datePublished":"2022-04-08T09:16:28+00:00","dateModified":"2022-04-08T10:17:03+00:00","author":{"@id":"https:\/\/www.intoscana.it\/it\/#\/schema\/person\/9223810753230f20bd670fdd322661f8"},"description":"Circa 50mila volantini per comunicare alle \"aree bianche\" della Toscana l'arrivo della fibra ottica. Ben 38 i comuni coinvolti.","breadcrumb":{"@id":"https:\/\/www.intoscana.it\/it\/toscana-va-mille-banda-ultra-larga-campagna\/#breadcrumb"},"inLanguage":"it-IT","potentialAction":[{"@type":"ReadAction","target":["https:\/\/www.intoscana.it\/it\/toscana-va-mille-banda-ultra-larga-campagna\/"]}]},{"@type":"ImageObject","inLanguage":"it-IT","@id":"https:\/\/www.intoscana.it\/it\/toscana-va-mille-banda-ultra-larga-campagna\/#primaryimage","url":"https:\/\/www.intoscana.it\/wp-content\/uploads\/Internet-veloce-Mathew-Schwartz-Unsplash.jpg","contentUrl":"https:\/\/www.intoscana.it\/wp-content\/uploads\/Internet-veloce-Mathew-Schwartz-Unsplash.jpg","width":1920,"height":1280},{"@type":"BreadcrumbList","@id":"https:\/\/www.intoscana.it\/it\/toscana-va-mille-banda-ultra-larga-campagna\/#breadcrumb","itemListElement":[{"@type":"ListItem","position":1,"name":"Home","item":"https:\/\/www.intoscana.it\/it\/"},{"@type":"ListItem","position":2,"name":"&#8220;La Toscana va a mille&#8221; con la banda ultra larga, al via la campagna"}]},{"@type":"WebSite","@id":"https:\/\/www.intoscana.it\/it\/#website","url":"https:\/\/www.intoscana.it\/it\/","name":"intoscana","description":"","potentialAction":[{"@type":"SearchAction","target":{"@type":"EntryPoint","urlTemplate":"https:\/\/www.intoscana.it\/it\/?s={search_term_string}"},"query-input":{"@type":"PropertyValueSpecification","valueRequired":true,"valueName":"search_term_string"}}],"inLanguage":"it-IT"},{"@type":"Person","@id":"https:\/\/www.intoscana.it\/it\/#\/schema\/person\/9223810753230f20bd670fdd322661f8","name":"Redazione","url":"https:\/\/www.intoscana.it\/it\/author\/redazione\/"}]}},"_links":{"self":[{"href":"https:\/\/www.intoscana.it\/it\/wp-json\/wp\/v2\/posts\/222505","targetHints":{"allow":["GET"]}}],"collection":[{"href":"https:\/\/www.intoscana.it\/it\/wp-json\/wp\/v2\/posts"}],"about":[{"href":"https:\/\/www.intoscana.it\/it\/wp-json\/wp\/v2\/types\/post"}],"author":[{"embeddable":true,"href":"https:\/\/www.intoscana.it\/it\/wp-json\/wp\/v2\/users\/525"}],"replies":[{"embeddable":true,"href":"https:\/\/www.intoscana.it\/it\/wp-json\/wp\/v2\/comments?post=222505"}],"version-history":[{"count":0,"href":"https:\/\/www.intoscana.it\/it\/wp-json\/wp\/v2\/posts\/222505\/revisions"}],"wp:featuredmedia":[{"embeddable":true,"href":"https:\/\/www.intoscana.it\/it\/wp-json\/wp\/v2\/media\/222509"}],"wp:attachment":[{"href":"https:\/\/www.intoscana.it\/it\/wp-json\/wp\/v2\/media?parent=222505"}],"wp:term":[{"taxonomy":"category","embeddable":true,"href":"https:\/\/www.intoscana.it\/it\/wp-json\/wp\/v2\/categories?post=222505"},{"taxonomy":"post_tag","embeddable":true,"href":"https:\/\/www.intoscana.it\/it\/wp-json\/wp\/v2\/tags?post=222505"}],"curies":[{"name":"wp","href":"https:\/\/api.w.org\/{rel}","templated":true}]}}