{"id":222774,"date":"2022-04-08T18:34:03","date_gmt":"2022-04-08T16:34:03","guid":{"rendered":"https:\/\/www.intoscana.it\/it\/?p=222774"},"modified":"2022-04-09T14:56:32","modified_gmt":"2022-04-09T12:56:32","slug":"moby-prince-quadro-appello-verita","status":"publish","type":"post","link":"https:\/\/www.intoscana.it\/it\/moby-prince-quadro-appello-verita\/","title":{"rendered":"Moby Prince, in un quadro l&#8217;appello a cercare la verit\u00e0 su quella notte del 10 aprile 1991"},"content":{"rendered":"<p>\u201c<em>L\u2019opera racconta la tragedia consumata del Moby Prince. Il traghetto \u00e8 carbonizzato. \u00c8 una rappresentazione cruenta di una verit\u00e0 sulla quale ancora deve essere fatta chiarezza<\/em>\u201d, cos\u00ec <strong>Francesco Vieri<\/strong>, artista di Prato ha descritto il quadro che ha intitolato &#8220;Vieri <strong>\u201cLe verit\u00e0 a terra \u2013 1991<\/strong>&#8221; e dedicato a quella che \u00e8 considerata la pi\u00f9 grave tragedia della marineria mercantile italiana.<\/p>\n<p>L&#8217;opera donata entrer\u00e0 a far parte della collezione della biblioteca regionale \u201cPietro Leopoldo\u201d e trover\u00e0 posto dentro l\u2019&#8221;<strong>Armadio della memoria\u201d,<\/strong> inaugurato nel novembre del 2019, un luogo dal grande valore documentale, <mark>dove si conservano fotografie, documenti, testimonianze delle tre grandi stragi che hanno colpito la Toscana: il treno di Viareggio, la Costa Concordia al Giglio e ovviamente del Moby prince di cui domenica, 10 aprile, si terranno le celebrazioni per ricordare le vittime di una tragedia le cui ferite sanguinano ancora <\/mark>.<\/p>\n<p>In quella notte di 31 anni fa, quando a poche miglia dalla costa di Livorno, il traghetto della compagnia Navarma, appena partito in direzione Olbia, entr\u00f2 in collisione con la petroliera Agip Abruzzo, <strong>morirono in 140 tra passeggeri e equipaggio<\/strong>, le loro famiglie continuano a cercare una verit\u00e0 che per ora \u00e8 loro negata. \u201c<em>Ero piccolo, non vivevo ancora in Toscana<\/em> \u2013 ha raccontato il presidente del consiglio regionale <strong>Antonio Mazzeo<\/strong> \u2013 <em>ma ricordo bene quelle serate attaccati alla tv, le immagini e quella domanda, oggi come allora, senza risposta: \u201ccome \u00e8 potuto accadere?. Compito delle istituzioni \u00e8 dare una risposta ai familiari delle vittime<\/em>\u201d.<\/p>\n<p>Il quadro donato alla biblioteca regionale vuole essere un invito anche per le nuove generazioni a continuare a chiedersi e a domandarsi cosa \u00e8 davvero accaduto quella notte del 10 aprile del 1991. \u201c<em>L\u2019arte, come la memoria, da sole non bastano ma aiutano: ci ricordano il nostro impegno nel ricercare la verit\u00e0 e nel chieder giustizia<\/em>\u201d, ha commentato l\u2019assessora <strong>Silvia Viviani<\/strong> in rappresentanza del Comune di Livorno, da sempre in <a href=\"https:\/\/www.intoscana.it\/it\/articolo\/moby-prince-30-anni-senza-verita-il-consiglio-regionale-chiede-la-commissione-dinchiesta-parlamentare\/\">prima linea, insieme alla Regione Toscana e al Consiglio Regionale<\/a> nel chiedere che fosse fatta chiarezza sulla dinamica della collisione.<\/p>\n<p>Presenti alla cerimonia anche <strong>Francesco Gazzetti,<\/strong> presidente della commissione Politiche Europee della Regione Toscana che ha sottolineato quanto sia forte l\u2019impegno della Regione e delle istituzioni, ricordando a tal proposito il grande lavoro della commissione parlamentare d\u2019inchiesta presieduta da Andrea Romano, che lo vede impegnato come consigliere regionali, per perorare la battaglia delle associazioni delle vittime rappresentate da <b>Nicola Rosetti, presidente associazione Moby 140.<\/b>\u00a0Tra le sedie in prima fila c\u2019\u00e8 un posto lasciato volutamente vuoto, sarebbe stato occupato da <strong>Loris Dispoli<\/strong>. Loris, storico presidente dell\u2019associazione dei parenti delle vittime che sulla Moby Prince perse la giovane sorella, indossando la sua felpa rossa con scritto <strong>#iosono141<\/strong> non avrebbe mancato l\u2019appuntamento. Oggi Loris \u00e8 impegnato a vincere un\u2019altra battaglia, personale, ma la sua tenacia e il suo fervore, continuano a guidare i tanti impegnati nella ricerca della verit\u00e0 e non si fermeranno finch\u00e9 non sar\u00e0 fatta giustizia sul disastro del Moby Prince.<\/p>\n","protected":false},"excerpt":{"rendered":"<p>\u00c8 opera dell&#8217;artista pratese Francesco Vieri che ha deciso di donarla alla biblioteca regionale \u201cPietro Leopoldo\u201d dove trover\u00e0 posto dentro l\u2019Armadio della memoria\u201d. Mazzeo: &#8220;Noi istituzioni siamo a fianco delle famiglie delle vittime nel chiedere verit\u00e0 e giustizia&#8221;<\/p>\n","protected":false},"author":503,"featured_media":222775,"comment_status":"open","ping_status":"open","sticky":false,"template":"","format":"standard","meta":{"_acf_changed":false,"footnotes":""},"categories":[493],"tags":[4760,4753,5893],"class_list":["post-222774","post","type-post","status-publish","format-standard","has-post-thumbnail","hentry","category-cultura","tag-antonio-mazzeo","tag-consiglio-regionale-della-toscana","tag-moby-prince"],"acf":[],"yoast_head":"<!-- This site is optimized with the Yoast SEO Premium plugin v24.2 (Yoast SEO v25.6) - https:\/\/yoast.com\/wordpress\/plugins\/seo\/ -->\n<title>Moby Prince, in un quadro l&#039;appello a cercare verit\u00e0 e giustizia<\/title>\n<meta name=\"description\" content=\"L&#039;opera \u00e8 stata donata alla biblioteca \u201cPietro Leopoldo\u201d. Mazzeo: &quot;Accanto alle famiglie delle vittime del Moby Prince&quot;\" \/>\n<meta name=\"robots\" content=\"index, follow, max-snippet:-1, max-image-preview:large, max-video-preview:-1\" \/>\n<link rel=\"canonical\" href=\"https:\/\/www.intoscana.it\/it\/moby-prince-quadro-appello-verita\/\" \/>\n<meta property=\"og:locale\" content=\"it_IT\" \/>\n<meta property=\"og:type\" content=\"article\" \/>\n<meta property=\"og:title\" content=\"Moby Prince, in un quadro l&#039;appello a cercare la verit\u00e0 su quella notte del 10 aprile 1991\" \/>\n<meta property=\"og:description\" content=\"L&#039;opera \u00e8 stata donata alla biblioteca \u201cPietro Leopoldo\u201d. Mazzeo: &quot;Accanto alle famiglie delle vittime del Moby Prince&quot;\" \/>\n<meta property=\"og:url\" content=\"https:\/\/www.intoscana.it\/it\/moby-prince-quadro-appello-verita\/\" \/>\n<meta property=\"og:site_name\" content=\"intoscana\" \/>\n<meta property=\"article:publisher\" content=\"https:\/\/www.facebook.com\/intoscana.it\" \/>\n<meta property=\"article:published_time\" content=\"2022-04-08T16:34:03+00:00\" \/>\n<meta property=\"article:modified_time\" content=\"2022-04-09T12:56:32+00:00\" \/>\n<meta property=\"og:image\" content=\"https:\/\/www.intoscana.it\/wp-content\/uploads\/Moby-Prince-quadro_2.jpeg\" \/>\n\t<meta property=\"og:image:width\" content=\"1640\" \/>\n\t<meta property=\"og:image:height\" content=\"1232\" \/>\n\t<meta property=\"og:image:type\" content=\"image\/jpeg\" \/>\n<meta name=\"author\" content=\"Giulia Rafanelli\" \/>\n<meta name=\"twitter:card\" content=\"summary_large_image\" \/>\n<meta name=\"twitter:creator\" content=\"@intoscana\" \/>\n<meta name=\"twitter:site\" content=\"@intoscana\" \/>\n<meta name=\"twitter:label1\" content=\"Written by\" \/>\n\t<meta name=\"twitter:data1\" content=\"Giulia Rafanelli\" \/>\n\t<meta name=\"twitter:label2\" content=\"Est. reading time\" \/>\n\t<meta name=\"twitter:data2\" content=\"2 minuti\" \/>\n<script type=\"application\/ld+json\" class=\"yoast-schema-graph\">{\"@context\":\"https:\/\/schema.org\",\"@graph\":[{\"@type\":\"WebPage\",\"@id\":\"https:\/\/www.intoscana.it\/it\/moby-prince-quadro-appello-verita\/\",\"url\":\"https:\/\/www.intoscana.it\/it\/moby-prince-quadro-appello-verita\/\",\"name\":\"Moby Prince, in un quadro l'appello a cercare verit\u00e0 e giustizia\",\"isPartOf\":{\"@id\":\"https:\/\/www.intoscana.it\/it\/#website\"},\"primaryImageOfPage\":{\"@id\":\"https:\/\/www.intoscana.it\/it\/moby-prince-quadro-appello-verita\/#primaryimage\"},\"image\":{\"@id\":\"https:\/\/www.intoscana.it\/it\/moby-prince-quadro-appello-verita\/#primaryimage\"},\"thumbnailUrl\":\"https:\/\/www.intoscana.it\/wp-content\/uploads\/Moby-Prince-quadro_2.jpeg\",\"datePublished\":\"2022-04-08T16:34:03+00:00\",\"dateModified\":\"2022-04-09T12:56:32+00:00\",\"author\":{\"@id\":\"https:\/\/www.intoscana.it\/it\/#\/schema\/person\/333569b367b301e30262defcea56c939\"},\"description\":\"L'opera \u00e8 stata donata alla biblioteca \u201cPietro Leopoldo\u201d. Mazzeo: \\\"Accanto alle famiglie delle vittime del Moby Prince\\\"\",\"breadcrumb\":{\"@id\":\"https:\/\/www.intoscana.it\/it\/moby-prince-quadro-appello-verita\/#breadcrumb\"},\"inLanguage\":\"it-IT\",\"potentialAction\":[{\"@type\":\"ReadAction\",\"target\":[\"https:\/\/www.intoscana.it\/it\/moby-prince-quadro-appello-verita\/\"]}]},{\"@type\":\"ImageObject\",\"inLanguage\":\"it-IT\",\"@id\":\"https:\/\/www.intoscana.it\/it\/moby-prince-quadro-appello-verita\/#primaryimage\",\"url\":\"https:\/\/www.intoscana.it\/wp-content\/uploads\/Moby-Prince-quadro_2.jpeg\",\"contentUrl\":\"https:\/\/www.intoscana.it\/wp-content\/uploads\/Moby-Prince-quadro_2.jpeg\",\"width\":1640,\"height\":1232,\"caption\":\"Moby Prince quadro\"},{\"@type\":\"BreadcrumbList\",\"@id\":\"https:\/\/www.intoscana.it\/it\/moby-prince-quadro-appello-verita\/#breadcrumb\",\"itemListElement\":[{\"@type\":\"ListItem\",\"position\":1,\"name\":\"Home\",\"item\":\"https:\/\/www.intoscana.it\/it\/\"},{\"@type\":\"ListItem\",\"position\":2,\"name\":\"Moby Prince, in un quadro l&#8217;appello a cercare la verit\u00e0 su quella notte del 10 aprile 1991\"}]},{\"@type\":\"WebSite\",\"@id\":\"https:\/\/www.intoscana.it\/it\/#website\",\"url\":\"https:\/\/www.intoscana.it\/it\/\",\"name\":\"intoscana\",\"description\":\"\",\"potentialAction\":[{\"@type\":\"SearchAction\",\"target\":{\"@type\":\"EntryPoint\",\"urlTemplate\":\"https:\/\/www.intoscana.it\/it\/?s={search_term_string}\"},\"query-input\":{\"@type\":\"PropertyValueSpecification\",\"valueRequired\":true,\"valueName\":\"search_term_string\"}}],\"inLanguage\":\"it-IT\"},{\"@type\":\"Person\",\"@id\":\"https:\/\/www.intoscana.it\/it\/#\/schema\/person\/333569b367b301e30262defcea56c939\",\"name\":\"Giulia Rafanelli\",\"url\":\"https:\/\/www.intoscana.it\/it\/author\/giulia-rafanelli\/\"}]}<\/script>\n<!-- \/ Yoast SEO Premium plugin. -->","yoast_head_json":{"title":"Moby Prince, in un quadro l'appello a cercare verit\u00e0 e giustizia","description":"L'opera \u00e8 stata donata alla biblioteca \u201cPietro Leopoldo\u201d. Mazzeo: \"Accanto alle famiglie delle vittime del Moby Prince\"","robots":{"index":"index","follow":"follow","max-snippet":"max-snippet:-1","max-image-preview":"max-image-preview:large","max-video-preview":"max-video-preview:-1"},"canonical":"https:\/\/www.intoscana.it\/it\/moby-prince-quadro-appello-verita\/","og_locale":"it_IT","og_type":"article","og_title":"Moby Prince, in un quadro l'appello a cercare la verit\u00e0 su quella notte del 10 aprile 1991","og_description":"L'opera \u00e8 stata donata alla biblioteca \u201cPietro Leopoldo\u201d. Mazzeo: \"Accanto alle famiglie delle vittime del Moby Prince\"","og_url":"https:\/\/www.intoscana.it\/it\/moby-prince-quadro-appello-verita\/","og_site_name":"intoscana","article_publisher":"https:\/\/www.facebook.com\/intoscana.it","article_published_time":"2022-04-08T16:34:03+00:00","article_modified_time":"2022-04-09T12:56:32+00:00","og_image":[{"width":1640,"height":1232,"url":"https:\/\/www.intoscana.it\/wp-content\/uploads\/Moby-Prince-quadro_2.jpeg","type":"image\/jpeg"}],"author":"Giulia Rafanelli","twitter_card":"summary_large_image","twitter_creator":"@intoscana","twitter_site":"@intoscana","twitter_misc":{"Written by":"Giulia Rafanelli","Est. reading time":"2 minuti"},"schema":{"@context":"https:\/\/schema.org","@graph":[{"@type":"WebPage","@id":"https:\/\/www.intoscana.it\/it\/moby-prince-quadro-appello-verita\/","url":"https:\/\/www.intoscana.it\/it\/moby-prince-quadro-appello-verita\/","name":"Moby Prince, in un quadro l'appello a cercare verit\u00e0 e giustizia","isPartOf":{"@id":"https:\/\/www.intoscana.it\/it\/#website"},"primaryImageOfPage":{"@id":"https:\/\/www.intoscana.it\/it\/moby-prince-quadro-appello-verita\/#primaryimage"},"image":{"@id":"https:\/\/www.intoscana.it\/it\/moby-prince-quadro-appello-verita\/#primaryimage"},"thumbnailUrl":"https:\/\/www.intoscana.it\/wp-content\/uploads\/Moby-Prince-quadro_2.jpeg","datePublished":"2022-04-08T16:34:03+00:00","dateModified":"2022-04-09T12:56:32+00:00","author":{"@id":"https:\/\/www.intoscana.it\/it\/#\/schema\/person\/333569b367b301e30262defcea56c939"},"description":"L'opera \u00e8 stata donata alla biblioteca \u201cPietro Leopoldo\u201d. Mazzeo: \"Accanto alle famiglie delle vittime del Moby Prince\"","breadcrumb":{"@id":"https:\/\/www.intoscana.it\/it\/moby-prince-quadro-appello-verita\/#breadcrumb"},"inLanguage":"it-IT","potentialAction":[{"@type":"ReadAction","target":["https:\/\/www.intoscana.it\/it\/moby-prince-quadro-appello-verita\/"]}]},{"@type":"ImageObject","inLanguage":"it-IT","@id":"https:\/\/www.intoscana.it\/it\/moby-prince-quadro-appello-verita\/#primaryimage","url":"https:\/\/www.intoscana.it\/wp-content\/uploads\/Moby-Prince-quadro_2.jpeg","contentUrl":"https:\/\/www.intoscana.it\/wp-content\/uploads\/Moby-Prince-quadro_2.jpeg","width":1640,"height":1232,"caption":"Moby Prince quadro"},{"@type":"BreadcrumbList","@id":"https:\/\/www.intoscana.it\/it\/moby-prince-quadro-appello-verita\/#breadcrumb","itemListElement":[{"@type":"ListItem","position":1,"name":"Home","item":"https:\/\/www.intoscana.it\/it\/"},{"@type":"ListItem","position":2,"name":"Moby Prince, in un quadro l&#8217;appello a cercare la verit\u00e0 su quella notte del 10 aprile 1991"}]},{"@type":"WebSite","@id":"https:\/\/www.intoscana.it\/it\/#website","url":"https:\/\/www.intoscana.it\/it\/","name":"intoscana","description":"","potentialAction":[{"@type":"SearchAction","target":{"@type":"EntryPoint","urlTemplate":"https:\/\/www.intoscana.it\/it\/?s={search_term_string}"},"query-input":{"@type":"PropertyValueSpecification","valueRequired":true,"valueName":"search_term_string"}}],"inLanguage":"it-IT"},{"@type":"Person","@id":"https:\/\/www.intoscana.it\/it\/#\/schema\/person\/333569b367b301e30262defcea56c939","name":"Giulia Rafanelli","url":"https:\/\/www.intoscana.it\/it\/author\/giulia-rafanelli\/"}]}},"_links":{"self":[{"href":"https:\/\/www.intoscana.it\/it\/wp-json\/wp\/v2\/posts\/222774","targetHints":{"allow":["GET"]}}],"collection":[{"href":"https:\/\/www.intoscana.it\/it\/wp-json\/wp\/v2\/posts"}],"about":[{"href":"https:\/\/www.intoscana.it\/it\/wp-json\/wp\/v2\/types\/post"}],"author":[{"embeddable":true,"href":"https:\/\/www.intoscana.it\/it\/wp-json\/wp\/v2\/users\/503"}],"replies":[{"embeddable":true,"href":"https:\/\/www.intoscana.it\/it\/wp-json\/wp\/v2\/comments?post=222774"}],"version-history":[{"count":0,"href":"https:\/\/www.intoscana.it\/it\/wp-json\/wp\/v2\/posts\/222774\/revisions"}],"wp:featuredmedia":[{"embeddable":true,"href":"https:\/\/www.intoscana.it\/it\/wp-json\/wp\/v2\/media\/222775"}],"wp:attachment":[{"href":"https:\/\/www.intoscana.it\/it\/wp-json\/wp\/v2\/media?parent=222774"}],"wp:term":[{"taxonomy":"category","embeddable":true,"href":"https:\/\/www.intoscana.it\/it\/wp-json\/wp\/v2\/categories?post=222774"},{"taxonomy":"post_tag","embeddable":true,"href":"https:\/\/www.intoscana.it\/it\/wp-json\/wp\/v2\/tags?post=222774"}],"curies":[{"name":"wp","href":"https:\/\/api.w.org\/{rel}","templated":true}]}}