{"id":222828,"date":"2022-04-09T13:29:23","date_gmt":"2022-04-09T11:29:23","guid":{"rendered":"https:\/\/www.intoscana.it\/it\/?p=222828"},"modified":"2022-04-11T13:03:41","modified_gmt":"2022-04-11T11:03:41","slug":"covid-19-in-toscana-4-134-nuovi-casi-eta-media-43-anni-i-decessi-sono-7","status":"publish","type":"post","link":"https:\/\/www.intoscana.it\/it\/covid-19-in-toscana-4-134-nuovi-casi-eta-media-43-anni-i-decessi-sono-7\/","title":{"rendered":"Covid-19: in Toscana 4.134 nuovi casi, et\u00e0 media 43 anni. I decessi sono 7"},"content":{"rendered":"<p><strong>In Toscana sono 1.023.109 i casi di positivit\u00e0 al Coronavirus,<\/strong> 4.134 in pi\u00f9 rispetto a ieri (1.139 confermati con tampone molecolare e 2.995 da test rapido antigenico). I nuovi casi sono lo 0,4% in pi\u00f9 rispetto al totale del giorno precedente.<\/p>\n<p><strong>I guariti crescono dello 0,5%<\/strong> e raggiungono quota 963.809 (94,2% dei casi totali). Oggi sono stati eseguiti 5.600 tamponi molecolari e 22.221 tamponi antigenici rapidi, di questi il 14,9% \u00e8 risultato positivo. Sono invece 5.912 i soggetti testati oggi (con tampone antigenico e\/o molecolare, escludendo i tamponi di controllo), di cui il 69,9% \u00e8 risultato positivo.<\/p>\n<p><strong>Gli attualmente positivi sono oggi 49.684, -1% rispetto a ieri.<\/strong> I ricoverati sono 852 (23 in meno rispetto a ieri), di cui 42 in terapia intensiva (4 in pi\u00f9). Oggi si registrano 7 nuovi decessi: 3 uomini e 4 donne con un&#8217;et\u00e0 media di 90,3 anni.<\/p>\n<p>L&#8217;et\u00e0 media dei 4.134 nuovi positivi odierni \u00e8 di <strong>43 anni circa<\/strong> (18% ha meno di 20 anni, 19% tra 20 e 39 anni, 31% tra 40 e 59 anni, 23% tra 60 e 79 anni, 9% ha 80 anni o pi\u00f9).<\/p>\n<h3>I casi di positivit\u00e0 sul territorio<\/h3>\n<p>Di seguito i casi di positivit\u00e0 sul territorio con la variazione rispetto a ieri (1.139 confermati con tampone molecolare e 2.995 da test rapido antigenico). Sono 287.073 i casi complessivi ad oggi a Firenze (1.032 in pi\u00f9 rispetto a ieri), 71.774 a Prato (250 in pi\u00f9), 82.515 a Pistoia (315 in pi\u00f9), 49.409 a Massa (300 in pi\u00f9), 107.855 a Lucca (402 in pi\u00f9), 116.550 a Pisa (468 in pi\u00f9), 89.341 a Livorno (384 in pi\u00f9), 94.126 ad Arezzo (353 in pi\u00f9), 70.379 a Siena (363 in pi\u00f9), 53.532 a Grosseto (267 in pi\u00f9). Sono 555 i casi positivi notificati in Toscana, ma residenti in altre regioni.<\/p>\n<p><strong>Sono 1.651 i casi riscontrati oggi nell&#8217;Asl Centro, 1.500 nella Nord Ovest, 983 nella Sud est.<\/strong><\/p>\n<p>La Toscana si trova al 7\u00b0 posto in Italia come numerosit\u00e0 di casi (comprensivi di residenti e non residenti), con circa 27.705 casi per 100.000 abitanti (media italiana circa 25.616 x100.000, dato di ieri). Le province di notifica con il tasso pi\u00f9 alto sono Firenze con 28.752 casi x100.000 abitanti, Pistoia con 28.429, Lucca con 28.090, la pi\u00f9 bassa Grosseto con 24.573.<\/p>\n<p>Complessivamente, <strong>48.832 persone sono in isolamento a casa<\/strong>, poich\u00e9 presentano sintomi lievi che non richiedono cure ospedaliere, o risultano prive di sintomi (474 in meno rispetto a ieri, meno 1%).<\/p>\n<p><strong>Le persone ricoverate nei posti letto dedicati ai pazienti COVID oggi sono complessivamente 852<\/strong> (23 in meno rispetto a ieri, meno 2,6%), 42 in terapia intensiva (4 in pi\u00f9 rispetto a ieri, pi\u00f9 10,5%).<\/p>\n<p><strong>Le persone complessivamente guarite sono 963.809<\/strong> (4.624 in pi\u00f9 rispetto a ieri, pi\u00f9 0,5%): 0 persone clinicamente guarite (stabili rispetto a ieri), divenute cio\u00e8 asintomatiche dopo aver presentato manifestazioni cliniche associate all&#8217;infezione e 963.809 (4.624 in pi\u00f9 rispetto a ieri, pi\u00f9 0,5%) dichiarate guarite a tutti gli effetti, le cosiddette guarigioni virali, con tampone negativo.<\/p>\n<h3>I decessi<\/h3>\n<p>Oggi si registrano 7 nuovi decessi: <strong>3 uomini e 4 donne con un&#8217;et\u00e0 media di 90,3 anni.<\/strong><\/p>\n<p>Relativamente alla provincia di residenza, le persone decedute sono: 2 a Lucca, 2 a Livorno, 1 a Siena, 1 a Grosseto, 1 fuori Toscana.<\/p>\n<p><strong>Sono 9.616 i deceduti dall&#8217;inizio dell&#8217;epidemia<\/strong> cosi ripartiti: 3.029 a Firenze, 807 a Prato, 866 a Pistoia, 628 a Massa Carrara, 905 a Lucca, 1.030 a Pisa, 704 a Livorno, 641 ad Arezzo, 515 a Siena, 364 a Grosseto, 127 persone sono decedute sul suolo toscano ma erano residenti fuori regione.<\/p>\n<p>Il tasso grezzo di mortalit\u00e0 toscano (numero di deceduti\/popolazione residente) per Covid-19 \u00e8 di 260,4 x100.000 residenti contro il 271 x100.000 della media italiana (10\u00b0 regione). Per quanto riguarda le province, il tasso di mortalit\u00e0 pi\u00f9 alto si riscontra a Massa Carrara (330,8 x100.000), Prato (304,2 x100.000) e Firenze (303,4 x100.000), il pi\u00f9 basso a Grosseto (167,1 x100.000).<\/p>\n","protected":false},"excerpt":{"rendered":"<p>Gli attualmente positivi sono oggi 49.684, -1% rispetto a ieri. I ricoverati sono 852 (23 in meno rispetto a ieri), di cui 42 in terapia intensiva<\/p>\n","protected":false},"author":525,"featured_media":222673,"comment_status":"open","ping_status":"open","sticky":false,"template":"","format":"standard","meta":{"_acf_changed":false,"footnotes":""},"categories":[494],"tags":[4868,418],"class_list":["post-222828","post","type-post","status-publish","format-standard","has-post-thumbnail","hentry","category-attualita","tag-bollettino-covid-toscana","tag-covid-19"],"acf":[],"yoast_head":"<!-- This site is optimized with the Yoast SEO Premium plugin v24.2 (Yoast SEO v25.6) - https:\/\/yoast.com\/wordpress\/plugins\/seo\/ -->\n<title>Covid-19: in Toscana 4.134 nuovi casi, et\u00e0 media 43 anni. I decessi sono 7 - intoscana<\/title>\n<meta name=\"description\" content=\"Gli attualmente positivi sono oggi 49.684, -1% rispetto a ieri. I ricoverati sono 852 (23 in meno), di cui 42 in terapia intensiva\" \/>\n<meta name=\"robots\" content=\"index, follow, max-snippet:-1, max-image-preview:large, max-video-preview:-1\" \/>\n<link rel=\"canonical\" href=\"https:\/\/www.intoscana.it\/it\/covid-19-in-toscana-4-134-nuovi-casi-eta-media-43-anni-i-decessi-sono-7\/\" \/>\n<meta property=\"og:locale\" content=\"it_IT\" \/>\n<meta property=\"og:type\" content=\"article\" \/>\n<meta property=\"og:title\" content=\"Covid-19: in Toscana 4.134 nuovi casi, et\u00e0 media 43 anni. I decessi sono 7\" \/>\n<meta property=\"og:description\" content=\"Gli attualmente positivi sono oggi 49.684, -1% rispetto a ieri. I ricoverati sono 852 (23 in meno), di cui 42 in terapia intensiva\" \/>\n<meta property=\"og:url\" content=\"https:\/\/www.intoscana.it\/it\/covid-19-in-toscana-4-134-nuovi-casi-eta-media-43-anni-i-decessi-sono-7\/\" \/>\n<meta property=\"og:site_name\" content=\"intoscana\" \/>\n<meta property=\"article:publisher\" content=\"https:\/\/www.facebook.com\/intoscana.it\" \/>\n<meta property=\"article:published_time\" content=\"2022-04-09T11:29:23+00:00\" \/>\n<meta property=\"article:modified_time\" content=\"2022-04-11T11:03:41+00:00\" \/>\n<meta property=\"og:image\" content=\"https:\/\/www.intoscana.it\/wp-content\/uploads\/Ragazza-con-mascherina-Jan-Babora\u0301k-Unsplash.jpg\" \/>\n\t<meta property=\"og:image:width\" content=\"1920\" \/>\n\t<meta property=\"og:image:height\" content=\"1280\" \/>\n\t<meta property=\"og:image:type\" content=\"image\/jpeg\" \/>\n<meta name=\"author\" content=\"Redazione\" \/>\n<meta name=\"twitter:card\" content=\"summary_large_image\" \/>\n<meta name=\"twitter:creator\" content=\"@intoscana\" \/>\n<meta name=\"twitter:site\" content=\"@intoscana\" \/>\n<meta name=\"twitter:label1\" content=\"Written by\" \/>\n\t<meta name=\"twitter:data1\" content=\"Redazione\" \/>\n\t<meta name=\"twitter:label2\" content=\"Est. reading time\" \/>\n\t<meta name=\"twitter:data2\" content=\"3 minuti\" \/>\n<script type=\"application\/ld+json\" class=\"yoast-schema-graph\">{\"@context\":\"https:\/\/schema.org\",\"@graph\":[{\"@type\":\"WebPage\",\"@id\":\"https:\/\/www.intoscana.it\/it\/covid-19-in-toscana-4-134-nuovi-casi-eta-media-43-anni-i-decessi-sono-7\/\",\"url\":\"https:\/\/www.intoscana.it\/it\/covid-19-in-toscana-4-134-nuovi-casi-eta-media-43-anni-i-decessi-sono-7\/\",\"name\":\"Covid-19: in Toscana 4.134 nuovi casi, et\u00e0 media 43 anni. I decessi sono 7 - intoscana\",\"isPartOf\":{\"@id\":\"https:\/\/www.intoscana.it\/it\/#website\"},\"primaryImageOfPage\":{\"@id\":\"https:\/\/www.intoscana.it\/it\/covid-19-in-toscana-4-134-nuovi-casi-eta-media-43-anni-i-decessi-sono-7\/#primaryimage\"},\"image\":{\"@id\":\"https:\/\/www.intoscana.it\/it\/covid-19-in-toscana-4-134-nuovi-casi-eta-media-43-anni-i-decessi-sono-7\/#primaryimage\"},\"thumbnailUrl\":\"https:\/\/www.intoscana.it\/wp-content\/uploads\/Ragazza-con-mascherina-Jan-Babora\u0301k-Unsplash.jpg\",\"datePublished\":\"2022-04-09T11:29:23+00:00\",\"dateModified\":\"2022-04-11T11:03:41+00:00\",\"author\":{\"@id\":\"https:\/\/www.intoscana.it\/it\/#\/schema\/person\/9223810753230f20bd670fdd322661f8\"},\"description\":\"Gli attualmente positivi sono oggi 49.684, -1% rispetto a ieri. I ricoverati sono 852 (23 in meno), di cui 42 in terapia intensiva\",\"breadcrumb\":{\"@id\":\"https:\/\/www.intoscana.it\/it\/covid-19-in-toscana-4-134-nuovi-casi-eta-media-43-anni-i-decessi-sono-7\/#breadcrumb\"},\"inLanguage\":\"it-IT\",\"potentialAction\":[{\"@type\":\"ReadAction\",\"target\":[\"https:\/\/www.intoscana.it\/it\/covid-19-in-toscana-4-134-nuovi-casi-eta-media-43-anni-i-decessi-sono-7\/\"]}]},{\"@type\":\"ImageObject\",\"inLanguage\":\"it-IT\",\"@id\":\"https:\/\/www.intoscana.it\/it\/covid-19-in-toscana-4-134-nuovi-casi-eta-media-43-anni-i-decessi-sono-7\/#primaryimage\",\"url\":\"https:\/\/www.intoscana.it\/wp-content\/uploads\/Ragazza-con-mascherina-Jan-Babora\u0301k-Unsplash.jpg\",\"contentUrl\":\"https:\/\/www.intoscana.it\/wp-content\/uploads\/Ragazza-con-mascherina-Jan-Babora\u0301k-Unsplash.jpg\",\"width\":1920,\"height\":1280},{\"@type\":\"BreadcrumbList\",\"@id\":\"https:\/\/www.intoscana.it\/it\/covid-19-in-toscana-4-134-nuovi-casi-eta-media-43-anni-i-decessi-sono-7\/#breadcrumb\",\"itemListElement\":[{\"@type\":\"ListItem\",\"position\":1,\"name\":\"Home\",\"item\":\"https:\/\/www.intoscana.it\/it\/\"},{\"@type\":\"ListItem\",\"position\":2,\"name\":\"Covid-19: in Toscana 4.134 nuovi casi, et\u00e0 media 43 anni. I decessi sono 7\"}]},{\"@type\":\"WebSite\",\"@id\":\"https:\/\/www.intoscana.it\/it\/#website\",\"url\":\"https:\/\/www.intoscana.it\/it\/\",\"name\":\"intoscana\",\"description\":\"\",\"potentialAction\":[{\"@type\":\"SearchAction\",\"target\":{\"@type\":\"EntryPoint\",\"urlTemplate\":\"https:\/\/www.intoscana.it\/it\/?s={search_term_string}\"},\"query-input\":{\"@type\":\"PropertyValueSpecification\",\"valueRequired\":true,\"valueName\":\"search_term_string\"}}],\"inLanguage\":\"it-IT\"},{\"@type\":\"Person\",\"@id\":\"https:\/\/www.intoscana.it\/it\/#\/schema\/person\/9223810753230f20bd670fdd322661f8\",\"name\":\"Redazione\",\"url\":\"https:\/\/www.intoscana.it\/it\/author\/redazione\/\"}]}<\/script>\n<!-- \/ Yoast SEO Premium plugin. -->","yoast_head_json":{"title":"Covid-19: in Toscana 4.134 nuovi casi, et\u00e0 media 43 anni. I decessi sono 7 - intoscana","description":"Gli attualmente positivi sono oggi 49.684, -1% rispetto a ieri. I ricoverati sono 852 (23 in meno), di cui 42 in terapia intensiva","robots":{"index":"index","follow":"follow","max-snippet":"max-snippet:-1","max-image-preview":"max-image-preview:large","max-video-preview":"max-video-preview:-1"},"canonical":"https:\/\/www.intoscana.it\/it\/covid-19-in-toscana-4-134-nuovi-casi-eta-media-43-anni-i-decessi-sono-7\/","og_locale":"it_IT","og_type":"article","og_title":"Covid-19: in Toscana 4.134 nuovi casi, et\u00e0 media 43 anni. I decessi sono 7","og_description":"Gli attualmente positivi sono oggi 49.684, -1% rispetto a ieri. I ricoverati sono 852 (23 in meno), di cui 42 in terapia intensiva","og_url":"https:\/\/www.intoscana.it\/it\/covid-19-in-toscana-4-134-nuovi-casi-eta-media-43-anni-i-decessi-sono-7\/","og_site_name":"intoscana","article_publisher":"https:\/\/www.facebook.com\/intoscana.it","article_published_time":"2022-04-09T11:29:23+00:00","article_modified_time":"2022-04-11T11:03:41+00:00","og_image":[{"width":1920,"height":1280,"url":"https:\/\/www.intoscana.it\/wp-content\/uploads\/Ragazza-con-mascherina-Jan-Babora\u0301k-Unsplash.jpg","type":"image\/jpeg"}],"author":"Redazione","twitter_card":"summary_large_image","twitter_creator":"@intoscana","twitter_site":"@intoscana","twitter_misc":{"Written by":"Redazione","Est. reading time":"3 minuti"},"schema":{"@context":"https:\/\/schema.org","@graph":[{"@type":"WebPage","@id":"https:\/\/www.intoscana.it\/it\/covid-19-in-toscana-4-134-nuovi-casi-eta-media-43-anni-i-decessi-sono-7\/","url":"https:\/\/www.intoscana.it\/it\/covid-19-in-toscana-4-134-nuovi-casi-eta-media-43-anni-i-decessi-sono-7\/","name":"Covid-19: in Toscana 4.134 nuovi casi, et\u00e0 media 43 anni. I decessi sono 7 - intoscana","isPartOf":{"@id":"https:\/\/www.intoscana.it\/it\/#website"},"primaryImageOfPage":{"@id":"https:\/\/www.intoscana.it\/it\/covid-19-in-toscana-4-134-nuovi-casi-eta-media-43-anni-i-decessi-sono-7\/#primaryimage"},"image":{"@id":"https:\/\/www.intoscana.it\/it\/covid-19-in-toscana-4-134-nuovi-casi-eta-media-43-anni-i-decessi-sono-7\/#primaryimage"},"thumbnailUrl":"https:\/\/www.intoscana.it\/wp-content\/uploads\/Ragazza-con-mascherina-Jan-Babora\u0301k-Unsplash.jpg","datePublished":"2022-04-09T11:29:23+00:00","dateModified":"2022-04-11T11:03:41+00:00","author":{"@id":"https:\/\/www.intoscana.it\/it\/#\/schema\/person\/9223810753230f20bd670fdd322661f8"},"description":"Gli attualmente positivi sono oggi 49.684, -1% rispetto a ieri. I ricoverati sono 852 (23 in meno), di cui 42 in terapia intensiva","breadcrumb":{"@id":"https:\/\/www.intoscana.it\/it\/covid-19-in-toscana-4-134-nuovi-casi-eta-media-43-anni-i-decessi-sono-7\/#breadcrumb"},"inLanguage":"it-IT","potentialAction":[{"@type":"ReadAction","target":["https:\/\/www.intoscana.it\/it\/covid-19-in-toscana-4-134-nuovi-casi-eta-media-43-anni-i-decessi-sono-7\/"]}]},{"@type":"ImageObject","inLanguage":"it-IT","@id":"https:\/\/www.intoscana.it\/it\/covid-19-in-toscana-4-134-nuovi-casi-eta-media-43-anni-i-decessi-sono-7\/#primaryimage","url":"https:\/\/www.intoscana.it\/wp-content\/uploads\/Ragazza-con-mascherina-Jan-Babora\u0301k-Unsplash.jpg","contentUrl":"https:\/\/www.intoscana.it\/wp-content\/uploads\/Ragazza-con-mascherina-Jan-Babora\u0301k-Unsplash.jpg","width":1920,"height":1280},{"@type":"BreadcrumbList","@id":"https:\/\/www.intoscana.it\/it\/covid-19-in-toscana-4-134-nuovi-casi-eta-media-43-anni-i-decessi-sono-7\/#breadcrumb","itemListElement":[{"@type":"ListItem","position":1,"name":"Home","item":"https:\/\/www.intoscana.it\/it\/"},{"@type":"ListItem","position":2,"name":"Covid-19: in Toscana 4.134 nuovi casi, et\u00e0 media 43 anni. I decessi sono 7"}]},{"@type":"WebSite","@id":"https:\/\/www.intoscana.it\/it\/#website","url":"https:\/\/www.intoscana.it\/it\/","name":"intoscana","description":"","potentialAction":[{"@type":"SearchAction","target":{"@type":"EntryPoint","urlTemplate":"https:\/\/www.intoscana.it\/it\/?s={search_term_string}"},"query-input":{"@type":"PropertyValueSpecification","valueRequired":true,"valueName":"search_term_string"}}],"inLanguage":"it-IT"},{"@type":"Person","@id":"https:\/\/www.intoscana.it\/it\/#\/schema\/person\/9223810753230f20bd670fdd322661f8","name":"Redazione","url":"https:\/\/www.intoscana.it\/it\/author\/redazione\/"}]}},"_links":{"self":[{"href":"https:\/\/www.intoscana.it\/it\/wp-json\/wp\/v2\/posts\/222828","targetHints":{"allow":["GET"]}}],"collection":[{"href":"https:\/\/www.intoscana.it\/it\/wp-json\/wp\/v2\/posts"}],"about":[{"href":"https:\/\/www.intoscana.it\/it\/wp-json\/wp\/v2\/types\/post"}],"author":[{"embeddable":true,"href":"https:\/\/www.intoscana.it\/it\/wp-json\/wp\/v2\/users\/525"}],"replies":[{"embeddable":true,"href":"https:\/\/www.intoscana.it\/it\/wp-json\/wp\/v2\/comments?post=222828"}],"version-history":[{"count":0,"href":"https:\/\/www.intoscana.it\/it\/wp-json\/wp\/v2\/posts\/222828\/revisions"}],"wp:featuredmedia":[{"embeddable":true,"href":"https:\/\/www.intoscana.it\/it\/wp-json\/wp\/v2\/media\/222673"}],"wp:attachment":[{"href":"https:\/\/www.intoscana.it\/it\/wp-json\/wp\/v2\/media?parent=222828"}],"wp:term":[{"taxonomy":"category","embeddable":true,"href":"https:\/\/www.intoscana.it\/it\/wp-json\/wp\/v2\/categories?post=222828"},{"taxonomy":"post_tag","embeddable":true,"href":"https:\/\/www.intoscana.it\/it\/wp-json\/wp\/v2\/tags?post=222828"}],"curies":[{"name":"wp","href":"https:\/\/api.w.org\/{rel}","templated":true}]}}