{"id":222896,"date":"2022-04-11T08:58:54","date_gmt":"2022-04-11T06:58:54","guid":{"rendered":"https:\/\/www.intoscana.it\/it\/?p=222896"},"modified":"2022-04-11T18:39:44","modified_gmt":"2022-04-11T16:39:44","slug":"fast-animals-and-slow-kids-concerto-firenze","status":"publish","type":"post","link":"https:\/\/www.intoscana.it\/it\/fast-animals-and-slow-kids-concerto-firenze\/","title":{"rendered":"Fast Animals and Slow Kids in concerto a Firenze: &#8220;Portiamo sul palco il caos che abbiamo in testa&#8221;"},"content":{"rendered":"<p>I<span class=\"gmail-Apple-converted-space\">\u00a0<\/span><strong>Fast Animals and Slow Kids<\/strong><span class=\"gmail-Apple-converted-space\">\u00a0<\/span>sono un gruppo di amici,<span class=\"gmail-Apple-converted-space\">\u00a0<\/span><strong>Aimone Romizi, Alessandro Guercini, Alessio Mingoli e Jacopo Gigliotti<\/strong>, che nel 2008 ha fondato una band per puro divertimento.<\/p>\n<p>Partiti da<span class=\"gmail-Apple-converted-space\">\u00a0<\/span><strong>Perugia<\/strong><span class=\"gmail-Apple-converted-space\">\u00a0<\/span>hanno conquistato in un decennio la scena del<span class=\"gmail-Apple-converted-space\">\u00a0<\/span><strong>rock alternativo italiano.<\/strong><\/p>\n<p>Fanno musica per una generazione che non trova una definizione e spazio per <strong>esprimere quello che si agita dentro.<\/strong><\/p>\n<p>I fan li adorano e li seguono quasi<strong><span class=\"gmail-Apple-converted-space\">\u00a0<\/span>come una religione.<\/strong><\/p>\n<p>Scritto e registrato durante la pandemia,<span class=\"gmail-Apple-converted-space\">\u00a0<\/span><em><strong>&#8220;\u00c8 gi\u00e0 domani&#8221;<\/strong><\/em><span class=\"gmail-Apple-converted-space\">\u00a0<\/span>\u00e8 il loro disco della maturit\u00e0.\u00a0L\u2019album \u00e8 frutto di due lunghi anni di lavoro che hanno portato i FASK nuovamente in studio dopo il precedente album del 2019 \u201cAnimali notturni\u201d.<\/p>\n<p>Ospiti speciali del disco <strong>Lodo Guenzi<\/strong> per il testo di <em><strong>\u201cCome un animale\u201d<\/strong><\/em> mentre <strong>Willie Peyote<\/strong> firma la sua parte in <em><strong>\u201cCosa ci direbbe\u201d.<\/strong><\/em><\/p>\n<p>Per presentare questo nuovo lavoro e avere la possibilit\u00e0 di incontrare nuovamente i numerosi fan che non hanno mai fatto mancare alla band, durante questi primi 10 anni di carriera, il loro sostegno, i <strong>Fast Animals and Slow Kids<\/strong> hanno deciso di rimettersi in viaggio e ripartire per un tour in giro per l\u2019Italia che li porter\u00e0\u00a0<strong>il 28 aprile in concerto al Tuscany Hall di Firenze.<\/strong><\/p>\n<h3><b>Ecco la nostra intervista ad Alessio Mingoli<\/b><\/h3>\n<p><iframe loading=\"lazy\" title=\"Fast Animals and Slow Kids: \\\" src=\"https:\/\/omny.fm\/shows\/intoscana\/fast-animals-and-slow-kids-portiamo-sul-palco-il-c\/embed?style=artwork\" width=\"100%\" height=\"180\" frameborder=\"0\"><\/iframe><\/p>\n<p><b>Da uno a dieci quanto avete voglia di tornare a suonare?<\/b><\/p>\n<p><strong>318! Tantissimo, veramente tanto<\/strong>. Battute e matematica a parte<strong> abbiamo una voglia infinita<\/strong> perch\u00e8 noi come tanti altri colleghi siamo rimasti bloccati con il tour che dovevamo fare nel 2020 saltato e quindi<strong> sono due anni che abbiamo in testa un concerto che vogliamo suonare<\/strong> a cui si \u00e8 aggiunto anche un disco uscito da poco. Abbiamo una marea di canzoni nuove da suonare,<strong> abbiamo un caos in testa e lo poteremo sul palco.<\/strong><\/p>\n<p><b>La prima volta che ho ascoltato il vostro nuovo disco &#8220;E&#8217; gi\u00e0 domani&#8221; ho pensato proprio, questo \u00e8 un disco da ascoltare sotto a un palco, quanto vorrei sentirlo dal vivo! Mi sembra che lo abbiate scritto proprio pensando alla dimensione\u00a0live<\/b><\/p>\n<p>Ci fa piacere perch\u00e8 questa \u00e8 una cosa che ci caratterizza un po&#8217; da sempre a dir la verit\u00e0. Sin dagli inizi abbiamo sempre pensato a come le canzoni sarebbero state sul palco. Ma forse mai come in questi ultimi anni questo elemento, anche inconsciamente ha pervaso la scrittura, perch\u00e8<strong> l&#8217;idea di tornare sul palco \u00e8 una costante.<\/strong> Si \u00e8 interrotto questo digiuno l&#8217;estate scorsa, quando abbiamo portato in giro<strong> un tour acustico bellissimo, una forma nuova<\/strong> che non avremmo mai sperimentato per\u00f2 adesso abbiamo voglia di fare quello che pi\u00f9 banalmente ci riesce meglio, <strong>i concerti rock&#8217;n roll!<\/strong><\/p>\n<p><b>Avete dei fans che vi amano moltissimo, forse quello che vi unisce \u00e8 che in un certo senso condividete gli stessi valori e forse anche gli stessi problemi generazionali, cosa ne pensi?<\/b><\/p>\n<p>Sicuramente, non so se \u00e8 una fortuna o una sfortuna. Ci dispiace che ci siano tante persone che condividono i nostri stessi problemi per\u00f2 \u00e8 bello anche vedere che <strong>ogni canzone trova tanti punti in comune con le persone<\/strong> ma spesso non sono neanche punti\u00a0in comune. Le canzoni hanno tante interpretazioni diverse, nel momento in cui escono <strong>ognuno le rende proprie. <\/strong>E&#8217;\u00a0bellissimo parlare con le persone dopo i concerti e scoprire come ognuno ci legge qualcosa di totalmente diverso da come ci aspettavamo, ma altrettanto valido e bello.<\/p>\n<p><b>Passando a parlare del disco <em>&#8220;Stupida canzone&#8221;<\/em> \u00e8 diventato quasi un manifesto, quando parlate dell&#8217;\u00a0&#8220;ossessione di sorridere al futuro&#8221;, vi fate interpreti proprio dei giovani che non credono pi\u00f9 al buonismo e a quell&#8217; &#8220;andr\u00e0 tutto bene&#8221; di cui si parlava qualche anno fa<\/b><\/p>\n<p>E&#8217; abbastanza centrata come interpretazione, purtroppo siamo abbastanza egocentrici nel nostro analizzare la realt\u00e0.<strong> Stupida canzone \u00e8 legata al nostro modo di vedere il tempo<\/strong> e questo \u00e8 un po&#8217; anche il tema centrale del disco:<strong>\u00a0l&#8217;ossessione di essere sempre proiettati al futuro<\/strong>, non per forza un futuro lontanissimo, pu\u00f2 essere anche un futuro vicino. <strong>La distanza tra presente e futuro sta scomparendo,\u00a0<\/strong>quindi se da una parte \u00e8 uno slancio positivo, da un altro punto di vista<strong> si perde l&#8217;oggi, non si vive pi\u00f9 il presente<\/strong> come dovrebbe essere vissuto. Il tentativo \u00e8 quello di<strong> cercare di riprendersi il presente e viverlo al meglio.<\/strong><\/p>\n<p><iframe loading=\"lazy\" title=\"YouTube video player\" src=\"https:\/\/www.youtube.com\/embed\/ZhwGJr9w60E\" width=\"800\" height=\"500\" frameborder=\"0\" allowfullscreen=\"allowfullscreen\"><span data-mce-type=\"bookmark\" style=\"display: inline-block; width: 0px; overflow: hidden; line-height: 0;\" class=\"mce_SELRES_start\">\ufeff<\/span><\/iframe><\/p>\n<p><b>&#8220;Senza deluderti&#8221; \u00e8 un&#8217;altra\u00a0delle mie canzoni preferite, \u00e8 il classico caso in cui un cantante riesce a dare voce a pensieri o emozioni che non si riescono a esprimere a parole, il grande potere della musica!<\/b><\/p>\n<p>Questa cosa ogni volta ci stupisce, <strong>\u00e8 incredibile la connessione che si riesce a trovare con le persone.<\/strong> Dall&#8217;esterno pu\u00f2 sembrare scontata ma per ogni ogni volta \u00e8 incredibile. Questo \u00e8 un pezzo particolare, perch\u00e8 \u00e8 il pezzo con cui abbiamo chiuso l&#8217;ultimo tour acustico ed \u00e8 una canzone divisa a met\u00e0. <strong>La prima parte \u00e8 tranquilla e poi ha un finale super rock&#8217;n roll<\/strong> con cui ci siamo lasciati proprio per darci appuntamento al primo tour elettrico, \u00e8 stata una promessa che abbiamo fatto a tutti, che saremo tornati. Avr\u00e0 una grossa importanza anche nel prossimo tour.<\/p>\n<p><b>Un&#8217;altra canzone che mi ha colpito \u00e8 &#8220;Fratello mio&#8221; perch\u00e8 \u00e8 una sorta di carezza, un messaggio per una persona che sta passando un periodo difficile.\u00a0Mi sembra bello voler parlare anche di questo aspetto della vita, difficili da trattare in una canzone<\/b><\/p>\n<p><strong>La canzone parla di un dolore travolgente e profondissimo,<\/strong> senza entrare nel dettaglio della vicenda che ha ispirato il pezzo. <strong>Questa canzone \u00e8 un abbraccio, un tentativo di aiutare una persona che ti \u00e8 molto vicino<\/strong>, anche se sai che non potrai far altro che stringere a te quella persona. <strong>Il tentativo estremo di dare conforto<\/strong> a qualcuno che sta vivendo un momento terribile della sua vita, ma che speri di poter aiutare a superarlo.<\/p>\n<p><b>Siete nati dieci anni fa in un citt\u00e0 che viene considerata un po&#8217; &#8220;provinciale&#8221; come Perugia. In una canzone cantate &#8220;cosa ci direbbe mamma&#8221;, io volevo chiedervi, cosa vi dicono i vostri genitori adesso che avete raggiunto il successo, siete conosciutissimi in Italia?<\/b><\/p>\n<p>Ormai si sono arresi, no scherzi a parte abbiamo avuto tutti approcci molto diversi. <strong>Aimone viene da una famiglia super aperta<\/strong> dal punto di vista artistico, gi\u00e0 suo fratello prima di lui suonava quindi i genitori gli hanno sempre detto &#8216;fai quello che vuoi&#8217;. Ma un po&#8217; tutti in realt\u00e0 abbiamo avuto appoggio. Raccontiamo sempre la storia del nostro chitarrista Alessandro. Da piccolo <strong>a 14 anni i suoi genitori l&#8217;hanno messo davanti a una scelta critica, tra il motorino e la chitarra<\/strong> e lui incredibilmente ha scelto la chitarra. Ogni volta che lo raccontiamo chiunque rimane sbalordito, quasi tutti avrebbero scelto il motorino e ripensandoci ora anche lui avrebbe scelto diversamente.<\/p>\n<figure id=\"post-97126 media-97126\" class=\"align-none\"><img decoding=\"async\" src=\"https:\/\/www.intoscana.it\/wp-content\/uploads\/fask_foto-5-610x404-1.jpg\" alt=\"\" \/><\/figure>\n<div class=\"titleimg\">FASK<\/div>\n<p>&nbsp;<\/p>\n","protected":false},"excerpt":{"rendered":"<p>Il 28 aprile in concerto al Tuscany Hall di Firenze la band che da Perugia \u00e8 partita alla conquista del rock indipendente italiano, ascolta la nostra intervista<\/p>\n","protected":false},"author":518,"featured_media":222897,"comment_status":"open","ping_status":"open","sticky":false,"template":"","format":"standard","meta":{"_acf_changed":false,"footnotes":""},"categories":[14],"tags":[216,202],"class_list":["post-222896","post","type-post","status-publish","format-standard","has-post-thumbnail","hentry","category-musica","tag-concerti","tag-firenze"],"acf":[],"yoast_head":"<!-- This site is optimized with the Yoast SEO Premium plugin v24.2 (Yoast SEO v25.6) - https:\/\/yoast.com\/wordpress\/plugins\/seo\/ -->\n<title>Fast Animals and Slow Kids in concerto a Firenze: &quot;Portiamo sul palco il caos che abbiamo in testa&quot; - intoscana<\/title>\n<meta name=\"description\" content=\"Venerd\u00ec 15 aprile in concerto al Tuscany Hall di Firenze la band che da Perugia \u00e8 partita alla conquista del rock indipendente italiano\" \/>\n<meta name=\"robots\" content=\"index, follow, max-snippet:-1, max-image-preview:large, max-video-preview:-1\" \/>\n<link rel=\"canonical\" href=\"https:\/\/www.intoscana.it\/it\/fast-animals-and-slow-kids-concerto-firenze\/\" \/>\n<meta property=\"og:locale\" content=\"it_IT\" \/>\n<meta property=\"og:type\" content=\"article\" \/>\n<meta property=\"og:title\" content=\"Fast Animals and Slow Kids in concerto a Firenze: &quot;Portiamo sul palco il caos che abbiamo in testa&quot;\" \/>\n<meta property=\"og:description\" content=\"Venerd\u00ec 15 aprile in concerto al Tuscany Hall di Firenze la band che da Perugia \u00e8 partita alla conquista del rock indipendente italiano\" \/>\n<meta property=\"og:url\" content=\"https:\/\/www.intoscana.it\/it\/fast-animals-and-slow-kids-concerto-firenze\/\" \/>\n<meta property=\"og:site_name\" content=\"intoscana\" \/>\n<meta property=\"article:publisher\" content=\"https:\/\/www.facebook.com\/intoscana.it\" \/>\n<meta property=\"article:published_time\" content=\"2022-04-11T06:58:54+00:00\" \/>\n<meta property=\"article:modified_time\" content=\"2022-04-11T16:39:44+00:00\" \/>\n<meta property=\"og:image\" content=\"https:\/\/www.intoscana.it\/wp-content\/uploads\/FASK-1.jpg\" \/>\n\t<meta property=\"og:image:width\" content=\"2048\" \/>\n\t<meta property=\"og:image:height\" content=\"1152\" \/>\n\t<meta property=\"og:image:type\" content=\"image\/jpeg\" \/>\n<meta name=\"author\" content=\"Costanza Baldini\" \/>\n<meta name=\"twitter:card\" content=\"summary_large_image\" \/>\n<meta name=\"twitter:creator\" content=\"@intoscana\" \/>\n<meta name=\"twitter:site\" content=\"@intoscana\" \/>\n<meta name=\"twitter:label1\" content=\"Written by\" \/>\n\t<meta name=\"twitter:data1\" content=\"Costanza Baldini\" \/>\n\t<meta name=\"twitter:label2\" content=\"Est. reading time\" \/>\n\t<meta name=\"twitter:data2\" content=\"5 minuti\" \/>\n<script type=\"application\/ld+json\" class=\"yoast-schema-graph\">{\"@context\":\"https:\/\/schema.org\",\"@graph\":[{\"@type\":\"WebPage\",\"@id\":\"https:\/\/www.intoscana.it\/it\/fast-animals-and-slow-kids-concerto-firenze\/\",\"url\":\"https:\/\/www.intoscana.it\/it\/fast-animals-and-slow-kids-concerto-firenze\/\",\"name\":\"Fast Animals and Slow Kids in concerto a Firenze: \\\"Portiamo sul palco il caos che abbiamo in testa\\\" - intoscana\",\"isPartOf\":{\"@id\":\"https:\/\/www.intoscana.it\/it\/#website\"},\"primaryImageOfPage\":{\"@id\":\"https:\/\/www.intoscana.it\/it\/fast-animals-and-slow-kids-concerto-firenze\/#primaryimage\"},\"image\":{\"@id\":\"https:\/\/www.intoscana.it\/it\/fast-animals-and-slow-kids-concerto-firenze\/#primaryimage\"},\"thumbnailUrl\":\"https:\/\/www.intoscana.it\/wp-content\/uploads\/FASK-1.jpg\",\"datePublished\":\"2022-04-11T06:58:54+00:00\",\"dateModified\":\"2022-04-11T16:39:44+00:00\",\"author\":{\"@id\":\"https:\/\/www.intoscana.it\/it\/#\/schema\/person\/d469f35f09739bdf00bf5dd3f0647a82\"},\"description\":\"Venerd\u00ec 15 aprile in concerto al Tuscany Hall di Firenze la band che da Perugia \u00e8 partita alla conquista del rock indipendente italiano\",\"breadcrumb\":{\"@id\":\"https:\/\/www.intoscana.it\/it\/fast-animals-and-slow-kids-concerto-firenze\/#breadcrumb\"},\"inLanguage\":\"it-IT\",\"potentialAction\":[{\"@type\":\"ReadAction\",\"target\":[\"https:\/\/www.intoscana.it\/it\/fast-animals-and-slow-kids-concerto-firenze\/\"]}]},{\"@type\":\"ImageObject\",\"inLanguage\":\"it-IT\",\"@id\":\"https:\/\/www.intoscana.it\/it\/fast-animals-and-slow-kids-concerto-firenze\/#primaryimage\",\"url\":\"https:\/\/www.intoscana.it\/wp-content\/uploads\/FASK-1.jpg\",\"contentUrl\":\"https:\/\/www.intoscana.it\/wp-content\/uploads\/FASK-1.jpg\",\"width\":2048,\"height\":1152},{\"@type\":\"BreadcrumbList\",\"@id\":\"https:\/\/www.intoscana.it\/it\/fast-animals-and-slow-kids-concerto-firenze\/#breadcrumb\",\"itemListElement\":[{\"@type\":\"ListItem\",\"position\":1,\"name\":\"Home\",\"item\":\"https:\/\/www.intoscana.it\/it\/\"},{\"@type\":\"ListItem\",\"position\":2,\"name\":\"Fast Animals and Slow Kids in concerto a Firenze: &#8220;Portiamo sul palco il caos che abbiamo in testa&#8221;\"}]},{\"@type\":\"WebSite\",\"@id\":\"https:\/\/www.intoscana.it\/it\/#website\",\"url\":\"https:\/\/www.intoscana.it\/it\/\",\"name\":\"intoscana\",\"description\":\"\",\"potentialAction\":[{\"@type\":\"SearchAction\",\"target\":{\"@type\":\"EntryPoint\",\"urlTemplate\":\"https:\/\/www.intoscana.it\/it\/?s={search_term_string}\"},\"query-input\":{\"@type\":\"PropertyValueSpecification\",\"valueRequired\":true,\"valueName\":\"search_term_string\"}}],\"inLanguage\":\"it-IT\"},{\"@type\":\"Person\",\"@id\":\"https:\/\/www.intoscana.it\/it\/#\/schema\/person\/d469f35f09739bdf00bf5dd3f0647a82\",\"name\":\"Costanza Baldini\",\"url\":\"https:\/\/www.intoscana.it\/it\/author\/costanza-baldini\/\"}]}<\/script>\n<!-- \/ Yoast SEO Premium plugin. -->","yoast_head_json":{"title":"Fast Animals and Slow Kids in concerto a Firenze: \"Portiamo sul palco il caos che abbiamo in testa\" - intoscana","description":"Venerd\u00ec 15 aprile in concerto al Tuscany Hall di Firenze la band che da Perugia \u00e8 partita alla conquista del rock indipendente italiano","robots":{"index":"index","follow":"follow","max-snippet":"max-snippet:-1","max-image-preview":"max-image-preview:large","max-video-preview":"max-video-preview:-1"},"canonical":"https:\/\/www.intoscana.it\/it\/fast-animals-and-slow-kids-concerto-firenze\/","og_locale":"it_IT","og_type":"article","og_title":"Fast Animals and Slow Kids in concerto a Firenze: \"Portiamo sul palco il caos che abbiamo in testa\"","og_description":"Venerd\u00ec 15 aprile in concerto al Tuscany Hall di Firenze la band che da Perugia \u00e8 partita alla conquista del rock indipendente italiano","og_url":"https:\/\/www.intoscana.it\/it\/fast-animals-and-slow-kids-concerto-firenze\/","og_site_name":"intoscana","article_publisher":"https:\/\/www.facebook.com\/intoscana.it","article_published_time":"2022-04-11T06:58:54+00:00","article_modified_time":"2022-04-11T16:39:44+00:00","og_image":[{"width":2048,"height":1152,"url":"https:\/\/www.intoscana.it\/wp-content\/uploads\/FASK-1.jpg","type":"image\/jpeg"}],"author":"Costanza Baldini","twitter_card":"summary_large_image","twitter_creator":"@intoscana","twitter_site":"@intoscana","twitter_misc":{"Written by":"Costanza Baldini","Est. reading time":"5 minuti"},"schema":{"@context":"https:\/\/schema.org","@graph":[{"@type":"WebPage","@id":"https:\/\/www.intoscana.it\/it\/fast-animals-and-slow-kids-concerto-firenze\/","url":"https:\/\/www.intoscana.it\/it\/fast-animals-and-slow-kids-concerto-firenze\/","name":"Fast Animals and Slow Kids in concerto a Firenze: \"Portiamo sul palco il caos che abbiamo in testa\" - intoscana","isPartOf":{"@id":"https:\/\/www.intoscana.it\/it\/#website"},"primaryImageOfPage":{"@id":"https:\/\/www.intoscana.it\/it\/fast-animals-and-slow-kids-concerto-firenze\/#primaryimage"},"image":{"@id":"https:\/\/www.intoscana.it\/it\/fast-animals-and-slow-kids-concerto-firenze\/#primaryimage"},"thumbnailUrl":"https:\/\/www.intoscana.it\/wp-content\/uploads\/FASK-1.jpg","datePublished":"2022-04-11T06:58:54+00:00","dateModified":"2022-04-11T16:39:44+00:00","author":{"@id":"https:\/\/www.intoscana.it\/it\/#\/schema\/person\/d469f35f09739bdf00bf5dd3f0647a82"},"description":"Venerd\u00ec 15 aprile in concerto al Tuscany Hall di Firenze la band che da Perugia \u00e8 partita alla conquista del rock indipendente italiano","breadcrumb":{"@id":"https:\/\/www.intoscana.it\/it\/fast-animals-and-slow-kids-concerto-firenze\/#breadcrumb"},"inLanguage":"it-IT","potentialAction":[{"@type":"ReadAction","target":["https:\/\/www.intoscana.it\/it\/fast-animals-and-slow-kids-concerto-firenze\/"]}]},{"@type":"ImageObject","inLanguage":"it-IT","@id":"https:\/\/www.intoscana.it\/it\/fast-animals-and-slow-kids-concerto-firenze\/#primaryimage","url":"https:\/\/www.intoscana.it\/wp-content\/uploads\/FASK-1.jpg","contentUrl":"https:\/\/www.intoscana.it\/wp-content\/uploads\/FASK-1.jpg","width":2048,"height":1152},{"@type":"BreadcrumbList","@id":"https:\/\/www.intoscana.it\/it\/fast-animals-and-slow-kids-concerto-firenze\/#breadcrumb","itemListElement":[{"@type":"ListItem","position":1,"name":"Home","item":"https:\/\/www.intoscana.it\/it\/"},{"@type":"ListItem","position":2,"name":"Fast Animals and Slow Kids in concerto a Firenze: &#8220;Portiamo sul palco il caos che abbiamo in testa&#8221;"}]},{"@type":"WebSite","@id":"https:\/\/www.intoscana.it\/it\/#website","url":"https:\/\/www.intoscana.it\/it\/","name":"intoscana","description":"","potentialAction":[{"@type":"SearchAction","target":{"@type":"EntryPoint","urlTemplate":"https:\/\/www.intoscana.it\/it\/?s={search_term_string}"},"query-input":{"@type":"PropertyValueSpecification","valueRequired":true,"valueName":"search_term_string"}}],"inLanguage":"it-IT"},{"@type":"Person","@id":"https:\/\/www.intoscana.it\/it\/#\/schema\/person\/d469f35f09739bdf00bf5dd3f0647a82","name":"Costanza Baldini","url":"https:\/\/www.intoscana.it\/it\/author\/costanza-baldini\/"}]}},"_links":{"self":[{"href":"https:\/\/www.intoscana.it\/it\/wp-json\/wp\/v2\/posts\/222896","targetHints":{"allow":["GET"]}}],"collection":[{"href":"https:\/\/www.intoscana.it\/it\/wp-json\/wp\/v2\/posts"}],"about":[{"href":"https:\/\/www.intoscana.it\/it\/wp-json\/wp\/v2\/types\/post"}],"author":[{"embeddable":true,"href":"https:\/\/www.intoscana.it\/it\/wp-json\/wp\/v2\/users\/518"}],"replies":[{"embeddable":true,"href":"https:\/\/www.intoscana.it\/it\/wp-json\/wp\/v2\/comments?post=222896"}],"version-history":[{"count":0,"href":"https:\/\/www.intoscana.it\/it\/wp-json\/wp\/v2\/posts\/222896\/revisions"}],"wp:featuredmedia":[{"embeddable":true,"href":"https:\/\/www.intoscana.it\/it\/wp-json\/wp\/v2\/media\/222897"}],"wp:attachment":[{"href":"https:\/\/www.intoscana.it\/it\/wp-json\/wp\/v2\/media?parent=222896"}],"wp:term":[{"taxonomy":"category","embeddable":true,"href":"https:\/\/www.intoscana.it\/it\/wp-json\/wp\/v2\/categories?post=222896"},{"taxonomy":"post_tag","embeddable":true,"href":"https:\/\/www.intoscana.it\/it\/wp-json\/wp\/v2\/tags?post=222896"}],"curies":[{"name":"wp","href":"https:\/\/api.w.org\/{rel}","templated":true}]}}