{"id":222904,"date":"2022-04-11T09:34:54","date_gmt":"2022-04-11T07:34:54","guid":{"rendered":"https:\/\/www.intoscana.it\/it\/?p=222904"},"modified":"2022-04-11T09:34:54","modified_gmt":"2022-04-11T07:34:54","slug":"cristiano-godano-concerto-firenze-glorytellers","status":"publish","type":"post","link":"https:\/\/www.intoscana.it\/it\/cristiano-godano-concerto-firenze-glorytellers\/","title":{"rendered":"Nuove date per i &#8220;Glorytellers&#8221;: Cristiano Godano e Giorgia del Mese in concerto a Firenze"},"content":{"rendered":"<p>Dopo la partenza della rassegna con<strong> il concerto di Lorenzo Kruger,<\/strong> l&#8217;edizione 2022 di<a href=\"https:\/\/www.intoscana.it\/it\/articolo\/la-carica-dei-glorytellers-sei-concerti-in-sala-vanni\/\" target=\"_blank\" rel=\"noopener\"><em><strong> Glorytellers<\/strong> <\/em><\/a>in Sala Vanni torna a far parlare di s\u00e9.<\/p>\n<p>Al calendario della rassegna organizzata da Musicus Concentus con Black Candy Produzioni, si aggiungono il cantante e <strong>frontman dei Marlene Kuntz Cristiano Godano<\/strong>\u00a0il 21 maggio e la cantautrice <strong>Giorgia del Mese il 14 maggio<\/strong> in apertura a <strong>Francesco Di Bella.<\/strong><\/p>\n<h3>Il calendario dei concerti<\/h3>\n<p>Il programma riparte il <strong>23 aprile<\/strong> con gli <strong>Spiritual Front:<\/strong> band dallo stile unico, definito a cavallo tra pop decadente mitteleuropeo ed un sound\/visual vintage con continui richiami al cinema italiano d\u2019autore e non solo.<\/p>\n<p>Hanno all&#8217;attivo diversi album (tra cui: Spiritual Front 2000, Nihilist cocktails for calypso inferno Satyriasis 2005, Armageddon gigol\u00f2 2006, Roma Rotten Casino 2010) e centinaia di concerti in tutta Europa e palchi divisi con gruppi internazionali come i <strong>Death in June, Deus, Sol Invictus, Mars Volta, Brett Anderson<\/strong> ed molti altri.<\/p>\n<figure id=\"post-220759 media-220759\" class=\"align-none\"><img decoding=\"async\" src=\"https:\/\/www.intoscana.it\/wp-content\/uploads\/valeria-caliandro-2.jpg\" alt=\"\" \/><\/figure>\n<div class=\"titleimg\"><em>Valeria Caliandro<\/em><\/div>\n<p>Tra le collaborazioni pi\u00f9 interessanti, generate anche da Black Candy Produzioni, c&#8217;\u00e8 quella fra <strong>Tommaso Novi e Valeria Caliandro,<\/strong> sul palco di Glorytellers <strong>il 29 aprile<\/strong>.<\/p>\n<p>Il primo, storico membro de <em><strong>I Gatti M\u00e9zzi<\/strong><\/em>, \u00e8 pianista, compositore e musicoterapista. Ha collaborato con Paolo Fresu, Zen Circus, Motta, Gipi, Ascanio Celestini, Banda Bard\u00f2. Nel 2019 entra in BlackCandy Produzioni e nel 2021 esce il nuovo album \u201cTerzino Fuorigioco\u201d.<\/p>\n<p><strong>Valeria Caliandro<\/strong> invece nasce a Firenze e cresce a Prato, dove vive. Nel 2012 pubblica a nome <strong>Vilrouge<\/strong> il suo primo album, <em><strong>Immacolato Caos<\/strong><\/em>, che riceve unanimi consensi dalla stampa e dalla critica. Negli ultimi quattro anni colleziona esperienze fondamentali fatte di incontri decisivi, condividendo il palco con artisti come <strong>Francesco De Gregori e Carmen Consoli.<\/strong>\u00a0 <em><strong>\u201cLa seducente assenza\u201d<\/strong><\/em> \u00e8 il suo secondo album. Nel 2018 nasce il sodalizio con Blackcandy Produzioni.<\/p>\n<p><strong>Peppe Voltarelli<\/strong>, in programma il <strong>7 maggio,<\/strong> \u00e8 un cantante calabrese, autore di canzoni scrittore e attore. \u00c8 attivo dal 1994 come fondatore voce e leader de <em><strong>Il Parto delle nuvole pesanti,<\/strong> <\/em>band di culto del new folk italiano.<\/p>\n<p>In apertura<strong> Bimbo<\/strong> al secolo <strong>Simone Soldani.<\/strong> Dopo aver calcato per anni i palchi dei centri sociali, ha partecipato al Festival di Cannes con la colonna sonora di \u201cB.B. e il cormorano\u201d.\u00a0 Tra l\u2019indole pop e la passione per il cantautorato, la curiosit\u00e0 sperimentale porta Bimbo ad unire mondi che nel nuovo album attingono da sonorit\u00e0 afro \u2013 elettroniche, legando insieme suggestioni che spaziano da Loredana Bert\u00e9 a Mulatu Astatke, frutto di due anni di lavoro.<\/p>\n<figure id=\"post-222906 media-222906\" class=\"align-none\"><img decoding=\"async\" src=\"https:\/\/www.intoscana.it\/wp-content\/uploads\/GIORGIA-DEL-MESE.jpeg\" alt=\"\" \/><\/figure>\n<div class=\"titleimg\"><em>Giorgia del Mese<\/em><\/div>\n<p>La rassegna prosegue il <strong>14 maggio <\/strong>con <strong>Francesco Di Bella e Giorgia del Mese.\u00a0<\/strong>Il primo inizia la sua carriera artistica dando vita nei primi Anni \u201990 ai <strong>24 Grana,<\/strong> band antesignana dell\u2019alternative rock italiano, di cui \u00e8 frontman e principale autore.<\/p>\n<p>La sua ricerca artistica \u201calternativa\u201d si traduce, nel 2014, nel primo album da solista <strong>\u201cBallads Caf\u00e9\u201d<\/strong>, un compendio di brani dei suoi anni trascorsi nella band, riletti in una chiave pi\u00f9 intimistica e cantautorale, di cui \u00e8 il testo a farla da protagonista.\u00a0Nel 2016 l\u2019album<strong> \u201cNuova Gianturco\u201d<\/strong>, prodotto da Daniele Sinigallia, lo inserisce a pieno titolo nel novero dei cantautori italiani.\u00a0A fine 2018 esce il suo nuovo disco d\u2019inediti, <em><strong>\u201c\u2018O Diavolo\u201d<\/strong> <\/em>a cui fa seguito un lungo tour.<\/p>\n<p><strong>Giorgia del Mese<\/strong> vince il premio della critica al premio Bianca d\u2019Aponte nel 2007, nello stesso anno \u00e8 tra i finalisti di Musicultura e vince il Premio Personalit\u00e0 Artistica al Premio Poggiobustone. Nel 2011 porta in tour il suo primo disco <em><strong>\u201dSto Bene\u201d<\/strong><\/em> esibendosi in teatri importanti italiani come il Teatro Ariston per Sanremo, dove apre la serata conclusiva con Paolo Benvegn\u00f9, Luciano Ligabue e Mauro Pagani.\u00a0Nel 2019 esce il suo terzo album, <em><strong>Moderate Tempeste.<\/strong><\/em><\/p>\n<p><strong>Chiude la rassegna Cristiano Godano<\/strong>, sul palco della<strong> Sala Vanni sabato 21 maggio.<\/strong> Il cantante e frontman dei <strong>Marlene Kuntz<\/strong> torna in tour con<em><strong> Intensissimo Live 2022<\/strong>,<\/em> uno speciale tour di pochi appuntamenti, in forma intima, musica e parole; un viaggio che passer\u00e0 fra i brani della sua carriera solista e alcuni successi dei Marlene Kuntz.<\/p>\n<p><em>\u201cHo deciso di chiamare \u201cIntensissimo\u201d questo giro di date che far\u00f2 su \u00e8 gi\u00f9 per l\u2019Italia perch\u00e9 \u00e8 esattamente quello che mi prefiggo di ottenere: <strong>un&#8217;atmosfera potente in grado di affratellare il pubblico in un unico, caloroso abbraccio.<\/strong> \u00c8 il mio modo di essere consolatorio, per me stesso e per tutti coloro che vorranno partecipare. \u00c8 compito di un cantante (e di un artista in genere) consolare? La consolazione \u00e8 una opzione fra altre, e con l\u2019arte si pu\u00f2 sicuramente perseguirla. E siccome viviamo tempi cupi che incutono timore e smarrimento, ci\u00f2 che sa consolare pu\u00f2 attenuare e mitigare questi stati dell\u2019animo&#8221;<\/em> \u2013 ha recentemente dichiarato l&#8217;artista.<\/p>\n","protected":false},"excerpt":{"rendered":"<p>Alla rassegna dedicata alla scena musicale indipendente si aggiungono Giorgia del Mese il 14 maggio in apertura a Francesco Di Bella e Cristiano Godano il 21 maggio<\/p>\n","protected":false},"author":525,"featured_media":222905,"comment_status":"open","ping_status":"open","sticky":false,"template":"","format":"standard","meta":{"_acf_changed":false,"footnotes":""},"categories":[14],"tags":[216,202],"class_list":["post-222904","post","type-post","status-publish","format-standard","has-post-thumbnail","hentry","category-musica","tag-concerti","tag-firenze"],"acf":[],"yoast_head":"<!-- This site is optimized with the Yoast SEO Premium plugin v24.2 (Yoast SEO v25.6) - https:\/\/yoast.com\/wordpress\/plugins\/seo\/ -->\n<title>Nuove date per i &quot;Glorytellers&quot;: Cristiano Godano e Giorgia del Mese in concerto a Firenze - intoscana<\/title>\n<meta name=\"description\" content=\"Alla rassegna dedicata alla scena musicale indipendente si aggiungono Giorgia del Mese il 14 maggio e Cristiano Godano il 21 maggio\" \/>\n<meta name=\"robots\" content=\"index, follow, max-snippet:-1, max-image-preview:large, max-video-preview:-1\" \/>\n<link rel=\"canonical\" href=\"https:\/\/www.intoscana.it\/it\/cristiano-godano-concerto-firenze-glorytellers\/\" \/>\n<meta property=\"og:locale\" content=\"it_IT\" \/>\n<meta property=\"og:type\" content=\"article\" \/>\n<meta property=\"og:title\" content=\"Nuove date per i &quot;Glorytellers&quot;: Cristiano Godano e Giorgia del Mese in concerto a Firenze\" \/>\n<meta property=\"og:description\" content=\"Alla rassegna dedicata alla scena musicale indipendente si aggiungono Giorgia del Mese il 14 maggio e Cristiano Godano il 21 maggio\" \/>\n<meta property=\"og:url\" content=\"https:\/\/www.intoscana.it\/it\/cristiano-godano-concerto-firenze-glorytellers\/\" \/>\n<meta property=\"og:site_name\" content=\"intoscana\" \/>\n<meta property=\"article:publisher\" content=\"https:\/\/www.facebook.com\/intoscana.it\" \/>\n<meta property=\"article:published_time\" content=\"2022-04-11T07:34:54+00:00\" \/>\n<meta property=\"og:image\" content=\"https:\/\/www.intoscana.it\/wp-content\/uploads\/Cristiano-Godano.jpeg\" \/>\n\t<meta property=\"og:image:width\" content=\"1200\" \/>\n\t<meta property=\"og:image:height\" content=\"774\" \/>\n\t<meta property=\"og:image:type\" content=\"image\/jpeg\" \/>\n<meta name=\"author\" content=\"Redazione\" \/>\n<meta name=\"twitter:card\" content=\"summary_large_image\" \/>\n<meta name=\"twitter:creator\" content=\"@intoscana\" \/>\n<meta name=\"twitter:site\" content=\"@intoscana\" \/>\n<meta name=\"twitter:label1\" content=\"Written by\" \/>\n\t<meta name=\"twitter:data1\" content=\"Redazione\" \/>\n\t<meta name=\"twitter:label2\" content=\"Est. reading time\" \/>\n\t<meta name=\"twitter:data2\" content=\"4 minuti\" \/>\n<script type=\"application\/ld+json\" class=\"yoast-schema-graph\">{\"@context\":\"https:\/\/schema.org\",\"@graph\":[{\"@type\":\"WebPage\",\"@id\":\"https:\/\/www.intoscana.it\/it\/cristiano-godano-concerto-firenze-glorytellers\/\",\"url\":\"https:\/\/www.intoscana.it\/it\/cristiano-godano-concerto-firenze-glorytellers\/\",\"name\":\"Nuove date per i \\\"Glorytellers\\\": Cristiano Godano e Giorgia del Mese in concerto a Firenze - intoscana\",\"isPartOf\":{\"@id\":\"https:\/\/www.intoscana.it\/it\/#website\"},\"primaryImageOfPage\":{\"@id\":\"https:\/\/www.intoscana.it\/it\/cristiano-godano-concerto-firenze-glorytellers\/#primaryimage\"},\"image\":{\"@id\":\"https:\/\/www.intoscana.it\/it\/cristiano-godano-concerto-firenze-glorytellers\/#primaryimage\"},\"thumbnailUrl\":\"https:\/\/www.intoscana.it\/wp-content\/uploads\/Cristiano-Godano.jpeg\",\"datePublished\":\"2022-04-11T07:34:54+00:00\",\"author\":{\"@id\":\"https:\/\/www.intoscana.it\/it\/#\/schema\/person\/9223810753230f20bd670fdd322661f8\"},\"description\":\"Alla rassegna dedicata alla scena musicale indipendente si aggiungono Giorgia del Mese il 14 maggio e Cristiano Godano il 21 maggio\",\"breadcrumb\":{\"@id\":\"https:\/\/www.intoscana.it\/it\/cristiano-godano-concerto-firenze-glorytellers\/#breadcrumb\"},\"inLanguage\":\"it-IT\",\"potentialAction\":[{\"@type\":\"ReadAction\",\"target\":[\"https:\/\/www.intoscana.it\/it\/cristiano-godano-concerto-firenze-glorytellers\/\"]}]},{\"@type\":\"ImageObject\",\"inLanguage\":\"it-IT\",\"@id\":\"https:\/\/www.intoscana.it\/it\/cristiano-godano-concerto-firenze-glorytellers\/#primaryimage\",\"url\":\"https:\/\/www.intoscana.it\/wp-content\/uploads\/Cristiano-Godano.jpeg\",\"contentUrl\":\"https:\/\/www.intoscana.it\/wp-content\/uploads\/Cristiano-Godano.jpeg\",\"width\":1200,\"height\":774},{\"@type\":\"BreadcrumbList\",\"@id\":\"https:\/\/www.intoscana.it\/it\/cristiano-godano-concerto-firenze-glorytellers\/#breadcrumb\",\"itemListElement\":[{\"@type\":\"ListItem\",\"position\":1,\"name\":\"Home\",\"item\":\"https:\/\/www.intoscana.it\/it\/\"},{\"@type\":\"ListItem\",\"position\":2,\"name\":\"Nuove date per i &#8220;Glorytellers&#8221;: Cristiano Godano e Giorgia del Mese in concerto a Firenze\"}]},{\"@type\":\"WebSite\",\"@id\":\"https:\/\/www.intoscana.it\/it\/#website\",\"url\":\"https:\/\/www.intoscana.it\/it\/\",\"name\":\"intoscana\",\"description\":\"\",\"potentialAction\":[{\"@type\":\"SearchAction\",\"target\":{\"@type\":\"EntryPoint\",\"urlTemplate\":\"https:\/\/www.intoscana.it\/it\/?s={search_term_string}\"},\"query-input\":{\"@type\":\"PropertyValueSpecification\",\"valueRequired\":true,\"valueName\":\"search_term_string\"}}],\"inLanguage\":\"it-IT\"},{\"@type\":\"Person\",\"@id\":\"https:\/\/www.intoscana.it\/it\/#\/schema\/person\/9223810753230f20bd670fdd322661f8\",\"name\":\"Redazione\",\"url\":\"https:\/\/www.intoscana.it\/it\/author\/redazione\/\"}]}<\/script>\n<!-- \/ Yoast SEO Premium plugin. -->","yoast_head_json":{"title":"Nuove date per i \"Glorytellers\": Cristiano Godano e Giorgia del Mese in concerto a Firenze - intoscana","description":"Alla rassegna dedicata alla scena musicale indipendente si aggiungono Giorgia del Mese il 14 maggio e Cristiano Godano il 21 maggio","robots":{"index":"index","follow":"follow","max-snippet":"max-snippet:-1","max-image-preview":"max-image-preview:large","max-video-preview":"max-video-preview:-1"},"canonical":"https:\/\/www.intoscana.it\/it\/cristiano-godano-concerto-firenze-glorytellers\/","og_locale":"it_IT","og_type":"article","og_title":"Nuove date per i \"Glorytellers\": Cristiano Godano e Giorgia del Mese in concerto a Firenze","og_description":"Alla rassegna dedicata alla scena musicale indipendente si aggiungono Giorgia del Mese il 14 maggio e Cristiano Godano il 21 maggio","og_url":"https:\/\/www.intoscana.it\/it\/cristiano-godano-concerto-firenze-glorytellers\/","og_site_name":"intoscana","article_publisher":"https:\/\/www.facebook.com\/intoscana.it","article_published_time":"2022-04-11T07:34:54+00:00","og_image":[{"width":1200,"height":774,"url":"https:\/\/www.intoscana.it\/wp-content\/uploads\/Cristiano-Godano.jpeg","type":"image\/jpeg"}],"author":"Redazione","twitter_card":"summary_large_image","twitter_creator":"@intoscana","twitter_site":"@intoscana","twitter_misc":{"Written by":"Redazione","Est. reading time":"4 minuti"},"schema":{"@context":"https:\/\/schema.org","@graph":[{"@type":"WebPage","@id":"https:\/\/www.intoscana.it\/it\/cristiano-godano-concerto-firenze-glorytellers\/","url":"https:\/\/www.intoscana.it\/it\/cristiano-godano-concerto-firenze-glorytellers\/","name":"Nuove date per i \"Glorytellers\": Cristiano Godano e Giorgia del Mese in concerto a Firenze - intoscana","isPartOf":{"@id":"https:\/\/www.intoscana.it\/it\/#website"},"primaryImageOfPage":{"@id":"https:\/\/www.intoscana.it\/it\/cristiano-godano-concerto-firenze-glorytellers\/#primaryimage"},"image":{"@id":"https:\/\/www.intoscana.it\/it\/cristiano-godano-concerto-firenze-glorytellers\/#primaryimage"},"thumbnailUrl":"https:\/\/www.intoscana.it\/wp-content\/uploads\/Cristiano-Godano.jpeg","datePublished":"2022-04-11T07:34:54+00:00","author":{"@id":"https:\/\/www.intoscana.it\/it\/#\/schema\/person\/9223810753230f20bd670fdd322661f8"},"description":"Alla rassegna dedicata alla scena musicale indipendente si aggiungono Giorgia del Mese il 14 maggio e Cristiano Godano il 21 maggio","breadcrumb":{"@id":"https:\/\/www.intoscana.it\/it\/cristiano-godano-concerto-firenze-glorytellers\/#breadcrumb"},"inLanguage":"it-IT","potentialAction":[{"@type":"ReadAction","target":["https:\/\/www.intoscana.it\/it\/cristiano-godano-concerto-firenze-glorytellers\/"]}]},{"@type":"ImageObject","inLanguage":"it-IT","@id":"https:\/\/www.intoscana.it\/it\/cristiano-godano-concerto-firenze-glorytellers\/#primaryimage","url":"https:\/\/www.intoscana.it\/wp-content\/uploads\/Cristiano-Godano.jpeg","contentUrl":"https:\/\/www.intoscana.it\/wp-content\/uploads\/Cristiano-Godano.jpeg","width":1200,"height":774},{"@type":"BreadcrumbList","@id":"https:\/\/www.intoscana.it\/it\/cristiano-godano-concerto-firenze-glorytellers\/#breadcrumb","itemListElement":[{"@type":"ListItem","position":1,"name":"Home","item":"https:\/\/www.intoscana.it\/it\/"},{"@type":"ListItem","position":2,"name":"Nuove date per i &#8220;Glorytellers&#8221;: Cristiano Godano e Giorgia del Mese in concerto a Firenze"}]},{"@type":"WebSite","@id":"https:\/\/www.intoscana.it\/it\/#website","url":"https:\/\/www.intoscana.it\/it\/","name":"intoscana","description":"","potentialAction":[{"@type":"SearchAction","target":{"@type":"EntryPoint","urlTemplate":"https:\/\/www.intoscana.it\/it\/?s={search_term_string}"},"query-input":{"@type":"PropertyValueSpecification","valueRequired":true,"valueName":"search_term_string"}}],"inLanguage":"it-IT"},{"@type":"Person","@id":"https:\/\/www.intoscana.it\/it\/#\/schema\/person\/9223810753230f20bd670fdd322661f8","name":"Redazione","url":"https:\/\/www.intoscana.it\/it\/author\/redazione\/"}]}},"_links":{"self":[{"href":"https:\/\/www.intoscana.it\/it\/wp-json\/wp\/v2\/posts\/222904","targetHints":{"allow":["GET"]}}],"collection":[{"href":"https:\/\/www.intoscana.it\/it\/wp-json\/wp\/v2\/posts"}],"about":[{"href":"https:\/\/www.intoscana.it\/it\/wp-json\/wp\/v2\/types\/post"}],"author":[{"embeddable":true,"href":"https:\/\/www.intoscana.it\/it\/wp-json\/wp\/v2\/users\/525"}],"replies":[{"embeddable":true,"href":"https:\/\/www.intoscana.it\/it\/wp-json\/wp\/v2\/comments?post=222904"}],"version-history":[{"count":0,"href":"https:\/\/www.intoscana.it\/it\/wp-json\/wp\/v2\/posts\/222904\/revisions"}],"wp:featuredmedia":[{"embeddable":true,"href":"https:\/\/www.intoscana.it\/it\/wp-json\/wp\/v2\/media\/222905"}],"wp:attachment":[{"href":"https:\/\/www.intoscana.it\/it\/wp-json\/wp\/v2\/media?parent=222904"}],"wp:term":[{"taxonomy":"category","embeddable":true,"href":"https:\/\/www.intoscana.it\/it\/wp-json\/wp\/v2\/categories?post=222904"},{"taxonomy":"post_tag","embeddable":true,"href":"https:\/\/www.intoscana.it\/it\/wp-json\/wp\/v2\/tags?post=222904"}],"curies":[{"name":"wp","href":"https:\/\/api.w.org\/{rel}","templated":true}]}}