{"id":223030,"date":"2022-04-11T14:37:06","date_gmt":"2022-04-11T12:37:06","guid":{"rendered":"https:\/\/www.intoscana.it\/it\/?p=223030"},"modified":"2022-04-11T14:37:06","modified_gmt":"2022-04-11T12:37:06","slug":"covid-19-sono-1606-i-nuovi-positivi-tredici-i-decessi","status":"publish","type":"post","link":"https:\/\/www.intoscana.it\/it\/covid-19-sono-1606-i-nuovi-positivi-tredici-i-decessi\/","title":{"rendered":"Covid-19, sono 1606 i nuovi positivi. Tredici i decessi"},"content":{"rendered":"<p>In Toscana sono 1.028.368 i casi di positivit\u00e0 al Covid-19,<strong> 1.606 in pi\u00f9 rispetto a ieri<\/strong> (593 confermati con tampone molecolare e 1.013 da test rapido antigenico); et\u00e0 media 42 anni. <strong>I guariti <\/strong>raggiungono <strong>quota 966.777<\/strong> (94% dei casi totali).<\/p>\n<p>Oggi sono stati eseguiti <strong>3.188 tamponi molecolari<\/strong> e <strong>6.549 tamponi antigenici rapidi<\/strong>, di questi il 16,5% \u00e8 risultato positivo. Sono invece 2.536 i soggetti testati oggi (con tampone antigenico e\/o molecolare, escludendo i tamponi di controllo), di cui il 63,3% \u00e8 risultato positivo. <strong>I positivi <\/strong>sono <strong>oggi 51.959<\/strong>, +1,2% rispetto a ieri.<\/p>\n<p>Sono <strong>288.388 i casi complessivi ad oggi a Firenze<\/strong> (390 in pi\u00f9 rispetto a ieri), 72.021 a Prato (77 in pi\u00f9), 82.957 a Pistoia (142 in pi\u00f9), 49.759 a Massa (96 in pi\u00f9), 108.378 a Lucca (143 in pi\u00f9), 117.134 a Pisa (155 in pi\u00f9), 89.896 a Livorno (185 in pi\u00f9), 94.548 ad Arezzo (134 in pi\u00f9), 70.861 a Siena (149 in pi\u00f9), 53.871 a Grosseto (135 in pi\u00f9). Sono 555 i casi positivi notificati in Toscana, ma residenti in altre regioni.<\/p>\n<p>Sono <strong>51.119 le persone in isolamento a casa<\/strong>, poich\u00e9 presentano sintomi lievi che non richiedono cure ospedaliere, o risultano prive di sintomi (581 in pi\u00f9 rispetto a ieri, pi\u00f9 1,1%).<\/p>\n<p><strong>Le persone ricoverate<\/strong> nei posti letto dedicati ai pazienti COVID <strong>oggi sono 840<\/strong> (14 in pi\u00f9 rispetto a ieri, pi\u00f9 1,7%), <strong>41 in terapia intensiva<\/strong> (stabili rispetto a ieri).<\/p>\n<p>Le persone complessivamente guarite sono 966.777 (998 in pi\u00f9 rispetto a ieri, pi\u00f9 0,1%).<\/p>\n<p>Oggi si registrano <strong>13 nuovi decessi<\/strong>: 3 uomini e 10 donne con un&#8217;<strong>et\u00e0 media di 84,2 anni<\/strong>. Relativamente alla provincia di residenza, le persone decedute sono: 6 a Firenze, 1 a Prato, 3 a Pistoia, 1 a Massa Carrara, 1 a Lucca, 1 a Pisa.<\/p>\n<p>Sono <strong>9.632 i deceduti dall&#8217;inizio dell&#8217;epidemia<\/strong> cosi ripartiti: 3.035 a Firenze, 808 a Prato, 869 a Pistoia, 629 a Massa Carrara, 906 a Lucca, 1.033 a Pisa, 705 a Livorno, 641 ad Arezzo, 515 a Siena, 364 a Grosseto, 127 persone sono decedute sul suolo toscano ma erano residenti fuori regione.<\/p>\n","protected":false},"excerpt":{"rendered":"<p>Le persone ricoverate oggi sono 840 (14 in pi\u00f9 rispetto a ieri, +1,7%), 41 in terapia intensiva (stabili rispetto a ieri)<\/p>\n","protected":false},"author":525,"featured_media":186934,"comment_status":"open","ping_status":"open","sticky":false,"template":"","format":"standard","meta":{"_acf_changed":false,"footnotes":""},"categories":[494],"tags":[418],"class_list":["post-223030","post","type-post","status-publish","format-standard","has-post-thumbnail","hentry","category-attualita","tag-covid-19"],"acf":[],"yoast_head":"<!-- This site is optimized with the Yoast SEO Premium plugin v24.2 (Yoast SEO v25.6) - https:\/\/yoast.com\/wordpress\/plugins\/seo\/ -->\n<title>Covid-19, sono 1606 i nuovi positivi. Tredici i decessi - intoscana<\/title>\n<meta name=\"description\" content=\"Le persone ricoverate oggi sono 840 (14 in pi\u00f9 rispetto a ieri, +1,7%), 41 in terapia intensiva (stabili rispetto a ieri)\" \/>\n<meta name=\"robots\" content=\"index, follow, max-snippet:-1, max-image-preview:large, max-video-preview:-1\" \/>\n<link rel=\"canonical\" href=\"https:\/\/www.intoscana.it\/it\/covid-19-sono-1606-i-nuovi-positivi-tredici-i-decessi\/\" \/>\n<meta property=\"og:locale\" content=\"it_IT\" \/>\n<meta property=\"og:type\" content=\"article\" \/>\n<meta property=\"og:title\" content=\"Covid-19, sono 1606 i nuovi positivi. Tredici i decessi\" \/>\n<meta property=\"og:description\" content=\"Le persone ricoverate oggi sono 840 (14 in pi\u00f9 rispetto a ieri, +1,7%), 41 in terapia intensiva (stabili rispetto a ieri)\" \/>\n<meta property=\"og:url\" content=\"https:\/\/www.intoscana.it\/it\/covid-19-sono-1606-i-nuovi-positivi-tredici-i-decessi\/\" \/>\n<meta property=\"og:site_name\" content=\"intoscana\" \/>\n<meta property=\"article:publisher\" content=\"https:\/\/www.facebook.com\/intoscana.it\" \/>\n<meta property=\"article:published_time\" content=\"2022-04-11T12:37:06+00:00\" \/>\n<meta property=\"og:image\" content=\"https:\/\/www.intoscana.it\/wp-content\/uploads\/covid-20-agosto-toscana.001-e1649680158312.jpeg\" \/>\n\t<meta property=\"og:image:width\" content=\"984\" \/>\n\t<meta property=\"og:image:height\" content=\"537\" \/>\n\t<meta property=\"og:image:type\" content=\"image\/jpeg\" \/>\n<meta name=\"author\" content=\"Redazione\" \/>\n<meta name=\"twitter:card\" content=\"summary_large_image\" \/>\n<meta name=\"twitter:creator\" content=\"@intoscana\" \/>\n<meta name=\"twitter:site\" content=\"@intoscana\" \/>\n<meta name=\"twitter:label1\" content=\"Written by\" \/>\n\t<meta name=\"twitter:data1\" content=\"Redazione\" \/>\n\t<meta name=\"twitter:label2\" content=\"Est. reading time\" \/>\n\t<meta name=\"twitter:data2\" content=\"1 minuto\" \/>\n<script type=\"application\/ld+json\" class=\"yoast-schema-graph\">{\"@context\":\"https:\/\/schema.org\",\"@graph\":[{\"@type\":\"WebPage\",\"@id\":\"https:\/\/www.intoscana.it\/it\/covid-19-sono-1606-i-nuovi-positivi-tredici-i-decessi\/\",\"url\":\"https:\/\/www.intoscana.it\/it\/covid-19-sono-1606-i-nuovi-positivi-tredici-i-decessi\/\",\"name\":\"Covid-19, sono 1606 i nuovi positivi. Tredici i decessi - intoscana\",\"isPartOf\":{\"@id\":\"https:\/\/www.intoscana.it\/it\/#website\"},\"primaryImageOfPage\":{\"@id\":\"https:\/\/www.intoscana.it\/it\/covid-19-sono-1606-i-nuovi-positivi-tredici-i-decessi\/#primaryimage\"},\"image\":{\"@id\":\"https:\/\/www.intoscana.it\/it\/covid-19-sono-1606-i-nuovi-positivi-tredici-i-decessi\/#primaryimage\"},\"thumbnailUrl\":\"https:\/\/www.intoscana.it\/wp-content\/uploads\/covid-20-agosto-toscana.001-e1649680158312.jpeg\",\"datePublished\":\"2022-04-11T12:37:06+00:00\",\"author\":{\"@id\":\"https:\/\/www.intoscana.it\/it\/#\/schema\/person\/9223810753230f20bd670fdd322661f8\"},\"description\":\"Le persone ricoverate oggi sono 840 (14 in pi\u00f9 rispetto a ieri, +1,7%), 41 in terapia intensiva (stabili rispetto a ieri)\",\"breadcrumb\":{\"@id\":\"https:\/\/www.intoscana.it\/it\/covid-19-sono-1606-i-nuovi-positivi-tredici-i-decessi\/#breadcrumb\"},\"inLanguage\":\"it-IT\",\"potentialAction\":[{\"@type\":\"ReadAction\",\"target\":[\"https:\/\/www.intoscana.it\/it\/covid-19-sono-1606-i-nuovi-positivi-tredici-i-decessi\/\"]}]},{\"@type\":\"ImageObject\",\"inLanguage\":\"it-IT\",\"@id\":\"https:\/\/www.intoscana.it\/it\/covid-19-sono-1606-i-nuovi-positivi-tredici-i-decessi\/#primaryimage\",\"url\":\"https:\/\/www.intoscana.it\/wp-content\/uploads\/covid-20-agosto-toscana.001-e1649680158312.jpeg\",\"contentUrl\":\"https:\/\/www.intoscana.it\/wp-content\/uploads\/covid-20-agosto-toscana.001-e1649680158312.jpeg\",\"width\":984,\"height\":537,\"caption\":\"Covid-19\"},{\"@type\":\"BreadcrumbList\",\"@id\":\"https:\/\/www.intoscana.it\/it\/covid-19-sono-1606-i-nuovi-positivi-tredici-i-decessi\/#breadcrumb\",\"itemListElement\":[{\"@type\":\"ListItem\",\"position\":1,\"name\":\"Home\",\"item\":\"https:\/\/www.intoscana.it\/it\/\"},{\"@type\":\"ListItem\",\"position\":2,\"name\":\"Covid-19, sono 1606 i nuovi positivi. Tredici i decessi\"}]},{\"@type\":\"WebSite\",\"@id\":\"https:\/\/www.intoscana.it\/it\/#website\",\"url\":\"https:\/\/www.intoscana.it\/it\/\",\"name\":\"intoscana\",\"description\":\"\",\"potentialAction\":[{\"@type\":\"SearchAction\",\"target\":{\"@type\":\"EntryPoint\",\"urlTemplate\":\"https:\/\/www.intoscana.it\/it\/?s={search_term_string}\"},\"query-input\":{\"@type\":\"PropertyValueSpecification\",\"valueRequired\":true,\"valueName\":\"search_term_string\"}}],\"inLanguage\":\"it-IT\"},{\"@type\":\"Person\",\"@id\":\"https:\/\/www.intoscana.it\/it\/#\/schema\/person\/9223810753230f20bd670fdd322661f8\",\"name\":\"Redazione\",\"url\":\"https:\/\/www.intoscana.it\/it\/author\/redazione\/\"}]}<\/script>\n<!-- \/ Yoast SEO Premium plugin. -->","yoast_head_json":{"title":"Covid-19, sono 1606 i nuovi positivi. Tredici i decessi - intoscana","description":"Le persone ricoverate oggi sono 840 (14 in pi\u00f9 rispetto a ieri, +1,7%), 41 in terapia intensiva (stabili rispetto a ieri)","robots":{"index":"index","follow":"follow","max-snippet":"max-snippet:-1","max-image-preview":"max-image-preview:large","max-video-preview":"max-video-preview:-1"},"canonical":"https:\/\/www.intoscana.it\/it\/covid-19-sono-1606-i-nuovi-positivi-tredici-i-decessi\/","og_locale":"it_IT","og_type":"article","og_title":"Covid-19, sono 1606 i nuovi positivi. Tredici i decessi","og_description":"Le persone ricoverate oggi sono 840 (14 in pi\u00f9 rispetto a ieri, +1,7%), 41 in terapia intensiva (stabili rispetto a ieri)","og_url":"https:\/\/www.intoscana.it\/it\/covid-19-sono-1606-i-nuovi-positivi-tredici-i-decessi\/","og_site_name":"intoscana","article_publisher":"https:\/\/www.facebook.com\/intoscana.it","article_published_time":"2022-04-11T12:37:06+00:00","og_image":[{"width":984,"height":537,"url":"https:\/\/www.intoscana.it\/wp-content\/uploads\/covid-20-agosto-toscana.001-e1649680158312.jpeg","type":"image\/jpeg"}],"author":"Redazione","twitter_card":"summary_large_image","twitter_creator":"@intoscana","twitter_site":"@intoscana","twitter_misc":{"Written by":"Redazione","Est. reading time":"1 minuto"},"schema":{"@context":"https:\/\/schema.org","@graph":[{"@type":"WebPage","@id":"https:\/\/www.intoscana.it\/it\/covid-19-sono-1606-i-nuovi-positivi-tredici-i-decessi\/","url":"https:\/\/www.intoscana.it\/it\/covid-19-sono-1606-i-nuovi-positivi-tredici-i-decessi\/","name":"Covid-19, sono 1606 i nuovi positivi. Tredici i decessi - intoscana","isPartOf":{"@id":"https:\/\/www.intoscana.it\/it\/#website"},"primaryImageOfPage":{"@id":"https:\/\/www.intoscana.it\/it\/covid-19-sono-1606-i-nuovi-positivi-tredici-i-decessi\/#primaryimage"},"image":{"@id":"https:\/\/www.intoscana.it\/it\/covid-19-sono-1606-i-nuovi-positivi-tredici-i-decessi\/#primaryimage"},"thumbnailUrl":"https:\/\/www.intoscana.it\/wp-content\/uploads\/covid-20-agosto-toscana.001-e1649680158312.jpeg","datePublished":"2022-04-11T12:37:06+00:00","author":{"@id":"https:\/\/www.intoscana.it\/it\/#\/schema\/person\/9223810753230f20bd670fdd322661f8"},"description":"Le persone ricoverate oggi sono 840 (14 in pi\u00f9 rispetto a ieri, +1,7%), 41 in terapia intensiva (stabili rispetto a ieri)","breadcrumb":{"@id":"https:\/\/www.intoscana.it\/it\/covid-19-sono-1606-i-nuovi-positivi-tredici-i-decessi\/#breadcrumb"},"inLanguage":"it-IT","potentialAction":[{"@type":"ReadAction","target":["https:\/\/www.intoscana.it\/it\/covid-19-sono-1606-i-nuovi-positivi-tredici-i-decessi\/"]}]},{"@type":"ImageObject","inLanguage":"it-IT","@id":"https:\/\/www.intoscana.it\/it\/covid-19-sono-1606-i-nuovi-positivi-tredici-i-decessi\/#primaryimage","url":"https:\/\/www.intoscana.it\/wp-content\/uploads\/covid-20-agosto-toscana.001-e1649680158312.jpeg","contentUrl":"https:\/\/www.intoscana.it\/wp-content\/uploads\/covid-20-agosto-toscana.001-e1649680158312.jpeg","width":984,"height":537,"caption":"Covid-19"},{"@type":"BreadcrumbList","@id":"https:\/\/www.intoscana.it\/it\/covid-19-sono-1606-i-nuovi-positivi-tredici-i-decessi\/#breadcrumb","itemListElement":[{"@type":"ListItem","position":1,"name":"Home","item":"https:\/\/www.intoscana.it\/it\/"},{"@type":"ListItem","position":2,"name":"Covid-19, sono 1606 i nuovi positivi. Tredici i decessi"}]},{"@type":"WebSite","@id":"https:\/\/www.intoscana.it\/it\/#website","url":"https:\/\/www.intoscana.it\/it\/","name":"intoscana","description":"","potentialAction":[{"@type":"SearchAction","target":{"@type":"EntryPoint","urlTemplate":"https:\/\/www.intoscana.it\/it\/?s={search_term_string}"},"query-input":{"@type":"PropertyValueSpecification","valueRequired":true,"valueName":"search_term_string"}}],"inLanguage":"it-IT"},{"@type":"Person","@id":"https:\/\/www.intoscana.it\/it\/#\/schema\/person\/9223810753230f20bd670fdd322661f8","name":"Redazione","url":"https:\/\/www.intoscana.it\/it\/author\/redazione\/"}]}},"_links":{"self":[{"href":"https:\/\/www.intoscana.it\/it\/wp-json\/wp\/v2\/posts\/223030","targetHints":{"allow":["GET"]}}],"collection":[{"href":"https:\/\/www.intoscana.it\/it\/wp-json\/wp\/v2\/posts"}],"about":[{"href":"https:\/\/www.intoscana.it\/it\/wp-json\/wp\/v2\/types\/post"}],"author":[{"embeddable":true,"href":"https:\/\/www.intoscana.it\/it\/wp-json\/wp\/v2\/users\/525"}],"replies":[{"embeddable":true,"href":"https:\/\/www.intoscana.it\/it\/wp-json\/wp\/v2\/comments?post=223030"}],"version-history":[{"count":0,"href":"https:\/\/www.intoscana.it\/it\/wp-json\/wp\/v2\/posts\/223030\/revisions"}],"wp:featuredmedia":[{"embeddable":true,"href":"https:\/\/www.intoscana.it\/it\/wp-json\/wp\/v2\/media\/186934"}],"wp:attachment":[{"href":"https:\/\/www.intoscana.it\/it\/wp-json\/wp\/v2\/media?parent=223030"}],"wp:term":[{"taxonomy":"category","embeddable":true,"href":"https:\/\/www.intoscana.it\/it\/wp-json\/wp\/v2\/categories?post=223030"},{"taxonomy":"post_tag","embeddable":true,"href":"https:\/\/www.intoscana.it\/it\/wp-json\/wp\/v2\/tags?post=223030"}],"curies":[{"name":"wp","href":"https:\/\/api.w.org\/{rel}","templated":true}]}}