{"id":223141,"date":"2022-04-12T09:56:48","date_gmt":"2022-04-12T07:56:48","guid":{"rendered":"https:\/\/www.intoscana.it\/it\/?p=223141"},"modified":"2022-04-12T10:02:42","modified_gmt":"2022-04-12T08:02:42","slug":"gianna-nannini-concerto-firenze-stadio","status":"publish","type":"post","link":"https:\/\/www.intoscana.it\/it\/gianna-nannini-concerto-firenze-stadio\/","title":{"rendered":"Gianna Nannini per la prima volta in concerto allo Stadio Franchi &#8220;La musica \u00e8 tuffarsi nel buio&#8221;"},"content":{"rendered":"<p><strong>Gianna Nannini<\/strong> durante la sua lunga carriera ha conquistato generazioni di fan con il suo stile inconfondibile che unisce<strong> dolcezza e trascinante energia.<\/strong><\/p>\n<p>Con la sua presenza scenica unica e un approccio sempre molto diretto, <strong>Gianna in questi anni ha conquistato i palchi di tutta Europa<\/strong>, come certificato dagli innumerevoli sold out dell&#8217;<strong>History European Tour del 2017<\/strong>, ed \u00e8 considerata <strong>il volto femminile del rock italiano per eccellenza.<\/strong><\/p>\n<p>Nasce a Siena il 14 giugno 1954, nella <strong>Contrada dell&#8217;Oca.<\/strong> \u00c8 sorella maggiore dell&#8217;e<strong>x pilota di Formula 1 Alessandro Nannini.<\/strong><\/p>\n<p>Il padre <strong>Danilo Nannini<\/strong> \u00e8 stato un noto industriale dolciario, per diversi anni presidente del <strong>Siena Calcio<\/strong> e <strong>priore della Contrada della Civetta<\/strong>; la madre \u00e8 Giovanna Cellesi e il fratello pi\u00f9 grande dei tre \u00e8 Guido, prima impegnato nell&#8217;alta moda, successivamente nell&#8217;industria di famiglia.<\/p>\n<p><strong><p><span class=\"citazione\">La musica \u00e8 come un&#8217;avventura, \u00e8 l&#8217;ignoto, \u00e8 tuffarsi nel buio<\/span><\/p><\/strong><\/p>\n<p>Gianna frequenta il liceo scientifico e studia pianoforte a Lucca.\u00a0In seguito <strong>si trasferisce a Milano per dedicarsi alla carriera di musicista<\/strong>, studiando fra l&#8217;altro composizione con <strong>Bruno Bettinelli,<\/strong> quest&#8217;ultimo, compositore e didatta ha formato grandi musicisti come <strong>Riccardo Muti.<\/strong><\/p>\n<p>A Milano si esibisce in vari locali storici, come<strong> l&#8217;Osteria dell&#8217;Operetta, le Scimmie, il Rosso<\/strong> e conosce il musicista blues<strong> Igor Campaner,<\/strong> che l&#8217;affiancher\u00e0 nelle sue performance e sar\u00e0 di nuovo con lei nel 1988 per la stesura di molti brani dell&#8217;album <em><strong>Malafemmina.<\/strong><\/em><\/p>\n<p>Comincia cos\u00ec una folgorante carriera che la porter\u00e0 a realizzare <em>20 album in studio<\/em> e alcune <strong>pietre miliari della canzone italiana<\/strong>, come <em><strong>&#8220;America&#8221;, &#8220;Fotoromanza&#8221;, &#8220;Profumo&#8221;, &#8220;Bello e impossibile&#8221;, &#8220;Un&#8217;estate italiana&#8221;, &#8220;I maschi&#8221;<\/strong><\/em>. Fino agli ultimi indimenticabili successi:<em><strong> &#8220;Aria&#8221;, &#8220;Sei nell&#8217;anima&#8221;, &#8220;Fenomenale&#8221;, &#8220;Meravigliosa Creatura&#8221;.<\/strong><\/em><\/p>\n<h3>Gianna Nannini in concerto a Firenze il 28 maggio<\/h3>\n<p>A grande richiesta <strong>Gianna Nannini torna in tour<\/strong> accompagnata dalla band, con la direzione musicale di <strong>Davide Tagliapietra<\/strong>, per un pieno di amore per il suo pubblico paziente che ha voglia di esplodere.<\/p>\n<p>Il nuovo tour \u00e8 partito il primo aprile dal <strong>Teatro Regio di Parma<\/strong> e proseguir\u00e0 nei pi\u00f9 importanti e suggestivi teatri di tutta Italia toccando: <strong>Roma, Bergamo, Padova, Torino, Bologna, Milano, Napoli, Bari, Catania, Trieste, Brescia, Mantova.<\/strong><\/p>\n<p>Il <strong>28 maggio 2022 allo Stadio Artemio Franchi di Firenze<\/strong> si terr\u00e0 un concerto-evento, \u00e8 la prima volta per <strong>Gianna Nannini nello stadio fiorentino.<\/strong><\/p>\n<p>Dopo il tour italiano Gianna voler\u00e0 in Europa a <strong>Londra, Parigi e Bruxelles.<\/strong><\/p>\n<figure id=\"post-183552 media-183552\" class=\"align-none\"><img decoding=\"async\" src=\"https:\/\/www.intoscana.it\/wp-content\/uploads\/Gianna-Nannini_foto-di-Simone-De-Luca-scaled.jpg\" alt=\"\" \/><\/figure>\n<div class=\"titleimg\"><em>Gianna Nannini &#8211; \u00a9 Simone De Luca<\/em><\/div>\n<h3>La voglia di suonare e l&#8217;album nuovo a settembre<\/h3>\n<p><em>\u201cDopo le restrizioni che hanno impedito ai musicisti di stare insieme sul palco, sono fiera di portare in tour la band\u2026 <strong>La storia della musica italiana la facciamo adesso!\u201d<\/strong><\/em> ha dichiarato<strong> la rocker senese.<\/strong><\/p>\n<p><strong>Per il futuro<\/strong> <em>&#8220;sono all&#8217;inizio della mia strada, sono sempre curiosa di ci\u00f2 che pu\u00f2 accadere nella <strong>musica, che \u00e8 come un&#8217;avventura, \u00e8 l&#8217;ignoto, \u00e8 tuffarsi nel buio<\/strong> per andare a pescare qualcosa che il tuo orecchio recepisce dal silenzio. Poi l&#8217;ispirazione ti porta a fare delle canzoni. <strong>Sto facendo un album nuovo che uscir\u00e0 a settembre, ma prima sar\u00f2 in tour&#8221;.<\/strong><\/em><\/p>\n<p><em>&#8220;Dal primo aprile sar\u00f2 in tourn\u00e9e quasi sempre.<strong> C&#8217;\u00e8 lo stadio di Firenze il 28 maggio, poi si faranno i festival rock in Europa, in Germania,<\/strong> e in autunno ci saranno altri concerti. Il mio mondo \u00e8 verso la musica cult nera. Blues, soul questa \u00e8 la musica a cui sento di appartenere nel mio modo italiano&#8221; <\/em>ha concluso.<\/p>\n<h3>Gianna Nannini fa &#8220;baccano&#8221; anche con il vino<\/h3>\n<p>Ma la musica non \u00e8 la sua unica passione <a href=\"https:\/\/www.intoscana.it\/it\/articolo\/gianna-nannini-rock-vendemmia-sangiovese\/\" target=\"_blank\" rel=\"noopener\"><strong>\u00a0Gianna Nannini<\/strong><\/a> ha rivelato <strong>la sua anima da vignaiola<\/strong> nel corso della conferenza stampa di PrimAnteprima 2022, a Firenze. L\u2019artista senese \u00e8 stata la testimonial della giornata inaugurale della settimana delle <strong>Anteprime di Toscana del vino<\/strong>.<\/p>\n<p>La rockstar \u00e8 titolare dell\u2019azienda<strong> Certosa di Belriguardo<\/strong>, azienda agricola di famiglia che ha rilevato all\u2019inizio degli anni Duemila, nel cuore della <strong>zona del Chianti dei Colli Senesi <\/strong>dove produce\u00a0tre vini: <strong>Rosso di Clausura, Baccano e Chiostro di Venere<\/strong>, tre <strong>Igt a base Sangiovese<\/strong> con discrete percentuali di <strong>Merlot, Syrah e Cabernet.\u00a0<\/strong><\/p>\n<h3>Dove comprare i biglietti per Gianna Nannini<\/h3>\n<p>I <strong>biglietti per il concerto di Gianna Nannini<\/strong> sono su TicketOne.it a portata di click:<\/p>\n<p><a href=\"https:\/\/www.ticketone.it\/event\/gianna-nannini-stadio-firenze-stadio-artemio-franchi-12354685\/\" target=\"_blank\" rel=\"noopener\"><strong>https:\/\/www.ticketone.it\/event\/gianna-nannini-stadio-firenze-stadio-artemio-franchi-12354685\/<\/strong><\/a><\/p>\n<figure id=\"post-215138 media-215138\" class=\"align-none\"><img decoding=\"async\" src=\"https:\/\/www.intoscana.it\/wp-content\/uploads\/Gianna-Nannini_Foto-credit-Denis-ORegan-2-b.jpg\" alt=\"\" \/><\/figure>\n<div class=\"titleimg\"><em>Gianna Nannini &#8211; \u00a9 Denis O\u2019Regan<\/em><\/div>\n","protected":false},"excerpt":{"rendered":"<p>Il 28 maggio 2022 a Firenze si terr\u00e0 un concerto-evento, \u00e8 la prima volta per Gianna Nannini nello Stadio Artemio Franchi e a settembre arriva il nuovo album<\/p>\n","protected":false},"author":518,"featured_media":223148,"comment_status":"open","ping_status":"open","sticky":false,"template":"","format":"standard","meta":{"_acf_changed":false,"footnotes":""},"categories":[14],"tags":[216,202,6443],"class_list":["post-223141","post","type-post","status-publish","format-standard","has-post-thumbnail","hentry","category-musica","tag-concerti","tag-firenze","tag-gianna-nannini"],"acf":[],"yoast_head":"<!-- This site is optimized with the Yoast SEO Premium plugin v24.2 (Yoast SEO v25.6) - https:\/\/yoast.com\/wordpress\/plugins\/seo\/ -->\n<title>Gianna Nannini per la prima volta in concerto allo Stadio Franchi &quot;La musica \u00e8 tuffarsi nel buio&quot; - intoscana<\/title>\n<meta name=\"robots\" content=\"index, follow, max-snippet:-1, max-image-preview:large, max-video-preview:-1\" \/>\n<link rel=\"canonical\" href=\"https:\/\/www.intoscana.it\/it\/gianna-nannini-concerto-firenze-stadio\/\" \/>\n<meta property=\"og:locale\" content=\"it_IT\" \/>\n<meta property=\"og:type\" content=\"article\" \/>\n<meta property=\"og:title\" content=\"Gianna Nannini per la prima volta in concerto allo Stadio Franchi &quot;La musica \u00e8 tuffarsi nel buio&quot;\" \/>\n<meta property=\"og:description\" content=\"Il 28 maggio 2022 a Firenze si terr\u00e0 un concerto-evento, \u00e8 la prima volta per Gianna Nannini nello Stadio Artemio Franchi e a settembre arriva il nuovo album\" \/>\n<meta property=\"og:url\" content=\"https:\/\/www.intoscana.it\/it\/gianna-nannini-concerto-firenze-stadio\/\" \/>\n<meta property=\"og:site_name\" content=\"intoscana\" \/>\n<meta property=\"article:publisher\" content=\"https:\/\/www.facebook.com\/intoscana.it\" \/>\n<meta property=\"article:published_time\" content=\"2022-04-12T07:56:48+00:00\" \/>\n<meta property=\"article:modified_time\" content=\"2022-04-12T08:02:42+00:00\" \/>\n<meta property=\"og:image\" content=\"https:\/\/www.intoscana.it\/wp-content\/uploads\/nannini-firenze.jpg\" \/>\n\t<meta property=\"og:image:width\" content=\"2000\" \/>\n\t<meta property=\"og:image:height\" content=\"1202\" \/>\n\t<meta property=\"og:image:type\" content=\"image\/jpeg\" \/>\n<meta name=\"author\" content=\"Costanza Baldini\" \/>\n<meta name=\"twitter:card\" content=\"summary_large_image\" \/>\n<meta name=\"twitter:creator\" content=\"@intoscana\" \/>\n<meta name=\"twitter:site\" content=\"@intoscana\" \/>\n<meta name=\"twitter:label1\" content=\"Written by\" \/>\n\t<meta name=\"twitter:data1\" content=\"Costanza Baldini\" \/>\n\t<meta name=\"twitter:label2\" content=\"Est. reading time\" \/>\n\t<meta name=\"twitter:data2\" content=\"3 minuti\" \/>\n<script type=\"application\/ld+json\" class=\"yoast-schema-graph\">{\"@context\":\"https:\/\/schema.org\",\"@graph\":[{\"@type\":\"WebPage\",\"@id\":\"https:\/\/www.intoscana.it\/it\/gianna-nannini-concerto-firenze-stadio\/\",\"url\":\"https:\/\/www.intoscana.it\/it\/gianna-nannini-concerto-firenze-stadio\/\",\"name\":\"Gianna Nannini per la prima volta in concerto allo Stadio Franchi \\\"La musica \u00e8 tuffarsi nel buio\\\" - intoscana\",\"isPartOf\":{\"@id\":\"https:\/\/www.intoscana.it\/it\/#website\"},\"primaryImageOfPage\":{\"@id\":\"https:\/\/www.intoscana.it\/it\/gianna-nannini-concerto-firenze-stadio\/#primaryimage\"},\"image\":{\"@id\":\"https:\/\/www.intoscana.it\/it\/gianna-nannini-concerto-firenze-stadio\/#primaryimage\"},\"thumbnailUrl\":\"https:\/\/www.intoscana.it\/wp-content\/uploads\/nannini-firenze.jpg\",\"datePublished\":\"2022-04-12T07:56:48+00:00\",\"dateModified\":\"2022-04-12T08:02:42+00:00\",\"author\":{\"@id\":\"https:\/\/www.intoscana.it\/it\/#\/schema\/person\/d469f35f09739bdf00bf5dd3f0647a82\"},\"breadcrumb\":{\"@id\":\"https:\/\/www.intoscana.it\/it\/gianna-nannini-concerto-firenze-stadio\/#breadcrumb\"},\"inLanguage\":\"it-IT\",\"potentialAction\":[{\"@type\":\"ReadAction\",\"target\":[\"https:\/\/www.intoscana.it\/it\/gianna-nannini-concerto-firenze-stadio\/\"]}]},{\"@type\":\"ImageObject\",\"inLanguage\":\"it-IT\",\"@id\":\"https:\/\/www.intoscana.it\/it\/gianna-nannini-concerto-firenze-stadio\/#primaryimage\",\"url\":\"https:\/\/www.intoscana.it\/wp-content\/uploads\/nannini-firenze.jpg\",\"contentUrl\":\"https:\/\/www.intoscana.it\/wp-content\/uploads\/nannini-firenze.jpg\",\"width\":2000,\"height\":1202},{\"@type\":\"BreadcrumbList\",\"@id\":\"https:\/\/www.intoscana.it\/it\/gianna-nannini-concerto-firenze-stadio\/#breadcrumb\",\"itemListElement\":[{\"@type\":\"ListItem\",\"position\":1,\"name\":\"Home\",\"item\":\"https:\/\/www.intoscana.it\/it\/\"},{\"@type\":\"ListItem\",\"position\":2,\"name\":\"Gianna Nannini per la prima volta in concerto allo Stadio Franchi &#8220;La musica \u00e8 tuffarsi nel buio&#8221;\"}]},{\"@type\":\"WebSite\",\"@id\":\"https:\/\/www.intoscana.it\/it\/#website\",\"url\":\"https:\/\/www.intoscana.it\/it\/\",\"name\":\"intoscana\",\"description\":\"\",\"potentialAction\":[{\"@type\":\"SearchAction\",\"target\":{\"@type\":\"EntryPoint\",\"urlTemplate\":\"https:\/\/www.intoscana.it\/it\/?s={search_term_string}\"},\"query-input\":{\"@type\":\"PropertyValueSpecification\",\"valueRequired\":true,\"valueName\":\"search_term_string\"}}],\"inLanguage\":\"it-IT\"},{\"@type\":\"Person\",\"@id\":\"https:\/\/www.intoscana.it\/it\/#\/schema\/person\/d469f35f09739bdf00bf5dd3f0647a82\",\"name\":\"Costanza Baldini\",\"url\":\"https:\/\/www.intoscana.it\/it\/author\/costanza-baldini\/\"}]}<\/script>\n<!-- \/ Yoast SEO Premium plugin. -->","yoast_head_json":{"title":"Gianna Nannini per la prima volta in concerto allo Stadio Franchi \"La musica \u00e8 tuffarsi nel buio\" - intoscana","robots":{"index":"index","follow":"follow","max-snippet":"max-snippet:-1","max-image-preview":"max-image-preview:large","max-video-preview":"max-video-preview:-1"},"canonical":"https:\/\/www.intoscana.it\/it\/gianna-nannini-concerto-firenze-stadio\/","og_locale":"it_IT","og_type":"article","og_title":"Gianna Nannini per la prima volta in concerto allo Stadio Franchi \"La musica \u00e8 tuffarsi nel buio\"","og_description":"Il 28 maggio 2022 a Firenze si terr\u00e0 un concerto-evento, \u00e8 la prima volta per Gianna Nannini nello Stadio Artemio Franchi e a settembre arriva il nuovo album","og_url":"https:\/\/www.intoscana.it\/it\/gianna-nannini-concerto-firenze-stadio\/","og_site_name":"intoscana","article_publisher":"https:\/\/www.facebook.com\/intoscana.it","article_published_time":"2022-04-12T07:56:48+00:00","article_modified_time":"2022-04-12T08:02:42+00:00","og_image":[{"width":2000,"height":1202,"url":"https:\/\/www.intoscana.it\/wp-content\/uploads\/nannini-firenze.jpg","type":"image\/jpeg"}],"author":"Costanza Baldini","twitter_card":"summary_large_image","twitter_creator":"@intoscana","twitter_site":"@intoscana","twitter_misc":{"Written by":"Costanza Baldini","Est. reading time":"3 minuti"},"schema":{"@context":"https:\/\/schema.org","@graph":[{"@type":"WebPage","@id":"https:\/\/www.intoscana.it\/it\/gianna-nannini-concerto-firenze-stadio\/","url":"https:\/\/www.intoscana.it\/it\/gianna-nannini-concerto-firenze-stadio\/","name":"Gianna Nannini per la prima volta in concerto allo Stadio Franchi \"La musica \u00e8 tuffarsi nel buio\" - intoscana","isPartOf":{"@id":"https:\/\/www.intoscana.it\/it\/#website"},"primaryImageOfPage":{"@id":"https:\/\/www.intoscana.it\/it\/gianna-nannini-concerto-firenze-stadio\/#primaryimage"},"image":{"@id":"https:\/\/www.intoscana.it\/it\/gianna-nannini-concerto-firenze-stadio\/#primaryimage"},"thumbnailUrl":"https:\/\/www.intoscana.it\/wp-content\/uploads\/nannini-firenze.jpg","datePublished":"2022-04-12T07:56:48+00:00","dateModified":"2022-04-12T08:02:42+00:00","author":{"@id":"https:\/\/www.intoscana.it\/it\/#\/schema\/person\/d469f35f09739bdf00bf5dd3f0647a82"},"breadcrumb":{"@id":"https:\/\/www.intoscana.it\/it\/gianna-nannini-concerto-firenze-stadio\/#breadcrumb"},"inLanguage":"it-IT","potentialAction":[{"@type":"ReadAction","target":["https:\/\/www.intoscana.it\/it\/gianna-nannini-concerto-firenze-stadio\/"]}]},{"@type":"ImageObject","inLanguage":"it-IT","@id":"https:\/\/www.intoscana.it\/it\/gianna-nannini-concerto-firenze-stadio\/#primaryimage","url":"https:\/\/www.intoscana.it\/wp-content\/uploads\/nannini-firenze.jpg","contentUrl":"https:\/\/www.intoscana.it\/wp-content\/uploads\/nannini-firenze.jpg","width":2000,"height":1202},{"@type":"BreadcrumbList","@id":"https:\/\/www.intoscana.it\/it\/gianna-nannini-concerto-firenze-stadio\/#breadcrumb","itemListElement":[{"@type":"ListItem","position":1,"name":"Home","item":"https:\/\/www.intoscana.it\/it\/"},{"@type":"ListItem","position":2,"name":"Gianna Nannini per la prima volta in concerto allo Stadio Franchi &#8220;La musica \u00e8 tuffarsi nel buio&#8221;"}]},{"@type":"WebSite","@id":"https:\/\/www.intoscana.it\/it\/#website","url":"https:\/\/www.intoscana.it\/it\/","name":"intoscana","description":"","potentialAction":[{"@type":"SearchAction","target":{"@type":"EntryPoint","urlTemplate":"https:\/\/www.intoscana.it\/it\/?s={search_term_string}"},"query-input":{"@type":"PropertyValueSpecification","valueRequired":true,"valueName":"search_term_string"}}],"inLanguage":"it-IT"},{"@type":"Person","@id":"https:\/\/www.intoscana.it\/it\/#\/schema\/person\/d469f35f09739bdf00bf5dd3f0647a82","name":"Costanza Baldini","url":"https:\/\/www.intoscana.it\/it\/author\/costanza-baldini\/"}]}},"_links":{"self":[{"href":"https:\/\/www.intoscana.it\/it\/wp-json\/wp\/v2\/posts\/223141","targetHints":{"allow":["GET"]}}],"collection":[{"href":"https:\/\/www.intoscana.it\/it\/wp-json\/wp\/v2\/posts"}],"about":[{"href":"https:\/\/www.intoscana.it\/it\/wp-json\/wp\/v2\/types\/post"}],"author":[{"embeddable":true,"href":"https:\/\/www.intoscana.it\/it\/wp-json\/wp\/v2\/users\/518"}],"replies":[{"embeddable":true,"href":"https:\/\/www.intoscana.it\/it\/wp-json\/wp\/v2\/comments?post=223141"}],"version-history":[{"count":0,"href":"https:\/\/www.intoscana.it\/it\/wp-json\/wp\/v2\/posts\/223141\/revisions"}],"wp:featuredmedia":[{"embeddable":true,"href":"https:\/\/www.intoscana.it\/it\/wp-json\/wp\/v2\/media\/223148"}],"wp:attachment":[{"href":"https:\/\/www.intoscana.it\/it\/wp-json\/wp\/v2\/media?parent=223141"}],"wp:term":[{"taxonomy":"category","embeddable":true,"href":"https:\/\/www.intoscana.it\/it\/wp-json\/wp\/v2\/categories?post=223141"},{"taxonomy":"post_tag","embeddable":true,"href":"https:\/\/www.intoscana.it\/it\/wp-json\/wp\/v2\/tags?post=223141"}],"curies":[{"name":"wp","href":"https:\/\/api.w.org\/{rel}","templated":true}]}}