{"id":223268,"date":"2022-04-12T13:10:13","date_gmt":"2022-04-12T11:10:13","guid":{"rendered":"https:\/\/www.intoscana.it\/it\/?p=223268"},"modified":"2022-04-13T14:41:28","modified_gmt":"2022-04-13T12:41:28","slug":"covid-19-in-toscana-5-478-nuovi-casi-eta-media-42-anni-i-decessi-sono-otto","status":"publish","type":"post","link":"https:\/\/www.intoscana.it\/it\/covid-19-in-toscana-5-478-nuovi-casi-eta-media-42-anni-i-decessi-sono-otto\/","title":{"rendered":"Covid-19: in Toscana 5.478 nuovi casi, et\u00e0 media 42 anni. I decessi sono otto"},"content":{"rendered":"<p>In Toscana sono 1.033.846 i casi di positivit\u00e0 al Coronavirus, <strong>5.478 in pi\u00f9 rispetto a ieri<\/strong> (949 confermati con tampone molecolare e 4.529 da test rapido antigenico). I nuovi casi sono lo 0,5% in pi\u00f9 rispetto al totale del giorno precedente. I guariti crescono dello 0,8% e raggiungono quota 974.038 (94,2% dei casi totali).<\/p>\n<p><strong>Oggi sono stati eseguiti 5.033 tamponi molecolari e 30.250 tamponi antigenici rapidi,<\/strong> di questi il 15,5% \u00e8 risultato positivo. Sono invece 7.175 i soggetti testati oggi (con tampone antigenico e\/o molecolare, escludendo i tamponi di controllo), di cui il 76,3% \u00e8 risultato positivo.<\/p>\n<p>Gli attualmente positivi sono oggi 50.168, -3,4% rispetto a ieri. I ricoverati sono 845 (5 in pi\u00f9 rispetto a ieri), di cui 38 in terapia intensiva (3 in meno). <strong>Oggi si registrano 8 nuovi decessi: 3 uomini e 5 donne<\/strong> con un&#8217;et\u00e0 media di 76,5 anni (3 a Firenze, 1 a Prato, 2 a Pisa, 1 a Siena, 1 a Grosseto).<\/p>\n<p><strong>L&#8217;et\u00e0 media<\/strong> dei 5.478 nuovi positivi odierni <strong>\u00e8 di 42 anni circa<\/strong> (18% ha meno di 20 anni, 18% tra 20 e 39 anni, 34% tra 40 e 59 anni, 23% tra 60 e 79 anni, 7% ha 80 anni o pi\u00f9).<\/p>\n<h3>I casi di positivit\u00e0 sul territorio<\/h3>\n<p>Di seguito i casi di positivit\u00e0 sul territorio con la variazione rispetto a ieri (949 confermati con tampone molecolare e 4.529 da test rapido antigenico). Sono 289.708 i casi complessivi ad oggi a Firenze (1.320 in pi\u00f9 rispetto a ieri), 72.287 a Prato (266 in pi\u00f9), 83.394 a Pistoia (437 in pi\u00f9), 50.167 a Massa Carrara (408 in pi\u00f9), 108.919 a Lucca (541 in pi\u00f9), 117.819 a Pisa (685 in pi\u00f9), 90.382 a Livorno (486 in pi\u00f9), 95.044 ad Arezzo (496 in pi\u00f9), 71.325 a Siena (464 in pi\u00f9), 54.246 a Grosseto (375 in pi\u00f9). Sono 555 i casi positivi notificati in Toscana, ma residenti in altre regioni.<\/p>\n<p><strong>Sono 2.093 i casi riscontrati oggi nell&#8217;Asl Centro, 2.050 nella Nord Ovest, 1.335 nella Sud est.<\/strong><\/p>\n<p><strong>La Toscana si trova al 7\u00b0 posto in Italia come numerosit\u00e0 di casi<\/strong> (comprensivi di residenti e non residenti), con circa 27.996 casi per 100.000 abitanti (media italiana circa 25.864). Le province di notifica con il tasso pi\u00f9 alto sono Firenze con 29.016 casi per 100.000 abitanti, Pistoia con 28.732, Lucca con 28.367, la pi\u00f9 bassa Grosseto con 24.901.<br \/>\nComplessivamente, 49.323 persone sono in isolamento a casa, poich\u00e9 presentano sintomi lievi che non richiedono cure ospedaliere, o risultano prive di sintomi (1.796 in meno rispetto a ieri, meno 3,5%).<\/p>\n<p><strong>Le persone ricoverate oggi sono complessivamente 845<\/strong> (5 in pi\u00f9 rispetto a ieri, pi\u00f9 0,6%), 38 in terapia intensiva (3 in meno rispetto a ieri, meno 7,3%).<\/p>\n<p><strong>Le persone complessivamente guarite sono 974.038<\/strong> (7.261 in pi\u00f9 rispetto a ieri, pi\u00f9 0,8%): 0 persone clinicamente guarite (stabili rispetto a ieri), divenute cio\u00e8 asintomatiche dopo aver presentato manifestazioni cliniche associate all&#8217;infezione e 974.038 (7.261 in pi\u00f9 rispetto a ieri, pi\u00f9 0,8%) dichiarate guarite a tutti gli effetti, le cosiddette guarigioni virali, con tampone negativo.<\/p>\n<h3>I decessi<\/h3>\n<p>Sono<strong> 9.640 i deceduti dall&#8217;inizio dell&#8217;epidemia<\/strong> cosi ripartiti: 3.038 a Firenze, 809 a Prato, 869 a Pistoia, 629 a Massa Carrara, 906 a Lucca, 1.035 a Pisa, 705 a Livorno, 641 ad Arezzo, 516 a Siena, 365 a Grosseto, 127 persone sono decedute sul suolo toscano ma erano residenti fuori regione.<\/p>\n<p>Il tasso grezzo di mortalit\u00e0 toscano (numero di deceduti\/popolazione residente) per Covid-19 \u00e8 di 261,0 x100.000 residenti contro il 271,6 per 100.000 della media italiana (10\u00b0 regione). Per quanto riguarda le province, il tasso di mortalit\u00e0 pi\u00f9 alto si riscontra a Massa Carrara (331,3), Prato (305) e Firenze (304,3), il pi\u00f9 basso a Grosseto (167,5).<\/p>\n","protected":false},"excerpt":{"rendered":"<p>Oggi sono stati eseguiti 5.033 tamponi molecolari e 30.250 tamponi antigenici rapidi, gli attualmente positivi sono oggi 50.168, l&#8217;et\u00e0 media dei 5.478 nuovi positivi odierni \u00e8 di 42 anni circa<\/p>\n","protected":false},"author":525,"featured_media":204590,"comment_status":"open","ping_status":"open","sticky":false,"template":"","format":"standard","meta":{"_acf_changed":false,"footnotes":""},"categories":[494],"tags":[4868,418],"class_list":["post-223268","post","type-post","status-publish","format-standard","has-post-thumbnail","hentry","category-attualita","tag-bollettino-covid-toscana","tag-covid-19"],"acf":[],"yoast_head":"<!-- This site is optimized with the Yoast SEO Premium plugin v24.2 (Yoast SEO v25.6) - https:\/\/yoast.com\/wordpress\/plugins\/seo\/ -->\n<title>Covid-19: in Toscana 5.478 nuovi casi, et\u00e0 media 42 anni. I decessi sono otto - intoscana<\/title>\n<meta name=\"description\" content=\"Oggi sono stati eseguiti 5.033 tamponi molecolari e 30.250 tamponi antigenici rapidi, gli attualmente positivi sono oggi 50.168\" \/>\n<meta name=\"robots\" content=\"index, follow, max-snippet:-1, max-image-preview:large, max-video-preview:-1\" \/>\n<link rel=\"canonical\" href=\"https:\/\/www.intoscana.it\/it\/covid-19-in-toscana-5-478-nuovi-casi-eta-media-42-anni-i-decessi-sono-otto\/\" \/>\n<meta property=\"og:locale\" content=\"it_IT\" \/>\n<meta property=\"og:type\" content=\"article\" \/>\n<meta property=\"og:title\" content=\"Covid-19: in Toscana 5.478 nuovi casi, et\u00e0 media 42 anni. I decessi sono otto\" \/>\n<meta property=\"og:description\" content=\"Oggi sono stati eseguiti 5.033 tamponi molecolari e 30.250 tamponi antigenici rapidi, gli attualmente positivi sono oggi 50.168\" \/>\n<meta property=\"og:url\" content=\"https:\/\/www.intoscana.it\/it\/covid-19-in-toscana-5-478-nuovi-casi-eta-media-42-anni-i-decessi-sono-otto\/\" \/>\n<meta property=\"og:site_name\" content=\"intoscana\" \/>\n<meta property=\"article:publisher\" content=\"https:\/\/www.facebook.com\/intoscana.it\" \/>\n<meta property=\"article:published_time\" content=\"2022-04-12T11:10:13+00:00\" \/>\n<meta property=\"article:modified_time\" content=\"2022-04-13T12:41:28+00:00\" \/>\n<meta property=\"og:image\" content=\"https:\/\/www.intoscana.it\/wp-content\/uploads\/covid-4.jpg\" \/>\n\t<meta property=\"og:image:width\" content=\"1920\" \/>\n\t<meta property=\"og:image:height\" content=\"1278\" \/>\n\t<meta property=\"og:image:type\" content=\"image\/jpeg\" \/>\n<meta name=\"author\" content=\"Redazione\" \/>\n<meta name=\"twitter:card\" content=\"summary_large_image\" \/>\n<meta name=\"twitter:creator\" content=\"@intoscana\" \/>\n<meta name=\"twitter:site\" content=\"@intoscana\" \/>\n<meta name=\"twitter:label1\" content=\"Written by\" \/>\n\t<meta name=\"twitter:data1\" content=\"Redazione\" \/>\n\t<meta name=\"twitter:label2\" content=\"Est. reading time\" \/>\n\t<meta name=\"twitter:data2\" content=\"2 minuti\" \/>\n<script type=\"application\/ld+json\" class=\"yoast-schema-graph\">{\"@context\":\"https:\/\/schema.org\",\"@graph\":[{\"@type\":\"WebPage\",\"@id\":\"https:\/\/www.intoscana.it\/it\/covid-19-in-toscana-5-478-nuovi-casi-eta-media-42-anni-i-decessi-sono-otto\/\",\"url\":\"https:\/\/www.intoscana.it\/it\/covid-19-in-toscana-5-478-nuovi-casi-eta-media-42-anni-i-decessi-sono-otto\/\",\"name\":\"Covid-19: in Toscana 5.478 nuovi casi, et\u00e0 media 42 anni. I decessi sono otto - intoscana\",\"isPartOf\":{\"@id\":\"https:\/\/www.intoscana.it\/it\/#website\"},\"primaryImageOfPage\":{\"@id\":\"https:\/\/www.intoscana.it\/it\/covid-19-in-toscana-5-478-nuovi-casi-eta-media-42-anni-i-decessi-sono-otto\/#primaryimage\"},\"image\":{\"@id\":\"https:\/\/www.intoscana.it\/it\/covid-19-in-toscana-5-478-nuovi-casi-eta-media-42-anni-i-decessi-sono-otto\/#primaryimage\"},\"thumbnailUrl\":\"https:\/\/www.intoscana.it\/wp-content\/uploads\/covid-4.jpg\",\"datePublished\":\"2022-04-12T11:10:13+00:00\",\"dateModified\":\"2022-04-13T12:41:28+00:00\",\"author\":{\"@id\":\"https:\/\/www.intoscana.it\/it\/#\/schema\/person\/9223810753230f20bd670fdd322661f8\"},\"description\":\"Oggi sono stati eseguiti 5.033 tamponi molecolari e 30.250 tamponi antigenici rapidi, gli attualmente positivi sono oggi 50.168\",\"breadcrumb\":{\"@id\":\"https:\/\/www.intoscana.it\/it\/covid-19-in-toscana-5-478-nuovi-casi-eta-media-42-anni-i-decessi-sono-otto\/#breadcrumb\"},\"inLanguage\":\"it-IT\",\"potentialAction\":[{\"@type\":\"ReadAction\",\"target\":[\"https:\/\/www.intoscana.it\/it\/covid-19-in-toscana-5-478-nuovi-casi-eta-media-42-anni-i-decessi-sono-otto\/\"]}]},{\"@type\":\"ImageObject\",\"inLanguage\":\"it-IT\",\"@id\":\"https:\/\/www.intoscana.it\/it\/covid-19-in-toscana-5-478-nuovi-casi-eta-media-42-anni-i-decessi-sono-otto\/#primaryimage\",\"url\":\"https:\/\/www.intoscana.it\/wp-content\/uploads\/covid-4.jpg\",\"contentUrl\":\"https:\/\/www.intoscana.it\/wp-content\/uploads\/covid-4.jpg\",\"width\":1920,\"height\":1278},{\"@type\":\"BreadcrumbList\",\"@id\":\"https:\/\/www.intoscana.it\/it\/covid-19-in-toscana-5-478-nuovi-casi-eta-media-42-anni-i-decessi-sono-otto\/#breadcrumb\",\"itemListElement\":[{\"@type\":\"ListItem\",\"position\":1,\"name\":\"Home\",\"item\":\"https:\/\/www.intoscana.it\/it\/\"},{\"@type\":\"ListItem\",\"position\":2,\"name\":\"Covid-19: in Toscana 5.478 nuovi casi, et\u00e0 media 42 anni. I decessi sono otto\"}]},{\"@type\":\"WebSite\",\"@id\":\"https:\/\/www.intoscana.it\/it\/#website\",\"url\":\"https:\/\/www.intoscana.it\/it\/\",\"name\":\"intoscana\",\"description\":\"\",\"potentialAction\":[{\"@type\":\"SearchAction\",\"target\":{\"@type\":\"EntryPoint\",\"urlTemplate\":\"https:\/\/www.intoscana.it\/it\/?s={search_term_string}\"},\"query-input\":{\"@type\":\"PropertyValueSpecification\",\"valueRequired\":true,\"valueName\":\"search_term_string\"}}],\"inLanguage\":\"it-IT\"},{\"@type\":\"Person\",\"@id\":\"https:\/\/www.intoscana.it\/it\/#\/schema\/person\/9223810753230f20bd670fdd322661f8\",\"name\":\"Redazione\",\"url\":\"https:\/\/www.intoscana.it\/it\/author\/redazione\/\"}]}<\/script>\n<!-- \/ Yoast SEO Premium plugin. -->","yoast_head_json":{"title":"Covid-19: in Toscana 5.478 nuovi casi, et\u00e0 media 42 anni. I decessi sono otto - intoscana","description":"Oggi sono stati eseguiti 5.033 tamponi molecolari e 30.250 tamponi antigenici rapidi, gli attualmente positivi sono oggi 50.168","robots":{"index":"index","follow":"follow","max-snippet":"max-snippet:-1","max-image-preview":"max-image-preview:large","max-video-preview":"max-video-preview:-1"},"canonical":"https:\/\/www.intoscana.it\/it\/covid-19-in-toscana-5-478-nuovi-casi-eta-media-42-anni-i-decessi-sono-otto\/","og_locale":"it_IT","og_type":"article","og_title":"Covid-19: in Toscana 5.478 nuovi casi, et\u00e0 media 42 anni. I decessi sono otto","og_description":"Oggi sono stati eseguiti 5.033 tamponi molecolari e 30.250 tamponi antigenici rapidi, gli attualmente positivi sono oggi 50.168","og_url":"https:\/\/www.intoscana.it\/it\/covid-19-in-toscana-5-478-nuovi-casi-eta-media-42-anni-i-decessi-sono-otto\/","og_site_name":"intoscana","article_publisher":"https:\/\/www.facebook.com\/intoscana.it","article_published_time":"2022-04-12T11:10:13+00:00","article_modified_time":"2022-04-13T12:41:28+00:00","og_image":[{"width":1920,"height":1278,"url":"https:\/\/www.intoscana.it\/wp-content\/uploads\/covid-4.jpg","type":"image\/jpeg"}],"author":"Redazione","twitter_card":"summary_large_image","twitter_creator":"@intoscana","twitter_site":"@intoscana","twitter_misc":{"Written by":"Redazione","Est. reading time":"2 minuti"},"schema":{"@context":"https:\/\/schema.org","@graph":[{"@type":"WebPage","@id":"https:\/\/www.intoscana.it\/it\/covid-19-in-toscana-5-478-nuovi-casi-eta-media-42-anni-i-decessi-sono-otto\/","url":"https:\/\/www.intoscana.it\/it\/covid-19-in-toscana-5-478-nuovi-casi-eta-media-42-anni-i-decessi-sono-otto\/","name":"Covid-19: in Toscana 5.478 nuovi casi, et\u00e0 media 42 anni. I decessi sono otto - intoscana","isPartOf":{"@id":"https:\/\/www.intoscana.it\/it\/#website"},"primaryImageOfPage":{"@id":"https:\/\/www.intoscana.it\/it\/covid-19-in-toscana-5-478-nuovi-casi-eta-media-42-anni-i-decessi-sono-otto\/#primaryimage"},"image":{"@id":"https:\/\/www.intoscana.it\/it\/covid-19-in-toscana-5-478-nuovi-casi-eta-media-42-anni-i-decessi-sono-otto\/#primaryimage"},"thumbnailUrl":"https:\/\/www.intoscana.it\/wp-content\/uploads\/covid-4.jpg","datePublished":"2022-04-12T11:10:13+00:00","dateModified":"2022-04-13T12:41:28+00:00","author":{"@id":"https:\/\/www.intoscana.it\/it\/#\/schema\/person\/9223810753230f20bd670fdd322661f8"},"description":"Oggi sono stati eseguiti 5.033 tamponi molecolari e 30.250 tamponi antigenici rapidi, gli attualmente positivi sono oggi 50.168","breadcrumb":{"@id":"https:\/\/www.intoscana.it\/it\/covid-19-in-toscana-5-478-nuovi-casi-eta-media-42-anni-i-decessi-sono-otto\/#breadcrumb"},"inLanguage":"it-IT","potentialAction":[{"@type":"ReadAction","target":["https:\/\/www.intoscana.it\/it\/covid-19-in-toscana-5-478-nuovi-casi-eta-media-42-anni-i-decessi-sono-otto\/"]}]},{"@type":"ImageObject","inLanguage":"it-IT","@id":"https:\/\/www.intoscana.it\/it\/covid-19-in-toscana-5-478-nuovi-casi-eta-media-42-anni-i-decessi-sono-otto\/#primaryimage","url":"https:\/\/www.intoscana.it\/wp-content\/uploads\/covid-4.jpg","contentUrl":"https:\/\/www.intoscana.it\/wp-content\/uploads\/covid-4.jpg","width":1920,"height":1278},{"@type":"BreadcrumbList","@id":"https:\/\/www.intoscana.it\/it\/covid-19-in-toscana-5-478-nuovi-casi-eta-media-42-anni-i-decessi-sono-otto\/#breadcrumb","itemListElement":[{"@type":"ListItem","position":1,"name":"Home","item":"https:\/\/www.intoscana.it\/it\/"},{"@type":"ListItem","position":2,"name":"Covid-19: in Toscana 5.478 nuovi casi, et\u00e0 media 42 anni. I decessi sono otto"}]},{"@type":"WebSite","@id":"https:\/\/www.intoscana.it\/it\/#website","url":"https:\/\/www.intoscana.it\/it\/","name":"intoscana","description":"","potentialAction":[{"@type":"SearchAction","target":{"@type":"EntryPoint","urlTemplate":"https:\/\/www.intoscana.it\/it\/?s={search_term_string}"},"query-input":{"@type":"PropertyValueSpecification","valueRequired":true,"valueName":"search_term_string"}}],"inLanguage":"it-IT"},{"@type":"Person","@id":"https:\/\/www.intoscana.it\/it\/#\/schema\/person\/9223810753230f20bd670fdd322661f8","name":"Redazione","url":"https:\/\/www.intoscana.it\/it\/author\/redazione\/"}]}},"_links":{"self":[{"href":"https:\/\/www.intoscana.it\/it\/wp-json\/wp\/v2\/posts\/223268","targetHints":{"allow":["GET"]}}],"collection":[{"href":"https:\/\/www.intoscana.it\/it\/wp-json\/wp\/v2\/posts"}],"about":[{"href":"https:\/\/www.intoscana.it\/it\/wp-json\/wp\/v2\/types\/post"}],"author":[{"embeddable":true,"href":"https:\/\/www.intoscana.it\/it\/wp-json\/wp\/v2\/users\/525"}],"replies":[{"embeddable":true,"href":"https:\/\/www.intoscana.it\/it\/wp-json\/wp\/v2\/comments?post=223268"}],"version-history":[{"count":0,"href":"https:\/\/www.intoscana.it\/it\/wp-json\/wp\/v2\/posts\/223268\/revisions"}],"wp:featuredmedia":[{"embeddable":true,"href":"https:\/\/www.intoscana.it\/it\/wp-json\/wp\/v2\/media\/204590"}],"wp:attachment":[{"href":"https:\/\/www.intoscana.it\/it\/wp-json\/wp\/v2\/media?parent=223268"}],"wp:term":[{"taxonomy":"category","embeddable":true,"href":"https:\/\/www.intoscana.it\/it\/wp-json\/wp\/v2\/categories?post=223268"},{"taxonomy":"post_tag","embeddable":true,"href":"https:\/\/www.intoscana.it\/it\/wp-json\/wp\/v2\/tags?post=223268"}],"curies":[{"name":"wp","href":"https:\/\/api.w.org\/{rel}","templated":true}]}}