{"id":223330,"date":"2022-04-12T17:45:05","date_gmt":"2022-04-12T15:45:05","guid":{"rendered":"https:\/\/www.intoscana.it\/it\/?p=223330"},"modified":"2022-04-13T11:19:56","modified_gmt":"2022-04-13T09:19:56","slug":"rigenerazione-urbana-programma-fesr","status":"publish","type":"post","link":"https:\/\/www.intoscana.it\/it\/rigenerazione-urbana-programma-fesr\/","title":{"rendered":"Dalle mura di Siena al complesso di San Salvi, i progetti scelti per la rigenerazione urbana"},"content":{"rendered":"<p>La Regione rinnova l\u2019impegno per la <strong>rigenerazione urbana<\/strong> andando a finanziare <strong>con 61 milioni di euro del Programma Fesr<\/strong> (Fondo europeo di sviluppo regionale 2021-2027) <strong>10 progetti<\/strong> su tutto il territorio della Toscana. C\u2019\u00e8 l\u2019area Ilva a <strong>Follonica<\/strong>, il parco delle mura di <strong>Siena<\/strong>, l\u2019ABCura di <strong>Poggibonsi<\/strong>, il Fabbricone di Prato; c\u2019\u00e8 il complesso di San Salvi a Firenze e l\u2019ecosistema culturale della <strong>Valdera<\/strong> nelle zone di Calcinaia, Bientina, <strong>Buti<\/strong>, <strong>Vicopisano<\/strong>. Ci sono progetti fra natura e cultura a <strong>San Giovanni Valdarno<\/strong> e nuovi spazi per l\u2019arte, la cultura e l\u2019impresa a Livorno, ma anche un nuovo modo di abitare a <strong>Monteroni d\u2019Arbia, Rapolano Terme e Castellina in Chianti<\/strong>. E c&#8217;\u00e8 la riqualificazione di San Concordio e Ponte a Moriano a <strong>Lucca<\/strong>.<\/p>\n<p>Per il presidente <strong>Giani<\/strong>: \u201c<em>La qualificazione attraverso la rigenerazione urbana \u00e8 una delle cose che fra recovery fund e fondi strutturali europei puntiamo di pi\u00f9, \u00e8 il volto di una Toscana che cambia e che vedremo presto attraverso gli interventi concretamente attuati nella nostra regione. La politica di coesione europea nel ciclo di programmazione 2021-2027<\/em> &#8211; prosegue Giani &#8211; <em>conferma <strong>l\u2019attenzione alla questione urbana<\/strong>, per intervenire sulle criticit\u00e0 che si manifestano, da quelle socio-economiche a quelle culturali ed ambientali, con l\u2019obiettivo di perseguire uno sviluppo urbano sostenibile dei territori, attraverso un approccio integrato e multi-settoriale capace di esaltare i punti di forza della citt\u00e0, in termini di opportunit\u00e0 di crescita e sviluppo<\/em>\u201d.<\/p>\n<p>Queste idee progettuali selezionate entreranno, dunque, a far parte della proposta complessiva del Programma regionale approvata in Giunta e che sar\u00e0 trasmessa nei prossimi giorni alla <strong>Commissione Europea<\/strong>.<\/p>\n<p>Le 10 candidature vedono <strong>coinvolti 15 Comuni<\/strong> e risultano finanziabili per un importo complessivo di 61milioni di euro (dai 7 agli 8 milioni a progetto); quota che potr\u00e0 essere ancora incrementata grazie alla componente green delle iniziative di sviluppo urbano sostenibile, a valere sull\u2019Obiettivo di policy OP2 \u201cUn\u2019Europa pi\u00f9 verde\u201d (efficientamento energetico degli edifici pubblici, realizzazione di infrastrutture verdi in aree urbane, potenziamento di soluzioni anche infrastrutturali di mobilit\u00e0 sostenibile.)<\/p>\n<h3>Una strategia complessiva<\/h3>\n<p>\u201c<em>Siamo partiti con <strong>i Piani di innovazione urbana<\/strong> (Piu)<\/em> \u2013 ha dichiarato l\u2019assessore Stefano Baccelli &#8211; <em>che hanno riguardato i comuni medio grandi della Toscana, abbiamo proseguito ai sensi <strong>della legge 145<\/strong> con un bando regionale per i piccoli comuni, quelli sotto i 15mila abitanti che confidiamo di rifinanziare ulteriormente per far scorrere la graduatoria. Abbiamo recentemente accompagnato la progettualit\u00e0 dei comuni per i progetti della qualit\u00e0 dell&#8217;abitare <strong>PINQuA<\/strong>. Avevamo preso l&#8217;impegno di utilizzare anche i fondi strutturali ed \u00e8 questo il caso. Le risorse del progetto Fesr, 61 milioni di euro con cui finanzieremo 10 progetti che interessano 15 comuni. Abbiamo interloquito con la Commissione Europea e continueremo a fare gli opportuni passaggi per raggiungere l&#8217;obiettivo entro qualche mese<\/em>\u201d.<\/p>\n<p>Riassumendo, sono stati<strong> 69 i Comuni appartenenti ad aree urbane<\/strong> che, in forma singola o associata, hanno partecipato alla manifestazione di interesse inviando, entro la scadenza del 31 marzo 2022, idee e strategie progettuali integrate per recuperare e valorizzare spazi urbani da destinare a finalit\u00e0 sociali, per la fruizione dei luoghi di cultura, la riduzione delle emissioni nell\u2019ambiente, per potenziare i servizi ecosistemici in ambito urbano. Sono state cos\u00ec valutate 46 proposte progettuali per individuare le strategie territoriali da attuare al fine di promuovere lo sviluppo sociale, economico e ambientale integrato ed inclusivo, la cultura, il patrimonio naturale il turismo sostenibile e la sicurezza nelle aree urbane del <strong>Programma regionale Fesr 2021-2027<\/strong>.<\/p>\n<h3>I progetti scelti<\/h3>\n<ol>\n<li>Rigenerazione urbana Area ILVA &#8211; Follonica<\/li>\n<li>Progetto strategico di riqualificazione area urbana e rigenerazione socio-culturale del Parco delle Mura di Siena comprendente la Fortezza Medicea e il Complesso San Marco &#8211; Siena<\/li>\n<li>ABCura \u2013 Poggibonsi<\/li>\n<li>Quartieri Social_ San Concordio e Ponte a Moriano \u2013 Lucca<\/li>\n<li>Rigenerazione del polo teatrale del Fabbricone e nuove connessioni urbane &#8211; Prato<\/li>\n<li>Tra natura e cultura &#8211; San Giovanni Valdarno<\/li>\n<li>Hangar creativi \u2013 Spazi rigenerati per arte, cultura e impresa &#8211; Livorno<\/li>\n<li>Vivere il territorio: un nuovo modo di abitare &#8211; Monteroni d\u2019Arbia, Rapolano Terme, Castellina in Chianti<\/li>\n<li>Rigenerazione urbana del Complesso San Salvi &#8211; riqualificazione dei padiglioni 33-34-35-37 e dei loro spazi verdi di pertinenza, per finalit\u00e0 di housing, servizi e attivit\u00e0 culturali &#8211; Firenze<\/li>\n<li>Ecosistema culturale Valdera nord Monte pisano &#8211; Calcinaia, Bientina, Buti, Vicopisano<\/li>\n<\/ol>\n<p>Queste strategie territoriali emerse saranno, ora, <strong>ulteriormente sviluppate<\/strong>, nell\u2019ambito di un percorso che vedr\u00e0 il coinvolgimento della Regione Toscana, nonch\u00e9 dei Comuni selezionati, in parallelo al percorso di elaborazione e definizione dello stesso Programma regionale e del negoziato con la Commissione europea.<\/p>\n","protected":false},"excerpt":{"rendered":"<p>Dei 69 Comuni che si sono candidati, la Regione ha individuato 10 strategie progettuali che coinvolgono 15 amministrazioni comunali con l&#8217;obiettivo di recuperare e valorizzare spazi urbani<\/p>\n","protected":false},"author":507,"featured_media":223335,"comment_status":"open","ping_status":"open","sticky":false,"template":"","format":"standard","meta":{"_acf_changed":false,"footnotes":""},"categories":[494],"tags":[158,5290,4818],"class_list":["post-223330","post","type-post","status-publish","format-standard","has-post-thumbnail","hentry","category-attualita","tag-eugenio-giani","tag-rigenerazione-urbana","tag-stefano-baccelli"],"acf":[],"yoast_head":"<!-- This site is optimized with the Yoast SEO Premium plugin v24.2 (Yoast SEO v25.6) - https:\/\/yoast.com\/wordpress\/plugins\/seo\/ -->\n<title>Dalle mura di Siena al complesso di San Salvi, i progetti scelti per la rigenerazione urbana - intoscana<\/title>\n<meta name=\"robots\" content=\"index, follow, max-snippet:-1, max-image-preview:large, max-video-preview:-1\" \/>\n<link rel=\"canonical\" href=\"https:\/\/www.intoscana.it\/it\/rigenerazione-urbana-programma-fesr\/\" \/>\n<meta property=\"og:locale\" content=\"it_IT\" \/>\n<meta property=\"og:type\" content=\"article\" \/>\n<meta property=\"og:title\" content=\"Dalle mura di Siena al complesso di San Salvi, i progetti scelti per la rigenerazione urbana\" \/>\n<meta property=\"og:description\" content=\"Dei 69 Comuni che si sono candidati, la Regione ha individuato 10 strategie progettuali che coinvolgono 15 amministrazioni comunali con l&#039;obiettivo di recuperare e valorizzare spazi urbani\" \/>\n<meta property=\"og:url\" content=\"https:\/\/www.intoscana.it\/it\/rigenerazione-urbana-programma-fesr\/\" \/>\n<meta property=\"og:site_name\" content=\"intoscana\" \/>\n<meta property=\"article:publisher\" content=\"https:\/\/www.facebook.com\/intoscana.it\" \/>\n<meta property=\"article:published_time\" content=\"2022-04-12T15:45:05+00:00\" \/>\n<meta property=\"article:modified_time\" content=\"2022-04-13T09:19:56+00:00\" \/>\n<meta property=\"og:image\" content=\"https:\/\/www.intoscana.it\/wp-content\/uploads\/porta_romana_siena.jpg\" \/>\n\t<meta property=\"og:image:width\" content=\"1554\" \/>\n\t<meta property=\"og:image:height\" content=\"1080\" \/>\n\t<meta property=\"og:image:type\" content=\"image\/jpeg\" \/>\n<meta name=\"author\" content=\"Chiara Bianchini\" \/>\n<meta name=\"twitter:card\" content=\"summary_large_image\" \/>\n<meta name=\"twitter:creator\" content=\"@intoscana\" \/>\n<meta name=\"twitter:site\" content=\"@intoscana\" \/>\n<meta name=\"twitter:label1\" content=\"Written by\" \/>\n\t<meta name=\"twitter:data1\" content=\"Chiara Bianchini\" \/>\n\t<meta name=\"twitter:label2\" content=\"Est. reading time\" \/>\n\t<meta name=\"twitter:data2\" content=\"4 minuti\" \/>\n<script type=\"application\/ld+json\" class=\"yoast-schema-graph\">{\"@context\":\"https:\/\/schema.org\",\"@graph\":[{\"@type\":\"WebPage\",\"@id\":\"https:\/\/www.intoscana.it\/it\/rigenerazione-urbana-programma-fesr\/\",\"url\":\"https:\/\/www.intoscana.it\/it\/rigenerazione-urbana-programma-fesr\/\",\"name\":\"Dalle mura di Siena al complesso di San Salvi, i progetti scelti per la rigenerazione urbana - intoscana\",\"isPartOf\":{\"@id\":\"https:\/\/www.intoscana.it\/it\/#website\"},\"primaryImageOfPage\":{\"@id\":\"https:\/\/www.intoscana.it\/it\/rigenerazione-urbana-programma-fesr\/#primaryimage\"},\"image\":{\"@id\":\"https:\/\/www.intoscana.it\/it\/rigenerazione-urbana-programma-fesr\/#primaryimage\"},\"thumbnailUrl\":\"https:\/\/www.intoscana.it\/wp-content\/uploads\/porta_romana_siena.jpg\",\"datePublished\":\"2022-04-12T15:45:05+00:00\",\"dateModified\":\"2022-04-13T09:19:56+00:00\",\"author\":{\"@id\":\"https:\/\/www.intoscana.it\/it\/#\/schema\/person\/010af92117f50561886339ad5b873a41\"},\"breadcrumb\":{\"@id\":\"https:\/\/www.intoscana.it\/it\/rigenerazione-urbana-programma-fesr\/#breadcrumb\"},\"inLanguage\":\"it-IT\",\"potentialAction\":[{\"@type\":\"ReadAction\",\"target\":[\"https:\/\/www.intoscana.it\/it\/rigenerazione-urbana-programma-fesr\/\"]}]},{\"@type\":\"ImageObject\",\"inLanguage\":\"it-IT\",\"@id\":\"https:\/\/www.intoscana.it\/it\/rigenerazione-urbana-programma-fesr\/#primaryimage\",\"url\":\"https:\/\/www.intoscana.it\/wp-content\/uploads\/porta_romana_siena.jpg\",\"contentUrl\":\"https:\/\/www.intoscana.it\/wp-content\/uploads\/porta_romana_siena.jpg\",\"width\":1554,\"height\":1080,\"caption\":\"Porta Romana - Siena\"},{\"@type\":\"BreadcrumbList\",\"@id\":\"https:\/\/www.intoscana.it\/it\/rigenerazione-urbana-programma-fesr\/#breadcrumb\",\"itemListElement\":[{\"@type\":\"ListItem\",\"position\":1,\"name\":\"Home\",\"item\":\"https:\/\/www.intoscana.it\/it\/\"},{\"@type\":\"ListItem\",\"position\":2,\"name\":\"Dalle mura di Siena al complesso di San Salvi, i progetti scelti per la rigenerazione urbana\"}]},{\"@type\":\"WebSite\",\"@id\":\"https:\/\/www.intoscana.it\/it\/#website\",\"url\":\"https:\/\/www.intoscana.it\/it\/\",\"name\":\"intoscana\",\"description\":\"\",\"potentialAction\":[{\"@type\":\"SearchAction\",\"target\":{\"@type\":\"EntryPoint\",\"urlTemplate\":\"https:\/\/www.intoscana.it\/it\/?s={search_term_string}\"},\"query-input\":{\"@type\":\"PropertyValueSpecification\",\"valueRequired\":true,\"valueName\":\"search_term_string\"}}],\"inLanguage\":\"it-IT\"},{\"@type\":\"Person\",\"@id\":\"https:\/\/www.intoscana.it\/it\/#\/schema\/person\/010af92117f50561886339ad5b873a41\",\"name\":\"Chiara Bianchini\",\"sameAs\":[\"c.bianchini@fst.it\"],\"url\":\"https:\/\/www.intoscana.it\/it\/author\/chiara-bianchini\/\"}]}<\/script>\n<!-- \/ Yoast SEO Premium plugin. -->","yoast_head_json":{"title":"Dalle mura di Siena al complesso di San Salvi, i progetti scelti per la rigenerazione urbana - intoscana","robots":{"index":"index","follow":"follow","max-snippet":"max-snippet:-1","max-image-preview":"max-image-preview:large","max-video-preview":"max-video-preview:-1"},"canonical":"https:\/\/www.intoscana.it\/it\/rigenerazione-urbana-programma-fesr\/","og_locale":"it_IT","og_type":"article","og_title":"Dalle mura di Siena al complesso di San Salvi, i progetti scelti per la rigenerazione urbana","og_description":"Dei 69 Comuni che si sono candidati, la Regione ha individuato 10 strategie progettuali che coinvolgono 15 amministrazioni comunali con l'obiettivo di recuperare e valorizzare spazi urbani","og_url":"https:\/\/www.intoscana.it\/it\/rigenerazione-urbana-programma-fesr\/","og_site_name":"intoscana","article_publisher":"https:\/\/www.facebook.com\/intoscana.it","article_published_time":"2022-04-12T15:45:05+00:00","article_modified_time":"2022-04-13T09:19:56+00:00","og_image":[{"width":1554,"height":1080,"url":"https:\/\/www.intoscana.it\/wp-content\/uploads\/porta_romana_siena.jpg","type":"image\/jpeg"}],"author":"Chiara Bianchini","twitter_card":"summary_large_image","twitter_creator":"@intoscana","twitter_site":"@intoscana","twitter_misc":{"Written by":"Chiara Bianchini","Est. reading time":"4 minuti"},"schema":{"@context":"https:\/\/schema.org","@graph":[{"@type":"WebPage","@id":"https:\/\/www.intoscana.it\/it\/rigenerazione-urbana-programma-fesr\/","url":"https:\/\/www.intoscana.it\/it\/rigenerazione-urbana-programma-fesr\/","name":"Dalle mura di Siena al complesso di San Salvi, i progetti scelti per la rigenerazione urbana - intoscana","isPartOf":{"@id":"https:\/\/www.intoscana.it\/it\/#website"},"primaryImageOfPage":{"@id":"https:\/\/www.intoscana.it\/it\/rigenerazione-urbana-programma-fesr\/#primaryimage"},"image":{"@id":"https:\/\/www.intoscana.it\/it\/rigenerazione-urbana-programma-fesr\/#primaryimage"},"thumbnailUrl":"https:\/\/www.intoscana.it\/wp-content\/uploads\/porta_romana_siena.jpg","datePublished":"2022-04-12T15:45:05+00:00","dateModified":"2022-04-13T09:19:56+00:00","author":{"@id":"https:\/\/www.intoscana.it\/it\/#\/schema\/person\/010af92117f50561886339ad5b873a41"},"breadcrumb":{"@id":"https:\/\/www.intoscana.it\/it\/rigenerazione-urbana-programma-fesr\/#breadcrumb"},"inLanguage":"it-IT","potentialAction":[{"@type":"ReadAction","target":["https:\/\/www.intoscana.it\/it\/rigenerazione-urbana-programma-fesr\/"]}]},{"@type":"ImageObject","inLanguage":"it-IT","@id":"https:\/\/www.intoscana.it\/it\/rigenerazione-urbana-programma-fesr\/#primaryimage","url":"https:\/\/www.intoscana.it\/wp-content\/uploads\/porta_romana_siena.jpg","contentUrl":"https:\/\/www.intoscana.it\/wp-content\/uploads\/porta_romana_siena.jpg","width":1554,"height":1080,"caption":"Porta Romana - Siena"},{"@type":"BreadcrumbList","@id":"https:\/\/www.intoscana.it\/it\/rigenerazione-urbana-programma-fesr\/#breadcrumb","itemListElement":[{"@type":"ListItem","position":1,"name":"Home","item":"https:\/\/www.intoscana.it\/it\/"},{"@type":"ListItem","position":2,"name":"Dalle mura di Siena al complesso di San Salvi, i progetti scelti per la rigenerazione urbana"}]},{"@type":"WebSite","@id":"https:\/\/www.intoscana.it\/it\/#website","url":"https:\/\/www.intoscana.it\/it\/","name":"intoscana","description":"","potentialAction":[{"@type":"SearchAction","target":{"@type":"EntryPoint","urlTemplate":"https:\/\/www.intoscana.it\/it\/?s={search_term_string}"},"query-input":{"@type":"PropertyValueSpecification","valueRequired":true,"valueName":"search_term_string"}}],"inLanguage":"it-IT"},{"@type":"Person","@id":"https:\/\/www.intoscana.it\/it\/#\/schema\/person\/010af92117f50561886339ad5b873a41","name":"Chiara Bianchini","sameAs":["c.bianchini@fst.it"],"url":"https:\/\/www.intoscana.it\/it\/author\/chiara-bianchini\/"}]}},"_links":{"self":[{"href":"https:\/\/www.intoscana.it\/it\/wp-json\/wp\/v2\/posts\/223330","targetHints":{"allow":["GET"]}}],"collection":[{"href":"https:\/\/www.intoscana.it\/it\/wp-json\/wp\/v2\/posts"}],"about":[{"href":"https:\/\/www.intoscana.it\/it\/wp-json\/wp\/v2\/types\/post"}],"author":[{"embeddable":true,"href":"https:\/\/www.intoscana.it\/it\/wp-json\/wp\/v2\/users\/507"}],"replies":[{"embeddable":true,"href":"https:\/\/www.intoscana.it\/it\/wp-json\/wp\/v2\/comments?post=223330"}],"version-history":[{"count":0,"href":"https:\/\/www.intoscana.it\/it\/wp-json\/wp\/v2\/posts\/223330\/revisions"}],"wp:featuredmedia":[{"embeddable":true,"href":"https:\/\/www.intoscana.it\/it\/wp-json\/wp\/v2\/media\/223335"}],"wp:attachment":[{"href":"https:\/\/www.intoscana.it\/it\/wp-json\/wp\/v2\/media?parent=223330"}],"wp:term":[{"taxonomy":"category","embeddable":true,"href":"https:\/\/www.intoscana.it\/it\/wp-json\/wp\/v2\/categories?post=223330"},{"taxonomy":"post_tag","embeddable":true,"href":"https:\/\/www.intoscana.it\/it\/wp-json\/wp\/v2\/tags?post=223330"}],"curies":[{"name":"wp","href":"https:\/\/api.w.org\/{rel}","templated":true}]}}