{"id":223457,"date":"2022-04-13T12:14:09","date_gmt":"2022-04-13T10:14:09","guid":{"rendered":"https:\/\/www.intoscana.it\/it\/?p=223457"},"modified":"2022-04-13T16:50:32","modified_gmt":"2022-04-13T14:50:32","slug":"dieci-anni-fa-la-tragedia-di-morosini-giani-intensificare-la-prevenzione-per-evitare-nuovi-drammi","status":"publish","type":"post","link":"https:\/\/www.intoscana.it\/it\/dieci-anni-fa-la-tragedia-di-morosini-giani-intensificare-la-prevenzione-per-evitare-nuovi-drammi\/","title":{"rendered":"Dieci anni fa la tragedia di Morosini, Giani: \u201cIntensificare la prevenzione per evitare nuovi drammi\u201d"},"content":{"rendered":"<p>Era il<strong> 14 aprile 2012<\/strong> quando il <strong>calciatore Piermario Morosini<\/strong> durante la partita contro il Pescara si accasci\u00f2 al suolo trovando la morte a causa di un malore di natura cardiaca.<\/p>\n<p>Il giocatore, che <strong>non aveva ancora compiuto 26 anni,<\/strong> aveva vinto la <strong>medaglia di bronzo ai campionati d\u2019Europa<\/strong> con la <strong>Nazionale italiana Under 21<\/strong>.<\/p>\n<p><strong>La citt\u00e0 di Livorno,<\/strong> in questi giorni, \u00e8 impegnata nel <strong>ricordo di questo giovane e sfortunato calciatore<\/strong> che fu stroncato da un malore su un campo di gara.<\/p>\n<p>Al ricordo si unisce anche <strong>Eugenio Giani il presidente della Regione Toscana<\/strong>, che ha dichiarato:<em> \u201cImpossibile dimenticare la tragedia umana e sportiva di Piermario Morosini, il giocatore del Livorno che perse la vita durante una partita a Pescara. Un giovane si accascia mentre gioca a pallone, rimane immobile e smette di vivere in un modo cos\u00ec improvviso e drammatico da lasciare pietrificati tutti. La sua tragedia \u00e8 rimasta scolpita nella memoria collettiva fino a diventare il simbolo delle morti improvvise nel mondo dello sport. Dopo quella tragedia, purtroppo, ne sono seguite altre. Solo per rimanere al calcio, come dimenticare quella di <strong>Davide Astori, il capitano della Fiorentina<\/strong> che fu ucciso da una crisi cardiaca nel sonno? Molto si sta cercando di fare per prevenire epiloghi cos\u00ec drammatici e luttuosi. Eppure il problema delle morti improvvise degli atleti e dei giovani non \u00e8 stato superato. Come societ\u00e0, come istituzioni, dobbiamo fare ancora di pi\u00f9. I controlli, per quanto stringenti, devono essere intensificati e le regole maggiormente rispettate se non si vogliono piangere nuovi Morosini o nuovi Astori\u201d.<\/em><\/p>\n<p><em>\u201cLa prevenzione \u00e8 fondamentale per contrastare il fenomeno delle morti improvvise dei giovani e degli atleti e pi\u00f9 in generale per diminuire il rischio di tragedie nello sport\u201d,<\/em> <strong>aggiunge il presidente Giani<\/strong>. <em>\u201cPer questo, come Regione Toscana, stiamo mettendo in campo iniziative e politiche attive tese proprio a favorire le misure di prevenzione a partire dalla capillare presenza di presidi medico-sanitari e di defibrillatori negli impianti sportivi di tutto il territorio regionale\u201d.<\/em><\/p>\n","protected":false},"excerpt":{"rendered":"<p>Il presidente della Regione Toscana ricorda Piermario Morosini a dieci anni dalla scomparsa, avvenuta il 14 aprile 2012 a Pescara, mentre giocava una partita di calcio con il Livorno<\/p>\n","protected":false},"author":525,"featured_media":103436,"comment_status":"open","ping_status":"open","sticky":false,"template":"","format":"standard","meta":{"_acf_changed":false,"footnotes":""},"categories":[494],"tags":[290,158,151],"class_list":["post-223457","post","type-post","status-publish","format-standard","has-post-thumbnail","hentry","category-attualita","tag-calcio","tag-eugenio-giani","tag-regione-toscana"],"acf":[],"yoast_head":"<!-- This site is optimized with the Yoast SEO Premium plugin v24.2 (Yoast SEO v25.6) - https:\/\/yoast.com\/wordpress\/plugins\/seo\/ -->\n<title>Dieci anni fa la tragedia di Morosini, Giani: \u201cIntensificare la prevenzione per evitare nuovi drammi\u201d - intoscana<\/title>\n<meta name=\"description\" content=\"Il presidente della Regione Toscana ricorda Piermario Morosini a dieci anni dalla scomparsa, avvenuta il 14 aprile 2012 a Pescara\" \/>\n<meta name=\"robots\" content=\"index, follow, max-snippet:-1, max-image-preview:large, max-video-preview:-1\" \/>\n<link rel=\"canonical\" href=\"https:\/\/www.intoscana.it\/it\/dieci-anni-fa-la-tragedia-di-morosini-giani-intensificare-la-prevenzione-per-evitare-nuovi-drammi\/\" \/>\n<meta property=\"og:locale\" content=\"it_IT\" \/>\n<meta property=\"og:type\" content=\"article\" \/>\n<meta property=\"og:title\" content=\"Dieci anni fa la tragedia di Morosini, Giani: \u201cIntensificare la prevenzione per evitare nuovi drammi\u201d\" \/>\n<meta property=\"og:description\" content=\"Il presidente della Regione Toscana ricorda Piermario Morosini a dieci anni dalla scomparsa, avvenuta il 14 aprile 2012 a Pescara\" \/>\n<meta property=\"og:url\" content=\"https:\/\/www.intoscana.it\/it\/dieci-anni-fa-la-tragedia-di-morosini-giani-intensificare-la-prevenzione-per-evitare-nuovi-drammi\/\" \/>\n<meta property=\"og:site_name\" content=\"intoscana\" \/>\n<meta property=\"article:publisher\" content=\"https:\/\/www.facebook.com\/intoscana.it\" \/>\n<meta property=\"article:published_time\" content=\"2022-04-13T10:14:09+00:00\" \/>\n<meta property=\"article:modified_time\" content=\"2022-04-13T14:50:32+00:00\" \/>\n<meta property=\"og:image\" content=\"https:\/\/www.intoscana.it\/wp-content\/uploads\/5617adb69dca17cb1b96f499ea199aa9-1-e1649861428992.jpg\" \/>\n\t<meta property=\"og:image:width\" content=\"230\" \/>\n\t<meta property=\"og:image:height\" content=\"165\" \/>\n\t<meta property=\"og:image:type\" content=\"image\/jpeg\" \/>\n<meta name=\"author\" content=\"Redazione\" \/>\n<meta name=\"twitter:card\" content=\"summary_large_image\" \/>\n<meta name=\"twitter:creator\" content=\"@intoscana\" \/>\n<meta name=\"twitter:site\" content=\"@intoscana\" \/>\n<meta name=\"twitter:label1\" content=\"Written by\" \/>\n\t<meta name=\"twitter:data1\" content=\"Redazione\" \/>\n\t<meta name=\"twitter:label2\" content=\"Est. reading time\" \/>\n\t<meta name=\"twitter:data2\" content=\"2 minuti\" \/>\n<script type=\"application\/ld+json\" class=\"yoast-schema-graph\">{\"@context\":\"https:\/\/schema.org\",\"@graph\":[{\"@type\":\"WebPage\",\"@id\":\"https:\/\/www.intoscana.it\/it\/dieci-anni-fa-la-tragedia-di-morosini-giani-intensificare-la-prevenzione-per-evitare-nuovi-drammi\/\",\"url\":\"https:\/\/www.intoscana.it\/it\/dieci-anni-fa-la-tragedia-di-morosini-giani-intensificare-la-prevenzione-per-evitare-nuovi-drammi\/\",\"name\":\"Dieci anni fa la tragedia di Morosini, Giani: \u201cIntensificare la prevenzione per evitare nuovi drammi\u201d - intoscana\",\"isPartOf\":{\"@id\":\"https:\/\/www.intoscana.it\/it\/#website\"},\"primaryImageOfPage\":{\"@id\":\"https:\/\/www.intoscana.it\/it\/dieci-anni-fa-la-tragedia-di-morosini-giani-intensificare-la-prevenzione-per-evitare-nuovi-drammi\/#primaryimage\"},\"image\":{\"@id\":\"https:\/\/www.intoscana.it\/it\/dieci-anni-fa-la-tragedia-di-morosini-giani-intensificare-la-prevenzione-per-evitare-nuovi-drammi\/#primaryimage\"},\"thumbnailUrl\":\"https:\/\/www.intoscana.it\/wp-content\/uploads\/5617adb69dca17cb1b96f499ea199aa9-1-e1649861428992.jpg\",\"datePublished\":\"2022-04-13T10:14:09+00:00\",\"dateModified\":\"2022-04-13T14:50:32+00:00\",\"author\":{\"@id\":\"https:\/\/www.intoscana.it\/it\/#\/schema\/person\/9223810753230f20bd670fdd322661f8\"},\"description\":\"Il presidente della Regione Toscana ricorda Piermario Morosini a dieci anni dalla scomparsa, avvenuta il 14 aprile 2012 a Pescara\",\"breadcrumb\":{\"@id\":\"https:\/\/www.intoscana.it\/it\/dieci-anni-fa-la-tragedia-di-morosini-giani-intensificare-la-prevenzione-per-evitare-nuovi-drammi\/#breadcrumb\"},\"inLanguage\":\"it-IT\",\"potentialAction\":[{\"@type\":\"ReadAction\",\"target\":[\"https:\/\/www.intoscana.it\/it\/dieci-anni-fa-la-tragedia-di-morosini-giani-intensificare-la-prevenzione-per-evitare-nuovi-drammi\/\"]}]},{\"@type\":\"ImageObject\",\"inLanguage\":\"it-IT\",\"@id\":\"https:\/\/www.intoscana.it\/it\/dieci-anni-fa-la-tragedia-di-morosini-giani-intensificare-la-prevenzione-per-evitare-nuovi-drammi\/#primaryimage\",\"url\":\"https:\/\/www.intoscana.it\/wp-content\/uploads\/5617adb69dca17cb1b96f499ea199aa9-1-e1649861428992.jpg\",\"contentUrl\":\"https:\/\/www.intoscana.it\/wp-content\/uploads\/5617adb69dca17cb1b96f499ea199aa9-1-e1649861428992.jpg\",\"width\":230,\"height\":165},{\"@type\":\"BreadcrumbList\",\"@id\":\"https:\/\/www.intoscana.it\/it\/dieci-anni-fa-la-tragedia-di-morosini-giani-intensificare-la-prevenzione-per-evitare-nuovi-drammi\/#breadcrumb\",\"itemListElement\":[{\"@type\":\"ListItem\",\"position\":1,\"name\":\"Home\",\"item\":\"https:\/\/www.intoscana.it\/it\/\"},{\"@type\":\"ListItem\",\"position\":2,\"name\":\"Dieci anni fa la tragedia di Morosini, Giani: \u201cIntensificare la prevenzione per evitare nuovi drammi\u201d\"}]},{\"@type\":\"WebSite\",\"@id\":\"https:\/\/www.intoscana.it\/it\/#website\",\"url\":\"https:\/\/www.intoscana.it\/it\/\",\"name\":\"intoscana\",\"description\":\"\",\"potentialAction\":[{\"@type\":\"SearchAction\",\"target\":{\"@type\":\"EntryPoint\",\"urlTemplate\":\"https:\/\/www.intoscana.it\/it\/?s={search_term_string}\"},\"query-input\":{\"@type\":\"PropertyValueSpecification\",\"valueRequired\":true,\"valueName\":\"search_term_string\"}}],\"inLanguage\":\"it-IT\"},{\"@type\":\"Person\",\"@id\":\"https:\/\/www.intoscana.it\/it\/#\/schema\/person\/9223810753230f20bd670fdd322661f8\",\"name\":\"Redazione\",\"url\":\"https:\/\/www.intoscana.it\/it\/author\/redazione\/\"}]}<\/script>\n<!-- \/ Yoast SEO Premium plugin. -->","yoast_head_json":{"title":"Dieci anni fa la tragedia di Morosini, Giani: \u201cIntensificare la prevenzione per evitare nuovi drammi\u201d - intoscana","description":"Il presidente della Regione Toscana ricorda Piermario Morosini a dieci anni dalla scomparsa, avvenuta il 14 aprile 2012 a Pescara","robots":{"index":"index","follow":"follow","max-snippet":"max-snippet:-1","max-image-preview":"max-image-preview:large","max-video-preview":"max-video-preview:-1"},"canonical":"https:\/\/www.intoscana.it\/it\/dieci-anni-fa-la-tragedia-di-morosini-giani-intensificare-la-prevenzione-per-evitare-nuovi-drammi\/","og_locale":"it_IT","og_type":"article","og_title":"Dieci anni fa la tragedia di Morosini, Giani: \u201cIntensificare la prevenzione per evitare nuovi drammi\u201d","og_description":"Il presidente della Regione Toscana ricorda Piermario Morosini a dieci anni dalla scomparsa, avvenuta il 14 aprile 2012 a Pescara","og_url":"https:\/\/www.intoscana.it\/it\/dieci-anni-fa-la-tragedia-di-morosini-giani-intensificare-la-prevenzione-per-evitare-nuovi-drammi\/","og_site_name":"intoscana","article_publisher":"https:\/\/www.facebook.com\/intoscana.it","article_published_time":"2022-04-13T10:14:09+00:00","article_modified_time":"2022-04-13T14:50:32+00:00","og_image":[{"width":230,"height":165,"url":"https:\/\/www.intoscana.it\/wp-content\/uploads\/5617adb69dca17cb1b96f499ea199aa9-1-e1649861428992.jpg","type":"image\/jpeg"}],"author":"Redazione","twitter_card":"summary_large_image","twitter_creator":"@intoscana","twitter_site":"@intoscana","twitter_misc":{"Written by":"Redazione","Est. reading time":"2 minuti"},"schema":{"@context":"https:\/\/schema.org","@graph":[{"@type":"WebPage","@id":"https:\/\/www.intoscana.it\/it\/dieci-anni-fa-la-tragedia-di-morosini-giani-intensificare-la-prevenzione-per-evitare-nuovi-drammi\/","url":"https:\/\/www.intoscana.it\/it\/dieci-anni-fa-la-tragedia-di-morosini-giani-intensificare-la-prevenzione-per-evitare-nuovi-drammi\/","name":"Dieci anni fa la tragedia di Morosini, Giani: \u201cIntensificare la prevenzione per evitare nuovi drammi\u201d - intoscana","isPartOf":{"@id":"https:\/\/www.intoscana.it\/it\/#website"},"primaryImageOfPage":{"@id":"https:\/\/www.intoscana.it\/it\/dieci-anni-fa-la-tragedia-di-morosini-giani-intensificare-la-prevenzione-per-evitare-nuovi-drammi\/#primaryimage"},"image":{"@id":"https:\/\/www.intoscana.it\/it\/dieci-anni-fa-la-tragedia-di-morosini-giani-intensificare-la-prevenzione-per-evitare-nuovi-drammi\/#primaryimage"},"thumbnailUrl":"https:\/\/www.intoscana.it\/wp-content\/uploads\/5617adb69dca17cb1b96f499ea199aa9-1-e1649861428992.jpg","datePublished":"2022-04-13T10:14:09+00:00","dateModified":"2022-04-13T14:50:32+00:00","author":{"@id":"https:\/\/www.intoscana.it\/it\/#\/schema\/person\/9223810753230f20bd670fdd322661f8"},"description":"Il presidente della Regione Toscana ricorda Piermario Morosini a dieci anni dalla scomparsa, avvenuta il 14 aprile 2012 a Pescara","breadcrumb":{"@id":"https:\/\/www.intoscana.it\/it\/dieci-anni-fa-la-tragedia-di-morosini-giani-intensificare-la-prevenzione-per-evitare-nuovi-drammi\/#breadcrumb"},"inLanguage":"it-IT","potentialAction":[{"@type":"ReadAction","target":["https:\/\/www.intoscana.it\/it\/dieci-anni-fa-la-tragedia-di-morosini-giani-intensificare-la-prevenzione-per-evitare-nuovi-drammi\/"]}]},{"@type":"ImageObject","inLanguage":"it-IT","@id":"https:\/\/www.intoscana.it\/it\/dieci-anni-fa-la-tragedia-di-morosini-giani-intensificare-la-prevenzione-per-evitare-nuovi-drammi\/#primaryimage","url":"https:\/\/www.intoscana.it\/wp-content\/uploads\/5617adb69dca17cb1b96f499ea199aa9-1-e1649861428992.jpg","contentUrl":"https:\/\/www.intoscana.it\/wp-content\/uploads\/5617adb69dca17cb1b96f499ea199aa9-1-e1649861428992.jpg","width":230,"height":165},{"@type":"BreadcrumbList","@id":"https:\/\/www.intoscana.it\/it\/dieci-anni-fa-la-tragedia-di-morosini-giani-intensificare-la-prevenzione-per-evitare-nuovi-drammi\/#breadcrumb","itemListElement":[{"@type":"ListItem","position":1,"name":"Home","item":"https:\/\/www.intoscana.it\/it\/"},{"@type":"ListItem","position":2,"name":"Dieci anni fa la tragedia di Morosini, Giani: \u201cIntensificare la prevenzione per evitare nuovi drammi\u201d"}]},{"@type":"WebSite","@id":"https:\/\/www.intoscana.it\/it\/#website","url":"https:\/\/www.intoscana.it\/it\/","name":"intoscana","description":"","potentialAction":[{"@type":"SearchAction","target":{"@type":"EntryPoint","urlTemplate":"https:\/\/www.intoscana.it\/it\/?s={search_term_string}"},"query-input":{"@type":"PropertyValueSpecification","valueRequired":true,"valueName":"search_term_string"}}],"inLanguage":"it-IT"},{"@type":"Person","@id":"https:\/\/www.intoscana.it\/it\/#\/schema\/person\/9223810753230f20bd670fdd322661f8","name":"Redazione","url":"https:\/\/www.intoscana.it\/it\/author\/redazione\/"}]}},"_links":{"self":[{"href":"https:\/\/www.intoscana.it\/it\/wp-json\/wp\/v2\/posts\/223457","targetHints":{"allow":["GET"]}}],"collection":[{"href":"https:\/\/www.intoscana.it\/it\/wp-json\/wp\/v2\/posts"}],"about":[{"href":"https:\/\/www.intoscana.it\/it\/wp-json\/wp\/v2\/types\/post"}],"author":[{"embeddable":true,"href":"https:\/\/www.intoscana.it\/it\/wp-json\/wp\/v2\/users\/525"}],"replies":[{"embeddable":true,"href":"https:\/\/www.intoscana.it\/it\/wp-json\/wp\/v2\/comments?post=223457"}],"version-history":[{"count":0,"href":"https:\/\/www.intoscana.it\/it\/wp-json\/wp\/v2\/posts\/223457\/revisions"}],"wp:featuredmedia":[{"embeddable":true,"href":"https:\/\/www.intoscana.it\/it\/wp-json\/wp\/v2\/media\/103436"}],"wp:attachment":[{"href":"https:\/\/www.intoscana.it\/it\/wp-json\/wp\/v2\/media?parent=223457"}],"wp:term":[{"taxonomy":"category","embeddable":true,"href":"https:\/\/www.intoscana.it\/it\/wp-json\/wp\/v2\/categories?post=223457"},{"taxonomy":"post_tag","embeddable":true,"href":"https:\/\/www.intoscana.it\/it\/wp-json\/wp\/v2\/tags?post=223457"}],"curies":[{"name":"wp","href":"https:\/\/api.w.org\/{rel}","templated":true}]}}