{"id":223498,"date":"2022-04-13T13:15:39","date_gmt":"2022-04-13T11:15:39","guid":{"rendered":"https:\/\/www.intoscana.it\/it\/?p=223498"},"modified":"2022-04-14T15:23:48","modified_gmt":"2022-04-14T13:23:48","slug":"covid-19-in-toscana-4-011-nuovi-casi-eta-media-44-anni-i-decessi-sono-quattordici","status":"publish","type":"post","link":"https:\/\/www.intoscana.it\/it\/covid-19-in-toscana-4-011-nuovi-casi-eta-media-44-anni-i-decessi-sono-quattordici\/","title":{"rendered":"Covid-19: in Toscana 4.011 nuovi casi, et\u00e0 media 44 anni. I decessi sono quattordici"},"content":{"rendered":"<p>In Toscana sono<strong> 1.037.857 i casi di positivit\u00e0 al Coronavirus, 4.011 in pi\u00f9 rispetto a ieri<\/strong> (1.102 confermati con tampone molecolare e 2.909 da test rapido antigenico). I nuovi casi sono lo 0,4% in pi\u00f9 rispetto al totale del giorno precedente. I guariti crescono dello 0,4% e raggiungono quota 978.208 (94,3% dei casi totali).<\/p>\n<p>Oggi sono stati eseguiti <strong>5.419 tamponi molecolari e 20.690 tamponi antigenici rapidi,<\/strong> di questi il 15,4% \u00e8 risultato positivo. Sono invece 5.604 i soggetti testati oggi (con tampone antigenico e\/o molecolare, escludendo i tamponi di controllo), di cui il 71,6% \u00e8 risultato positivo. Gli attualmente positivi sono oggi 49.995, -0,3% rispetto a ieri. I ricoverati sono 809 (36 in meno rispetto a ieri), di cui 35 in terapia intensiva (3 in meno). Oggi si registrano 14 nuovi decessi: 8 uomini e 6 donne con un&#8217;et\u00e0 media di 84,2 anni.<\/p>\n<p><strong>L&#8217;et\u00e0 media dei 4.011 nuovi positivi odierni \u00e8 di 44 anni circa<\/strong> (17% ha meno di 20 anni, 20% tra 20 e 39 anni, 30% tra 40 e 59 anni, 22% tra 60 e 79 anni, 9% ha 80 anni o pi\u00f9).<\/p>\n<h3>I casi di positivit\u00e0 sul territorio<\/h3>\n<p>Di seguito i casi di positivit\u00e0 sul territorio con la variazione rispetto a ieri (1.102 confermati con tampone molecolare e 2.909 da test rapido antigenico). Sono 290.705 i casi complessivi ad oggi a Firenze (997 in pi\u00f9 rispetto a ieri), 72.497 a Prato (210 in pi\u00f9), 83.670 a Pistoia (276 in pi\u00f9), 50.424 a Massa (257 in pi\u00f9), 109.316 a Lucca (397 in pi\u00f9), 118.311 a Pisa (492 in pi\u00f9), 90.804 a Livorno (422 in pi\u00f9), 95.402 ad Arezzo (358 in pi\u00f9), 71.686 a Siena (361 in pi\u00f9), 54.487 a Grosseto (241 in pi\u00f9). Sono 555 i casi positivi notificati in Toscana, ma residenti in altre regioni.<\/p>\n<p>Sono 1.524 i casi riscontrati oggi nell&#8217;Asl Centro, 1.527 nella Nord Ovest, 960 nella Sud est.<\/p>\n<p>La Toscana si trova al 7\u00b0 posto in Italia come numerosit\u00e0 di casi (comprensivi di residenti e non residenti), con circa 28.104 casi per 100.000 abitanti (media italiana circa 26.006 x100.000, dato di ieri). Le province di notifica con il tasso pi\u00f9 alto sono Firenze con 29.116 casi x100.000 abitanti, Pistoia con 28.827, Lucca con 28.471, la pi\u00f9 bassa Grosseto con 25.012.<\/p>\n<p><strong>Complessivamente, 49.186 persone sono in isolamento a casa<\/strong>, poich\u00e9 presentano sintomi lievi che non richiedono cure ospedaliere, o risultano prive di sintomi (137 in meno rispetto a ieri, meno 0,3%).<\/p>\n<p>Le persone ricoverate <strong>nei posti letto dedicati ai pazienti COVID oggi sono complessivamente 80<\/strong>9 (36 in meno rispetto a ieri, meno 4,3%), 35 in terapia intensiva (3 in meno rispetto a ieri, meno 7,9%).<\/p>\n<p><strong>Le persone complessivamente guarite sono 978.208<\/strong> (4.170 in pi\u00f9 rispetto a ieri, pi\u00f9 0,4%): 0 persone clinicamente guarite (stabili rispetto a ieri), divenute cio\u00e8 asintomatiche dopo aver presentato manifestazioni cliniche associate all&#8217;infezione e 978.208 (4.170 in pi\u00f9 rispetto a ieri, pi\u00f9 0,4%) dichiarate guarite a tutti gli effetti, le cosiddette guarigioni virali, con tampone negativo.<\/p>\n<h3>I decessi<\/h3>\n<p>Relativamente alla provincia di residenza, le 14 persone decedute sono: <strong>1 a Firenze, 1 a Prato, 1 a Pisa, 2 a Arezzo, 3 a Siena, 5 a Grosseto, 1 fuori Toscana.<\/strong><\/p>\n<p><strong>Sono 9.654 i deceduti dall&#8217;inizio dell&#8217;epidemia<\/strong> cosi ripartiti: 3.039 a Firenze, 810 a Prato, 869 a Pistoia, 629 a Massa Carrara, 906 a Lucca, 1.036 a Pisa, 705 a Livorno, 643 ad Arezzo, 519 a Siena, 370 a Grosseto, 128 persone sono decedute sul suolo toscano ma erano residenti fuori regione.<\/p>\n<p>Il tasso grezzo di mortalit\u00e0 toscano (numero di deceduti\/popolazione residente) per Covid-19 \u00e8 di 261,4 x100.000 residenti contro il 271,8 x100.000 della media italiana (10\u00b0 regione). Per quanto riguarda le province, il tasso di mortalit\u00e0 pi\u00f9 alto si riscontra a Massa Carrara (331,3 x100.000), Prato (305,4 x100.000) e Firenze (304,4 x100.000), il pi\u00f9 basso a Grosseto (169,8 x100.000).<\/p>\n","protected":false},"excerpt":{"rendered":"<p>I ricoverati sono 809 (36 in meno rispetto a ieri), di cui 35 in terapia intensiva (3 in meno)<\/p>\n","protected":false},"author":525,"featured_media":187107,"comment_status":"open","ping_status":"open","sticky":false,"template":"","format":"standard","meta":{"_acf_changed":false,"footnotes":""},"categories":[494],"tags":[418],"class_list":["post-223498","post","type-post","status-publish","format-standard","has-post-thumbnail","hentry","category-attualita","tag-covid-19"],"acf":[],"yoast_head":"<!-- This site is optimized with the Yoast SEO Premium plugin v24.2 (Yoast SEO v25.6) - https:\/\/yoast.com\/wordpress\/plugins\/seo\/ -->\n<title>Covid-19: in Toscana 4.011 nuovi casi, et\u00e0 media 44 anni. I decessi sono quattordici - intoscana<\/title>\n<meta name=\"description\" content=\"I ricoverati sono 809 (36 in meno rispetto a ieri), di cui 35 in terapia intensiva (3 in meno)\" \/>\n<meta name=\"robots\" content=\"index, follow, max-snippet:-1, max-image-preview:large, max-video-preview:-1\" \/>\n<link rel=\"canonical\" href=\"https:\/\/www.intoscana.it\/it\/covid-19-in-toscana-4-011-nuovi-casi-eta-media-44-anni-i-decessi-sono-quattordici\/\" \/>\n<meta property=\"og:locale\" content=\"it_IT\" \/>\n<meta property=\"og:type\" content=\"article\" \/>\n<meta property=\"og:title\" content=\"Covid-19: in Toscana 4.011 nuovi casi, et\u00e0 media 44 anni. I decessi sono quattordici\" \/>\n<meta property=\"og:description\" content=\"I ricoverati sono 809 (36 in meno rispetto a ieri), di cui 35 in terapia intensiva (3 in meno)\" \/>\n<meta property=\"og:url\" content=\"https:\/\/www.intoscana.it\/it\/covid-19-in-toscana-4-011-nuovi-casi-eta-media-44-anni-i-decessi-sono-quattordici\/\" \/>\n<meta property=\"og:site_name\" content=\"intoscana\" \/>\n<meta property=\"article:publisher\" content=\"https:\/\/www.facebook.com\/intoscana.it\" \/>\n<meta property=\"article:published_time\" content=\"2022-04-13T11:15:39+00:00\" \/>\n<meta property=\"article:modified_time\" content=\"2022-04-14T13:23:48+00:00\" \/>\n<meta property=\"og:image\" content=\"https:\/\/www.intoscana.it\/wp-content\/uploads\/Ragazza-con-mascherina-Alexander-Aashiesh-Unsplash.jpg\" \/>\n\t<meta property=\"og:image:width\" content=\"1920\" \/>\n\t<meta property=\"og:image:height\" content=\"1280\" \/>\n\t<meta property=\"og:image:type\" content=\"image\/jpeg\" \/>\n<meta name=\"author\" content=\"Redazione\" \/>\n<meta name=\"twitter:card\" content=\"summary_large_image\" \/>\n<meta name=\"twitter:creator\" content=\"@intoscana\" \/>\n<meta name=\"twitter:site\" content=\"@intoscana\" \/>\n<meta name=\"twitter:label1\" content=\"Written by\" \/>\n\t<meta name=\"twitter:data1\" content=\"Redazione\" \/>\n\t<meta name=\"twitter:label2\" content=\"Est. reading time\" \/>\n\t<meta name=\"twitter:data2\" content=\"3 minuti\" \/>\n<script type=\"application\/ld+json\" class=\"yoast-schema-graph\">{\"@context\":\"https:\/\/schema.org\",\"@graph\":[{\"@type\":\"WebPage\",\"@id\":\"https:\/\/www.intoscana.it\/it\/covid-19-in-toscana-4-011-nuovi-casi-eta-media-44-anni-i-decessi-sono-quattordici\/\",\"url\":\"https:\/\/www.intoscana.it\/it\/covid-19-in-toscana-4-011-nuovi-casi-eta-media-44-anni-i-decessi-sono-quattordici\/\",\"name\":\"Covid-19: in Toscana 4.011 nuovi casi, et\u00e0 media 44 anni. I decessi sono quattordici - intoscana\",\"isPartOf\":{\"@id\":\"https:\/\/www.intoscana.it\/it\/#website\"},\"primaryImageOfPage\":{\"@id\":\"https:\/\/www.intoscana.it\/it\/covid-19-in-toscana-4-011-nuovi-casi-eta-media-44-anni-i-decessi-sono-quattordici\/#primaryimage\"},\"image\":{\"@id\":\"https:\/\/www.intoscana.it\/it\/covid-19-in-toscana-4-011-nuovi-casi-eta-media-44-anni-i-decessi-sono-quattordici\/#primaryimage\"},\"thumbnailUrl\":\"https:\/\/www.intoscana.it\/wp-content\/uploads\/Ragazza-con-mascherina-Alexander-Aashiesh-Unsplash.jpg\",\"datePublished\":\"2022-04-13T11:15:39+00:00\",\"dateModified\":\"2022-04-14T13:23:48+00:00\",\"author\":{\"@id\":\"https:\/\/www.intoscana.it\/it\/#\/schema\/person\/9223810753230f20bd670fdd322661f8\"},\"description\":\"I ricoverati sono 809 (36 in meno rispetto a ieri), di cui 35 in terapia intensiva (3 in meno)\",\"breadcrumb\":{\"@id\":\"https:\/\/www.intoscana.it\/it\/covid-19-in-toscana-4-011-nuovi-casi-eta-media-44-anni-i-decessi-sono-quattordici\/#breadcrumb\"},\"inLanguage\":\"it-IT\",\"potentialAction\":[{\"@type\":\"ReadAction\",\"target\":[\"https:\/\/www.intoscana.it\/it\/covid-19-in-toscana-4-011-nuovi-casi-eta-media-44-anni-i-decessi-sono-quattordici\/\"]}]},{\"@type\":\"ImageObject\",\"inLanguage\":\"it-IT\",\"@id\":\"https:\/\/www.intoscana.it\/it\/covid-19-in-toscana-4-011-nuovi-casi-eta-media-44-anni-i-decessi-sono-quattordici\/#primaryimage\",\"url\":\"https:\/\/www.intoscana.it\/wp-content\/uploads\/Ragazza-con-mascherina-Alexander-Aashiesh-Unsplash.jpg\",\"contentUrl\":\"https:\/\/www.intoscana.it\/wp-content\/uploads\/Ragazza-con-mascherina-Alexander-Aashiesh-Unsplash.jpg\",\"width\":1920,\"height\":1280,\"caption\":\"Ragazza con mascherina\"},{\"@type\":\"BreadcrumbList\",\"@id\":\"https:\/\/www.intoscana.it\/it\/covid-19-in-toscana-4-011-nuovi-casi-eta-media-44-anni-i-decessi-sono-quattordici\/#breadcrumb\",\"itemListElement\":[{\"@type\":\"ListItem\",\"position\":1,\"name\":\"Home\",\"item\":\"https:\/\/www.intoscana.it\/it\/\"},{\"@type\":\"ListItem\",\"position\":2,\"name\":\"Covid-19: in Toscana 4.011 nuovi casi, et\u00e0 media 44 anni. I decessi sono quattordici\"}]},{\"@type\":\"WebSite\",\"@id\":\"https:\/\/www.intoscana.it\/it\/#website\",\"url\":\"https:\/\/www.intoscana.it\/it\/\",\"name\":\"intoscana\",\"description\":\"\",\"potentialAction\":[{\"@type\":\"SearchAction\",\"target\":{\"@type\":\"EntryPoint\",\"urlTemplate\":\"https:\/\/www.intoscana.it\/it\/?s={search_term_string}\"},\"query-input\":{\"@type\":\"PropertyValueSpecification\",\"valueRequired\":true,\"valueName\":\"search_term_string\"}}],\"inLanguage\":\"it-IT\"},{\"@type\":\"Person\",\"@id\":\"https:\/\/www.intoscana.it\/it\/#\/schema\/person\/9223810753230f20bd670fdd322661f8\",\"name\":\"Redazione\",\"url\":\"https:\/\/www.intoscana.it\/it\/author\/redazione\/\"}]}<\/script>\n<!-- \/ Yoast SEO Premium plugin. -->","yoast_head_json":{"title":"Covid-19: in Toscana 4.011 nuovi casi, et\u00e0 media 44 anni. I decessi sono quattordici - intoscana","description":"I ricoverati sono 809 (36 in meno rispetto a ieri), di cui 35 in terapia intensiva (3 in meno)","robots":{"index":"index","follow":"follow","max-snippet":"max-snippet:-1","max-image-preview":"max-image-preview:large","max-video-preview":"max-video-preview:-1"},"canonical":"https:\/\/www.intoscana.it\/it\/covid-19-in-toscana-4-011-nuovi-casi-eta-media-44-anni-i-decessi-sono-quattordici\/","og_locale":"it_IT","og_type":"article","og_title":"Covid-19: in Toscana 4.011 nuovi casi, et\u00e0 media 44 anni. I decessi sono quattordici","og_description":"I ricoverati sono 809 (36 in meno rispetto a ieri), di cui 35 in terapia intensiva (3 in meno)","og_url":"https:\/\/www.intoscana.it\/it\/covid-19-in-toscana-4-011-nuovi-casi-eta-media-44-anni-i-decessi-sono-quattordici\/","og_site_name":"intoscana","article_publisher":"https:\/\/www.facebook.com\/intoscana.it","article_published_time":"2022-04-13T11:15:39+00:00","article_modified_time":"2022-04-14T13:23:48+00:00","og_image":[{"width":1920,"height":1280,"url":"https:\/\/www.intoscana.it\/wp-content\/uploads\/Ragazza-con-mascherina-Alexander-Aashiesh-Unsplash.jpg","type":"image\/jpeg"}],"author":"Redazione","twitter_card":"summary_large_image","twitter_creator":"@intoscana","twitter_site":"@intoscana","twitter_misc":{"Written by":"Redazione","Est. reading time":"3 minuti"},"schema":{"@context":"https:\/\/schema.org","@graph":[{"@type":"WebPage","@id":"https:\/\/www.intoscana.it\/it\/covid-19-in-toscana-4-011-nuovi-casi-eta-media-44-anni-i-decessi-sono-quattordici\/","url":"https:\/\/www.intoscana.it\/it\/covid-19-in-toscana-4-011-nuovi-casi-eta-media-44-anni-i-decessi-sono-quattordici\/","name":"Covid-19: in Toscana 4.011 nuovi casi, et\u00e0 media 44 anni. I decessi sono quattordici - intoscana","isPartOf":{"@id":"https:\/\/www.intoscana.it\/it\/#website"},"primaryImageOfPage":{"@id":"https:\/\/www.intoscana.it\/it\/covid-19-in-toscana-4-011-nuovi-casi-eta-media-44-anni-i-decessi-sono-quattordici\/#primaryimage"},"image":{"@id":"https:\/\/www.intoscana.it\/it\/covid-19-in-toscana-4-011-nuovi-casi-eta-media-44-anni-i-decessi-sono-quattordici\/#primaryimage"},"thumbnailUrl":"https:\/\/www.intoscana.it\/wp-content\/uploads\/Ragazza-con-mascherina-Alexander-Aashiesh-Unsplash.jpg","datePublished":"2022-04-13T11:15:39+00:00","dateModified":"2022-04-14T13:23:48+00:00","author":{"@id":"https:\/\/www.intoscana.it\/it\/#\/schema\/person\/9223810753230f20bd670fdd322661f8"},"description":"I ricoverati sono 809 (36 in meno rispetto a ieri), di cui 35 in terapia intensiva (3 in meno)","breadcrumb":{"@id":"https:\/\/www.intoscana.it\/it\/covid-19-in-toscana-4-011-nuovi-casi-eta-media-44-anni-i-decessi-sono-quattordici\/#breadcrumb"},"inLanguage":"it-IT","potentialAction":[{"@type":"ReadAction","target":["https:\/\/www.intoscana.it\/it\/covid-19-in-toscana-4-011-nuovi-casi-eta-media-44-anni-i-decessi-sono-quattordici\/"]}]},{"@type":"ImageObject","inLanguage":"it-IT","@id":"https:\/\/www.intoscana.it\/it\/covid-19-in-toscana-4-011-nuovi-casi-eta-media-44-anni-i-decessi-sono-quattordici\/#primaryimage","url":"https:\/\/www.intoscana.it\/wp-content\/uploads\/Ragazza-con-mascherina-Alexander-Aashiesh-Unsplash.jpg","contentUrl":"https:\/\/www.intoscana.it\/wp-content\/uploads\/Ragazza-con-mascherina-Alexander-Aashiesh-Unsplash.jpg","width":1920,"height":1280,"caption":"Ragazza con mascherina"},{"@type":"BreadcrumbList","@id":"https:\/\/www.intoscana.it\/it\/covid-19-in-toscana-4-011-nuovi-casi-eta-media-44-anni-i-decessi-sono-quattordici\/#breadcrumb","itemListElement":[{"@type":"ListItem","position":1,"name":"Home","item":"https:\/\/www.intoscana.it\/it\/"},{"@type":"ListItem","position":2,"name":"Covid-19: in Toscana 4.011 nuovi casi, et\u00e0 media 44 anni. I decessi sono quattordici"}]},{"@type":"WebSite","@id":"https:\/\/www.intoscana.it\/it\/#website","url":"https:\/\/www.intoscana.it\/it\/","name":"intoscana","description":"","potentialAction":[{"@type":"SearchAction","target":{"@type":"EntryPoint","urlTemplate":"https:\/\/www.intoscana.it\/it\/?s={search_term_string}"},"query-input":{"@type":"PropertyValueSpecification","valueRequired":true,"valueName":"search_term_string"}}],"inLanguage":"it-IT"},{"@type":"Person","@id":"https:\/\/www.intoscana.it\/it\/#\/schema\/person\/9223810753230f20bd670fdd322661f8","name":"Redazione","url":"https:\/\/www.intoscana.it\/it\/author\/redazione\/"}]}},"_links":{"self":[{"href":"https:\/\/www.intoscana.it\/it\/wp-json\/wp\/v2\/posts\/223498","targetHints":{"allow":["GET"]}}],"collection":[{"href":"https:\/\/www.intoscana.it\/it\/wp-json\/wp\/v2\/posts"}],"about":[{"href":"https:\/\/www.intoscana.it\/it\/wp-json\/wp\/v2\/types\/post"}],"author":[{"embeddable":true,"href":"https:\/\/www.intoscana.it\/it\/wp-json\/wp\/v2\/users\/525"}],"replies":[{"embeddable":true,"href":"https:\/\/www.intoscana.it\/it\/wp-json\/wp\/v2\/comments?post=223498"}],"version-history":[{"count":0,"href":"https:\/\/www.intoscana.it\/it\/wp-json\/wp\/v2\/posts\/223498\/revisions"}],"wp:featuredmedia":[{"embeddable":true,"href":"https:\/\/www.intoscana.it\/it\/wp-json\/wp\/v2\/media\/187107"}],"wp:attachment":[{"href":"https:\/\/www.intoscana.it\/it\/wp-json\/wp\/v2\/media?parent=223498"}],"wp:term":[{"taxonomy":"category","embeddable":true,"href":"https:\/\/www.intoscana.it\/it\/wp-json\/wp\/v2\/categories?post=223498"},{"taxonomy":"post_tag","embeddable":true,"href":"https:\/\/www.intoscana.it\/it\/wp-json\/wp\/v2\/tags?post=223498"}],"curies":[{"name":"wp","href":"https:\/\/api.w.org\/{rel}","templated":true}]}}