{"id":223667,"date":"2022-04-14T11:11:04","date_gmt":"2022-04-14T09:11:04","guid":{"rendered":"https:\/\/www.intoscana.it\/it\/?p=223667"},"modified":"2022-04-14T12:56:27","modified_gmt":"2022-04-14T10:56:27","slug":"francesco-gabbani-tour-concerti","status":"publish","type":"post","link":"https:\/\/www.intoscana.it\/it\/francesco-gabbani-tour-concerti\/","title":{"rendered":"Francesco Gabbani inizia l&#8217;Instore Tour dalla sua citt\u00e0 Carrara"},"content":{"rendered":"<p>\u00c8 un momento <em><strong>&#8220;magico&#8221;<\/strong> <\/em>per il cantante toscano <strong>Francesco Gabbani<\/strong>.<\/p>\n<p>Dopo il debutto come conduttore su <strong>Rai1<\/strong> per il programma in prima serata<em><strong> \u201cCi vuole un fiore\u201d<\/strong><\/em>\u00a0<strong>il primo &#8220;show green&#8221; della televisione italiana<\/strong> che parla di sostenibilit\u00e0 e di tematiche ambientali, il cantautore pubblicher\u00e0 <strong>il 22 aprile<\/strong> il suo nuovo album\u00a0<em><strong>\u201cVolevamo Solo Essere Felici\u201d.<\/strong><\/em><\/p>\n<p>Ma non \u00e8 finita qui! Dopo aver <strong>rimandato all&#8217;autunno il tour nei Palasport<\/strong> Gabbani non deluder\u00e0 i suoi fan e partir\u00e0 per <strong>un tour &#8220;instore&#8221; nelle principali librerie italiane.<\/strong><\/p>\n<p>Il <strong>22 aprile<\/strong> il cantante sar\u00e0 a Milano al Mondadori Megastore,<strong> il 23 aprile Gabbani sar\u00e0 nella sua citt\u00e0: Carrara.<\/strong><\/p>\n<p>Seguiranno poi: Torino, Roma, Verona,<strong>\u00a0Firenze il 3 maggio alla Libreria LaFeltrinelli RED<\/strong>, Bologna, Napoli, Bari, Lecce, Palermo, il tour si chiuder\u00e0 a Catania il 17 maggio.<\/p>\n<p><iframe loading=\"lazy\" title=\"YouTube video player\" src=\"https:\/\/www.youtube.com\/embed\/hzbeuGP5xEs\" width=\"800\" height=\"500\" frameborder=\"0\" allowfullscreen=\"allowfullscreen\"><span data-mce-type=\"bookmark\" style=\"display: inline-block; width: 0px; overflow: hidden; line-height: 0;\" class=\"mce_SELRES_start\">\ufeff<\/span><\/iframe><\/p>\n<h3>Il nuovo disco: Volevamo solo essere felici<\/h3>\n<p>A distanza di due anni da <em><strong>\u201cViceversa\u201d<\/strong><\/em>, Francesco Gabbani torna con un nuovo album, il quinto lavoro in studio, dal titolo <em><strong>\u201cVolevamo Solo Essere Felici\u201d<\/strong><\/em>.<\/p>\n<p>L\u2019album uscir\u00e0 in tre versioni: Cd, vinile standard e vinile in edizione limitata e numerata contenente una bonus track.<\/p>\n<p><strong>Il disco contiene dieci brani<\/strong> ed \u00e8 stato anticipato dalla pubblicazione del singolo uscito a met\u00e0 marzo nelle radio e sulle piattaforme digitali.<\/p>\n<p><em><strong>\u201cVolevamo Solo Essere Felici\u201d<\/strong> <\/em>\u00e8 un disco di analisi personale e soggettiva.\u00a0Gabbani punta il microscopio verso se stesso e verso le vibrazioni del proprio io interiore.<\/p>\n<p>Ad alcuni brani energici, si alternano<strong> pezzi pi\u00f9 riflessivi,<\/strong> dove la ricerca del testo si sposa con melodie raffinate, un nuovo colore musicale con cui il cantautore sceglie di presentare le sue nuove composizioni.<\/p>\n<p>La tracklist dell\u2019album contiene le canzoni: <strong>Tossico indipendente, Volevamo solo essere felici, Peace and Love, L&#8217;amor leggero, Spazio tempo, La rete, Puntino intergalattico, Sangue Darwiniano, Sorpresa improvvisa.<\/strong><\/p>\n<h3>Il tour nei Palazzetti<\/h3>\n<p><strong>Francesco Gabbani<\/strong> torner\u00e0 dal vivo il prossimo autunno con due grandi eventi prodotti da Vivo Concerti: <strong>1\u00b0 ottobre 2022 al Mediolanum Forum di Assago<\/strong> e l\u2019<strong>8 ottobre<\/strong> 2022 al <strong>Palazzo dello Sport di Roma.<\/strong><\/p>\n","protected":false},"excerpt":{"rendered":"<p>Dopo il debutto in Rai con il programma green &#8220;Ci vuole un fiore&#8221; il cantautore parte in tour nelle librerie, il 23 aprile suoner\u00e0 in Toscana<\/p>\n","protected":false},"author":518,"featured_media":223467,"comment_status":"open","ping_status":"open","sticky":false,"template":"","format":"standard","meta":{"_acf_changed":false,"footnotes":""},"categories":[14],"tags":[216],"class_list":["post-223667","post","type-post","status-publish","format-standard","has-post-thumbnail","hentry","category-musica","tag-concerti"],"acf":[],"yoast_head":"<!-- This site is optimized with the Yoast SEO Premium plugin v24.2 (Yoast SEO v25.6) - https:\/\/yoast.com\/wordpress\/plugins\/seo\/ -->\n<title>Francesco Gabbani inizia l&#039;Instore Tour dalla sua citt\u00e0 Carrara - intoscana<\/title>\n<meta name=\"description\" content=\"Dopo il debutto in Rai con il programma green &quot;Ci vuole un fiore&quot; il cantautore parte in tour nelle librerie, il 23 aprile suoner\u00e0 in Toscana\" \/>\n<meta name=\"robots\" content=\"index, follow, max-snippet:-1, max-image-preview:large, max-video-preview:-1\" \/>\n<link rel=\"canonical\" href=\"https:\/\/www.intoscana.it\/it\/francesco-gabbani-tour-concerti\/\" \/>\n<meta property=\"og:locale\" content=\"it_IT\" \/>\n<meta property=\"og:type\" content=\"article\" \/>\n<meta property=\"og:title\" content=\"Francesco Gabbani inizia l&#039;Instore Tour dalla sua citt\u00e0 Carrara\" \/>\n<meta property=\"og:description\" content=\"Dopo il debutto in Rai con il programma green &quot;Ci vuole un fiore&quot; il cantautore parte in tour nelle librerie, il 23 aprile suoner\u00e0 in Toscana\" \/>\n<meta property=\"og:url\" content=\"https:\/\/www.intoscana.it\/it\/francesco-gabbani-tour-concerti\/\" \/>\n<meta property=\"og:site_name\" content=\"intoscana\" \/>\n<meta property=\"article:publisher\" content=\"https:\/\/www.facebook.com\/intoscana.it\" \/>\n<meta property=\"article:published_time\" content=\"2022-04-14T09:11:04+00:00\" \/>\n<meta property=\"article:modified_time\" content=\"2022-04-14T10:56:27+00:00\" \/>\n<meta property=\"og:image\" content=\"https:\/\/www.intoscana.it\/wp-content\/uploads\/278175522_537742117722284_2404543576992725226_n.jpeg\" \/>\n\t<meta property=\"og:image:width\" content=\"2048\" \/>\n\t<meta property=\"og:image:height\" content=\"1365\" \/>\n\t<meta property=\"og:image:type\" content=\"image\/jpeg\" \/>\n<meta name=\"author\" content=\"Costanza Baldini\" \/>\n<meta name=\"twitter:card\" content=\"summary_large_image\" \/>\n<meta name=\"twitter:creator\" content=\"@intoscana\" \/>\n<meta name=\"twitter:site\" content=\"@intoscana\" \/>\n<meta name=\"twitter:label1\" content=\"Written by\" \/>\n\t<meta name=\"twitter:data1\" content=\"Costanza Baldini\" \/>\n\t<meta name=\"twitter:label2\" content=\"Est. reading time\" \/>\n\t<meta name=\"twitter:data2\" content=\"2 minuti\" \/>\n<script type=\"application\/ld+json\" class=\"yoast-schema-graph\">{\"@context\":\"https:\/\/schema.org\",\"@graph\":[{\"@type\":\"WebPage\",\"@id\":\"https:\/\/www.intoscana.it\/it\/francesco-gabbani-tour-concerti\/\",\"url\":\"https:\/\/www.intoscana.it\/it\/francesco-gabbani-tour-concerti\/\",\"name\":\"Francesco Gabbani inizia l'Instore Tour dalla sua citt\u00e0 Carrara - intoscana\",\"isPartOf\":{\"@id\":\"https:\/\/www.intoscana.it\/it\/#website\"},\"primaryImageOfPage\":{\"@id\":\"https:\/\/www.intoscana.it\/it\/francesco-gabbani-tour-concerti\/#primaryimage\"},\"image\":{\"@id\":\"https:\/\/www.intoscana.it\/it\/francesco-gabbani-tour-concerti\/#primaryimage\"},\"thumbnailUrl\":\"https:\/\/www.intoscana.it\/wp-content\/uploads\/278175522_537742117722284_2404543576992725226_n.jpeg\",\"datePublished\":\"2022-04-14T09:11:04+00:00\",\"dateModified\":\"2022-04-14T10:56:27+00:00\",\"author\":{\"@id\":\"https:\/\/www.intoscana.it\/it\/#\/schema\/person\/d469f35f09739bdf00bf5dd3f0647a82\"},\"description\":\"Dopo il debutto in Rai con il programma green \\\"Ci vuole un fiore\\\" il cantautore parte in tour nelle librerie, il 23 aprile suoner\u00e0 in Toscana\",\"breadcrumb\":{\"@id\":\"https:\/\/www.intoscana.it\/it\/francesco-gabbani-tour-concerti\/#breadcrumb\"},\"inLanguage\":\"it-IT\",\"potentialAction\":[{\"@type\":\"ReadAction\",\"target\":[\"https:\/\/www.intoscana.it\/it\/francesco-gabbani-tour-concerti\/\"]}]},{\"@type\":\"ImageObject\",\"inLanguage\":\"it-IT\",\"@id\":\"https:\/\/www.intoscana.it\/it\/francesco-gabbani-tour-concerti\/#primaryimage\",\"url\":\"https:\/\/www.intoscana.it\/wp-content\/uploads\/278175522_537742117722284_2404543576992725226_n.jpeg\",\"contentUrl\":\"https:\/\/www.intoscana.it\/wp-content\/uploads\/278175522_537742117722284_2404543576992725226_n.jpeg\",\"width\":2048,\"height\":1365,\"caption\":\"Francesco Gabbani\"},{\"@type\":\"BreadcrumbList\",\"@id\":\"https:\/\/www.intoscana.it\/it\/francesco-gabbani-tour-concerti\/#breadcrumb\",\"itemListElement\":[{\"@type\":\"ListItem\",\"position\":1,\"name\":\"Home\",\"item\":\"https:\/\/www.intoscana.it\/it\/\"},{\"@type\":\"ListItem\",\"position\":2,\"name\":\"Francesco Gabbani inizia l&#8217;Instore Tour dalla sua citt\u00e0 Carrara\"}]},{\"@type\":\"WebSite\",\"@id\":\"https:\/\/www.intoscana.it\/it\/#website\",\"url\":\"https:\/\/www.intoscana.it\/it\/\",\"name\":\"intoscana\",\"description\":\"\",\"potentialAction\":[{\"@type\":\"SearchAction\",\"target\":{\"@type\":\"EntryPoint\",\"urlTemplate\":\"https:\/\/www.intoscana.it\/it\/?s={search_term_string}\"},\"query-input\":{\"@type\":\"PropertyValueSpecification\",\"valueRequired\":true,\"valueName\":\"search_term_string\"}}],\"inLanguage\":\"it-IT\"},{\"@type\":\"Person\",\"@id\":\"https:\/\/www.intoscana.it\/it\/#\/schema\/person\/d469f35f09739bdf00bf5dd3f0647a82\",\"name\":\"Costanza Baldini\",\"url\":\"https:\/\/www.intoscana.it\/it\/author\/costanza-baldini\/\"}]}<\/script>\n<!-- \/ Yoast SEO Premium plugin. -->","yoast_head_json":{"title":"Francesco Gabbani inizia l'Instore Tour dalla sua citt\u00e0 Carrara - intoscana","description":"Dopo il debutto in Rai con il programma green \"Ci vuole un fiore\" il cantautore parte in tour nelle librerie, il 23 aprile suoner\u00e0 in Toscana","robots":{"index":"index","follow":"follow","max-snippet":"max-snippet:-1","max-image-preview":"max-image-preview:large","max-video-preview":"max-video-preview:-1"},"canonical":"https:\/\/www.intoscana.it\/it\/francesco-gabbani-tour-concerti\/","og_locale":"it_IT","og_type":"article","og_title":"Francesco Gabbani inizia l'Instore Tour dalla sua citt\u00e0 Carrara","og_description":"Dopo il debutto in Rai con il programma green \"Ci vuole un fiore\" il cantautore parte in tour nelle librerie, il 23 aprile suoner\u00e0 in Toscana","og_url":"https:\/\/www.intoscana.it\/it\/francesco-gabbani-tour-concerti\/","og_site_name":"intoscana","article_publisher":"https:\/\/www.facebook.com\/intoscana.it","article_published_time":"2022-04-14T09:11:04+00:00","article_modified_time":"2022-04-14T10:56:27+00:00","og_image":[{"width":2048,"height":1365,"url":"https:\/\/www.intoscana.it\/wp-content\/uploads\/278175522_537742117722284_2404543576992725226_n.jpeg","type":"image\/jpeg"}],"author":"Costanza Baldini","twitter_card":"summary_large_image","twitter_creator":"@intoscana","twitter_site":"@intoscana","twitter_misc":{"Written by":"Costanza Baldini","Est. reading time":"2 minuti"},"schema":{"@context":"https:\/\/schema.org","@graph":[{"@type":"WebPage","@id":"https:\/\/www.intoscana.it\/it\/francesco-gabbani-tour-concerti\/","url":"https:\/\/www.intoscana.it\/it\/francesco-gabbani-tour-concerti\/","name":"Francesco Gabbani inizia l'Instore Tour dalla sua citt\u00e0 Carrara - intoscana","isPartOf":{"@id":"https:\/\/www.intoscana.it\/it\/#website"},"primaryImageOfPage":{"@id":"https:\/\/www.intoscana.it\/it\/francesco-gabbani-tour-concerti\/#primaryimage"},"image":{"@id":"https:\/\/www.intoscana.it\/it\/francesco-gabbani-tour-concerti\/#primaryimage"},"thumbnailUrl":"https:\/\/www.intoscana.it\/wp-content\/uploads\/278175522_537742117722284_2404543576992725226_n.jpeg","datePublished":"2022-04-14T09:11:04+00:00","dateModified":"2022-04-14T10:56:27+00:00","author":{"@id":"https:\/\/www.intoscana.it\/it\/#\/schema\/person\/d469f35f09739bdf00bf5dd3f0647a82"},"description":"Dopo il debutto in Rai con il programma green \"Ci vuole un fiore\" il cantautore parte in tour nelle librerie, il 23 aprile suoner\u00e0 in Toscana","breadcrumb":{"@id":"https:\/\/www.intoscana.it\/it\/francesco-gabbani-tour-concerti\/#breadcrumb"},"inLanguage":"it-IT","potentialAction":[{"@type":"ReadAction","target":["https:\/\/www.intoscana.it\/it\/francesco-gabbani-tour-concerti\/"]}]},{"@type":"ImageObject","inLanguage":"it-IT","@id":"https:\/\/www.intoscana.it\/it\/francesco-gabbani-tour-concerti\/#primaryimage","url":"https:\/\/www.intoscana.it\/wp-content\/uploads\/278175522_537742117722284_2404543576992725226_n.jpeg","contentUrl":"https:\/\/www.intoscana.it\/wp-content\/uploads\/278175522_537742117722284_2404543576992725226_n.jpeg","width":2048,"height":1365,"caption":"Francesco Gabbani"},{"@type":"BreadcrumbList","@id":"https:\/\/www.intoscana.it\/it\/francesco-gabbani-tour-concerti\/#breadcrumb","itemListElement":[{"@type":"ListItem","position":1,"name":"Home","item":"https:\/\/www.intoscana.it\/it\/"},{"@type":"ListItem","position":2,"name":"Francesco Gabbani inizia l&#8217;Instore Tour dalla sua citt\u00e0 Carrara"}]},{"@type":"WebSite","@id":"https:\/\/www.intoscana.it\/it\/#website","url":"https:\/\/www.intoscana.it\/it\/","name":"intoscana","description":"","potentialAction":[{"@type":"SearchAction","target":{"@type":"EntryPoint","urlTemplate":"https:\/\/www.intoscana.it\/it\/?s={search_term_string}"},"query-input":{"@type":"PropertyValueSpecification","valueRequired":true,"valueName":"search_term_string"}}],"inLanguage":"it-IT"},{"@type":"Person","@id":"https:\/\/www.intoscana.it\/it\/#\/schema\/person\/d469f35f09739bdf00bf5dd3f0647a82","name":"Costanza Baldini","url":"https:\/\/www.intoscana.it\/it\/author\/costanza-baldini\/"}]}},"_links":{"self":[{"href":"https:\/\/www.intoscana.it\/it\/wp-json\/wp\/v2\/posts\/223667","targetHints":{"allow":["GET"]}}],"collection":[{"href":"https:\/\/www.intoscana.it\/it\/wp-json\/wp\/v2\/posts"}],"about":[{"href":"https:\/\/www.intoscana.it\/it\/wp-json\/wp\/v2\/types\/post"}],"author":[{"embeddable":true,"href":"https:\/\/www.intoscana.it\/it\/wp-json\/wp\/v2\/users\/518"}],"replies":[{"embeddable":true,"href":"https:\/\/www.intoscana.it\/it\/wp-json\/wp\/v2\/comments?post=223667"}],"version-history":[{"count":0,"href":"https:\/\/www.intoscana.it\/it\/wp-json\/wp\/v2\/posts\/223667\/revisions"}],"wp:featuredmedia":[{"embeddable":true,"href":"https:\/\/www.intoscana.it\/it\/wp-json\/wp\/v2\/media\/223467"}],"wp:attachment":[{"href":"https:\/\/www.intoscana.it\/it\/wp-json\/wp\/v2\/media?parent=223667"}],"wp:term":[{"taxonomy":"category","embeddable":true,"href":"https:\/\/www.intoscana.it\/it\/wp-json\/wp\/v2\/categories?post=223667"},{"taxonomy":"post_tag","embeddable":true,"href":"https:\/\/www.intoscana.it\/it\/wp-json\/wp\/v2\/tags?post=223667"}],"curies":[{"name":"wp","href":"https:\/\/api.w.org\/{rel}","templated":true}]}}