{"id":223708,"date":"2022-04-14T12:04:27","date_gmt":"2022-04-14T10:04:27","guid":{"rendered":"https:\/\/www.intoscana.it\/it\/?p=223708"},"modified":"2022-04-14T12:33:18","modified_gmt":"2022-04-14T10:33:18","slug":"motta-concerto-livorno","status":"publish","type":"post","link":"https:\/\/www.intoscana.it\/it\/motta-concerto-livorno\/","title":{"rendered":"Motta al The Cage di Livorno: &#8220;Non ci siamo dimenticati come si fanno i concerti&#8221;"},"content":{"rendered":"<p><strong>Sabato 16 aprile<\/strong>\u00a0arriva al <strong>The Cage di Livorno<\/strong>\u00a0il tour nei club di <strong>Motta<\/strong>\u00a0che a distanza di tre anni torna nella sua<strong> Livorno,<\/strong> in quella che lui stesso ha definito in una canzone <em><strong>\u201cuna citt\u00e0 strana, piena di gambe nude e personalissime posture\u201d.\u00a0<\/strong><\/em><\/p>\n<p>Partito il 30 marzo da Roma, il tour organizzato da <strong>Locusta Booking<\/strong> sta toccando <strong>tutte le pi\u00f9 importanti citt\u00e0 italiane<\/strong> permettendo all\u2019artista di portare in giro per club tutti i suoi ultimi anni di <strong>musica, canzoni, concerti e dischi.<\/strong>\u00a0Dopo Livorno il tour toccher\u00e0 <strong>il 23 aprile Pistoia e il 29 aprile Firenze.<\/strong><\/p>\n<p>Insieme a Motta (voce, chitarra acustica e percussioni), saliranno sul palco\u00a0<strong>Cesare Petulicchio<\/strong> (batteria), <strong>Giorgio Maria Condemi<\/strong> (chitarre), <strong>Carmine Iuvone<\/strong> (violoncello), <strong>Matteo Scannicchio<\/strong> (tastiere\/elettronica) e <strong>Francesco Chimenti<\/strong> (basso\/violoncello).<\/p>\n<p>Dopo una ricca parabola artistica che l\u2019ha visto in breve tempo vincere<strong> due volte la Targa Tenco<\/strong> per due dischi consecutivi (<em><strong>\u201cLa fine dei vent\u2019anni\u201d<\/strong><\/em> del 2016 e <strong>\u201cVivere o morire\u201d<\/strong> del 2018, prima volta che accade in tutta la storia della manifestazione) e calcare il palco dell\u2019Ariston al <strong>Festival di Sanremo<\/strong> del 2019, Motta \u00e8 diventato un punto di riferimento per una generazione di amanti del <strong>cantautorato italiano e del rock.<\/strong><\/p>\n<p>Una carriera piena di soddisfazioni e successo di fan e di critica fino a<em><strong> \u201cSemplice\u201d,<\/strong><\/em> il terzo album dell\u2019artista, uscito nel 2021 per la Sugar.<\/p>\n<p>Il <strong>polistrumentista nato a Pisa<\/strong> da genitori livornesi racconta nelle sue canzoni un percorso di crescita che \u00e8 artistico, ma anche personale, attraverso la riscoperta delle cose semplici e il ritorno ad esse.<\/p>\n<p>Da poco \u00e8 uscito il singolo <em><strong>&#8220;Caro fottutissimo amico&#8221;<\/strong> <\/em>realizzato da Francesco con <strong>Andrea Appino<\/strong> il leader dei <strong>The Zen Circus<\/strong>. 12 minuti che raccontano<strong> un&#8217;amicizia lunga 20 anni.<\/strong><\/p>\n<h3>Ecco la nostra intervista<\/h3>\n<p><strong>Ciao Francesco come stai?<\/strong><\/p>\n<p>In forma smagliante!<\/p>\n<p><strong>So che \u00e8 iniziato da pochissimo il nuovo tour, tu hai scritto su\u00a0<\/strong><b>Facebook: <em>&#8220;Non ci siamo dimenticati come si fanno i concerti&#8221;<\/em><\/b><\/p>\n<p>S\u00ec, e penso che anche le persone non si sono dimenticate come si va a vedere i concerti. Fortunatamente <strong>\u00e8 sempre un&#8217;emozione fortissima ritrovarsi a fare un certo tipo di concerto nei club.<\/strong> L&#8217;estate scorsa <strong>ho suonato ma non era la stessa cosa, per niente<\/strong>. Nella parentesi estiva c&#8217;erano tutte le persone sedute e allo stesso tempo il giorno dopo vedevamo i festeggiamenti per gli Europei e noi non capivamo perch\u00e8 alcune cose si potevano fare, altre no. Quello che \u00e8 successo in questi primi concerti \u00e8 stato proprio ritornare a fare i concerti come si deve, anche con il ritorno non solo di gente che balla e canta, ma anche il ritorno di una comunit\u00e0. <strong>La musica \u00e8 anche quello sentirsi parte di una comunit\u00e0. L&#8217;estate scorsa \u00e8 stato come vedere tante persone insieme ma sole.<\/strong><\/p>\n<p><strong><p><span class=\"citazione\"> La musica \u00e8 anche sentirsi parte di una comunit\u00e0. L&#8217;estate scorsa \u00e8 stato come vedere tante persone insieme ma sole.<\/span><\/p><\/strong><\/p>\n<p><strong>\u00c8\u00a0appena uscito <em>&#8220;Caro fottutissimo amico&#8221;<\/em> il pezzo che hai scritto con Appino, cosa c&#8217;\u00e8 dentro questa canzone?<\/strong><\/p>\n<p>C&#8217;\u00e8 tutto, la cosa bella \u00e8 che volevamo in qualche modo avere uno sguardo verso il futuro, non era nostra intenzione sembrare nostalgici e raccontare quello che io e Andrea sappiamo che abbiamo vissuto insieme. Si parte da un passato in comune ma con<strong> la convinzione di essere ancora insieme in futuro<\/strong>. Con gli Zen ci conosciamo da tantissimo tempo ma non avevamo mai fatto una canzone insieme, scritta a quattro mani. <strong>Per me \u00e8 stato meraviglioso.<\/strong><\/p>\n<p><iframe loading=\"lazy\" title=\"YouTube video player\" src=\"https:\/\/www.youtube.com\/embed\/V01GVr4W2jg\" width=\"800\" height=\"500\" frameborder=\"0\" allowfullscreen=\"allowfullscreen\"><span data-mce-type=\"bookmark\" style=\"display: inline-block; width: 0px; overflow: hidden; line-height: 0;\" class=\"mce_SELRES_start\">\ufeff<\/span><\/iframe><\/p>\n<p><strong>Nel pezzo tu canti <em>&#8220;Penso a come ci siamo salvati, forse \u00e8 cambiata l&#8217;illusione di restare soli. Quello che prima era importante ora non lo \u00e8, l&#8217;abbiamo fatto ma senza chiederci perch\u00e8. Ma nello stesso sogno siamo ancora qua a difendere un&#8217;altra stupida libert\u00e0&#8221;,<\/em> \u00e8 facile leggerci la descrizione di quello che abbiamo passato negli ultimi due anni con la pandemia<\/strong><\/p>\n<p>La pandemia ha portato a incanalare i testi che parlano di altro in quell&#8217;argomento. Per\u00f2 non parla di quello, <strong>parla di come cambiano le relazioni di amicizia in relazione a quanto cambiamo noi<\/strong>. Io e Andrea siamo cambiati e il fatto di essere cambiati ed essere ancora insieme secondo me \u00e8 una cosa meravigliosa per un&#8217;amicizia.<\/p>\n<p><strong><em>La fine dei vent&#8217;anni, Vivere e morire <\/em>e<em> Semplice<\/em> sono i tuoi tre album, c&#8217;\u00e8 gi\u00e0 qualcosa di nuovo in lavorazione?<\/strong><\/p>\n<p>S\u00ec, sto lavorando a <strong>canzoni nuove e sinceramente si discostano da questa trilogia.<\/strong> Non so bene perch\u00e8, per\u00f2<strong> \u00e8 come se avessi chiuso un racconto grazie all&#8217;ultimo disco<\/strong>. Adesso sto aprendo altre porte con la libert\u00e0 che penso un po&#8217; di essermi guadagnato di fare quello che mi pare che penso sia una delle cose pi\u00f9 importanti per uno che scrive canzoni.<\/p>\n<p><strong>Quando lo potremo ascoltare?<\/strong><\/p>\n<p>Ancora non lo so. Quando sar\u00e0 il momento giusto, conta che <strong>con gli Zen ci abbiamo messo 20 anni per fare una canzone insieme<\/strong>, quindi le tempistiche non sono il mio forte. (Ride)<\/p>\n<p><strong>Tre concerti a Livorno, Pistoia, Firenze quest&#8217;anno sei generoso con i tuoi fan toscani<\/strong><\/p>\n<p>S\u00ec, sono felicissimo anche perch\u00e8 in Toscana ultimamente non \u00e8 che abbiamo suonato tantissimo.<strong> A Livorno, Pistoia, Firenze sono tutti locali che io amo<\/strong> per cui sono molto contento.<\/p>\n<figure id=\"post-100921 media-100921\" class=\"align-none\"><img decoding=\"async\" src=\"https:\/\/www.intoscana.it\/wp-content\/uploads\/motta-0183-ph-claudia-pajewski-e1461745769743.jpg\" alt=\"\" \/><\/figure>\n<div class=\"titleimg\">Motta<\/div>\n<p>&nbsp;<\/p>\n","protected":false},"excerpt":{"rendered":"<p>Sabato 16 aprile il polistrumentista nato a Pisa da genitori livornesi salir\u00e0 finalmente su un palco dopo due anni di &#8220;astinenza&#8221; da concerti<\/p>\n","protected":false},"author":518,"featured_media":97164,"comment_status":"open","ping_status":"open","sticky":false,"template":"","format":"standard","meta":{"_acf_changed":false,"footnotes":""},"categories":[14],"tags":[216,273],"class_list":["post-223708","post","type-post","status-publish","format-standard","has-post-thumbnail","hentry","category-musica","tag-concerti","tag-livorno"],"acf":[],"yoast_head":"<!-- This site is optimized with the Yoast SEO Premium plugin v24.2 (Yoast SEO v25.6) - https:\/\/yoast.com\/wordpress\/plugins\/seo\/ -->\n<title>Motta al The Cage di Livorno: &quot;Non ci siamo dimenticati come si fanno i concerti&quot; - intoscana<\/title>\n<meta name=\"description\" content=\"Sabato 16 aprile il polistrumentista nato a Pisa da genitori livornesi salir\u00e0 finalmente su un palco dopo due anni di &quot;astinenza&quot; da concerti\" \/>\n<meta name=\"robots\" content=\"index, follow, max-snippet:-1, max-image-preview:large, max-video-preview:-1\" \/>\n<link rel=\"canonical\" href=\"https:\/\/www.intoscana.it\/it\/motta-concerto-livorno\/\" \/>\n<meta property=\"og:locale\" content=\"it_IT\" \/>\n<meta property=\"og:type\" content=\"article\" \/>\n<meta property=\"og:title\" content=\"Motta al The Cage di Livorno: &quot;Non ci siamo dimenticati come si fanno i concerti&quot;\" \/>\n<meta property=\"og:description\" content=\"Sabato 16 aprile il polistrumentista nato a Pisa da genitori livornesi salir\u00e0 finalmente su un palco dopo due anni di &quot;astinenza&quot; da concerti\" \/>\n<meta property=\"og:url\" content=\"https:\/\/www.intoscana.it\/it\/motta-concerto-livorno\/\" \/>\n<meta property=\"og:site_name\" content=\"intoscana\" \/>\n<meta property=\"article:publisher\" content=\"https:\/\/www.facebook.com\/intoscana.it\" \/>\n<meta property=\"article:published_time\" content=\"2022-04-14T10:04:27+00:00\" \/>\n<meta property=\"article:modified_time\" content=\"2022-04-14T10:33:18+00:00\" \/>\n<meta property=\"og:image\" content=\"https:\/\/www.intoscana.it\/wp-content\/uploads\/motta-1.jpg\" \/>\n\t<meta property=\"og:image:width\" content=\"600\" \/>\n\t<meta property=\"og:image:height\" content=\"600\" \/>\n\t<meta property=\"og:image:type\" content=\"image\/jpeg\" \/>\n<meta name=\"author\" content=\"Costanza Baldini\" \/>\n<meta name=\"twitter:card\" content=\"summary_large_image\" \/>\n<meta name=\"twitter:creator\" content=\"@intoscana\" \/>\n<meta name=\"twitter:site\" content=\"@intoscana\" \/>\n<meta name=\"twitter:label1\" content=\"Written by\" \/>\n\t<meta name=\"twitter:data1\" content=\"Costanza Baldini\" \/>\n\t<meta name=\"twitter:label2\" content=\"Est. reading time\" \/>\n\t<meta name=\"twitter:data2\" content=\"4 minuti\" \/>\n<script type=\"application\/ld+json\" class=\"yoast-schema-graph\">{\"@context\":\"https:\/\/schema.org\",\"@graph\":[{\"@type\":\"WebPage\",\"@id\":\"https:\/\/www.intoscana.it\/it\/motta-concerto-livorno\/\",\"url\":\"https:\/\/www.intoscana.it\/it\/motta-concerto-livorno\/\",\"name\":\"Motta al The Cage di Livorno: \\\"Non ci siamo dimenticati come si fanno i concerti\\\" - intoscana\",\"isPartOf\":{\"@id\":\"https:\/\/www.intoscana.it\/it\/#website\"},\"primaryImageOfPage\":{\"@id\":\"https:\/\/www.intoscana.it\/it\/motta-concerto-livorno\/#primaryimage\"},\"image\":{\"@id\":\"https:\/\/www.intoscana.it\/it\/motta-concerto-livorno\/#primaryimage\"},\"thumbnailUrl\":\"https:\/\/www.intoscana.it\/wp-content\/uploads\/motta-1.jpg\",\"datePublished\":\"2022-04-14T10:04:27+00:00\",\"dateModified\":\"2022-04-14T10:33:18+00:00\",\"author\":{\"@id\":\"https:\/\/www.intoscana.it\/it\/#\/schema\/person\/d469f35f09739bdf00bf5dd3f0647a82\"},\"description\":\"Sabato 16 aprile il polistrumentista nato a Pisa da genitori livornesi salir\u00e0 finalmente su un palco dopo due anni di \\\"astinenza\\\" da concerti\",\"breadcrumb\":{\"@id\":\"https:\/\/www.intoscana.it\/it\/motta-concerto-livorno\/#breadcrumb\"},\"inLanguage\":\"it-IT\",\"potentialAction\":[{\"@type\":\"ReadAction\",\"target\":[\"https:\/\/www.intoscana.it\/it\/motta-concerto-livorno\/\"]}]},{\"@type\":\"ImageObject\",\"inLanguage\":\"it-IT\",\"@id\":\"https:\/\/www.intoscana.it\/it\/motta-concerto-livorno\/#primaryimage\",\"url\":\"https:\/\/www.intoscana.it\/wp-content\/uploads\/motta-1.jpg\",\"contentUrl\":\"https:\/\/www.intoscana.it\/wp-content\/uploads\/motta-1.jpg\",\"width\":600,\"height\":600},{\"@type\":\"BreadcrumbList\",\"@id\":\"https:\/\/www.intoscana.it\/it\/motta-concerto-livorno\/#breadcrumb\",\"itemListElement\":[{\"@type\":\"ListItem\",\"position\":1,\"name\":\"Home\",\"item\":\"https:\/\/www.intoscana.it\/it\/\"},{\"@type\":\"ListItem\",\"position\":2,\"name\":\"Motta al The Cage di Livorno: &#8220;Non ci siamo dimenticati come si fanno i concerti&#8221;\"}]},{\"@type\":\"WebSite\",\"@id\":\"https:\/\/www.intoscana.it\/it\/#website\",\"url\":\"https:\/\/www.intoscana.it\/it\/\",\"name\":\"intoscana\",\"description\":\"\",\"potentialAction\":[{\"@type\":\"SearchAction\",\"target\":{\"@type\":\"EntryPoint\",\"urlTemplate\":\"https:\/\/www.intoscana.it\/it\/?s={search_term_string}\"},\"query-input\":{\"@type\":\"PropertyValueSpecification\",\"valueRequired\":true,\"valueName\":\"search_term_string\"}}],\"inLanguage\":\"it-IT\"},{\"@type\":\"Person\",\"@id\":\"https:\/\/www.intoscana.it\/it\/#\/schema\/person\/d469f35f09739bdf00bf5dd3f0647a82\",\"name\":\"Costanza Baldini\",\"url\":\"https:\/\/www.intoscana.it\/it\/author\/costanza-baldini\/\"}]}<\/script>\n<!-- \/ Yoast SEO Premium plugin. -->","yoast_head_json":{"title":"Motta al The Cage di Livorno: \"Non ci siamo dimenticati come si fanno i concerti\" - intoscana","description":"Sabato 16 aprile il polistrumentista nato a Pisa da genitori livornesi salir\u00e0 finalmente su un palco dopo due anni di \"astinenza\" da concerti","robots":{"index":"index","follow":"follow","max-snippet":"max-snippet:-1","max-image-preview":"max-image-preview:large","max-video-preview":"max-video-preview:-1"},"canonical":"https:\/\/www.intoscana.it\/it\/motta-concerto-livorno\/","og_locale":"it_IT","og_type":"article","og_title":"Motta al The Cage di Livorno: \"Non ci siamo dimenticati come si fanno i concerti\"","og_description":"Sabato 16 aprile il polistrumentista nato a Pisa da genitori livornesi salir\u00e0 finalmente su un palco dopo due anni di \"astinenza\" da concerti","og_url":"https:\/\/www.intoscana.it\/it\/motta-concerto-livorno\/","og_site_name":"intoscana","article_publisher":"https:\/\/www.facebook.com\/intoscana.it","article_published_time":"2022-04-14T10:04:27+00:00","article_modified_time":"2022-04-14T10:33:18+00:00","og_image":[{"width":600,"height":600,"url":"https:\/\/www.intoscana.it\/wp-content\/uploads\/motta-1.jpg","type":"image\/jpeg"}],"author":"Costanza Baldini","twitter_card":"summary_large_image","twitter_creator":"@intoscana","twitter_site":"@intoscana","twitter_misc":{"Written by":"Costanza Baldini","Est. reading time":"4 minuti"},"schema":{"@context":"https:\/\/schema.org","@graph":[{"@type":"WebPage","@id":"https:\/\/www.intoscana.it\/it\/motta-concerto-livorno\/","url":"https:\/\/www.intoscana.it\/it\/motta-concerto-livorno\/","name":"Motta al The Cage di Livorno: \"Non ci siamo dimenticati come si fanno i concerti\" - intoscana","isPartOf":{"@id":"https:\/\/www.intoscana.it\/it\/#website"},"primaryImageOfPage":{"@id":"https:\/\/www.intoscana.it\/it\/motta-concerto-livorno\/#primaryimage"},"image":{"@id":"https:\/\/www.intoscana.it\/it\/motta-concerto-livorno\/#primaryimage"},"thumbnailUrl":"https:\/\/www.intoscana.it\/wp-content\/uploads\/motta-1.jpg","datePublished":"2022-04-14T10:04:27+00:00","dateModified":"2022-04-14T10:33:18+00:00","author":{"@id":"https:\/\/www.intoscana.it\/it\/#\/schema\/person\/d469f35f09739bdf00bf5dd3f0647a82"},"description":"Sabato 16 aprile il polistrumentista nato a Pisa da genitori livornesi salir\u00e0 finalmente su un palco dopo due anni di \"astinenza\" da concerti","breadcrumb":{"@id":"https:\/\/www.intoscana.it\/it\/motta-concerto-livorno\/#breadcrumb"},"inLanguage":"it-IT","potentialAction":[{"@type":"ReadAction","target":["https:\/\/www.intoscana.it\/it\/motta-concerto-livorno\/"]}]},{"@type":"ImageObject","inLanguage":"it-IT","@id":"https:\/\/www.intoscana.it\/it\/motta-concerto-livorno\/#primaryimage","url":"https:\/\/www.intoscana.it\/wp-content\/uploads\/motta-1.jpg","contentUrl":"https:\/\/www.intoscana.it\/wp-content\/uploads\/motta-1.jpg","width":600,"height":600},{"@type":"BreadcrumbList","@id":"https:\/\/www.intoscana.it\/it\/motta-concerto-livorno\/#breadcrumb","itemListElement":[{"@type":"ListItem","position":1,"name":"Home","item":"https:\/\/www.intoscana.it\/it\/"},{"@type":"ListItem","position":2,"name":"Motta al The Cage di Livorno: &#8220;Non ci siamo dimenticati come si fanno i concerti&#8221;"}]},{"@type":"WebSite","@id":"https:\/\/www.intoscana.it\/it\/#website","url":"https:\/\/www.intoscana.it\/it\/","name":"intoscana","description":"","potentialAction":[{"@type":"SearchAction","target":{"@type":"EntryPoint","urlTemplate":"https:\/\/www.intoscana.it\/it\/?s={search_term_string}"},"query-input":{"@type":"PropertyValueSpecification","valueRequired":true,"valueName":"search_term_string"}}],"inLanguage":"it-IT"},{"@type":"Person","@id":"https:\/\/www.intoscana.it\/it\/#\/schema\/person\/d469f35f09739bdf00bf5dd3f0647a82","name":"Costanza Baldini","url":"https:\/\/www.intoscana.it\/it\/author\/costanza-baldini\/"}]}},"_links":{"self":[{"href":"https:\/\/www.intoscana.it\/it\/wp-json\/wp\/v2\/posts\/223708","targetHints":{"allow":["GET"]}}],"collection":[{"href":"https:\/\/www.intoscana.it\/it\/wp-json\/wp\/v2\/posts"}],"about":[{"href":"https:\/\/www.intoscana.it\/it\/wp-json\/wp\/v2\/types\/post"}],"author":[{"embeddable":true,"href":"https:\/\/www.intoscana.it\/it\/wp-json\/wp\/v2\/users\/518"}],"replies":[{"embeddable":true,"href":"https:\/\/www.intoscana.it\/it\/wp-json\/wp\/v2\/comments?post=223708"}],"version-history":[{"count":0,"href":"https:\/\/www.intoscana.it\/it\/wp-json\/wp\/v2\/posts\/223708\/revisions"}],"wp:featuredmedia":[{"embeddable":true,"href":"https:\/\/www.intoscana.it\/it\/wp-json\/wp\/v2\/media\/97164"}],"wp:attachment":[{"href":"https:\/\/www.intoscana.it\/it\/wp-json\/wp\/v2\/media?parent=223708"}],"wp:term":[{"taxonomy":"category","embeddable":true,"href":"https:\/\/www.intoscana.it\/it\/wp-json\/wp\/v2\/categories?post=223708"},{"taxonomy":"post_tag","embeddable":true,"href":"https:\/\/www.intoscana.it\/it\/wp-json\/wp\/v2\/tags?post=223708"}],"curies":[{"name":"wp","href":"https:\/\/api.w.org\/{rel}","templated":true}]}}