{"id":223956,"date":"2022-04-15T16:48:18","date_gmt":"2022-04-15T14:48:18","guid":{"rendered":"https:\/\/www.intoscana.it\/it\/?p=223956"},"modified":"2022-04-19T12:08:38","modified_gmt":"2022-04-19T10:08:38","slug":"turismo-pasqua-di-ripresa-in-tutta-la-toscana-tornano-i-visitatori-nelle-citta-darte","status":"publish","type":"post","link":"https:\/\/www.intoscana.it\/it\/turismo-pasqua-di-ripresa-in-tutta-la-toscana-tornano-i-visitatori-nelle-citta-darte\/","title":{"rendered":"Turismo, Pasqua di ripresa in tutta la Toscana: tornano i visitatori nelle citt\u00e0 d&#8217;arte"},"content":{"rendered":"<p><strong>Pasqua<\/strong> di ripartenza per il <strong>turismo<\/strong> in Toscana: lo dicono le folle nei centri storici\u00a0 e negli stabilimenti della costa e lo dicono le file all&#8217;ingresso dei musei nelle citt\u00e0 d&#8217;arte. Lo mettono nero su bianco anche i numeri delle prenotazioni che hanno finalmente ripreso a correre, con un respiro di sollievo per gli operatori del settore. <mark>I dati raccolti da <strong>Toscana Promozione Turistica<\/strong> ed elaborati da <strong>Irpet<\/strong>, l\u2019istituto regionale per la programmazione economica, sono pi\u00f9 che incoraggianti anche per la prossima stagione estiva: <em>&#8220;Un buon segnale&#8221;<\/em> secondo il presidente della Regione <strong>Eugenio Giani<\/strong> che ha fatto il punto sul settore alla vigilia del lungo fine settimana di festa.<\/mark><\/p>\n<h3><em>I numeri della prima vacanza di primavera<\/em><\/h3>\n<p>Se non \u00e8 &#8220;tutto esaurito&#8221; poco manca. <mark>L\u2019occupazione media delle strutture dovrebbe attestarsi nella regione al 68,2 per cento e in alcune aree raggiungere pure l\u201980 per cento.<\/mark> Sono 550 mila i pernottamenti stimati per i giorni di Pasqua nelle strutture ricettive di tutta la Toscana: turisti ancora per lo pi\u00f9 italiani, il 77,2 per cento delle presenze, ma con 125 mila pernottamenti\u00a0 di stranieri attesi, in gran parte europei.<\/p>\n<p><mark>Una importante novit\u00e0: tornano i turisti statunitensi. Tra le strutture intervistate, una su dieci dichiara la crescita degli americani. In aumento anche tedeschi, francesi, svizzeri e britannici.<\/mark>\u00a0 Turisti sopra la media regionale nelle<strong> citt\u00e0 e nei centri d\u2019arte<\/strong> (76,1 per cento di tasso di occupazione dei posti letto), le pi\u00f9 penalizzate nei due anni di pandemia, e nelle localit\u00e0 termali (72,9 per cento). Si sceglie pi\u00f9 l&#8217;albergo\u00a0 (72,7 per cento) rispetto all&#8217;extraalberghiero (62,8 per cento). \u00a0Ma i flussi non sono trascurabili neppure in collina e campagna (63,7 per cento) e sulla costa (60,3 per cento). In montagna \u00e8 occupato quasi un posto su due (45,8 per cento).<\/p>\n<p>\u201c<em>Un quarto degli italiani ha deciso di passare fuori casa la Pasqua, magari non nelle mete esotiche di un tempo ma in Italia. La ripresa del turismo culturale in Toscana \u00e8 testimoniata dalle file ai musei<\/em> \u2013 spiega il presidente Giani &#8211; <em>Gli Uffizi sono la struttura pi\u00f9 visitata in tutta Italia, ma i musei che tornano a riempirsi non sono gli Uffizi di Firenze ed osserviamo lo stesso fenomeno in tutta la Toscana diffusa. <mark>Basta passeggiare nelle citt\u00e0 d\u2019arte o spingersi verso \u00a0il mare, nei centri balneari di Versilia e Maremma, per rendersene conto. Accanto ai musei \u00e8 riparito anche il settore dello spettacolo dal vivo, nei teatri\u201d.<\/mark><\/em><\/p>\n<p>Turismo vuol dire anche <strong>lavoro<\/strong>. Nel primo trimestre 2022 si registra un saldo positivo di 4.722 posizioni nelle attivazioni nette di lavoro, superiore significatamente rispetto a quello dell\u2019anno precedente. Negli stessi tre mesi del 2020 ne erano stati persi quasi seimila.<\/p>\n<h3><em>Le previsioni per la prossima estate, con l&#8217;incognita della guerra<\/em><\/h3>\n<p>Buone le prospettive anche per maggio e giugno 2022: <mark>il 62,7 per cento degli operatori si aspetta un ulteriore consolidamento della ripresa.<\/mark> Irpet stima che quest\u2019anno si possano recuperare 9 dei 17 milioni di presenze ufficiali che ancora separano la Toscana dai livelli pre-pandemia. L\u2019anno scorso, nel 2021, ne erano gi\u00e0 state recuperate 9,3 milioni rispetto al crollo di 26 milioni di presenze del 2020.<\/p>\n<p>Unica, grande incertezza, che pesa su uno scenario che dopo molto tempo tende all&#8217;ottimismo \u00e8 la situazione geopolitica internazionale. La <strong>guerra russo-ucraina<\/strong> potrebbe avere. a lungo termine, un impatto difficile da valutare. L&#8217;incertezza economica, l\u2019aumento dei costi di trasporto per il caro energia\u00a0 e l&#8217;inflazione potrebbero infatti annullare gli effetti della ripresa.<\/p>\n<p style=\"text-align: center;\"><iframe loading=\"lazy\" title=\"YouTube video player\" src=\"https:\/\/www.youtube.com\/embed\/GWs8cRPOSxQ\" width=\"800\" height=\"400\" frameborder=\"0\" allowfullscreen=\"allowfullscreen\"><span data-mce-type=\"bookmark\" style=\"display: inline-block; width: 0px; overflow: hidden; line-height: 0;\" class=\"mce_SELRES_start\">\ufeff<\/span><\/iframe><\/p>\n","protected":false},"excerpt":{"rendered":"<p>Presenze in crescita per il lungo fine settimana di festa. Lunghe file davanti ai musei, bene anche sulla costa. Ritornano gli statunitensi. Giani: &#8220;Il settore \u00e8 ripartito&#8221;<\/p>\n","protected":false},"author":545,"featured_media":201032,"comment_status":"open","ping_status":"open","sticky":false,"template":"","format":"standard","meta":{"_acf_changed":false,"footnotes":""},"categories":[6],"tags":[158,5742,143],"class_list":["post-223956","post","type-post","status-publish","format-standard","has-post-thumbnail","hentry","category-viaggi","tag-eugenio-giani","tag-pasqua","tag-turismo"],"acf":[],"yoast_head":"<!-- This site is optimized with the Yoast SEO Premium plugin v24.2 (Yoast SEO v25.6) - https:\/\/yoast.com\/wordpress\/plugins\/seo\/ -->\n<title>Turismo, Pasqua di ripresa in Toscana: tornano i visitatori nelle citt\u00e0 d&#039;arte<\/title>\n<meta name=\"description\" content=\"Presenze in crescita per questo lungo fine settimana di festa. Ritornano gli statunitensi. Giani: &quot;Il settore \u00e8 ripartito&quot;\" \/>\n<meta name=\"robots\" content=\"index, follow, max-snippet:-1, max-image-preview:large, max-video-preview:-1\" \/>\n<link rel=\"canonical\" href=\"https:\/\/www.intoscana.it\/it\/turismo-pasqua-di-ripresa-in-tutta-la-toscana-tornano-i-visitatori-nelle-citta-darte\/\" \/>\n<meta property=\"og:locale\" content=\"it_IT\" \/>\n<meta property=\"og:type\" content=\"article\" \/>\n<meta property=\"og:title\" content=\"Turismo, Pasqua di ripresa in tutta la Toscana: tornano i visitatori nelle citt\u00e0 d&#039;arte\" \/>\n<meta property=\"og:description\" content=\"Presenze in crescita per questo lungo fine settimana di festa. Ritornano gli statunitensi. Giani: &quot;Il settore \u00e8 ripartito&quot;\" \/>\n<meta property=\"og:url\" content=\"https:\/\/www.intoscana.it\/it\/turismo-pasqua-di-ripresa-in-tutta-la-toscana-tornano-i-visitatori-nelle-citta-darte\/\" \/>\n<meta property=\"og:site_name\" content=\"intoscana\" \/>\n<meta property=\"article:publisher\" content=\"https:\/\/www.facebook.com\/intoscana.it\" \/>\n<meta property=\"article:published_time\" content=\"2022-04-15T14:48:18+00:00\" \/>\n<meta property=\"article:modified_time\" content=\"2022-04-19T10:08:38+00:00\" \/>\n<meta property=\"og:image\" content=\"https:\/\/www.intoscana.it\/wp-content\/uploads\/shutterstock_474486493-scaled.jpg\" \/>\n\t<meta property=\"og:image:width\" content=\"2048\" \/>\n\t<meta property=\"og:image:height\" content=\"1367\" \/>\n\t<meta property=\"og:image:type\" content=\"image\/jpeg\" \/>\n<meta name=\"author\" content=\"Clara D&#039;Acunto\" \/>\n<meta name=\"twitter:card\" content=\"summary_large_image\" \/>\n<meta name=\"twitter:creator\" content=\"@intoscana\" \/>\n<meta name=\"twitter:site\" content=\"@intoscana\" \/>\n<meta name=\"twitter:label1\" content=\"Written by\" \/>\n\t<meta name=\"twitter:data1\" content=\"Clara D&#039;Acunto\" \/>\n\t<meta name=\"twitter:label2\" content=\"Est. reading time\" \/>\n\t<meta name=\"twitter:data2\" content=\"3 minuti\" \/>\n<script type=\"application\/ld+json\" class=\"yoast-schema-graph\">{\"@context\":\"https:\/\/schema.org\",\"@graph\":[{\"@type\":\"WebPage\",\"@id\":\"https:\/\/www.intoscana.it\/it\/turismo-pasqua-di-ripresa-in-tutta-la-toscana-tornano-i-visitatori-nelle-citta-darte\/\",\"url\":\"https:\/\/www.intoscana.it\/it\/turismo-pasqua-di-ripresa-in-tutta-la-toscana-tornano-i-visitatori-nelle-citta-darte\/\",\"name\":\"Turismo, Pasqua di ripresa in Toscana: tornano i visitatori nelle citt\u00e0 d'arte\",\"isPartOf\":{\"@id\":\"https:\/\/www.intoscana.it\/it\/#website\"},\"primaryImageOfPage\":{\"@id\":\"https:\/\/www.intoscana.it\/it\/turismo-pasqua-di-ripresa-in-tutta-la-toscana-tornano-i-visitatori-nelle-citta-darte\/#primaryimage\"},\"image\":{\"@id\":\"https:\/\/www.intoscana.it\/it\/turismo-pasqua-di-ripresa-in-tutta-la-toscana-tornano-i-visitatori-nelle-citta-darte\/#primaryimage\"},\"thumbnailUrl\":\"https:\/\/www.intoscana.it\/wp-content\/uploads\/shutterstock_474486493-scaled.jpg\",\"datePublished\":\"2022-04-15T14:48:18+00:00\",\"dateModified\":\"2022-04-19T10:08:38+00:00\",\"author\":{\"@id\":\"https:\/\/www.intoscana.it\/it\/#\/schema\/person\/137419af9ef5d385bde52864a841e6ce\"},\"description\":\"Presenze in crescita per questo lungo fine settimana di festa. Ritornano gli statunitensi. Giani: \\\"Il settore \u00e8 ripartito\\\"\",\"breadcrumb\":{\"@id\":\"https:\/\/www.intoscana.it\/it\/turismo-pasqua-di-ripresa-in-tutta-la-toscana-tornano-i-visitatori-nelle-citta-darte\/#breadcrumb\"},\"inLanguage\":\"it-IT\",\"potentialAction\":[{\"@type\":\"ReadAction\",\"target\":[\"https:\/\/www.intoscana.it\/it\/turismo-pasqua-di-ripresa-in-tutta-la-toscana-tornano-i-visitatori-nelle-citta-darte\/\"]}]},{\"@type\":\"ImageObject\",\"inLanguage\":\"it-IT\",\"@id\":\"https:\/\/www.intoscana.it\/it\/turismo-pasqua-di-ripresa-in-tutta-la-toscana-tornano-i-visitatori-nelle-citta-darte\/#primaryimage\",\"url\":\"https:\/\/www.intoscana.it\/wp-content\/uploads\/shutterstock_474486493-scaled.jpg\",\"contentUrl\":\"https:\/\/www.intoscana.it\/wp-content\/uploads\/shutterstock_474486493-scaled.jpg\",\"width\":2048,\"height\":1367,\"caption\":\"turismo a firenze\"},{\"@type\":\"BreadcrumbList\",\"@id\":\"https:\/\/www.intoscana.it\/it\/turismo-pasqua-di-ripresa-in-tutta-la-toscana-tornano-i-visitatori-nelle-citta-darte\/#breadcrumb\",\"itemListElement\":[{\"@type\":\"ListItem\",\"position\":1,\"name\":\"Home\",\"item\":\"https:\/\/www.intoscana.it\/it\/\"},{\"@type\":\"ListItem\",\"position\":2,\"name\":\"Turismo, Pasqua di ripresa in tutta la Toscana: tornano i visitatori nelle citt\u00e0 d&#8217;arte\"}]},{\"@type\":\"WebSite\",\"@id\":\"https:\/\/www.intoscana.it\/it\/#website\",\"url\":\"https:\/\/www.intoscana.it\/it\/\",\"name\":\"intoscana\",\"description\":\"\",\"potentialAction\":[{\"@type\":\"SearchAction\",\"target\":{\"@type\":\"EntryPoint\",\"urlTemplate\":\"https:\/\/www.intoscana.it\/it\/?s={search_term_string}\"},\"query-input\":{\"@type\":\"PropertyValueSpecification\",\"valueRequired\":true,\"valueName\":\"search_term_string\"}}],\"inLanguage\":\"it-IT\"},{\"@type\":\"Person\",\"@id\":\"https:\/\/www.intoscana.it\/it\/#\/schema\/person\/137419af9ef5d385bde52864a841e6ce\",\"name\":\"Clara D'Acunto\",\"url\":\"https:\/\/www.intoscana.it\/it\/author\/clara-d_acunto\/\"}]}<\/script>\n<!-- \/ Yoast SEO Premium plugin. -->","yoast_head_json":{"title":"Turismo, Pasqua di ripresa in Toscana: tornano i visitatori nelle citt\u00e0 d'arte","description":"Presenze in crescita per questo lungo fine settimana di festa. Ritornano gli statunitensi. Giani: \"Il settore \u00e8 ripartito\"","robots":{"index":"index","follow":"follow","max-snippet":"max-snippet:-1","max-image-preview":"max-image-preview:large","max-video-preview":"max-video-preview:-1"},"canonical":"https:\/\/www.intoscana.it\/it\/turismo-pasqua-di-ripresa-in-tutta-la-toscana-tornano-i-visitatori-nelle-citta-darte\/","og_locale":"it_IT","og_type":"article","og_title":"Turismo, Pasqua di ripresa in tutta la Toscana: tornano i visitatori nelle citt\u00e0 d'arte","og_description":"Presenze in crescita per questo lungo fine settimana di festa. Ritornano gli statunitensi. Giani: \"Il settore \u00e8 ripartito\"","og_url":"https:\/\/www.intoscana.it\/it\/turismo-pasqua-di-ripresa-in-tutta-la-toscana-tornano-i-visitatori-nelle-citta-darte\/","og_site_name":"intoscana","article_publisher":"https:\/\/www.facebook.com\/intoscana.it","article_published_time":"2022-04-15T14:48:18+00:00","article_modified_time":"2022-04-19T10:08:38+00:00","og_image":[{"width":2048,"height":1367,"url":"https:\/\/www.intoscana.it\/wp-content\/uploads\/shutterstock_474486493-scaled.jpg","type":"image\/jpeg"}],"author":"Clara D'Acunto","twitter_card":"summary_large_image","twitter_creator":"@intoscana","twitter_site":"@intoscana","twitter_misc":{"Written by":"Clara D'Acunto","Est. reading time":"3 minuti"},"schema":{"@context":"https:\/\/schema.org","@graph":[{"@type":"WebPage","@id":"https:\/\/www.intoscana.it\/it\/turismo-pasqua-di-ripresa-in-tutta-la-toscana-tornano-i-visitatori-nelle-citta-darte\/","url":"https:\/\/www.intoscana.it\/it\/turismo-pasqua-di-ripresa-in-tutta-la-toscana-tornano-i-visitatori-nelle-citta-darte\/","name":"Turismo, Pasqua di ripresa in Toscana: tornano i visitatori nelle citt\u00e0 d'arte","isPartOf":{"@id":"https:\/\/www.intoscana.it\/it\/#website"},"primaryImageOfPage":{"@id":"https:\/\/www.intoscana.it\/it\/turismo-pasqua-di-ripresa-in-tutta-la-toscana-tornano-i-visitatori-nelle-citta-darte\/#primaryimage"},"image":{"@id":"https:\/\/www.intoscana.it\/it\/turismo-pasqua-di-ripresa-in-tutta-la-toscana-tornano-i-visitatori-nelle-citta-darte\/#primaryimage"},"thumbnailUrl":"https:\/\/www.intoscana.it\/wp-content\/uploads\/shutterstock_474486493-scaled.jpg","datePublished":"2022-04-15T14:48:18+00:00","dateModified":"2022-04-19T10:08:38+00:00","author":{"@id":"https:\/\/www.intoscana.it\/it\/#\/schema\/person\/137419af9ef5d385bde52864a841e6ce"},"description":"Presenze in crescita per questo lungo fine settimana di festa. Ritornano gli statunitensi. Giani: \"Il settore \u00e8 ripartito\"","breadcrumb":{"@id":"https:\/\/www.intoscana.it\/it\/turismo-pasqua-di-ripresa-in-tutta-la-toscana-tornano-i-visitatori-nelle-citta-darte\/#breadcrumb"},"inLanguage":"it-IT","potentialAction":[{"@type":"ReadAction","target":["https:\/\/www.intoscana.it\/it\/turismo-pasqua-di-ripresa-in-tutta-la-toscana-tornano-i-visitatori-nelle-citta-darte\/"]}]},{"@type":"ImageObject","inLanguage":"it-IT","@id":"https:\/\/www.intoscana.it\/it\/turismo-pasqua-di-ripresa-in-tutta-la-toscana-tornano-i-visitatori-nelle-citta-darte\/#primaryimage","url":"https:\/\/www.intoscana.it\/wp-content\/uploads\/shutterstock_474486493-scaled.jpg","contentUrl":"https:\/\/www.intoscana.it\/wp-content\/uploads\/shutterstock_474486493-scaled.jpg","width":2048,"height":1367,"caption":"turismo a firenze"},{"@type":"BreadcrumbList","@id":"https:\/\/www.intoscana.it\/it\/turismo-pasqua-di-ripresa-in-tutta-la-toscana-tornano-i-visitatori-nelle-citta-darte\/#breadcrumb","itemListElement":[{"@type":"ListItem","position":1,"name":"Home","item":"https:\/\/www.intoscana.it\/it\/"},{"@type":"ListItem","position":2,"name":"Turismo, Pasqua di ripresa in tutta la Toscana: tornano i visitatori nelle citt\u00e0 d&#8217;arte"}]},{"@type":"WebSite","@id":"https:\/\/www.intoscana.it\/it\/#website","url":"https:\/\/www.intoscana.it\/it\/","name":"intoscana","description":"","potentialAction":[{"@type":"SearchAction","target":{"@type":"EntryPoint","urlTemplate":"https:\/\/www.intoscana.it\/it\/?s={search_term_string}"},"query-input":{"@type":"PropertyValueSpecification","valueRequired":true,"valueName":"search_term_string"}}],"inLanguage":"it-IT"},{"@type":"Person","@id":"https:\/\/www.intoscana.it\/it\/#\/schema\/person\/137419af9ef5d385bde52864a841e6ce","name":"Clara D'Acunto","url":"https:\/\/www.intoscana.it\/it\/author\/clara-d_acunto\/"}]}},"_links":{"self":[{"href":"https:\/\/www.intoscana.it\/it\/wp-json\/wp\/v2\/posts\/223956","targetHints":{"allow":["GET"]}}],"collection":[{"href":"https:\/\/www.intoscana.it\/it\/wp-json\/wp\/v2\/posts"}],"about":[{"href":"https:\/\/www.intoscana.it\/it\/wp-json\/wp\/v2\/types\/post"}],"author":[{"embeddable":true,"href":"https:\/\/www.intoscana.it\/it\/wp-json\/wp\/v2\/users\/545"}],"replies":[{"embeddable":true,"href":"https:\/\/www.intoscana.it\/it\/wp-json\/wp\/v2\/comments?post=223956"}],"version-history":[{"count":0,"href":"https:\/\/www.intoscana.it\/it\/wp-json\/wp\/v2\/posts\/223956\/revisions"}],"wp:featuredmedia":[{"embeddable":true,"href":"https:\/\/www.intoscana.it\/it\/wp-json\/wp\/v2\/media\/201032"}],"wp:attachment":[{"href":"https:\/\/www.intoscana.it\/it\/wp-json\/wp\/v2\/media?parent=223956"}],"wp:term":[{"taxonomy":"category","embeddable":true,"href":"https:\/\/www.intoscana.it\/it\/wp-json\/wp\/v2\/categories?post=223956"},{"taxonomy":"post_tag","embeddable":true,"href":"https:\/\/www.intoscana.it\/it\/wp-json\/wp\/v2\/tags?post=223956"}],"curies":[{"name":"wp","href":"https:\/\/api.w.org\/{rel}","templated":true}]}}