{"id":224038,"date":"2022-04-16T11:19:29","date_gmt":"2022-04-16T09:19:29","guid":{"rendered":"https:\/\/www.intoscana.it\/it\/?p=224038"},"modified":"2022-04-19T12:34:47","modified_gmt":"2022-04-19T10:34:47","slug":"pasquetta-de-soda-sisters-centro-compitese-contratto-sociale","status":"publish","type":"post","link":"https:\/\/www.intoscana.it\/it\/pasquetta-de-soda-sisters-centro-compitese-contratto-sociale\/","title":{"rendered":"Pasquetta con D\u00e9 Soda Sisters al Centro Compitese, poi arrivano i Contratto Sociale"},"content":{"rendered":"<p>Musica, cibo e cultura al Centro Culturale Compitese. Archiviata la <a href=\"https:\/\/www.intoscana.it\/it\/articolo\/mostra-antiche-camelie-lucchesia-2022\/\">Mostra antiche camelie della Lucchesia<\/a>, Pieve e Sant&#8217;Andrea di Compito si animano con un nuovo programma d&#8217;iniziative.<mark>Il titolo del cartellone, non a caso, \u00e8 &#8220;SeialCentro&#8221;<\/mark>. Non solo perch\u00e9 tutto si svolge al Centro Culturale (a Capannori, in provincia di Lucca) ma perch\u00e9 questo spazio sociale diventer\u00e0 il centro del borgo, che apre cos\u00ec le porte a chiunque desideri andare incontro a <strong>natura<\/strong>, <strong>intrattenimento<\/strong>, <strong>cultura<\/strong> e <strong>cibo<\/strong> (ovviamente del territorio).<\/p>\n<h3>De&#8217; Soda Sisters<\/h3>\n<p><mark>Il primo appuntamento (gratuito) \u00e8 il luned\u00ec dell&#8217;angelo, giorno di pasquetta. Il <strong>18 aprile<\/strong>, sul palco del Centro, a partire dalle ore 18 si esibir\u00e0 il trio agrifolk delle \u201c<a href=\"https:\/\/www.intoscana.it\/it\/articolo\/de-soda-sisters-intervista\/\" target=\"_blank\" rel=\"noopener\">De&#8217; Soda Sisters<\/a>\u201d<\/mark>. Originarie di Rosignano Solvay, il gruppo &#8211; tutto al femminile &#8211; \u00e8 formato da <strong>Benedetta Pallesi<\/strong>, <strong>Veronica Bigontina<\/strong> e <strong>Lisa Santinelli<\/strong>. Uniscono modi di fare e di dire della provincia di Livorno e di quella di Firenze, prediligendo spazi scenici contenuti per stringersi al pubblico e farlo sentire parte integrante del concerto. Nel loro repertorio ci sono vecchie canzoni anarchiche e popolari appartenenti alla tradizione toscana. Una chitarra, un mandolino, una cigar box, tre voci e strumenti percussivi ricavati da cucchiai, grattugie e tamburelli.<\/p>\n<p><iframe loading=\"lazy\" title=\"YouTube video player\" src=\"https:\/\/www.youtube.com\/embed\/LxigX8ebf9I\" width=\"800\" height=\"447\" frameborder=\"0\" allowfullscreen=\"allowfullscreen\"><span style=\"display: inline-block; width: 0px; overflow: hidden; line-height: 0;\" data-mce-type=\"bookmark\" class=\"mce_SELRES_start\">\ufeff<\/span><\/iframe><\/p>\n<p>Tutti gli appuntamenti (a <strong>ingresso libero<\/strong>) sono accompagnati da un apericena che coinvolger\u00e0 palato e cuore. <em>&#8220;Nella nostra cucina cercheremo di acquistare e preparare materie prime del territorio, da piccole produzioni a coltivazioni biologiche&#8221;<\/em> spiegano gli organizzatori. <em>&#8220;Le erbe e gli aromi che utilizzeremo sono frutto di passeggiate in collina e di orti curati con amore&#8221;.<\/em><\/p>\n<h3>La cucina dei colori<\/h3>\n<p>Coerenti con questi principi, il <strong>22 aprile<\/strong> (dalle 17.30) si terr\u00e0 il corso di cucina responsabile <em>&#8220;La cucina dei colori&#8221;<\/em>, a cura di &#8220;La rivoluzione vien mangiando&#8221; (posti limitati, \u00e8 obbligatoria la prenotazione; informazioni su <a href=\"https:\/\/camelielucchesia.it\/\" target=\"_blank\" rel=\"noopener\">camelielucchesia.it<\/a>). Sar\u00e0 possibile imparare a cucinare <strong>piatti vegetariani<\/strong> basandosi sugli stimoli cromatici che hanno effetti sul corpo e sull&#8217;umore. Una proposta di ricette semplici per un\u2019alimentazione sana, leggera ed energetica che si concluder\u00e0 con una cena.<\/p>\n<h3>Contratto Sociale Gnu Folk<\/h3>\n<p><mark>Il <strong>25 aprile<\/strong>, festa della Liberazione, concerto gratuito dei &#8220;Contratto Sociale Gnu Folk&#8221; (dalle 17)<\/mark> e, anche stavolta, un&#8217;apericena. Il gruppo sperimentale, attraverso canzoni nuove e vecchi brani popolari, propone una rivisitazione della musica popolare, specchio del mondo globalizzato ed elettrico, affiancando sonorit\u00e0 e strumenti della tradizione internazionale alle cosiddette &#8220;nuove musiche popolari&#8221;: reggae, rock, punk-rock. Il concerto sar\u00e0 preceduto da un\u2019esperienza che unisce storia, trekking e resistenza con il <strong>&#8220;Percorso della memoria&#8221;<\/strong>, da Castelvecchio a Sant\u2019Andrea di Compito (dalle ore 8.30, 8 chilometri di cammino e pranzo al Centro Culturale Compitese; previsto il ritorno in navetta). L&#8217;iniziativa \u00e8 a cura di Legambiente Capannori e Piana Lucchese insieme ad Anpi Capannori.<\/p>\n<figure id=\"post-224043 media-224043\" class=\"align-center\"><img decoding=\"async\" class=\"aligncenter\" src=\"https:\/\/www.intoscana.it\/wp-content\/uploads\/Contratto-Sociale-Gnu-Folk-2.jpeg\" alt=\"\" \/><\/figure>\n<div class=\"titleimg\" style=\"text-align: center;\">Contratto Sociale Gnu-Folk &#8211; \u00a9 Contratto Sociale<\/div>\n<h3>Consolle aperta e dj set<\/h3>\n<p>&#8220;Seialcentro&#8221; nel mese di aprile si chiude con la serata dedicata alla <strong>&#8220;Consolle aperta&#8221;<\/strong> (<strong>29 aprile<\/strong>, dalle ore 18). <mark>Di fronte ci saranno un borgo, un ampio giardino e un palco. E sul palco le casse, due piatti Technics 1200 e un mixer. L\u2019obiettivo? Organizzare un dj set a rotazione aperto a tutti<\/mark>. <em>&#8220;Se ci sono dischi che non fai girare sul piatto da tempo o dischi gi\u00e0 ampiamente solcati perch\u00e9 non riesci a fare a meno di ascoltarli, questa \u00e8 l\u2019occasione per condividere gusti, suoni e passioni&#8221;<\/em> spiegano gli organizzatori.<em> &#8220;Quindi l\u2019invito \u00e8 chiaro: porta i tuoi dischi e falli suonare&#8221;<\/em>. Anche in questo caso la partecipazione \u00e8 gratuita (per il dj set \u00e8 per\u00f2 necessario registrarsi) e durante la serata sar\u00e0 possibile cenare.<\/p>\n<p>Tutte le informazioni, il programma e i contatti sono disponibili sul sito <a href=\"https:\/\/camelielucchesia.it\/\" target=\"_blank\" rel=\"noopener\">camelielucchesia.it<\/a>.<\/p>\n","protected":false},"excerpt":{"rendered":"<p>Concerti, dj set e buon cibo per &#8220;SeialCentro&#8221;, programma culturale (e gastronomico) del Centro Culturale Compitese: al via il 18 aprile con il concerto gratuito del trio agrifolk D\u00e9 Soda Sisters<\/p>\n","protected":false},"author":525,"featured_media":98201,"comment_status":"open","ping_status":"open","sticky":false,"template":"","format":"standard","meta":{"_acf_changed":false,"footnotes":""},"categories":[14],"tags":[4460,216,4645,395,5742],"class_list":["post-224038","post","type-post","status-publish","format-standard","has-post-thumbnail","hentry","category-musica","tag-capannori","tag-concerti","tag-cucina-toscana","tag-eventi-in-toscana","tag-pasqua"],"acf":[],"yoast_head":"<!-- This site is optimized with the Yoast SEO Premium plugin v24.2 (Yoast SEO v25.6) - https:\/\/yoast.com\/wordpress\/plugins\/seo\/ -->\n<title>Pasquetta con D\u00e9 Soda Sisters al Centro Compitese - intoscana.it<\/title>\n<meta name=\"description\" content=\"Concerti, cucina e dj set per &quot;SeialCentro&quot;, programma culturale (e gastronomico) del Centro Culturale Compitese.\" \/>\n<meta name=\"robots\" content=\"index, follow, max-snippet:-1, max-image-preview:large, max-video-preview:-1\" \/>\n<link rel=\"canonical\" href=\"https:\/\/www.intoscana.it\/it\/pasquetta-de-soda-sisters-centro-compitese-contratto-sociale\/\" \/>\n<meta property=\"og:locale\" content=\"it_IT\" \/>\n<meta property=\"og:type\" content=\"article\" \/>\n<meta property=\"og:title\" content=\"Pasquetta con D\u00e9 Soda Sisters al Centro Compitese, poi arrivano i Contratto Sociale\" \/>\n<meta property=\"og:description\" content=\"Concerti, cucina e dj set per &quot;SeialCentro&quot;, programma culturale (e gastronomico) del Centro Culturale Compitese.\" \/>\n<meta property=\"og:url\" content=\"https:\/\/www.intoscana.it\/it\/pasquetta-de-soda-sisters-centro-compitese-contratto-sociale\/\" \/>\n<meta property=\"og:site_name\" content=\"intoscana\" \/>\n<meta property=\"article:publisher\" content=\"https:\/\/www.facebook.com\/intoscana.it\" \/>\n<meta property=\"article:published_time\" content=\"2022-04-16T09:19:29+00:00\" \/>\n<meta property=\"article:modified_time\" content=\"2022-04-19T10:34:47+00:00\" \/>\n<meta property=\"og:image\" content=\"https:\/\/www.intoscana.it\/wp-content\/uploads\/m9a3069-1024x683-1.jpg\" \/>\n\t<meta property=\"og:image:width\" content=\"1024\" \/>\n\t<meta property=\"og:image:height\" content=\"683\" \/>\n\t<meta property=\"og:image:type\" content=\"image\/jpeg\" \/>\n<meta name=\"author\" content=\"Redazione\" \/>\n<meta name=\"twitter:card\" content=\"summary_large_image\" \/>\n<meta name=\"twitter:creator\" content=\"@intoscana\" \/>\n<meta name=\"twitter:site\" content=\"@intoscana\" \/>\n<meta name=\"twitter:label1\" content=\"Written by\" \/>\n\t<meta name=\"twitter:data1\" content=\"Redazione\" \/>\n\t<meta name=\"twitter:label2\" content=\"Est. reading time\" \/>\n\t<meta name=\"twitter:data2\" content=\"3 minuti\" \/>\n<script type=\"application\/ld+json\" class=\"yoast-schema-graph\">{\"@context\":\"https:\/\/schema.org\",\"@graph\":[{\"@type\":\"WebPage\",\"@id\":\"https:\/\/www.intoscana.it\/it\/pasquetta-de-soda-sisters-centro-compitese-contratto-sociale\/\",\"url\":\"https:\/\/www.intoscana.it\/it\/pasquetta-de-soda-sisters-centro-compitese-contratto-sociale\/\",\"name\":\"Pasquetta con D\u00e9 Soda Sisters al Centro Compitese - intoscana.it\",\"isPartOf\":{\"@id\":\"https:\/\/www.intoscana.it\/it\/#website\"},\"primaryImageOfPage\":{\"@id\":\"https:\/\/www.intoscana.it\/it\/pasquetta-de-soda-sisters-centro-compitese-contratto-sociale\/#primaryimage\"},\"image\":{\"@id\":\"https:\/\/www.intoscana.it\/it\/pasquetta-de-soda-sisters-centro-compitese-contratto-sociale\/#primaryimage\"},\"thumbnailUrl\":\"https:\/\/www.intoscana.it\/wp-content\/uploads\/m9a3069-1024x683-1.jpg\",\"datePublished\":\"2022-04-16T09:19:29+00:00\",\"dateModified\":\"2022-04-19T10:34:47+00:00\",\"author\":{\"@id\":\"https:\/\/www.intoscana.it\/it\/#\/schema\/person\/9223810753230f20bd670fdd322661f8\"},\"description\":\"Concerti, cucina e dj set per \\\"SeialCentro\\\", programma culturale (e gastronomico) del Centro Culturale Compitese.\",\"breadcrumb\":{\"@id\":\"https:\/\/www.intoscana.it\/it\/pasquetta-de-soda-sisters-centro-compitese-contratto-sociale\/#breadcrumb\"},\"inLanguage\":\"it-IT\",\"potentialAction\":[{\"@type\":\"ReadAction\",\"target\":[\"https:\/\/www.intoscana.it\/it\/pasquetta-de-soda-sisters-centro-compitese-contratto-sociale\/\"]}]},{\"@type\":\"ImageObject\",\"inLanguage\":\"it-IT\",\"@id\":\"https:\/\/www.intoscana.it\/it\/pasquetta-de-soda-sisters-centro-compitese-contratto-sociale\/#primaryimage\",\"url\":\"https:\/\/www.intoscana.it\/wp-content\/uploads\/m9a3069-1024x683-1.jpg\",\"contentUrl\":\"https:\/\/www.intoscana.it\/wp-content\/uploads\/m9a3069-1024x683-1.jpg\",\"width\":1024,\"height\":683,\"caption\":\"De' Soda Sisters\"},{\"@type\":\"BreadcrumbList\",\"@id\":\"https:\/\/www.intoscana.it\/it\/pasquetta-de-soda-sisters-centro-compitese-contratto-sociale\/#breadcrumb\",\"itemListElement\":[{\"@type\":\"ListItem\",\"position\":1,\"name\":\"Home\",\"item\":\"https:\/\/www.intoscana.it\/it\/\"},{\"@type\":\"ListItem\",\"position\":2,\"name\":\"Pasquetta con D\u00e9 Soda Sisters al Centro Compitese, poi arrivano i Contratto Sociale\"}]},{\"@type\":\"WebSite\",\"@id\":\"https:\/\/www.intoscana.it\/it\/#website\",\"url\":\"https:\/\/www.intoscana.it\/it\/\",\"name\":\"intoscana\",\"description\":\"\",\"potentialAction\":[{\"@type\":\"SearchAction\",\"target\":{\"@type\":\"EntryPoint\",\"urlTemplate\":\"https:\/\/www.intoscana.it\/it\/?s={search_term_string}\"},\"query-input\":{\"@type\":\"PropertyValueSpecification\",\"valueRequired\":true,\"valueName\":\"search_term_string\"}}],\"inLanguage\":\"it-IT\"},{\"@type\":\"Person\",\"@id\":\"https:\/\/www.intoscana.it\/it\/#\/schema\/person\/9223810753230f20bd670fdd322661f8\",\"name\":\"Redazione\",\"url\":\"https:\/\/www.intoscana.it\/it\/author\/redazione\/\"}]}<\/script>\n<!-- \/ Yoast SEO Premium plugin. -->","yoast_head_json":{"title":"Pasquetta con D\u00e9 Soda Sisters al Centro Compitese - intoscana.it","description":"Concerti, cucina e dj set per \"SeialCentro\", programma culturale (e gastronomico) del Centro Culturale Compitese.","robots":{"index":"index","follow":"follow","max-snippet":"max-snippet:-1","max-image-preview":"max-image-preview:large","max-video-preview":"max-video-preview:-1"},"canonical":"https:\/\/www.intoscana.it\/it\/pasquetta-de-soda-sisters-centro-compitese-contratto-sociale\/","og_locale":"it_IT","og_type":"article","og_title":"Pasquetta con D\u00e9 Soda Sisters al Centro Compitese, poi arrivano i Contratto Sociale","og_description":"Concerti, cucina e dj set per \"SeialCentro\", programma culturale (e gastronomico) del Centro Culturale Compitese.","og_url":"https:\/\/www.intoscana.it\/it\/pasquetta-de-soda-sisters-centro-compitese-contratto-sociale\/","og_site_name":"intoscana","article_publisher":"https:\/\/www.facebook.com\/intoscana.it","article_published_time":"2022-04-16T09:19:29+00:00","article_modified_time":"2022-04-19T10:34:47+00:00","og_image":[{"width":1024,"height":683,"url":"https:\/\/www.intoscana.it\/wp-content\/uploads\/m9a3069-1024x683-1.jpg","type":"image\/jpeg"}],"author":"Redazione","twitter_card":"summary_large_image","twitter_creator":"@intoscana","twitter_site":"@intoscana","twitter_misc":{"Written by":"Redazione","Est. reading time":"3 minuti"},"schema":{"@context":"https:\/\/schema.org","@graph":[{"@type":"WebPage","@id":"https:\/\/www.intoscana.it\/it\/pasquetta-de-soda-sisters-centro-compitese-contratto-sociale\/","url":"https:\/\/www.intoscana.it\/it\/pasquetta-de-soda-sisters-centro-compitese-contratto-sociale\/","name":"Pasquetta con D\u00e9 Soda Sisters al Centro Compitese - intoscana.it","isPartOf":{"@id":"https:\/\/www.intoscana.it\/it\/#website"},"primaryImageOfPage":{"@id":"https:\/\/www.intoscana.it\/it\/pasquetta-de-soda-sisters-centro-compitese-contratto-sociale\/#primaryimage"},"image":{"@id":"https:\/\/www.intoscana.it\/it\/pasquetta-de-soda-sisters-centro-compitese-contratto-sociale\/#primaryimage"},"thumbnailUrl":"https:\/\/www.intoscana.it\/wp-content\/uploads\/m9a3069-1024x683-1.jpg","datePublished":"2022-04-16T09:19:29+00:00","dateModified":"2022-04-19T10:34:47+00:00","author":{"@id":"https:\/\/www.intoscana.it\/it\/#\/schema\/person\/9223810753230f20bd670fdd322661f8"},"description":"Concerti, cucina e dj set per \"SeialCentro\", programma culturale (e gastronomico) del Centro Culturale Compitese.","breadcrumb":{"@id":"https:\/\/www.intoscana.it\/it\/pasquetta-de-soda-sisters-centro-compitese-contratto-sociale\/#breadcrumb"},"inLanguage":"it-IT","potentialAction":[{"@type":"ReadAction","target":["https:\/\/www.intoscana.it\/it\/pasquetta-de-soda-sisters-centro-compitese-contratto-sociale\/"]}]},{"@type":"ImageObject","inLanguage":"it-IT","@id":"https:\/\/www.intoscana.it\/it\/pasquetta-de-soda-sisters-centro-compitese-contratto-sociale\/#primaryimage","url":"https:\/\/www.intoscana.it\/wp-content\/uploads\/m9a3069-1024x683-1.jpg","contentUrl":"https:\/\/www.intoscana.it\/wp-content\/uploads\/m9a3069-1024x683-1.jpg","width":1024,"height":683,"caption":"De' Soda Sisters"},{"@type":"BreadcrumbList","@id":"https:\/\/www.intoscana.it\/it\/pasquetta-de-soda-sisters-centro-compitese-contratto-sociale\/#breadcrumb","itemListElement":[{"@type":"ListItem","position":1,"name":"Home","item":"https:\/\/www.intoscana.it\/it\/"},{"@type":"ListItem","position":2,"name":"Pasquetta con D\u00e9 Soda Sisters al Centro Compitese, poi arrivano i Contratto Sociale"}]},{"@type":"WebSite","@id":"https:\/\/www.intoscana.it\/it\/#website","url":"https:\/\/www.intoscana.it\/it\/","name":"intoscana","description":"","potentialAction":[{"@type":"SearchAction","target":{"@type":"EntryPoint","urlTemplate":"https:\/\/www.intoscana.it\/it\/?s={search_term_string}"},"query-input":{"@type":"PropertyValueSpecification","valueRequired":true,"valueName":"search_term_string"}}],"inLanguage":"it-IT"},{"@type":"Person","@id":"https:\/\/www.intoscana.it\/it\/#\/schema\/person\/9223810753230f20bd670fdd322661f8","name":"Redazione","url":"https:\/\/www.intoscana.it\/it\/author\/redazione\/"}]}},"_links":{"self":[{"href":"https:\/\/www.intoscana.it\/it\/wp-json\/wp\/v2\/posts\/224038","targetHints":{"allow":["GET"]}}],"collection":[{"href":"https:\/\/www.intoscana.it\/it\/wp-json\/wp\/v2\/posts"}],"about":[{"href":"https:\/\/www.intoscana.it\/it\/wp-json\/wp\/v2\/types\/post"}],"author":[{"embeddable":true,"href":"https:\/\/www.intoscana.it\/it\/wp-json\/wp\/v2\/users\/525"}],"replies":[{"embeddable":true,"href":"https:\/\/www.intoscana.it\/it\/wp-json\/wp\/v2\/comments?post=224038"}],"version-history":[{"count":0,"href":"https:\/\/www.intoscana.it\/it\/wp-json\/wp\/v2\/posts\/224038\/revisions"}],"wp:featuredmedia":[{"embeddable":true,"href":"https:\/\/www.intoscana.it\/it\/wp-json\/wp\/v2\/media\/98201"}],"wp:attachment":[{"href":"https:\/\/www.intoscana.it\/it\/wp-json\/wp\/v2\/media?parent=224038"}],"wp:term":[{"taxonomy":"category","embeddable":true,"href":"https:\/\/www.intoscana.it\/it\/wp-json\/wp\/v2\/categories?post=224038"},{"taxonomy":"post_tag","embeddable":true,"href":"https:\/\/www.intoscana.it\/it\/wp-json\/wp\/v2\/tags?post=224038"}],"curies":[{"name":"wp","href":"https:\/\/api.w.org\/{rel}","templated":true}]}}