{"id":224207,"date":"2022-04-19T13:21:10","date_gmt":"2022-04-19T11:21:10","guid":{"rendered":"https:\/\/www.intoscana.it\/it\/?p=224207"},"modified":"2022-04-20T13:49:21","modified_gmt":"2022-04-20T11:49:21","slug":"covid-1-280-nuovi-positivi-con-uneta-media-di-44-anni-27-i-decessi","status":"publish","type":"post","link":"https:\/\/www.intoscana.it\/it\/covid-1-280-nuovi-positivi-con-uneta-media-di-44-anni-27-i-decessi\/","title":{"rendered":"Covid, 1.280 nuovi positivi con un&#8217;et\u00e0 media di 44 anni. 27 i decessi"},"content":{"rendered":"<p>Sono 1.280 i nuovi casi <strong>covid<\/strong> registrati in Toscana. Sono stati eseguiti 2.098 tamponi molecolari e 6.406 tamponi antigenici rapidi, di questi il 15,1% \u00e8 risultato positivo. L&#8217;et\u00e0 media dei nuovi positivi \u00e8 di 44 anni circa: 18% ha meno di 20 anni, 22% tra 20 e 39 anni, 34% tra 40 e 59 anni, 17% tra 60 e 79 anni, 9% ha 80 anni o pi\u00f9.<\/p>\n<p><mark>Oggi si registrano 27 nuovi decessi: 14 uomini e 13 donne con un&#8217;et\u00e0 media di 79,8 anni.<\/mark> Le persone <strong>ricoverate<\/strong> nei posti letto dedicati ai pazienti covid oggi sono complessivamente 758 (23 in pi\u00f9 rispetto a ieri, pi\u00f9 3,1%), 29 in terapia intensiva (stabili rispetto a ieri).<\/p>\n<h3><em>I casi di positivit\u00e0 sul territorio <\/em><\/h3>\n<p>Sono 295.227 i casi complessivi ad oggi a Firenze (316 in pi\u00f9 rispetto a ieri), 73.326 a Prato, 84.992 a Pistoia (122 in pi\u00f9), 51.396 a Massa (59 in pi\u00f9), 111.038 a Lucca (165 in pi\u00f9), 120.468 a Pisa (127 in pi\u00f9), 92.653 a Livorno (108 in pi\u00f9), 97.000 ad Arezzo (126 in pi\u00f9), 73.128 a Siena (100 in pi\u00f9), 55.606 a Grosseto (92 in pi\u00f9).<\/p>\n<p>Complessivamente, 49.012 persone sono in <strong>isolamento<\/strong> a casa, poich\u00e9 presentano sintomi lievi che non richiedono cure ospedaliere, o risultano prive di sintomi (3.083 in meno rispetto a ieri, meno 5,9%).<\/p>\n<p><mark>Sono 9.719 i deceduti dall&#8217;inizio dell&#8217;epidemia:<\/mark> 3.066 a Firenze, 814 a Prato, 871 a Pistoia, 636 a Massa Carrara, 909 a Lucca, 1.047 a Pisa, 705 a Livorno, 646 ad Arezzo, 521 a Siena, 374 a Grosseto, 130 persone sono decedute sul suolo toscano ma erano residenti fuori regione.<\/p>\n<p>&nbsp;<\/p>\n","protected":false},"excerpt":{"rendered":"<p>Crescono i ricoveri: 23 in pi\u00f9 rispetto al giorno prima. Stabili le terapie intensive<\/p>\n","protected":false},"author":525,"featured_media":192549,"comment_status":"open","ping_status":"open","sticky":false,"template":"","format":"standard","meta":{"_acf_changed":false,"footnotes":""},"categories":[494],"tags":[4868,418],"class_list":["post-224207","post","type-post","status-publish","format-standard","has-post-thumbnail","hentry","category-attualita","tag-bollettino-covid-toscana","tag-covid-19"],"acf":[],"yoast_head":"<!-- This site is optimized with the Yoast SEO Premium plugin v24.2 (Yoast SEO v25.6) - https:\/\/yoast.com\/wordpress\/plugins\/seo\/ -->\n<title>Covid, 1.280 nuovi positivi con un&#039;et\u00e0 media di 44 anni. 27 i decessi - intoscana<\/title>\n<meta name=\"description\" content=\"Crescono i ricoveri: 23 in pi\u00f9 rispetto al giorno prima. Stabili le terapie intensive\" \/>\n<meta name=\"robots\" content=\"index, follow, max-snippet:-1, max-image-preview:large, max-video-preview:-1\" \/>\n<link rel=\"canonical\" href=\"https:\/\/www.intoscana.it\/it\/covid-1-280-nuovi-positivi-con-uneta-media-di-44-anni-27-i-decessi\/\" \/>\n<meta property=\"og:locale\" content=\"it_IT\" \/>\n<meta property=\"og:type\" content=\"article\" \/>\n<meta property=\"og:title\" content=\"Covid, 1.280 nuovi positivi con un&#039;et\u00e0 media di 44 anni. 27 i decessi\" \/>\n<meta property=\"og:description\" content=\"Crescono i ricoveri: 23 in pi\u00f9 rispetto al giorno prima. Stabili le terapie intensive\" \/>\n<meta property=\"og:url\" content=\"https:\/\/www.intoscana.it\/it\/covid-1-280-nuovi-positivi-con-uneta-media-di-44-anni-27-i-decessi\/\" \/>\n<meta property=\"og:site_name\" content=\"intoscana\" \/>\n<meta property=\"article:publisher\" content=\"https:\/\/www.facebook.com\/intoscana.it\" \/>\n<meta property=\"article:published_time\" content=\"2022-04-19T11:21:10+00:00\" \/>\n<meta property=\"article:modified_time\" content=\"2022-04-20T11:49:21+00:00\" \/>\n<meta property=\"og:image\" content=\"https:\/\/www.intoscana.it\/wp-content\/uploads\/Covid-19-scaled.jpg\" \/>\n\t<meta property=\"og:image:width\" content=\"2048\" \/>\n\t<meta property=\"og:image:height\" content=\"1365\" \/>\n\t<meta property=\"og:image:type\" content=\"image\/jpeg\" \/>\n<meta name=\"author\" content=\"Redazione\" \/>\n<meta name=\"twitter:card\" content=\"summary_large_image\" \/>\n<meta name=\"twitter:creator\" content=\"@intoscana\" \/>\n<meta name=\"twitter:site\" content=\"@intoscana\" \/>\n<meta name=\"twitter:label1\" content=\"Written by\" \/>\n\t<meta name=\"twitter:data1\" content=\"Redazione\" \/>\n\t<meta name=\"twitter:label2\" content=\"Est. reading time\" \/>\n\t<meta name=\"twitter:data2\" content=\"1 minuto\" \/>\n<script type=\"application\/ld+json\" class=\"yoast-schema-graph\">{\"@context\":\"https:\/\/schema.org\",\"@graph\":[{\"@type\":\"WebPage\",\"@id\":\"https:\/\/www.intoscana.it\/it\/covid-1-280-nuovi-positivi-con-uneta-media-di-44-anni-27-i-decessi\/\",\"url\":\"https:\/\/www.intoscana.it\/it\/covid-1-280-nuovi-positivi-con-uneta-media-di-44-anni-27-i-decessi\/\",\"name\":\"Covid, 1.280 nuovi positivi con un'et\u00e0 media di 44 anni. 27 i decessi - intoscana\",\"isPartOf\":{\"@id\":\"https:\/\/www.intoscana.it\/it\/#website\"},\"primaryImageOfPage\":{\"@id\":\"https:\/\/www.intoscana.it\/it\/covid-1-280-nuovi-positivi-con-uneta-media-di-44-anni-27-i-decessi\/#primaryimage\"},\"image\":{\"@id\":\"https:\/\/www.intoscana.it\/it\/covid-1-280-nuovi-positivi-con-uneta-media-di-44-anni-27-i-decessi\/#primaryimage\"},\"thumbnailUrl\":\"https:\/\/www.intoscana.it\/wp-content\/uploads\/Covid-19-scaled.jpg\",\"datePublished\":\"2022-04-19T11:21:10+00:00\",\"dateModified\":\"2022-04-20T11:49:21+00:00\",\"author\":{\"@id\":\"https:\/\/www.intoscana.it\/it\/#\/schema\/person\/9223810753230f20bd670fdd322661f8\"},\"description\":\"Crescono i ricoveri: 23 in pi\u00f9 rispetto al giorno prima. Stabili le terapie intensive\",\"breadcrumb\":{\"@id\":\"https:\/\/www.intoscana.it\/it\/covid-1-280-nuovi-positivi-con-uneta-media-di-44-anni-27-i-decessi\/#breadcrumb\"},\"inLanguage\":\"it-IT\",\"potentialAction\":[{\"@type\":\"ReadAction\",\"target\":[\"https:\/\/www.intoscana.it\/it\/covid-1-280-nuovi-positivi-con-uneta-media-di-44-anni-27-i-decessi\/\"]}]},{\"@type\":\"ImageObject\",\"inLanguage\":\"it-IT\",\"@id\":\"https:\/\/www.intoscana.it\/it\/covid-1-280-nuovi-positivi-con-uneta-media-di-44-anni-27-i-decessi\/#primaryimage\",\"url\":\"https:\/\/www.intoscana.it\/wp-content\/uploads\/Covid-19-scaled.jpg\",\"contentUrl\":\"https:\/\/www.intoscana.it\/wp-content\/uploads\/Covid-19-scaled.jpg\",\"width\":2048,\"height\":1365},{\"@type\":\"BreadcrumbList\",\"@id\":\"https:\/\/www.intoscana.it\/it\/covid-1-280-nuovi-positivi-con-uneta-media-di-44-anni-27-i-decessi\/#breadcrumb\",\"itemListElement\":[{\"@type\":\"ListItem\",\"position\":1,\"name\":\"Home\",\"item\":\"https:\/\/www.intoscana.it\/it\/\"},{\"@type\":\"ListItem\",\"position\":2,\"name\":\"Covid, 1.280 nuovi positivi con un&#8217;et\u00e0 media di 44 anni. 27 i decessi\"}]},{\"@type\":\"WebSite\",\"@id\":\"https:\/\/www.intoscana.it\/it\/#website\",\"url\":\"https:\/\/www.intoscana.it\/it\/\",\"name\":\"intoscana\",\"description\":\"\",\"potentialAction\":[{\"@type\":\"SearchAction\",\"target\":{\"@type\":\"EntryPoint\",\"urlTemplate\":\"https:\/\/www.intoscana.it\/it\/?s={search_term_string}\"},\"query-input\":{\"@type\":\"PropertyValueSpecification\",\"valueRequired\":true,\"valueName\":\"search_term_string\"}}],\"inLanguage\":\"it-IT\"},{\"@type\":\"Person\",\"@id\":\"https:\/\/www.intoscana.it\/it\/#\/schema\/person\/9223810753230f20bd670fdd322661f8\",\"name\":\"Redazione\",\"url\":\"https:\/\/www.intoscana.it\/it\/author\/redazione\/\"}]}<\/script>\n<!-- \/ Yoast SEO Premium plugin. -->","yoast_head_json":{"title":"Covid, 1.280 nuovi positivi con un'et\u00e0 media di 44 anni. 27 i decessi - intoscana","description":"Crescono i ricoveri: 23 in pi\u00f9 rispetto al giorno prima. Stabili le terapie intensive","robots":{"index":"index","follow":"follow","max-snippet":"max-snippet:-1","max-image-preview":"max-image-preview:large","max-video-preview":"max-video-preview:-1"},"canonical":"https:\/\/www.intoscana.it\/it\/covid-1-280-nuovi-positivi-con-uneta-media-di-44-anni-27-i-decessi\/","og_locale":"it_IT","og_type":"article","og_title":"Covid, 1.280 nuovi positivi con un'et\u00e0 media di 44 anni. 27 i decessi","og_description":"Crescono i ricoveri: 23 in pi\u00f9 rispetto al giorno prima. Stabili le terapie intensive","og_url":"https:\/\/www.intoscana.it\/it\/covid-1-280-nuovi-positivi-con-uneta-media-di-44-anni-27-i-decessi\/","og_site_name":"intoscana","article_publisher":"https:\/\/www.facebook.com\/intoscana.it","article_published_time":"2022-04-19T11:21:10+00:00","article_modified_time":"2022-04-20T11:49:21+00:00","og_image":[{"width":2048,"height":1365,"url":"https:\/\/www.intoscana.it\/wp-content\/uploads\/Covid-19-scaled.jpg","type":"image\/jpeg"}],"author":"Redazione","twitter_card":"summary_large_image","twitter_creator":"@intoscana","twitter_site":"@intoscana","twitter_misc":{"Written by":"Redazione","Est. reading time":"1 minuto"},"schema":{"@context":"https:\/\/schema.org","@graph":[{"@type":"WebPage","@id":"https:\/\/www.intoscana.it\/it\/covid-1-280-nuovi-positivi-con-uneta-media-di-44-anni-27-i-decessi\/","url":"https:\/\/www.intoscana.it\/it\/covid-1-280-nuovi-positivi-con-uneta-media-di-44-anni-27-i-decessi\/","name":"Covid, 1.280 nuovi positivi con un'et\u00e0 media di 44 anni. 27 i decessi - intoscana","isPartOf":{"@id":"https:\/\/www.intoscana.it\/it\/#website"},"primaryImageOfPage":{"@id":"https:\/\/www.intoscana.it\/it\/covid-1-280-nuovi-positivi-con-uneta-media-di-44-anni-27-i-decessi\/#primaryimage"},"image":{"@id":"https:\/\/www.intoscana.it\/it\/covid-1-280-nuovi-positivi-con-uneta-media-di-44-anni-27-i-decessi\/#primaryimage"},"thumbnailUrl":"https:\/\/www.intoscana.it\/wp-content\/uploads\/Covid-19-scaled.jpg","datePublished":"2022-04-19T11:21:10+00:00","dateModified":"2022-04-20T11:49:21+00:00","author":{"@id":"https:\/\/www.intoscana.it\/it\/#\/schema\/person\/9223810753230f20bd670fdd322661f8"},"description":"Crescono i ricoveri: 23 in pi\u00f9 rispetto al giorno prima. Stabili le terapie intensive","breadcrumb":{"@id":"https:\/\/www.intoscana.it\/it\/covid-1-280-nuovi-positivi-con-uneta-media-di-44-anni-27-i-decessi\/#breadcrumb"},"inLanguage":"it-IT","potentialAction":[{"@type":"ReadAction","target":["https:\/\/www.intoscana.it\/it\/covid-1-280-nuovi-positivi-con-uneta-media-di-44-anni-27-i-decessi\/"]}]},{"@type":"ImageObject","inLanguage":"it-IT","@id":"https:\/\/www.intoscana.it\/it\/covid-1-280-nuovi-positivi-con-uneta-media-di-44-anni-27-i-decessi\/#primaryimage","url":"https:\/\/www.intoscana.it\/wp-content\/uploads\/Covid-19-scaled.jpg","contentUrl":"https:\/\/www.intoscana.it\/wp-content\/uploads\/Covid-19-scaled.jpg","width":2048,"height":1365},{"@type":"BreadcrumbList","@id":"https:\/\/www.intoscana.it\/it\/covid-1-280-nuovi-positivi-con-uneta-media-di-44-anni-27-i-decessi\/#breadcrumb","itemListElement":[{"@type":"ListItem","position":1,"name":"Home","item":"https:\/\/www.intoscana.it\/it\/"},{"@type":"ListItem","position":2,"name":"Covid, 1.280 nuovi positivi con un&#8217;et\u00e0 media di 44 anni. 27 i decessi"}]},{"@type":"WebSite","@id":"https:\/\/www.intoscana.it\/it\/#website","url":"https:\/\/www.intoscana.it\/it\/","name":"intoscana","description":"","potentialAction":[{"@type":"SearchAction","target":{"@type":"EntryPoint","urlTemplate":"https:\/\/www.intoscana.it\/it\/?s={search_term_string}"},"query-input":{"@type":"PropertyValueSpecification","valueRequired":true,"valueName":"search_term_string"}}],"inLanguage":"it-IT"},{"@type":"Person","@id":"https:\/\/www.intoscana.it\/it\/#\/schema\/person\/9223810753230f20bd670fdd322661f8","name":"Redazione","url":"https:\/\/www.intoscana.it\/it\/author\/redazione\/"}]}},"_links":{"self":[{"href":"https:\/\/www.intoscana.it\/it\/wp-json\/wp\/v2\/posts\/224207","targetHints":{"allow":["GET"]}}],"collection":[{"href":"https:\/\/www.intoscana.it\/it\/wp-json\/wp\/v2\/posts"}],"about":[{"href":"https:\/\/www.intoscana.it\/it\/wp-json\/wp\/v2\/types\/post"}],"author":[{"embeddable":true,"href":"https:\/\/www.intoscana.it\/it\/wp-json\/wp\/v2\/users\/525"}],"replies":[{"embeddable":true,"href":"https:\/\/www.intoscana.it\/it\/wp-json\/wp\/v2\/comments?post=224207"}],"version-history":[{"count":0,"href":"https:\/\/www.intoscana.it\/it\/wp-json\/wp\/v2\/posts\/224207\/revisions"}],"wp:featuredmedia":[{"embeddable":true,"href":"https:\/\/www.intoscana.it\/it\/wp-json\/wp\/v2\/media\/192549"}],"wp:attachment":[{"href":"https:\/\/www.intoscana.it\/it\/wp-json\/wp\/v2\/media?parent=224207"}],"wp:term":[{"taxonomy":"category","embeddable":true,"href":"https:\/\/www.intoscana.it\/it\/wp-json\/wp\/v2\/categories?post=224207"},{"taxonomy":"post_tag","embeddable":true,"href":"https:\/\/www.intoscana.it\/it\/wp-json\/wp\/v2\/tags?post=224207"}],"curies":[{"name":"wp","href":"https:\/\/api.w.org\/{rel}","templated":true}]}}