{"id":224344,"date":"2022-04-20T10:49:32","date_gmt":"2022-04-20T08:49:32","guid":{"rendered":"https:\/\/www.intoscana.it\/it\/?p=224344"},"modified":"2022-04-20T10:49:32","modified_gmt":"2022-04-20T08:49:32","slug":"universita-pisa-formazione-nuovi-ingegneri","status":"publish","type":"post","link":"https:\/\/www.intoscana.it\/it\/universita-pisa-formazione-nuovi-ingegneri\/","title":{"rendered":"Universit\u00e0: nove atenei europei a Pisa per definire la figura del nuovo ingegnere"},"content":{"rendered":"<p>Dal 20 al 22 aprile Pisa ospita <strong>tre giorni di incontri<\/strong> ad alto livello con i rappresentanti di <strong>nove universit\u00e0 europee<\/strong> che, riunite in un&#8217;alleanza, aderiscono ai due progetti (Eelisa ed Eelisa Innocore) per contribuire a definire e formare<strong> una nuova figura di ingegnere<\/strong>, capace di dominare le tecnologie pi\u00f9 smart insieme alle istanze di sviluppo sostenibile. Gli incontri saranno ospitati <strong>alla Scuola Normale e alla Scuola Sant&#8217;Anna<\/strong>.<\/p>\n<h3>Le universit\u00e0 europee nella rete Eelisa<\/h3>\n<p>I due atenei fanno parte della <strong>rete &#8220;Eelisa&#8221;<\/strong>, che rappresenta <mark>oltre 180 mila studenti, 16 mila docenti e 11 mila componenti di staff dirigenziali<\/mark>. Attraverso sessioni tematiche rettori, direttori e delegati dei nove atenei europei rifletteranno sui prossimi passi, per arrivare alla definizione di <strong>percorsi di laurea in ingegneria<\/strong>, congiunti a livello europeo. I progetti non limitano comunque gli interessi scientifici all&#8217;ingegneria e all&#8217;intento di formare e creare <strong>una nuova figura di ingegnere<\/strong> ma l&#8217;attenzione \u00e8 dedicata potenzialmente a tutte le discipline.<\/p>\n<p>I partner europei del progetto sono <strong>scuole di ingegneria<\/strong>, ma anche universit\u00e0 con <strong>competenze di alto profilo<\/strong> in scienze sociali, naturali e umanistiche. In chiusura dei lavori, il 22 aprile, alla Scuola Superiore Sant&#8217;Anna, i rappresentanti degli atenei firmeranno <mark>una dichiarazione per la parit\u00e0 di genere nella ricerca scientifica<\/mark>.<\/p>\n<p>&#8220;<em>Democrazia, diversit\u00e0, inclusione<\/em> &#8211; spiegano il direttore della Normale, <strong>Luigi Ambrosio<\/strong>, e la rettrice della Sant&#8217;Anna, <strong>Sabina Nuti<\/strong> &#8211; <em>sono i valori su cui si fondano i progetti per una societ\u00e0 europea basata su cooperazione e sostenibilit\u00e0. La dichiarazione sulla parit\u00e0 di genere \u00e8 un passaggio cruciale per lo sviluppo di questa alleanze e getter\u00e0 le basi per garantire davvero pari opportunit\u00e0 nel mondo scientifico<\/em>&#8220;.<\/p>\n","protected":false},"excerpt":{"rendered":"<p>Tre giorni di incontri alla Normale e alla Scuola Sant&#8217;Anna per discutere del futuro della professione tra sviluppo sostenibile e tecnologie smart<\/p>\n","protected":false},"author":525,"featured_media":81719,"comment_status":"open","ping_status":"open","sticky":false,"template":"","format":"standard","meta":{"_acf_changed":false,"footnotes":""},"categories":[494],"tags":[361,4438,4373],"class_list":["post-224344","post","type-post","status-publish","format-standard","has-post-thumbnail","hentry","category-attualita","tag-formazione","tag-scuola-normale-di-pisa","tag-scuola-santanna-di-pisa"],"acf":[],"yoast_head":"<!-- This site is optimized with the Yoast SEO Premium plugin v24.2 (Yoast SEO v25.6) - https:\/\/yoast.com\/wordpress\/plugins\/seo\/ -->\n<title>Universit\u00e0: 9 atenei europei a Pisa per formare nuovi ingegneri - intoscana<\/title>\n<meta name=\"description\" content=\"Tre giorni di incontri alla Normale e alla Scuola Sant&#039;Anna sul futuro della professione tra sviluppo sostenibile e tecnologie smart\" \/>\n<meta name=\"robots\" content=\"index, follow, max-snippet:-1, max-image-preview:large, max-video-preview:-1\" \/>\n<link rel=\"canonical\" href=\"https:\/\/www.intoscana.it\/it\/universita-pisa-formazione-nuovi-ingegneri\/\" \/>\n<meta property=\"og:locale\" content=\"it_IT\" \/>\n<meta property=\"og:type\" content=\"article\" \/>\n<meta property=\"og:title\" content=\"Universit\u00e0: nove atenei europei a Pisa per definire la figura del nuovo ingegnere\" \/>\n<meta property=\"og:description\" content=\"Tre giorni di incontri alla Normale e alla Scuola Sant&#039;Anna sul futuro della professione tra sviluppo sostenibile e tecnologie smart\" \/>\n<meta property=\"og:url\" content=\"https:\/\/www.intoscana.it\/it\/universita-pisa-formazione-nuovi-ingegneri\/\" \/>\n<meta property=\"og:site_name\" content=\"intoscana\" \/>\n<meta property=\"article:publisher\" content=\"https:\/\/www.facebook.com\/intoscana.it\" \/>\n<meta property=\"article:published_time\" content=\"2022-04-20T08:49:32+00:00\" \/>\n<meta property=\"og:image\" content=\"https:\/\/www.intoscana.it\/wp-content\/uploads\/12697309_1028530353887251_3084099576050464696_o-2.jpg\" \/>\n\t<meta property=\"og:image:width\" content=\"1000\" \/>\n\t<meta property=\"og:image:height\" content=\"719\" \/>\n\t<meta property=\"og:image:type\" content=\"image\/jpeg\" \/>\n<meta name=\"author\" content=\"Redazione\" \/>\n<meta name=\"twitter:card\" content=\"summary_large_image\" \/>\n<meta name=\"twitter:creator\" content=\"@intoscana\" \/>\n<meta name=\"twitter:site\" content=\"@intoscana\" \/>\n<meta name=\"twitter:label1\" content=\"Written by\" \/>\n\t<meta name=\"twitter:data1\" content=\"Redazione\" \/>\n\t<meta name=\"twitter:label2\" content=\"Est. reading time\" \/>\n\t<meta name=\"twitter:data2\" content=\"1 minuto\" \/>\n<script type=\"application\/ld+json\" class=\"yoast-schema-graph\">{\"@context\":\"https:\/\/schema.org\",\"@graph\":[{\"@type\":\"WebPage\",\"@id\":\"https:\/\/www.intoscana.it\/it\/universita-pisa-formazione-nuovi-ingegneri\/\",\"url\":\"https:\/\/www.intoscana.it\/it\/universita-pisa-formazione-nuovi-ingegneri\/\",\"name\":\"Universit\u00e0: 9 atenei europei a Pisa per formare nuovi ingegneri - intoscana\",\"isPartOf\":{\"@id\":\"https:\/\/www.intoscana.it\/it\/#website\"},\"primaryImageOfPage\":{\"@id\":\"https:\/\/www.intoscana.it\/it\/universita-pisa-formazione-nuovi-ingegneri\/#primaryimage\"},\"image\":{\"@id\":\"https:\/\/www.intoscana.it\/it\/universita-pisa-formazione-nuovi-ingegneri\/#primaryimage\"},\"thumbnailUrl\":\"https:\/\/www.intoscana.it\/wp-content\/uploads\/12697309_1028530353887251_3084099576050464696_o-2.jpg\",\"datePublished\":\"2022-04-20T08:49:32+00:00\",\"author\":{\"@id\":\"https:\/\/www.intoscana.it\/it\/#\/schema\/person\/9223810753230f20bd670fdd322661f8\"},\"description\":\"Tre giorni di incontri alla Normale e alla Scuola Sant'Anna sul futuro della professione tra sviluppo sostenibile e tecnologie smart\",\"breadcrumb\":{\"@id\":\"https:\/\/www.intoscana.it\/it\/universita-pisa-formazione-nuovi-ingegneri\/#breadcrumb\"},\"inLanguage\":\"it-IT\",\"potentialAction\":[{\"@type\":\"ReadAction\",\"target\":[\"https:\/\/www.intoscana.it\/it\/universita-pisa-formazione-nuovi-ingegneri\/\"]}]},{\"@type\":\"ImageObject\",\"inLanguage\":\"it-IT\",\"@id\":\"https:\/\/www.intoscana.it\/it\/universita-pisa-formazione-nuovi-ingegneri\/#primaryimage\",\"url\":\"https:\/\/www.intoscana.it\/wp-content\/uploads\/12697309_1028530353887251_3084099576050464696_o-2.jpg\",\"contentUrl\":\"https:\/\/www.intoscana.it\/wp-content\/uploads\/12697309_1028530353887251_3084099576050464696_o-2.jpg\",\"width\":1000,\"height\":719,\"caption\":\"La Scuola Sant'Anna di Pisa\"},{\"@type\":\"BreadcrumbList\",\"@id\":\"https:\/\/www.intoscana.it\/it\/universita-pisa-formazione-nuovi-ingegneri\/#breadcrumb\",\"itemListElement\":[{\"@type\":\"ListItem\",\"position\":1,\"name\":\"Home\",\"item\":\"https:\/\/www.intoscana.it\/it\/\"},{\"@type\":\"ListItem\",\"position\":2,\"name\":\"Universit\u00e0: nove atenei europei a Pisa per definire la figura del nuovo ingegnere\"}]},{\"@type\":\"WebSite\",\"@id\":\"https:\/\/www.intoscana.it\/it\/#website\",\"url\":\"https:\/\/www.intoscana.it\/it\/\",\"name\":\"intoscana\",\"description\":\"\",\"potentialAction\":[{\"@type\":\"SearchAction\",\"target\":{\"@type\":\"EntryPoint\",\"urlTemplate\":\"https:\/\/www.intoscana.it\/it\/?s={search_term_string}\"},\"query-input\":{\"@type\":\"PropertyValueSpecification\",\"valueRequired\":true,\"valueName\":\"search_term_string\"}}],\"inLanguage\":\"it-IT\"},{\"@type\":\"Person\",\"@id\":\"https:\/\/www.intoscana.it\/it\/#\/schema\/person\/9223810753230f20bd670fdd322661f8\",\"name\":\"Redazione\",\"url\":\"https:\/\/www.intoscana.it\/it\/author\/redazione\/\"}]}<\/script>\n<!-- \/ Yoast SEO Premium plugin. -->","yoast_head_json":{"title":"Universit\u00e0: 9 atenei europei a Pisa per formare nuovi ingegneri - intoscana","description":"Tre giorni di incontri alla Normale e alla Scuola Sant'Anna sul futuro della professione tra sviluppo sostenibile e tecnologie smart","robots":{"index":"index","follow":"follow","max-snippet":"max-snippet:-1","max-image-preview":"max-image-preview:large","max-video-preview":"max-video-preview:-1"},"canonical":"https:\/\/www.intoscana.it\/it\/universita-pisa-formazione-nuovi-ingegneri\/","og_locale":"it_IT","og_type":"article","og_title":"Universit\u00e0: nove atenei europei a Pisa per definire la figura del nuovo ingegnere","og_description":"Tre giorni di incontri alla Normale e alla Scuola Sant'Anna sul futuro della professione tra sviluppo sostenibile e tecnologie smart","og_url":"https:\/\/www.intoscana.it\/it\/universita-pisa-formazione-nuovi-ingegneri\/","og_site_name":"intoscana","article_publisher":"https:\/\/www.facebook.com\/intoscana.it","article_published_time":"2022-04-20T08:49:32+00:00","og_image":[{"width":1000,"height":719,"url":"https:\/\/www.intoscana.it\/wp-content\/uploads\/12697309_1028530353887251_3084099576050464696_o-2.jpg","type":"image\/jpeg"}],"author":"Redazione","twitter_card":"summary_large_image","twitter_creator":"@intoscana","twitter_site":"@intoscana","twitter_misc":{"Written by":"Redazione","Est. reading time":"1 minuto"},"schema":{"@context":"https:\/\/schema.org","@graph":[{"@type":"WebPage","@id":"https:\/\/www.intoscana.it\/it\/universita-pisa-formazione-nuovi-ingegneri\/","url":"https:\/\/www.intoscana.it\/it\/universita-pisa-formazione-nuovi-ingegneri\/","name":"Universit\u00e0: 9 atenei europei a Pisa per formare nuovi ingegneri - intoscana","isPartOf":{"@id":"https:\/\/www.intoscana.it\/it\/#website"},"primaryImageOfPage":{"@id":"https:\/\/www.intoscana.it\/it\/universita-pisa-formazione-nuovi-ingegneri\/#primaryimage"},"image":{"@id":"https:\/\/www.intoscana.it\/it\/universita-pisa-formazione-nuovi-ingegneri\/#primaryimage"},"thumbnailUrl":"https:\/\/www.intoscana.it\/wp-content\/uploads\/12697309_1028530353887251_3084099576050464696_o-2.jpg","datePublished":"2022-04-20T08:49:32+00:00","author":{"@id":"https:\/\/www.intoscana.it\/it\/#\/schema\/person\/9223810753230f20bd670fdd322661f8"},"description":"Tre giorni di incontri alla Normale e alla Scuola Sant'Anna sul futuro della professione tra sviluppo sostenibile e tecnologie smart","breadcrumb":{"@id":"https:\/\/www.intoscana.it\/it\/universita-pisa-formazione-nuovi-ingegneri\/#breadcrumb"},"inLanguage":"it-IT","potentialAction":[{"@type":"ReadAction","target":["https:\/\/www.intoscana.it\/it\/universita-pisa-formazione-nuovi-ingegneri\/"]}]},{"@type":"ImageObject","inLanguage":"it-IT","@id":"https:\/\/www.intoscana.it\/it\/universita-pisa-formazione-nuovi-ingegneri\/#primaryimage","url":"https:\/\/www.intoscana.it\/wp-content\/uploads\/12697309_1028530353887251_3084099576050464696_o-2.jpg","contentUrl":"https:\/\/www.intoscana.it\/wp-content\/uploads\/12697309_1028530353887251_3084099576050464696_o-2.jpg","width":1000,"height":719,"caption":"La Scuola Sant'Anna di Pisa"},{"@type":"BreadcrumbList","@id":"https:\/\/www.intoscana.it\/it\/universita-pisa-formazione-nuovi-ingegneri\/#breadcrumb","itemListElement":[{"@type":"ListItem","position":1,"name":"Home","item":"https:\/\/www.intoscana.it\/it\/"},{"@type":"ListItem","position":2,"name":"Universit\u00e0: nove atenei europei a Pisa per definire la figura del nuovo ingegnere"}]},{"@type":"WebSite","@id":"https:\/\/www.intoscana.it\/it\/#website","url":"https:\/\/www.intoscana.it\/it\/","name":"intoscana","description":"","potentialAction":[{"@type":"SearchAction","target":{"@type":"EntryPoint","urlTemplate":"https:\/\/www.intoscana.it\/it\/?s={search_term_string}"},"query-input":{"@type":"PropertyValueSpecification","valueRequired":true,"valueName":"search_term_string"}}],"inLanguage":"it-IT"},{"@type":"Person","@id":"https:\/\/www.intoscana.it\/it\/#\/schema\/person\/9223810753230f20bd670fdd322661f8","name":"Redazione","url":"https:\/\/www.intoscana.it\/it\/author\/redazione\/"}]}},"_links":{"self":[{"href":"https:\/\/www.intoscana.it\/it\/wp-json\/wp\/v2\/posts\/224344","targetHints":{"allow":["GET"]}}],"collection":[{"href":"https:\/\/www.intoscana.it\/it\/wp-json\/wp\/v2\/posts"}],"about":[{"href":"https:\/\/www.intoscana.it\/it\/wp-json\/wp\/v2\/types\/post"}],"author":[{"embeddable":true,"href":"https:\/\/www.intoscana.it\/it\/wp-json\/wp\/v2\/users\/525"}],"replies":[{"embeddable":true,"href":"https:\/\/www.intoscana.it\/it\/wp-json\/wp\/v2\/comments?post=224344"}],"version-history":[{"count":0,"href":"https:\/\/www.intoscana.it\/it\/wp-json\/wp\/v2\/posts\/224344\/revisions"}],"wp:featuredmedia":[{"embeddable":true,"href":"https:\/\/www.intoscana.it\/it\/wp-json\/wp\/v2\/media\/81719"}],"wp:attachment":[{"href":"https:\/\/www.intoscana.it\/it\/wp-json\/wp\/v2\/media?parent=224344"}],"wp:term":[{"taxonomy":"category","embeddable":true,"href":"https:\/\/www.intoscana.it\/it\/wp-json\/wp\/v2\/categories?post=224344"},{"taxonomy":"post_tag","embeddable":true,"href":"https:\/\/www.intoscana.it\/it\/wp-json\/wp\/v2\/tags?post=224344"}],"curies":[{"name":"wp","href":"https:\/\/api.w.org\/{rel}","templated":true}]}}