{"id":224391,"date":"2022-04-20T11:46:59","date_gmt":"2022-04-20T09:46:59","guid":{"rendered":"https:\/\/www.intoscana.it\/it\/?p=224391"},"modified":"2022-04-20T11:46:59","modified_gmt":"2022-04-20T09:46:59","slug":"apertura-giardino-iris-2022","status":"publish","type":"post","link":"https:\/\/www.intoscana.it\/it\/apertura-giardino-iris-2022\/","title":{"rendered":"Primavera a Firenze, riapre il Giardino dell&#8217;Iris al Piazzale Michelangelo"},"content":{"rendered":"<p>Da <strong>luned\u00ec 25 aprile<\/strong> riapre le sue porte il Giardino dell\u2019Iris, l\u2019oasi floreale che si trova sotto Piazzale Michelangelo a Firenze. Il parco sar\u00e0 a<strong>perto tutti i giorni (festivi compresi)<\/strong> dalle 10.00 alle 18.00 <strong>fino al 20 maggio<\/strong>, per quasi un mese di <strong>visite gratuite<\/strong> a questa particolare realt\u00e0 nel cuore di Firenze.<\/p>\n<p>&#8220;<em>Se la situazione normativa rimane invariata non ci saranno restrizioni n\u00e9 di accesso n\u00e9 di percorsi interni<\/em>&#8221; spiegano dalla Societ\u00e0 Italiana Iris che cura il Giardino.<\/p>\n<h3>Un po\u2019 di storia<\/h3>\n<p>Il Giardino dell\u2019Iris al piazzale Michelangelo \u00e8 stato <strong>realizzato nel 1954<\/strong> con lo scopo di dare ospitalit\u00e0 ad un <strong>Concorso Internazionale annuale<\/strong> (che si svolge a tutt\u2019oggi) per le migliori variet\u00e0 di Iris, il \u201cPremio Firenze\u201d. La societ\u00e0 italiana Iris scelse Firenze come sede per questa iniziativa per il legame che la citt\u00e0 ha sempre avuto nella storia con questo fiore.<\/p>\n<p>Da allora il Giardino \u00e8 rimasto la sede del concorso internazionale e si \u00e8 arricchito di anno in anno di un<strong> numero sempre maggiore di variet\u00e0<\/strong> diverse dell\u2019Iris <strong>provenienti da tutto il mondo<\/strong>, come dal Giappone o dalla Louisiana.<\/p>\n<p>La superficie del Giardino \u00e8 di circa <strong>due ettari e mezzo<\/strong> e si affaccia sul panorama offerto dalla citt\u00e0 di Firenze. Per apprezzare ancora di pi\u00f9 la mostra permanente degli Iris, il Giardino \u00e8 suddiviso da vialetti, selciati in pietra serena, piazzole, scalette e scalinate perimetrali dividendolo cos\u00ec in zone che accolgono le diverse variet\u00e0.<\/p>\n<div class=\"titleimg\">\n<figure id=\"post-224397 media-224397\" class=\"align-center\"><img decoding=\"async\" src=\"https:\/\/www.intoscana.it\/wp-content\/uploads\/giardino_iris_mappa.jpg\" alt=\"\" \/><\/figure>\n<div class=\"titleimg\">\u00a9 Societ\u00e0 Italiana Iris<\/div>\n<\/div>\n<h3>Un corso di pittura dedicato all\u2019Iris<\/h3>\n<p>In attesa della riapertura, torna a svolgersi dopo due anni di stop per la pandemia, il <strong>corso di disegno e acquerello botanico<\/strong> \u201cI colori dell\u2019iride\u201d. Il corso si terr\u00e0 <strong>dal 23 al 28 aprile<\/strong> presso il Giardino dell\u2019Iris al piazzale Michelangelo.<\/p>\n<p>Ogni partecipante si potr\u00e0 cos\u00ec dedicare allo<strong> studio del disegno dal vero<\/strong> della complessa struttura del fiore, del colore e della tecnica dell\u2019acquerello botanico. Al termine del corso ogni partecipante avr\u00e0 ricevuto gli strumenti tecnici necessari a realizzare sul foglio il ritratto del proprio fiore preferito.<\/p>\n","protected":false},"excerpt":{"rendered":"<p>Nel capoluogo toscano sboccia la primavera e con lei riapre al pubblico il Giardino dell&#8217;Iris che sar\u00e0 visitabile gratuitamente dal 25 aprile al 20 maggio<\/p>\n","protected":false},"author":507,"featured_media":98964,"comment_status":"open","ping_status":"open","sticky":false,"template":"","format":"standard","meta":{"_acf_changed":false,"footnotes":""},"categories":[6],"tags":[202,5632],"class_list":["post-224391","post","type-post","status-publish","format-standard","has-post-thumbnail","hentry","category-viaggi","tag-firenze","tag-iris"],"acf":[],"yoast_head":"<!-- This site is optimized with the Yoast SEO Premium plugin v24.2 (Yoast SEO v25.6) - https:\/\/yoast.com\/wordpress\/plugins\/seo\/ -->\n<title>Primavera a Firenze, riapre il Giardino dell&#039;Iris al Piazzale Michelangelo - intoscana<\/title>\n<meta name=\"robots\" content=\"index, follow, max-snippet:-1, max-image-preview:large, max-video-preview:-1\" \/>\n<link rel=\"canonical\" href=\"https:\/\/www.intoscana.it\/it\/apertura-giardino-iris-2022\/\" \/>\n<meta property=\"og:locale\" content=\"it_IT\" \/>\n<meta property=\"og:type\" content=\"article\" \/>\n<meta property=\"og:title\" content=\"Primavera a Firenze, riapre il Giardino dell&#039;Iris al Piazzale Michelangelo\" \/>\n<meta property=\"og:description\" content=\"Nel capoluogo toscano sboccia la primavera e con lei riapre al pubblico il Giardino dell&#039;Iris che sar\u00e0 visitabile gratuitamente dal 25 aprile al 20 maggio\" \/>\n<meta property=\"og:url\" content=\"https:\/\/www.intoscana.it\/it\/apertura-giardino-iris-2022\/\" \/>\n<meta property=\"og:site_name\" content=\"intoscana\" \/>\n<meta property=\"article:publisher\" content=\"https:\/\/www.facebook.com\/intoscana.it\" \/>\n<meta property=\"article:published_time\" content=\"2022-04-20T09:46:59+00:00\" \/>\n<meta property=\"og:image\" content=\"https:\/\/www.intoscana.it\/wp-content\/uploads\/giardino-di-boboli-giardino-delliris-245-2.jpg\" \/>\n\t<meta property=\"og:image:width\" content=\"1000\" \/>\n\t<meta property=\"og:image:height\" content=\"750\" \/>\n\t<meta property=\"og:image:type\" content=\"image\/jpeg\" \/>\n<meta name=\"author\" content=\"Chiara Bianchini\" \/>\n<meta name=\"twitter:card\" content=\"summary_large_image\" \/>\n<meta name=\"twitter:creator\" content=\"@intoscana\" \/>\n<meta name=\"twitter:site\" content=\"@intoscana\" \/>\n<meta name=\"twitter:label1\" content=\"Written by\" \/>\n\t<meta name=\"twitter:data1\" content=\"Chiara Bianchini\" \/>\n\t<meta name=\"twitter:label2\" content=\"Est. reading time\" \/>\n\t<meta name=\"twitter:data2\" content=\"2 minuti\" \/>\n<script type=\"application\/ld+json\" class=\"yoast-schema-graph\">{\"@context\":\"https:\/\/schema.org\",\"@graph\":[{\"@type\":\"WebPage\",\"@id\":\"https:\/\/www.intoscana.it\/it\/apertura-giardino-iris-2022\/\",\"url\":\"https:\/\/www.intoscana.it\/it\/apertura-giardino-iris-2022\/\",\"name\":\"Primavera a Firenze, riapre il Giardino dell'Iris al Piazzale Michelangelo - intoscana\",\"isPartOf\":{\"@id\":\"https:\/\/www.intoscana.it\/it\/#website\"},\"primaryImageOfPage\":{\"@id\":\"https:\/\/www.intoscana.it\/it\/apertura-giardino-iris-2022\/#primaryimage\"},\"image\":{\"@id\":\"https:\/\/www.intoscana.it\/it\/apertura-giardino-iris-2022\/#primaryimage\"},\"thumbnailUrl\":\"https:\/\/www.intoscana.it\/wp-content\/uploads\/giardino-di-boboli-giardino-delliris-245-2.jpg\",\"datePublished\":\"2022-04-20T09:46:59+00:00\",\"author\":{\"@id\":\"https:\/\/www.intoscana.it\/it\/#\/schema\/person\/010af92117f50561886339ad5b873a41\"},\"breadcrumb\":{\"@id\":\"https:\/\/www.intoscana.it\/it\/apertura-giardino-iris-2022\/#breadcrumb\"},\"inLanguage\":\"it-IT\",\"potentialAction\":[{\"@type\":\"ReadAction\",\"target\":[\"https:\/\/www.intoscana.it\/it\/apertura-giardino-iris-2022\/\"]}]},{\"@type\":\"ImageObject\",\"inLanguage\":\"it-IT\",\"@id\":\"https:\/\/www.intoscana.it\/it\/apertura-giardino-iris-2022\/#primaryimage\",\"url\":\"https:\/\/www.intoscana.it\/wp-content\/uploads\/giardino-di-boboli-giardino-delliris-245-2.jpg\",\"contentUrl\":\"https:\/\/www.intoscana.it\/wp-content\/uploads\/giardino-di-boboli-giardino-delliris-245-2.jpg\",\"width\":1000,\"height\":750,\"caption\":\"Il Giardino dell'Iris\"},{\"@type\":\"BreadcrumbList\",\"@id\":\"https:\/\/www.intoscana.it\/it\/apertura-giardino-iris-2022\/#breadcrumb\",\"itemListElement\":[{\"@type\":\"ListItem\",\"position\":1,\"name\":\"Home\",\"item\":\"https:\/\/www.intoscana.it\/it\/\"},{\"@type\":\"ListItem\",\"position\":2,\"name\":\"Primavera a Firenze, riapre il Giardino dell&#8217;Iris al Piazzale Michelangelo\"}]},{\"@type\":\"WebSite\",\"@id\":\"https:\/\/www.intoscana.it\/it\/#website\",\"url\":\"https:\/\/www.intoscana.it\/it\/\",\"name\":\"intoscana\",\"description\":\"\",\"potentialAction\":[{\"@type\":\"SearchAction\",\"target\":{\"@type\":\"EntryPoint\",\"urlTemplate\":\"https:\/\/www.intoscana.it\/it\/?s={search_term_string}\"},\"query-input\":{\"@type\":\"PropertyValueSpecification\",\"valueRequired\":true,\"valueName\":\"search_term_string\"}}],\"inLanguage\":\"it-IT\"},{\"@type\":\"Person\",\"@id\":\"https:\/\/www.intoscana.it\/it\/#\/schema\/person\/010af92117f50561886339ad5b873a41\",\"name\":\"Chiara Bianchini\",\"sameAs\":[\"c.bianchini@fst.it\"],\"url\":\"https:\/\/www.intoscana.it\/it\/author\/chiara-bianchini\/\"}]}<\/script>\n<!-- \/ Yoast SEO Premium plugin. -->","yoast_head_json":{"title":"Primavera a Firenze, riapre il Giardino dell'Iris al Piazzale Michelangelo - intoscana","robots":{"index":"index","follow":"follow","max-snippet":"max-snippet:-1","max-image-preview":"max-image-preview:large","max-video-preview":"max-video-preview:-1"},"canonical":"https:\/\/www.intoscana.it\/it\/apertura-giardino-iris-2022\/","og_locale":"it_IT","og_type":"article","og_title":"Primavera a Firenze, riapre il Giardino dell'Iris al Piazzale Michelangelo","og_description":"Nel capoluogo toscano sboccia la primavera e con lei riapre al pubblico il Giardino dell'Iris che sar\u00e0 visitabile gratuitamente dal 25 aprile al 20 maggio","og_url":"https:\/\/www.intoscana.it\/it\/apertura-giardino-iris-2022\/","og_site_name":"intoscana","article_publisher":"https:\/\/www.facebook.com\/intoscana.it","article_published_time":"2022-04-20T09:46:59+00:00","og_image":[{"width":1000,"height":750,"url":"https:\/\/www.intoscana.it\/wp-content\/uploads\/giardino-di-boboli-giardino-delliris-245-2.jpg","type":"image\/jpeg"}],"author":"Chiara Bianchini","twitter_card":"summary_large_image","twitter_creator":"@intoscana","twitter_site":"@intoscana","twitter_misc":{"Written by":"Chiara Bianchini","Est. reading time":"2 minuti"},"schema":{"@context":"https:\/\/schema.org","@graph":[{"@type":"WebPage","@id":"https:\/\/www.intoscana.it\/it\/apertura-giardino-iris-2022\/","url":"https:\/\/www.intoscana.it\/it\/apertura-giardino-iris-2022\/","name":"Primavera a Firenze, riapre il Giardino dell'Iris al Piazzale Michelangelo - intoscana","isPartOf":{"@id":"https:\/\/www.intoscana.it\/it\/#website"},"primaryImageOfPage":{"@id":"https:\/\/www.intoscana.it\/it\/apertura-giardino-iris-2022\/#primaryimage"},"image":{"@id":"https:\/\/www.intoscana.it\/it\/apertura-giardino-iris-2022\/#primaryimage"},"thumbnailUrl":"https:\/\/www.intoscana.it\/wp-content\/uploads\/giardino-di-boboli-giardino-delliris-245-2.jpg","datePublished":"2022-04-20T09:46:59+00:00","author":{"@id":"https:\/\/www.intoscana.it\/it\/#\/schema\/person\/010af92117f50561886339ad5b873a41"},"breadcrumb":{"@id":"https:\/\/www.intoscana.it\/it\/apertura-giardino-iris-2022\/#breadcrumb"},"inLanguage":"it-IT","potentialAction":[{"@type":"ReadAction","target":["https:\/\/www.intoscana.it\/it\/apertura-giardino-iris-2022\/"]}]},{"@type":"ImageObject","inLanguage":"it-IT","@id":"https:\/\/www.intoscana.it\/it\/apertura-giardino-iris-2022\/#primaryimage","url":"https:\/\/www.intoscana.it\/wp-content\/uploads\/giardino-di-boboli-giardino-delliris-245-2.jpg","contentUrl":"https:\/\/www.intoscana.it\/wp-content\/uploads\/giardino-di-boboli-giardino-delliris-245-2.jpg","width":1000,"height":750,"caption":"Il Giardino dell'Iris"},{"@type":"BreadcrumbList","@id":"https:\/\/www.intoscana.it\/it\/apertura-giardino-iris-2022\/#breadcrumb","itemListElement":[{"@type":"ListItem","position":1,"name":"Home","item":"https:\/\/www.intoscana.it\/it\/"},{"@type":"ListItem","position":2,"name":"Primavera a Firenze, riapre il Giardino dell&#8217;Iris al Piazzale Michelangelo"}]},{"@type":"WebSite","@id":"https:\/\/www.intoscana.it\/it\/#website","url":"https:\/\/www.intoscana.it\/it\/","name":"intoscana","description":"","potentialAction":[{"@type":"SearchAction","target":{"@type":"EntryPoint","urlTemplate":"https:\/\/www.intoscana.it\/it\/?s={search_term_string}"},"query-input":{"@type":"PropertyValueSpecification","valueRequired":true,"valueName":"search_term_string"}}],"inLanguage":"it-IT"},{"@type":"Person","@id":"https:\/\/www.intoscana.it\/it\/#\/schema\/person\/010af92117f50561886339ad5b873a41","name":"Chiara Bianchini","sameAs":["c.bianchini@fst.it"],"url":"https:\/\/www.intoscana.it\/it\/author\/chiara-bianchini\/"}]}},"_links":{"self":[{"href":"https:\/\/www.intoscana.it\/it\/wp-json\/wp\/v2\/posts\/224391","targetHints":{"allow":["GET"]}}],"collection":[{"href":"https:\/\/www.intoscana.it\/it\/wp-json\/wp\/v2\/posts"}],"about":[{"href":"https:\/\/www.intoscana.it\/it\/wp-json\/wp\/v2\/types\/post"}],"author":[{"embeddable":true,"href":"https:\/\/www.intoscana.it\/it\/wp-json\/wp\/v2\/users\/507"}],"replies":[{"embeddable":true,"href":"https:\/\/www.intoscana.it\/it\/wp-json\/wp\/v2\/comments?post=224391"}],"version-history":[{"count":0,"href":"https:\/\/www.intoscana.it\/it\/wp-json\/wp\/v2\/posts\/224391\/revisions"}],"wp:featuredmedia":[{"embeddable":true,"href":"https:\/\/www.intoscana.it\/it\/wp-json\/wp\/v2\/media\/98964"}],"wp:attachment":[{"href":"https:\/\/www.intoscana.it\/it\/wp-json\/wp\/v2\/media?parent=224391"}],"wp:term":[{"taxonomy":"category","embeddable":true,"href":"https:\/\/www.intoscana.it\/it\/wp-json\/wp\/v2\/categories?post=224391"},{"taxonomy":"post_tag","embeddable":true,"href":"https:\/\/www.intoscana.it\/it\/wp-json\/wp\/v2\/tags?post=224391"}],"curies":[{"name":"wp","href":"https:\/\/api.w.org\/{rel}","templated":true}]}}