{"id":224404,"date":"2022-04-20T12:22:48","date_gmt":"2022-04-20T10:22:48","guid":{"rendered":"https:\/\/www.intoscana.it\/it\/?p=224404"},"modified":"2022-05-27T15:24:41","modified_gmt":"2022-05-27T13:24:41","slug":"la-festa-di-gianna-nannini-al-franchi-ci-saranno-berte-coez-carmen-consoli-litfiba-e-tanti-altri-ospiti","status":"publish","type":"post","link":"https:\/\/www.intoscana.it\/it\/la-festa-di-gianna-nannini-al-franchi-ci-saranno-berte-coez-carmen-consoli-litfiba-e-tanti-altri-ospiti\/","title":{"rendered":"La grande festa di Gianna Nannini: al Franchi ci saranno Bert\u00e8, Coez, Carmen Consoli, Litfiba e tanti altri ospiti"},"content":{"rendered":"<p>Comincia il conto alla rovescia per il grande concerto di <strong>Gianna Nannini il <a href=\"https:\/\/www.intoscana.it\/it\/articolo\/gianna-nannini-concerto-firenze-stadio\/\" target=\"_blank\" rel=\"noopener\">28 maggio allo Stadio Artemio Franchi<\/a> di Firenze.<\/strong><\/p>\n<p>Sar\u00e0 <strong>un evento unico e irripetibile, una grande festa<\/strong> in cui la rocker sar\u00e0 accompagnata da una band di rara eccellenza e condivider\u00e0 il palco con amici e colleghi, un vero e proprio<strong> &#8220;Pantheon&#8221; di star della musica italiana<\/strong>:<\/p>\n<p>A Firenze suoneranno e canteranno con <strong>Gianna Nannini: Ariete, Loredana Bert\u00e8, Coez, Carmen Consoli, Litfiba, Enrico Nigiotti, Rosa Chemical e Speranza.<\/strong><\/p>\n<p>Sul palco fiorentino salir\u00e0 con la sua band <em><strong>\u201cLABAND\u201d<\/strong><\/em> e la direzione musicale di <strong>Davide Tagliapietra,<\/strong> <strong>Christian Rigan\u00f2<\/strong> alle tastiere, <strong>Steve Barney<\/strong> alla batteria, <strong>Milton McDonald<\/strong> alle chitarre, <strong>Francis Hylton<\/strong> al basso e\u00a0<strong>Isabella Casucci<\/strong>\u00a0ai cori\u00a0per un pieno di amore per i suoi fan, un assaggio della sua <strong>grinta rock\u2019n\u2019roll<\/strong>.<\/p>\n<p><em>\u201cDopo le restrizioni che hanno impedito ai musicisti di stare insieme sul palco, sono fiera di portare in tour la band\u2026 <strong>La storia della musica italiana la facciamo adesso!\u201d<\/strong><\/em> ha dichiarato<strong> la rocker senese.<\/strong><\/p>\n<p><strong>Per il futuro<\/strong> <em>\u201csono all\u2019inizio della mia strada, sono sempre curiosa di ci\u00f2 che pu\u00f2 accadere nella <strong>musica, che \u00e8 come un\u2019avventura, \u00e8 l\u2019ignoto, \u00e8 tuffarsi nel buio<\/strong> per andare a pescare qualcosa che il tuo orecchio recepisce dal silenzio. Poi l\u2019ispirazione ti porta a fare delle canzoni. <strong>Sto facendo un album nuovo che uscir\u00e0 a settembre, ma prima sar\u00f2 in tour\u201d.<\/strong><\/em><\/p>\n<p><em>\u201cDal primo aprile sar\u00f2 in tourn\u00e9e quasi sempre.<strong> C\u2019\u00e8 lo stadio di Firenze il 28 maggio, poi si faranno i festival rock in Europa, in Germania,<\/strong> e in autunno ci saranno altri concerti. Il mio mondo \u00e8 verso la musica cult nera. Blues, soul questa \u00e8 la musica a cui sento di appartenere nel mio modo italiano\u201d <\/em>ha concluso.<\/p>\n<figure id=\"post-215138 media-215138\" class=\"align-none\"><img decoding=\"async\" src=\"https:\/\/www.intoscana.it\/wp-content\/uploads\/Gianna-Nannini_Foto-credit-Denis-ORegan-2-b.jpg\" alt=\"\" \/><\/figure>\n<p><em>Gianna Nannini &#8211; \u00a9 Denis O\u2019Regan<\/em><\/p>\n<h3>Il concerto di Gianna Nannini: tutte le informazioni utili<\/h3>\n<p>Il concerto si svolger\u00e0 nella <strong>Curva Fiesole dello stadio<\/strong>, inizio ore 21.<strong> Sono ancora disponibili biglietti nei punti vendita Box Office Toscana e online su www.ticketone.it<\/strong>.<\/p>\n<p><strong>Sabato 28 maggio biglietti in vendita dalle ore 16 anche alla cassa dello stadio in viale Nervi<\/strong> (lato Maratona). Dalle ore 16 qui si ritireranno anche i biglietti Early Entry, dalle ore 17 gli accrediti stampa e dalle ore 18,30 i biglietti Gold Pack.<\/p>\n<p>L\u2019ingresso allo stadio sar\u00e0 consentito dalle ore 17,30 ai possessori di biglietti Early Entry, dalle ore 18 ai possessori di biglietti Prato e dalle ore 18,30 per tutti gli altri settori. Sono previste 8 porte di accesso a seconda del biglietto. Si consiglia di controllare il codice del proprio tagliando prima di dirigersi ai varchi. I portatori di handicap potranno raggiungere le aree loro riservate attraverso due ingressi dedicati, in viale Nervi e viale Fanti.<\/p>\n<p><strong>IN TRENO<\/strong><br \/>\nPer raggiungere lo stadio <strong>\u00e8 fortemente consigliato l\u2019utilizzo di mezzi pubblici, in particolare il treno.<\/strong> Lo Stadio Artemio Franchi dista 300 metri dalla stazione Firenze Campo di Marte, ben servita durante il giorno da treni regionali e nazionali.<br \/>\nGrazie alla collaborazione di Trenitalia trasporto regionale Toscana, al termine dello spettacolo, <strong>saranno disponibili treni speciali diretti a Firenze Santa Maria Novella, Siena, Arezzo, Livorno e Pistoia, con fermate nelle principali stazioni intermedie.<\/strong><br \/>\nE\u2019 consentito salire a bordo solo se muniti di biglietto e si consiglia di provvedere in anticipo all\u2019acquisto anche per il ritorno.<\/p>\n<p><strong>Di seguito gli orari di partenza dei treni previsti al termine del concerto dalla stazione Firenze Campo di Marte.<\/strong><br \/>\n&#8211;\u00a0\u00a0\u00a0 Alle ore 00,22 e alle ore 01,04 destinazione Firenze Santa Maria Novella.<br \/>\n&#8211;\u00a0\u00a0\u00a0 Alle ore 00,38 destinazione Siena (ferma a Empoli, Ponte a Elsa, Castelfiorentino, Certaldo, Poggibonsi).<br \/>\n&#8211;\u00a0\u00a0\u00a0 Alle ore 00,40 destinazione Arezzo (ferma a Firenze Rovezzano, Compiobbi, Sieci, Pontassieve, S. Ellero, Rignano S\/A, Incisa, Figline Valdarno, S. Giovanni Valdarno, Montevarchi, Bucine, Laterina, Ponticino).<br \/>\n&#8211;\u00a0\u00a0\u00a0 Alle ore 00,47 destinazione Livorno Centrale (ferma a Firenze Statuto, Firenze Rifredi, Le Piagge, Signa, Montelupo, Empoli, San Miniato, San Romano, Pontedera, Cascina, San Frediano, Navacchio, Pisa\/Bin, Pisa Centrale).<br \/>\n&#8211;\u00a0\u00a0\u00a0 Alle ore 00,55 destinazione Livorno Centrale (ferma a Firenze Statuto, Firenze Rifredi, Le Piagge, Signa, Montelupo, Empoli, San Miniato, San Romano, Pontedera, Cascina, San Frediano, Navacchio, Pisa\/Bin, Pisa Centrale).<br \/>\n&#8211;\u00a0\u00a0\u00a0 Alle ore 01,00 destinazione Pistoia (ferma a Firenze Rifredi, Firenze Castello, Sesto Fiorentino, Prato Centrale, Prato Porta al Serraglio, Prato Borgonuovo,\u00a0 Montale\/Agliana).<\/p>\n<p><strong>AUTO E PARCHEGGI<\/strong><br \/>\nLo stadio si trova in un quartiere residenziale e <strong>parcheggiare nelle immediate vicinanze \u00e8 praticamente impossibile, considerando l\u2019alto numero di persone attese.<\/strong><br \/>\nSe venite in macchina non entrare in quest\u2019area!<strong> Il parcheggio dedicato al concerto \u00e8 quello in via della Chimera, davanti alla stazione Firenze Rovezzano.<\/strong> Si trova vicino all\u2019uscita autostradale A1 Firenze Sud, pu\u00f2 contenere oltre 400 posti auto ed \u00e8 accessibile solo procedendo da via Vitelli. La stazione Firenze Rovezzano \u00e8 ben collegata con la stazione Firenze Campo di Marte, da l\u00ec lo Stadio \u00e8 raggiungibile a piedi, in pochi minuti.<br \/>\nA fine concerto dalla stazione Firenze Campo di Marte il treno speciale con direzione Arezzo fermer\u00e0 alla stazione Firenze Rovezzano per tornare al parcheggio.<br \/>\n<strong>Gli altri parcheggi vicini allo stadio sono: Piazza Alberti &#8211; Piazza Beccaria &#8211; S. Ambrogio.<\/strong><br \/>\n<strong>Da l\u00ec \u00e8 possibile raggiungere a piedi lo stadio nel giro di pochi minuti.<\/strong><\/p>\n<p><strong>Ai mezzi privati in arrivo dalla superstrada Firenze-Pisa-Livorno si consiglia il parcheggio scambiatore Villa Costanza<\/strong> (<a href=\"http:\/\/www.parcheggiovillacostanza.it\" target=\"_blank\" rel=\"noopener\"><strong>www.parcheggiovillacostanza.it<\/strong><\/a>) in prossimit\u00e0 della fermata Villa Costanza della Linea T1 Tramvia, a Scandicci. Vi si accede solo dall\u2019autostrada A1 &#8211; sia da nord che da sud &#8211; tra i caselli di Firenze Scandicci e Firenze Impruneta.<br \/>\nCon la Linea T1 Tramvia si arriva in pochi minuti alla Stazione Firenze Santa Maria Novella, da qui si potranno utilizzare i normali treni che collegano la Stazione di Campo di Marte.<br \/>\nPer il ritorno si potr\u00e0 utilizzare il treno speciale in partenza da Campo di Marte alla volta della Stazione Firenze Santa Maria Novella, oppure utilizzare una delle linee bus di Autolinee Toscane che porteranno in piazza Stazione.<\/p>\n<p><strong>TRAMVIA + BICI<\/strong><br \/>\nSar\u00e0 possibile portare in tram la propria bici fino a Santa Maria Novella, per poi raggiungere lo stadio in bicicletta, e viceversa.<\/p>\n<p><strong>ULTIME CORSE TRAMVIA<\/strong><br \/>\nLinea T1 da Stazione Santa Maria Novella, direzione Careggi: ore 00,34. Linea T1 da Stazione SMN, direzione Scandicci\/Villa Costanza: ore 00,32. Linea T2 da Stazione Santa Maria Novella, direzione Aeroporto: ore 00,31.<\/p>\n<p><strong>BUS AUTOLINEE TOSCANE<\/strong><br \/>\nA fine concerto saranno attivi i bus di linea 17, 6 e 14 di Autolinee Toscane (www.at-bus.it) per raggiungere la stazione Santa Maria Novella. Ultime partenze bus 17 (fermata Mille Sette Santi): 23.43 &#8211; 00.23 &#8211; 01.03. Ultime partenze bus 6 (fermata Filarocca): 23.26 &#8211; 00.06 &#8211; 00.51. Ultime partenze bus 14 (fermata Lanza De Sanctis): 00.29 &#8211; 01.09.<\/p>\n<p><strong>TAXI<\/strong><br \/>\n<strong>Il Taxi Point \u00e8 posizionato via Mannelli<\/strong> sotto una delle due passerelle pedonali che permettono di attraversare la ferrovia. Dallo stadio ci si arriva in dieci minuti a piedi. Partendo da qui, i taxi evitano gran parte del traffico in uscita dallo stadio.<\/p>\n","protected":false},"excerpt":{"rendered":"<p>Il 28 maggio 2022 a Firenze si terr\u00e0 un concerto-evento irripetibile per festeggiare la prima volta per Gianna Nannini nello Stadio Artemio Franchi<\/p>\n","protected":false},"author":525,"featured_media":224406,"comment_status":"open","ping_status":"open","sticky":false,"template":"","format":"standard","meta":{"_acf_changed":false,"footnotes":""},"categories":[14],"tags":[216,202,6443],"class_list":["post-224404","post","type-post","status-publish","format-standard","has-post-thumbnail","hentry","category-musica","tag-concerti","tag-firenze","tag-gianna-nannini"],"acf":[],"yoast_head":"<!-- This site is optimized with the Yoast SEO Premium plugin v24.2 (Yoast SEO v25.6) - https:\/\/yoast.com\/wordpress\/plugins\/seo\/ -->\n<title>La grande festa di Gianna Nannini: al Franchi ci saranno Bert\u00e8, Coez, Carmen Consoli, Litfiba e tanti altri ospiti - intoscana<\/title>\n<meta name=\"description\" content=\"Il 28 maggio 2022 a Firenze si terr\u00e0 un concerto-evento irripetibile per festeggiare la prima volta per Gianna Nannini nello Stadio\" \/>\n<meta name=\"robots\" content=\"index, follow, max-snippet:-1, max-image-preview:large, max-video-preview:-1\" \/>\n<link rel=\"canonical\" href=\"https:\/\/www.intoscana.it\/it\/la-festa-di-gianna-nannini-al-franchi-ci-saranno-berte-coez-carmen-consoli-litfiba-e-tanti-altri-ospiti\/\" \/>\n<meta property=\"og:locale\" content=\"it_IT\" \/>\n<meta property=\"og:type\" content=\"article\" \/>\n<meta property=\"og:title\" content=\"La grande festa di Gianna Nannini: al Franchi ci saranno Bert\u00e8, Coez, Carmen Consoli, Litfiba e tanti altri ospiti\" \/>\n<meta property=\"og:description\" content=\"Il 28 maggio 2022 a Firenze si terr\u00e0 un concerto-evento irripetibile per festeggiare la prima volta per Gianna Nannini nello Stadio\" \/>\n<meta property=\"og:url\" content=\"https:\/\/www.intoscana.it\/it\/la-festa-di-gianna-nannini-al-franchi-ci-saranno-berte-coez-carmen-consoli-litfiba-e-tanti-altri-ospiti\/\" \/>\n<meta property=\"og:site_name\" content=\"intoscana\" \/>\n<meta property=\"article:publisher\" content=\"https:\/\/www.facebook.com\/intoscana.it\" \/>\n<meta property=\"article:published_time\" content=\"2022-04-20T10:22:48+00:00\" \/>\n<meta property=\"article:modified_time\" content=\"2022-05-27T13:24:41+00:00\" \/>\n<meta property=\"og:image\" content=\"https:\/\/www.intoscana.it\/wp-content\/uploads\/Locandina-2.jpeg\" \/>\n\t<meta property=\"og:image:width\" content=\"1440\" \/>\n\t<meta property=\"og:image:height\" content=\"1114\" \/>\n\t<meta property=\"og:image:type\" content=\"image\/jpeg\" \/>\n<meta name=\"author\" content=\"Redazione\" \/>\n<meta name=\"twitter:card\" content=\"summary_large_image\" \/>\n<meta name=\"twitter:creator\" content=\"@intoscana\" \/>\n<meta name=\"twitter:site\" content=\"@intoscana\" \/>\n<meta name=\"twitter:label1\" content=\"Written by\" \/>\n\t<meta name=\"twitter:data1\" content=\"Redazione\" \/>\n\t<meta name=\"twitter:label2\" content=\"Est. reading time\" \/>\n\t<meta name=\"twitter:data2\" content=\"6 minuti\" \/>\n<script type=\"application\/ld+json\" class=\"yoast-schema-graph\">{\"@context\":\"https:\/\/schema.org\",\"@graph\":[{\"@type\":\"WebPage\",\"@id\":\"https:\/\/www.intoscana.it\/it\/la-festa-di-gianna-nannini-al-franchi-ci-saranno-berte-coez-carmen-consoli-litfiba-e-tanti-altri-ospiti\/\",\"url\":\"https:\/\/www.intoscana.it\/it\/la-festa-di-gianna-nannini-al-franchi-ci-saranno-berte-coez-carmen-consoli-litfiba-e-tanti-altri-ospiti\/\",\"name\":\"La grande festa di Gianna Nannini: al Franchi ci saranno Bert\u00e8, Coez, Carmen Consoli, Litfiba e tanti altri ospiti - intoscana\",\"isPartOf\":{\"@id\":\"https:\/\/www.intoscana.it\/it\/#website\"},\"primaryImageOfPage\":{\"@id\":\"https:\/\/www.intoscana.it\/it\/la-festa-di-gianna-nannini-al-franchi-ci-saranno-berte-coez-carmen-consoli-litfiba-e-tanti-altri-ospiti\/#primaryimage\"},\"image\":{\"@id\":\"https:\/\/www.intoscana.it\/it\/la-festa-di-gianna-nannini-al-franchi-ci-saranno-berte-coez-carmen-consoli-litfiba-e-tanti-altri-ospiti\/#primaryimage\"},\"thumbnailUrl\":\"https:\/\/www.intoscana.it\/wp-content\/uploads\/Locandina-2.jpeg\",\"datePublished\":\"2022-04-20T10:22:48+00:00\",\"dateModified\":\"2022-05-27T13:24:41+00:00\",\"author\":{\"@id\":\"https:\/\/www.intoscana.it\/it\/#\/schema\/person\/9223810753230f20bd670fdd322661f8\"},\"description\":\"Il 28 maggio 2022 a Firenze si terr\u00e0 un concerto-evento irripetibile per festeggiare la prima volta per Gianna Nannini nello Stadio\",\"breadcrumb\":{\"@id\":\"https:\/\/www.intoscana.it\/it\/la-festa-di-gianna-nannini-al-franchi-ci-saranno-berte-coez-carmen-consoli-litfiba-e-tanti-altri-ospiti\/#breadcrumb\"},\"inLanguage\":\"it-IT\",\"potentialAction\":[{\"@type\":\"ReadAction\",\"target\":[\"https:\/\/www.intoscana.it\/it\/la-festa-di-gianna-nannini-al-franchi-ci-saranno-berte-coez-carmen-consoli-litfiba-e-tanti-altri-ospiti\/\"]}]},{\"@type\":\"ImageObject\",\"inLanguage\":\"it-IT\",\"@id\":\"https:\/\/www.intoscana.it\/it\/la-festa-di-gianna-nannini-al-franchi-ci-saranno-berte-coez-carmen-consoli-litfiba-e-tanti-altri-ospiti\/#primaryimage\",\"url\":\"https:\/\/www.intoscana.it\/wp-content\/uploads\/Locandina-2.jpeg\",\"contentUrl\":\"https:\/\/www.intoscana.it\/wp-content\/uploads\/Locandina-2.jpeg\",\"width\":1440,\"height\":1114},{\"@type\":\"BreadcrumbList\",\"@id\":\"https:\/\/www.intoscana.it\/it\/la-festa-di-gianna-nannini-al-franchi-ci-saranno-berte-coez-carmen-consoli-litfiba-e-tanti-altri-ospiti\/#breadcrumb\",\"itemListElement\":[{\"@type\":\"ListItem\",\"position\":1,\"name\":\"Home\",\"item\":\"https:\/\/www.intoscana.it\/it\/\"},{\"@type\":\"ListItem\",\"position\":2,\"name\":\"La grande festa di Gianna Nannini: al Franchi ci saranno Bert\u00e8, Coez, Carmen Consoli, Litfiba e tanti altri ospiti\"}]},{\"@type\":\"WebSite\",\"@id\":\"https:\/\/www.intoscana.it\/it\/#website\",\"url\":\"https:\/\/www.intoscana.it\/it\/\",\"name\":\"intoscana\",\"description\":\"\",\"potentialAction\":[{\"@type\":\"SearchAction\",\"target\":{\"@type\":\"EntryPoint\",\"urlTemplate\":\"https:\/\/www.intoscana.it\/it\/?s={search_term_string}\"},\"query-input\":{\"@type\":\"PropertyValueSpecification\",\"valueRequired\":true,\"valueName\":\"search_term_string\"}}],\"inLanguage\":\"it-IT\"},{\"@type\":\"Person\",\"@id\":\"https:\/\/www.intoscana.it\/it\/#\/schema\/person\/9223810753230f20bd670fdd322661f8\",\"name\":\"Redazione\",\"url\":\"https:\/\/www.intoscana.it\/it\/author\/redazione\/\"}]}<\/script>\n<!-- \/ Yoast SEO Premium plugin. -->","yoast_head_json":{"title":"La grande festa di Gianna Nannini: al Franchi ci saranno Bert\u00e8, Coez, Carmen Consoli, Litfiba e tanti altri ospiti - intoscana","description":"Il 28 maggio 2022 a Firenze si terr\u00e0 un concerto-evento irripetibile per festeggiare la prima volta per Gianna Nannini nello Stadio","robots":{"index":"index","follow":"follow","max-snippet":"max-snippet:-1","max-image-preview":"max-image-preview:large","max-video-preview":"max-video-preview:-1"},"canonical":"https:\/\/www.intoscana.it\/it\/la-festa-di-gianna-nannini-al-franchi-ci-saranno-berte-coez-carmen-consoli-litfiba-e-tanti-altri-ospiti\/","og_locale":"it_IT","og_type":"article","og_title":"La grande festa di Gianna Nannini: al Franchi ci saranno Bert\u00e8, Coez, Carmen Consoli, Litfiba e tanti altri ospiti","og_description":"Il 28 maggio 2022 a Firenze si terr\u00e0 un concerto-evento irripetibile per festeggiare la prima volta per Gianna Nannini nello Stadio","og_url":"https:\/\/www.intoscana.it\/it\/la-festa-di-gianna-nannini-al-franchi-ci-saranno-berte-coez-carmen-consoli-litfiba-e-tanti-altri-ospiti\/","og_site_name":"intoscana","article_publisher":"https:\/\/www.facebook.com\/intoscana.it","article_published_time":"2022-04-20T10:22:48+00:00","article_modified_time":"2022-05-27T13:24:41+00:00","og_image":[{"width":1440,"height":1114,"url":"https:\/\/www.intoscana.it\/wp-content\/uploads\/Locandina-2.jpeg","type":"image\/jpeg"}],"author":"Redazione","twitter_card":"summary_large_image","twitter_creator":"@intoscana","twitter_site":"@intoscana","twitter_misc":{"Written by":"Redazione","Est. reading time":"6 minuti"},"schema":{"@context":"https:\/\/schema.org","@graph":[{"@type":"WebPage","@id":"https:\/\/www.intoscana.it\/it\/la-festa-di-gianna-nannini-al-franchi-ci-saranno-berte-coez-carmen-consoli-litfiba-e-tanti-altri-ospiti\/","url":"https:\/\/www.intoscana.it\/it\/la-festa-di-gianna-nannini-al-franchi-ci-saranno-berte-coez-carmen-consoli-litfiba-e-tanti-altri-ospiti\/","name":"La grande festa di Gianna Nannini: al Franchi ci saranno Bert\u00e8, Coez, Carmen Consoli, Litfiba e tanti altri ospiti - intoscana","isPartOf":{"@id":"https:\/\/www.intoscana.it\/it\/#website"},"primaryImageOfPage":{"@id":"https:\/\/www.intoscana.it\/it\/la-festa-di-gianna-nannini-al-franchi-ci-saranno-berte-coez-carmen-consoli-litfiba-e-tanti-altri-ospiti\/#primaryimage"},"image":{"@id":"https:\/\/www.intoscana.it\/it\/la-festa-di-gianna-nannini-al-franchi-ci-saranno-berte-coez-carmen-consoli-litfiba-e-tanti-altri-ospiti\/#primaryimage"},"thumbnailUrl":"https:\/\/www.intoscana.it\/wp-content\/uploads\/Locandina-2.jpeg","datePublished":"2022-04-20T10:22:48+00:00","dateModified":"2022-05-27T13:24:41+00:00","author":{"@id":"https:\/\/www.intoscana.it\/it\/#\/schema\/person\/9223810753230f20bd670fdd322661f8"},"description":"Il 28 maggio 2022 a Firenze si terr\u00e0 un concerto-evento irripetibile per festeggiare la prima volta per Gianna Nannini nello Stadio","breadcrumb":{"@id":"https:\/\/www.intoscana.it\/it\/la-festa-di-gianna-nannini-al-franchi-ci-saranno-berte-coez-carmen-consoli-litfiba-e-tanti-altri-ospiti\/#breadcrumb"},"inLanguage":"it-IT","potentialAction":[{"@type":"ReadAction","target":["https:\/\/www.intoscana.it\/it\/la-festa-di-gianna-nannini-al-franchi-ci-saranno-berte-coez-carmen-consoli-litfiba-e-tanti-altri-ospiti\/"]}]},{"@type":"ImageObject","inLanguage":"it-IT","@id":"https:\/\/www.intoscana.it\/it\/la-festa-di-gianna-nannini-al-franchi-ci-saranno-berte-coez-carmen-consoli-litfiba-e-tanti-altri-ospiti\/#primaryimage","url":"https:\/\/www.intoscana.it\/wp-content\/uploads\/Locandina-2.jpeg","contentUrl":"https:\/\/www.intoscana.it\/wp-content\/uploads\/Locandina-2.jpeg","width":1440,"height":1114},{"@type":"BreadcrumbList","@id":"https:\/\/www.intoscana.it\/it\/la-festa-di-gianna-nannini-al-franchi-ci-saranno-berte-coez-carmen-consoli-litfiba-e-tanti-altri-ospiti\/#breadcrumb","itemListElement":[{"@type":"ListItem","position":1,"name":"Home","item":"https:\/\/www.intoscana.it\/it\/"},{"@type":"ListItem","position":2,"name":"La grande festa di Gianna Nannini: al Franchi ci saranno Bert\u00e8, Coez, Carmen Consoli, Litfiba e tanti altri ospiti"}]},{"@type":"WebSite","@id":"https:\/\/www.intoscana.it\/it\/#website","url":"https:\/\/www.intoscana.it\/it\/","name":"intoscana","description":"","potentialAction":[{"@type":"SearchAction","target":{"@type":"EntryPoint","urlTemplate":"https:\/\/www.intoscana.it\/it\/?s={search_term_string}"},"query-input":{"@type":"PropertyValueSpecification","valueRequired":true,"valueName":"search_term_string"}}],"inLanguage":"it-IT"},{"@type":"Person","@id":"https:\/\/www.intoscana.it\/it\/#\/schema\/person\/9223810753230f20bd670fdd322661f8","name":"Redazione","url":"https:\/\/www.intoscana.it\/it\/author\/redazione\/"}]}},"_links":{"self":[{"href":"https:\/\/www.intoscana.it\/it\/wp-json\/wp\/v2\/posts\/224404","targetHints":{"allow":["GET"]}}],"collection":[{"href":"https:\/\/www.intoscana.it\/it\/wp-json\/wp\/v2\/posts"}],"about":[{"href":"https:\/\/www.intoscana.it\/it\/wp-json\/wp\/v2\/types\/post"}],"author":[{"embeddable":true,"href":"https:\/\/www.intoscana.it\/it\/wp-json\/wp\/v2\/users\/525"}],"replies":[{"embeddable":true,"href":"https:\/\/www.intoscana.it\/it\/wp-json\/wp\/v2\/comments?post=224404"}],"version-history":[{"count":0,"href":"https:\/\/www.intoscana.it\/it\/wp-json\/wp\/v2\/posts\/224404\/revisions"}],"wp:featuredmedia":[{"embeddable":true,"href":"https:\/\/www.intoscana.it\/it\/wp-json\/wp\/v2\/media\/224406"}],"wp:attachment":[{"href":"https:\/\/www.intoscana.it\/it\/wp-json\/wp\/v2\/media?parent=224404"}],"wp:term":[{"taxonomy":"category","embeddable":true,"href":"https:\/\/www.intoscana.it\/it\/wp-json\/wp\/v2\/categories?post=224404"},{"taxonomy":"post_tag","embeddable":true,"href":"https:\/\/www.intoscana.it\/it\/wp-json\/wp\/v2\/tags?post=224404"}],"curies":[{"name":"wp","href":"https:\/\/api.w.org\/{rel}","templated":true}]}}